{"id":38296,"date":"2023-04-03T19:22:46","date_gmt":"2023-04-03T17:22:46","guid":{"rendered":"https:\/\/www.apfelpatient.de\/?p=38296"},"modified":"2023-04-03T19:22:46","modified_gmt":"2023-04-03T17:22:46","slug":"face-id-on-the-iphone-17-pro-new-rumors-and-speculations","status":"publish","type":"post","link":"https:\/\/www.apfelpatient.de\/en\/rumors\/face-id-beim-iphone-17-pro-neue-geruechte-und-spekulationen","title":{"rendered":"Face ID on the iPhone 17 Pro: New rumors and speculations"},"content":{"rendered":"<p class=\"has-drop-cap\"><strong>Display analyst Ross Young recently released new information about the Face ID technology update on Apple&#039;s iPhone. According to him, the upcoming iPhone 17 Pro will be the first iPhone to feature Face ID under the display. Below you can find out more about the latest developments and what this could mean for future iPhone models.<\/strong><\/p>\n\n\n\n<p>Since the introduction of Face ID on the iPhone X, Apple has continuously improved and evolved the technology. Currently, the front-facing camera is housed in a circular cutout on the display called the Dynamic Island. With the introduction of under-display Face ID, Apple could remove this cutout and achieve an &quot;all-screen&quot; design for its iPhones. Ross Young&#039;s updated roadmap for the introduction of under-display Face ID <a href=\"https:\/\/twitter.com\/DSCCRoss\/status\/1642915504858992641?s=20\" target=\"_blank\" rel=\"noreferrer noopener\">says<\/a>that the iPhone 17 Pro will be the first iPhone with this technology. However, Young expects the front camera to continue to be accompanied by a circular cutout for the best result.<\/p>\n\n\n\n<h3 class=\"wp-block-heading\" id=\"h-face-id-aktualisierung-sensorprobleme-bereiten-apple-probleme\">Face ID update: Sensor problems cause problems for Apple<\/h3>\n\n\n\n<p>This implementation is expected to remain on the &quot;Pro&quot; models until 2027. Young originally expected the introduction of under-display Face ID to occur as early as the iPhone 16 Pro in 2024. However, due to &quot;sensor issues,&quot; this timeline has been pushed back by a year. The current cutouts that make up the Dynamic Island are expected to remain unchanged for three consecutive generations of &quot;Pro&quot; iPhones. In addition to the introduction of under-display Face ID, the standard iPhone 17 will also support the &quot;ProMotion&quot; feature, which was previously reserved only for Apple&#039;s high-end devices.<\/p>\n\n\n\n<h3 class=\"wp-block-heading\">iPhone 17 Pro: The update will be a significant step<\/h3>\n\n\n\n\n\n\n\n<p>ProMotion enables a higher refresh rate, resulting in smoother display of content on the display. The introduction of under-display Face ID on the iPhone 17 Pro will be a significant step for Apple. It is expected that this will lead to an &quot;all-screen&quot; design for future iPhones. However, the one-year delay also shows that Apple is very cautious when introducing new technologies. We will have to wait and see how this development will affect the market. But it is certain that many Apple fans will welcome the changes with the launch of the iPhone 17 Pro. (Photo by DenPhoto \/ Bigstockphoto)<\/p>\n\n\n\n<ul class=\"wp-block-list\">\n<li><a href=\"https:\/\/www.apfelpatient.de\/en\/rumors\/iphone-17-gives-apple-ltpo-technology-to-all-models\">iPhone 17: Will Apple add LTPO technology to all models?<\/a><\/li>\n<\/ul>\n\n\n\n<h6 class=\"wp-block-heading translation-block\" id=\"h-kennt-ihr-schon-unsere-amazon-storefront-dort-findet-ihr-eine-handverlesene-auswahl-von-diversen-produkten-f-r-euer-iphone-und-co-viel-spa-beim-st-bern\"><em>Have you already visited our Amazon Storefront? There you&#039;ll find a hand-picked selection of various products for your iPhone and other devices \u2013 <span class=\"has-inline-color has-vivid-red-color\"><a href=\"https:\/\/www.amazon.de\/shop\/apfelpatientofficial\" class=\"ek-link\" data-wpel-link=\"exclude\" rel=\"follow noopener\" target=\"_self\"><span style=\"text-decoration: underline\" class=\"ek-underline\">enjoy browsing<\/span><\/a> !<\/span><\/em><\/h6>\n\n\n\n<h6 class=\"wp-block-heading translation-block\" id=\"h-der-beitrag-enthalt-partnerlinks\">This post contains <a data-type=\"URL\" data-id=\"https:\/\/www.apfelpatient.de\/partnerprogramm\" href=\"https:\/\/www.apfelpatient.de\/en\/partner-program\" data-wpel-link=\"internal\" target=\"_self\">affiliate links<\/a>.<\/h6>","protected":false},"excerpt":{"rendered":"<p>There are new rumors about the iPhone 17 Pro: Supposedly it will be the first iPhone with Face ID under the display.<\/p>","protected":false},"author":2,"featured_media":30848,"comment_status":"closed","ping_status":"closed","sticky":false,"template":"","format":"standard","meta":{"jnews-multi-image_gallery":[],"jnews_single_post":{"subtitle":"","format":"standard","video":"","gallery":"","source_name":"","source_url":"","via_name":"","via_url":"","override":[{"single_blog_custom":"","sidebar":"","second_sidebar":"","share_position":"","share_float_style":"","post_date_format":"","post_date_format_custom":"","post_reading_time_wpm":"","zoom_button_out_step":"1","zoom_button_in_step":"1","number_popup_post":"1"}],"image_override":[{"single_post_thumbnail_size":"","single_post_gallery_size":""}],"trending_post_position":"","trending_post_label":"","sponsored_post_label":"","sponsored_post_name":"","sponsored_post_url":"","sponsored_post_logo":"","sponsored_post_desc":""},"jnews_primary_category":{"id":"25"},"footnotes":""},"categories":[25],"tags":[8,819,820],"class_list":["post-38296","post","type-post","status-publish","format-standard","has-post-thumbnail","hentry","category-rumors","tag-iphone","tag-iphone-17","tag-iphone-2025"],"yoast_head":"<!-- This site is optimized with the Yoast SEO Premium plugin v27.5 (Yoast SEO v27.5) - https:\/\/yoast.com\/product\/yoast-seo-premium-wordpress\/ -->\n<title>Face ID beim iPhone 17 Pro: Neue Ger\u00fcchte und Spekulationen<\/title>\n<meta name=\"description\" content=\"Es gibt neue Ger\u00fcchte rund um das iPhone 17 Pro: Angeblich wird es das erste iPhone mit Face ID unter dem Display sein.\" \/>\n<meta name=\"robots\" content=\"index, follow, max-snippet:-1, max-image-preview:large, max-video-preview:-1\" \/>\n<link rel=\"canonical\" href=\"https:\/\/www.apfelpatient.de\/en\/rumors\/face-id-on-the-iphone-17-pro-new-rumors-and-speculations\" \/>\n<meta property=\"og:locale\" content=\"en_US\" \/>\n<meta property=\"og:type\" content=\"article\" \/>\n<meta property=\"og:title\" content=\"Face ID beim iPhone 17 Pro: Neue Ger\u00fcchte und Spekulationen\" \/>\n<meta property=\"og:description\" content=\"Es gibt neue Ger\u00fcchte rund um das iPhone 17 Pro: Angeblich wird es das erste iPhone mit Face ID unter dem Display sein.\" \/>\n<meta property=\"og:url\" content=\"https:\/\/www.apfelpatient.de\/en\/rumors\/face-id-on-the-iphone-17-pro-new-rumors-and-speculations\" \/>\n<meta property=\"og:site_name\" content=\"Apfelpatient\" \/>\n<meta property=\"article:publisher\" content=\"https:\/\/www.facebook.com\/apfelpatientOfficial\" \/>\n<meta property=\"article:author\" content=\"https:\/\/www.facebook.com\/apfelpatientOfficial\" \/>\n<meta property=\"article:published_time\" content=\"2023-04-03T17:22:46+00:00\" \/>\n<meta property=\"og:image\" content=\"https:\/\/www.apfelpatient.de\/wp-content\/uploads\/2022\/03\/bigstock-Alanya-Turkey-April-418748119-2-scaled.jpg\" \/>\n\t<meta property=\"og:image:width\" content=\"2560\" \/>\n\t<meta property=\"og:image:height\" content=\"1707\" \/>\n\t<meta property=\"og:image:type\" content=\"image\/jpeg\" \/>\n<meta name=\"author\" content=\"Milan\" \/>\n<meta name=\"twitter:card\" content=\"summary_large_image\" \/>\n<meta name=\"twitter:description\" content=\"Es gibt neue Ger\u00fcchte rund um das iPhone 17 Pro: Angeblich wird es das erste iPhone mit Face ID unter dem Display sein.\" \/>\n<meta name=\"twitter:label1\" content=\"Written by\" \/>\n\t<meta name=\"twitter:data1\" content=\"Milan\" \/>\n\t<meta name=\"twitter:label2\" content=\"Est. reading time\" \/>\n\t<meta name=\"twitter:data2\" content=\"3 minutes\" \/>\n<script type=\"application\/ld+json\" class=\"yoast-schema-graph\">{\"@context\":\"https:\\\/\\\/schema.org\",\"@graph\":[{\"@type\":\"NewsArticle\",\"@id\":\"https:\\\/\\\/www.apfelpatient.de\\\/rumors\\\/face-id-beim-iphone-17-pro-neue-geruechte-und-spekulationen#article\",\"isPartOf\":{\"@id\":\"https:\\\/\\\/www.apfelpatient.de\\\/rumors\\\/face-id-beim-iphone-17-pro-neue-geruechte-und-spekulationen\"},\"author\":{\"@type\":\"Organization\",\"@id\":\"https:\\\/\\\/www.apfelpatient.de\\\/en\\\/#organization\",\"name\":\"Apfelpatient\",\"url\":\"https:\\\/\\\/www.apfelpatient.de\\\/en\\\/\"},\"headline\":\"Face ID beim iPhone 17 Pro: Neue Ger\u00fcchte und Spekulationen\",\"datePublished\":\"2023-04-03T17:22:46+00:00\",\"mainEntityOfPage\":{\"@id\":\"https:\\\/\\\/www.apfelpatient.de\\\/rumors\\\/face-id-beim-iphone-17-pro-neue-geruechte-und-spekulationen\"},\"wordCount\":417,\"publisher\":{\"@type\":\"Organization\",\"@id\":\"https:\\\/\\\/www.apfelpatient.de\\\/en\\\/#organization\",\"name\":\"Apfelpatient\",\"url\":\"https:\\\/\\\/www.apfelpatient.de\\\/en\\\/\"},\"image\":{\"@id\":\"https:\\\/\\\/www.apfelpatient.de\\\/rumors\\\/face-id-beim-iphone-17-pro-neue-geruechte-und-spekulationen#primaryimage\"},\"thumbnailUrl\":\"https:\\\/\\\/www.apfelpatient.de\\\/wp-content\\\/uploads\\\/2022\\\/03\\\/bigstock-Alanya-Turkey-April-418748119-2-scaled.jpg\",\"keywords\":[\"iPhone\",\"iPhone 17\",\"iPhone 2025\"],\"articleSection\":\"Rumors\",\"inLanguage\":\"en-US\",\"copyrightYear\":\"2023\",\"copyrightHolder\":{\"@id\":\"https:\\\/\\\/www.apfelpatient.de\\\/en\\\/#organization\"}},{\"@type\":\"WebPage\",\"@id\":\"https:\\\/\\\/www.apfelpatient.de\\\/rumors\\\/face-id-beim-iphone-17-pro-neue-geruechte-und-spekulationen\",\"url\":\"https:\\\/\\\/www.apfelpatient.de\\\/rumors\\\/face-id-beim-iphone-17-pro-neue-geruechte-und-spekulationen\",\"name\":\"Face ID beim iPhone 17 Pro: Neue Ger\u00fcchte und Spekulationen\",\"isPartOf\":{\"@id\":\"https:\\\/\\\/www.apfelpatient.de\\\/#website\"},\"primaryImageOfPage\":{\"@id\":\"https:\\\/\\\/www.apfelpatient.de\\\/rumors\\\/face-id-beim-iphone-17-pro-neue-geruechte-und-spekulationen#primaryimage\"},\"image\":{\"@id\":\"https:\\\/\\\/www.apfelpatient.de\\\/rumors\\\/face-id-beim-iphone-17-pro-neue-geruechte-und-spekulationen#primaryimage\"},\"thumbnailUrl\":\"https:\\\/\\\/www.apfelpatient.de\\\/wp-content\\\/uploads\\\/2022\\\/03\\\/bigstock-Alanya-Turkey-April-418748119-2-scaled.jpg\",\"datePublished\":\"2023-04-03T17:22:46+00:00\",\"description\":\"Es gibt neue Ger\u00fcchte rund um das iPhone 17 Pro: Angeblich wird es das erste iPhone mit Face ID unter dem Display sein.\",\"breadcrumb\":{\"@id\":\"https:\\\/\\\/www.apfelpatient.de\\\/rumors\\\/face-id-beim-iphone-17-pro-neue-geruechte-und-spekulationen#breadcrumb\"},\"inLanguage\":\"en-US\",\"potentialAction\":[{\"@type\":\"ReadAction\",\"target\":[\"https:\\\/\\\/www.apfelpatient.de\\\/rumors\\\/face-id-beim-iphone-17-pro-neue-geruechte-und-spekulationen\"]}]},{\"@type\":\"ImageObject\",\"inLanguage\":\"en-US\",\"@id\":\"https:\\\/\\\/www.apfelpatient.de\\\/rumors\\\/face-id-beim-iphone-17-pro-neue-geruechte-und-spekulationen#primaryimage\",\"url\":\"https:\\\/\\\/www.apfelpatient.de\\\/wp-content\\\/uploads\\\/2022\\\/03\\\/bigstock-Alanya-Turkey-April-418748119-2-scaled.jpg\",\"contentUrl\":\"https:\\\/\\\/www.apfelpatient.de\\\/wp-content\\\/uploads\\\/2022\\\/03\\\/bigstock-Alanya-Turkey-April-418748119-2-scaled.jpg\",\"width\":2560,\"height\":1707,\"caption\":\"Alanya, Turkey - April 7, 2021: Man hand holding iPhone 12 Pro Max Gold with scanning Face ID on the screen. iPhone 12 was created and developed by the Apple inc.\"},{\"@type\":\"BreadcrumbList\",\"@id\":\"https:\\\/\\\/www.apfelpatient.de\\\/rumors\\\/face-id-beim-iphone-17-pro-neue-geruechte-und-spekulationen#breadcrumb\",\"itemListElement\":[{\"@type\":\"ListItem\",\"position\":1,\"name\":\"Startseite\",\"item\":\"https:\\\/\\\/www.apfelpatient.de\\\/\"},{\"@type\":\"ListItem\",\"position\":2,\"name\":\"Face ID beim iPhone 17 Pro: Neue Ger\u00fcchte und Spekulationen\"}]},{\"@type\":\"WebSite\",\"@id\":\"https:\\\/\\\/www.apfelpatient.de\\\/#website\",\"url\":\"https:\\\/\\\/www.apfelpatient.de\\\/\",\"name\":\"Apfelpatient\",\"description\":\"Alles rund um Apple!\",\"publisher\":{\"@type\":\"Organization\",\"@id\":\"https:\\\/\\\/www.apfelpatient.de\\\/en\\\/#organization\",\"name\":\"Apfelpatient\",\"url\":\"https:\\\/\\\/www.apfelpatient.de\\\/en\\\/\"},\"alternateName\":\"Apfelpatient\",\"potentialAction\":[{\"@type\":\"SearchAction\",\"target\":{\"@type\":\"EntryPoint\",\"urlTemplate\":\"https:\\\/\\\/www.apfelpatient.de\\\/?s={search_term_string}\"},\"query-input\":{\"@type\":\"PropertyValueSpecification\",\"valueRequired\":true,\"valueName\":\"search_term_string\"}}],\"inLanguage\":\"en-US\"},{\"@type\":[\"Person\",\"Organization\"],\"@id\":\"https:\\\/\\\/www.apfelpatient.de\\\/#\\\/schema\\\/person\\\/7dc56ad6c8e9824b76d2c08d4c140e13\",\"name\":\"Milan\",\"logo\":{\"@id\":\"https:\\\/\\\/www.apfelpatient.de\\\/#\\\/schema\\\/person\\\/image\\\/\"},\"description\":\"Hallo und herzlich willkommen auf meinem Technik-Blog! Als gro\u00dfer Apple-Fan berichte ich hier \u00fcber alles, was mit Apple zu tun hat: von den neuesten News und spannenden Ger\u00fcchten \u00fcber hilfreiche Tipps und Tricks bis hin zu ausf\u00fchrlichen Produkttests. Wenn du genauso technikbegeistert bist wie ich, bist du hier genau richtig!\",\"sameAs\":[\"https:\\\/\\\/www.facebook.com\\\/apfelpatientOfficial\",\"https:\\\/\\\/www.linkedin.com\\\/in\\\/milan-jovicic-42aa0231b\"],\"url\":\"https:\\\/\\\/www.apfelpatient.de\\\/en\\\/author\\\/apfeladmin\"}]}<\/script>\n<!-- \/ Yoast SEO Premium plugin. -->","yoast_head_json":{"title":"Face ID on the iPhone 17 Pro: New rumors and speculations","description":"There are new rumors about the iPhone 17 Pro: Supposedly it will be the first iPhone with Face ID under the display.","robots":{"index":"index","follow":"follow","max-snippet":"max-snippet:-1","max-image-preview":"max-image-preview:large","max-video-preview":"max-video-preview:-1"},"canonical":"https:\/\/www.apfelpatient.de\/en\/rumors\/face-id-on-the-iphone-17-pro-new-rumors-and-speculations","og_locale":"en_US","og_type":"article","og_title":"Face ID beim iPhone 17 Pro: Neue Ger\u00fcchte und Spekulationen","og_description":"Es gibt neue Ger\u00fcchte rund um das iPhone 17 Pro: Angeblich wird es das erste iPhone mit Face ID unter dem Display sein.","og_url":"https:\/\/www.apfelpatient.de\/en\/rumors\/face-id-on-the-iphone-17-pro-new-rumors-and-speculations","og_site_name":"Apfelpatient","article_publisher":"https:\/\/www.facebook.com\/apfelpatientOfficial","article_author":"https:\/\/www.facebook.com\/apfelpatientOfficial","article_published_time":"2023-04-03T17:22:46+00:00","og_image":[{"width":2560,"height":1707,"url":"https:\/\/www.apfelpatient.de\/wp-content\/uploads\/2022\/03\/bigstock-Alanya-Turkey-April-418748119-2-scaled.jpg","type":"image\/jpeg"}],"author":"Milan","twitter_card":"summary_large_image","twitter_description":"Es gibt neue Ger\u00fcchte rund um das iPhone 17 Pro: Angeblich wird es das erste iPhone mit Face ID unter dem Display sein.","twitter_misc":{"Written by":"Milan","Est. reading time":"3 minutes"},"schema":{"@context":"https:\/\/schema.org","@graph":[{"@type":"NewsArticle","@id":"https:\/\/www.apfelpatient.de\/rumors\/face-id-beim-iphone-17-pro-neue-geruechte-und-spekulationen#article","isPartOf":{"@id":"https:\/\/www.apfelpatient.de\/rumors\/face-id-beim-iphone-17-pro-neue-geruechte-und-spekulationen"},"author":{"@type":"Organization","@id":"https:\/\/www.apfelpatient.de\/en\/#organization","name":"Apfelpatient","url":"https:\/\/www.apfelpatient.de\/en\/"},"headline":"Face ID beim iPhone 17 Pro: Neue Ger\u00fcchte und Spekulationen","datePublished":"2023-04-03T17:22:46+00:00","mainEntityOfPage":{"@id":"https:\/\/www.apfelpatient.de\/rumors\/face-id-beim-iphone-17-pro-neue-geruechte-und-spekulationen"},"wordCount":417,"publisher":{"@type":"Organization","@id":"https:\/\/www.apfelpatient.de\/en\/#organization","name":"Apfelpatient","url":"https:\/\/www.apfelpatient.de\/en\/"},"image":{"@id":"https:\/\/www.apfelpatient.de\/rumors\/face-id-beim-iphone-17-pro-neue-geruechte-und-spekulationen#primaryimage"},"thumbnailUrl":"https:\/\/www.apfelpatient.de\/wp-content\/uploads\/2022\/03\/bigstock-Alanya-Turkey-April-418748119-2-scaled.jpg","keywords":["iPhone","iPhone 17","iPhone 2025"],"articleSection":"Rumors","inLanguage":"en-US","copyrightYear":"2023","copyrightHolder":{"@id":"https:\/\/www.apfelpatient.de\/en\/#organization"}},{"@type":"WebPage","@id":"https:\/\/www.apfelpatient.de\/rumors\/face-id-beim-iphone-17-pro-neue-geruechte-und-spekulationen","url":"https:\/\/www.apfelpatient.de\/rumors\/face-id-beim-iphone-17-pro-neue-geruechte-und-spekulationen","name":"Face ID on the iPhone 17 Pro: New rumors and speculations","isPartOf":{"@id":"https:\/\/www.apfelpatient.de\/#website"},"primaryImageOfPage":{"@id":"https:\/\/www.apfelpatient.de\/rumors\/face-id-beim-iphone-17-pro-neue-geruechte-und-spekulationen#primaryimage"},"image":{"@id":"https:\/\/www.apfelpatient.de\/rumors\/face-id-beim-iphone-17-pro-neue-geruechte-und-spekulationen#primaryimage"},"thumbnailUrl":"https:\/\/www.apfelpatient.de\/wp-content\/uploads\/2022\/03\/bigstock-Alanya-Turkey-April-418748119-2-scaled.jpg","datePublished":"2023-04-03T17:22:46+00:00","description":"There are new rumors about the iPhone 17 Pro: Supposedly it will be the first iPhone with Face ID under the display.","breadcrumb":{"@id":"https:\/\/www.apfelpatient.de\/rumors\/face-id-beim-iphone-17-pro-neue-geruechte-und-spekulationen#breadcrumb"},"inLanguage":"en-US","potentialAction":[{"@type":"ReadAction","target":["https:\/\/www.apfelpatient.de\/rumors\/face-id-beim-iphone-17-pro-neue-geruechte-und-spekulationen"]}]},{"@type":"ImageObject","inLanguage":"en-US","@id":"https:\/\/www.apfelpatient.de\/rumors\/face-id-beim-iphone-17-pro-neue-geruechte-und-spekulationen#primaryimage","url":"https:\/\/www.apfelpatient.de\/wp-content\/uploads\/2022\/03\/bigstock-Alanya-Turkey-April-418748119-2-scaled.jpg","contentUrl":"https:\/\/www.apfelpatient.de\/wp-content\/uploads\/2022\/03\/bigstock-Alanya-Turkey-April-418748119-2-scaled.jpg","width":2560,"height":1707,"caption":"Alanya, Turkey - April 7, 2021: Man hand holding iPhone 12 Pro Max Gold with scanning Face ID on the screen. iPhone 12 was created and developed by the Apple inc."},{"@type":"BreadcrumbList","@id":"https:\/\/www.apfelpatient.de\/rumors\/face-id-beim-iphone-17-pro-neue-geruechte-und-spekulationen#breadcrumb","itemListElement":[{"@type":"ListItem","position":1,"name":"Startseite","item":"https:\/\/www.apfelpatient.de\/"},{"@type":"ListItem","position":2,"name":"Face ID beim iPhone 17 Pro: Neue Ger\u00fcchte und Spekulationen"}]},{"@type":"WebSite","@id":"https:\/\/www.apfelpatient.de\/#website","url":"https:\/\/www.apfelpatient.de\/","name":"apple patient","description":"Everything about Apple!","publisher":{"@type":"Organization","@id":"https:\/\/www.apfelpatient.de\/en\/#organization","name":"Apfelpatient","url":"https:\/\/www.apfelpatient.de\/en\/"},"alternateName":"Apfelpatient","potentialAction":[{"@type":"SearchAction","target":{"@type":"EntryPoint","urlTemplate":"https:\/\/www.apfelpatient.de\/?s={search_term_string}"},"query-input":{"@type":"PropertyValueSpecification","valueRequired":true,"valueName":"search_term_string"}}],"inLanguage":"en-US"},{"@type":["Person","Organization"],"@id":"https:\/\/www.apfelpatient.de\/#\/schema\/person\/7dc56ad6c8e9824b76d2c08d4c140e13","name":"Milan","logo":{"@id":"https:\/\/www.apfelpatient.de\/#\/schema\/person\/image\/"},"description":"Hello and welcome to my technology blog! As a big Apple fan, I report on everything to do with Apple: from the latest news and exciting rumors to helpful tips and tricks and detailed product tests. If you are as enthusiastic about technology as I am, you have come to the right place!","sameAs":["https:\/\/www.facebook.com\/apfelpatientOfficial","https:\/\/www.linkedin.com\/in\/milan-jovicic-42aa0231b"],"url":"https:\/\/www.apfelpatient.de\/en\/author\/apfeladmin"}]}},"_links":{"self":[{"href":"https:\/\/www.apfelpatient.de\/en\/wp-json\/wp\/v2\/posts\/38296","targetHints":{"allow":["GET"]}}],"collection":[{"href":"https:\/\/www.apfelpatient.de\/en\/wp-json\/wp\/v2\/posts"}],"about":[{"href":"https:\/\/www.apfelpatient.de\/en\/wp-json\/wp\/v2\/types\/post"}],"author":[{"embeddable":true,"href":"https:\/\/www.apfelpatient.de\/en\/wp-json\/wp\/v2\/users\/2"}],"replies":[{"embeddable":true,"href":"https:\/\/www.apfelpatient.de\/en\/wp-json\/wp\/v2\/comments?post=38296"}],"version-history":[{"count":0,"href":"https:\/\/www.apfelpatient.de\/en\/wp-json\/wp\/v2\/posts\/38296\/revisions"}],"wp:featuredmedia":[{"embeddable":true,"href":"https:\/\/www.apfelpatient.de\/en\/wp-json\/wp\/v2\/media\/30848"}],"wp:attachment":[{"href":"https:\/\/www.apfelpatient.de\/en\/wp-json\/wp\/v2\/media?parent=38296"}],"wp:term":[{"taxonomy":"category","embeddable":true,"href":"https:\/\/www.apfelpatient.de\/en\/wp-json\/wp\/v2\/categories?post=38296"},{"taxonomy":"post_tag","embeddable":true,"href":"https:\/\/www.apfelpatient.de\/en\/wp-json\/wp\/v2\/tags?post=38296"}],"curies":[{"name":"wp","href":"https:\/\/api.w.org\/{rel}","templated":true}]}}