{"id":38257,"date":"2023-04-02T18:58:57","date_gmt":"2023-04-02T16:58:57","guid":{"rendered":"https:\/\/www.apfelpatient.de\/?p=38257"},"modified":"2023-04-02T18:58:58","modified_gmt":"2023-04-02T16:58:58","slug":"what-awaits-us-at-the-wwdc-2023-from-apple","status":"publish","type":"post","link":"https:\/\/www.apfelpatient.de\/en\/allgemein\/was-erwartet-uns-auf-der-wwdc-2023-von-apple","title":{"rendered":"What can we expect from Apple at WWDC 2023?"},"content":{"rendered":"<p class=\"has-drop-cap\"><strong>Apple recently announced the dates for its 34th annual Worldwide Developers Conference (WWDC). The annual keynote will take place on Monday, June 5th and is expected to showcase the latest versions of iOS, iPadOS, macOS, watchOS, and tvOS. In addition, Apple may also make hardware announcements.<\/strong><\/p>\n\n\n\n<p>It is rumored that Apple could introduce at least three new devices this year. One of them is the 15-inch MacBook Air, which is expected to be released alongside a new version of the 13.6-inch MacBook Air. The 15-inch MacBook Air is expected to offer an alternative to the MacBook Pro for customers looking for a lighter device with a larger screen. The new Mac Pro is expected to be unveiled at WWDC 2023. The Apple Silicon Mac Pro is expected to use an &quot;M2 Ultra&quot; chip with a CPU with up to 24 cores and a graphics processor with up to 76 cores. The design will be similar to the current Mac Pro, with a stainless steel frame and an aluminum chassis that allows easy access to the internal components.<\/p>\n\n\n\n<h3 class=\"wp-block-heading\" id=\"h-wwdc-2023-wird-apple-das-neue-ar-vr-headset-enthullen\">WWDC 2023: Will Apple unveil the new AR\/VR headset?<\/h3>\n\n\n\n<p>Another device that may be unveiled at WWDC 2023 is Apple&#039;s AR\/VR headset. The headset is expected to feature 4K Micro-OLED displays and more than a dozen cameras capable of capturing facial expressions and hand gestures. However, the device is expected to be expensive, with an estimated price of at least $3,000 for the first generation. In addition to new devices, Apple will also unveil new software versions, including iOS 17, iPadOS 17, macOS Ventura 14, tvOS 17, and watchOS 10. iOS 17 is expected to bring support for AR\/VR headsets, major CarPlay updates, and support for sideloading apps in European countries.<\/p>\n\n\n\n<h3 class=\"wp-block-heading\">Worldwide Developers Conference Start<\/h3>\n\n\n\n\n\n\n\n<p>The WWDC begins on June 5th and lasts until June 9th. The <a href=\"https:\/\/www.apfelpatient.de\/en\/news\/wwdc-2023-ios-17-more-apple-sends-invitations\">keynote<\/a> will take place on the first day at 7 p.m. in this country and will be broadcast live on Apple&#039;s website, Apple TV and YouTube. Of course, we will also report on all the news. The event is expected to offer exciting announcements and insights into Apple&#039;s latest technologies. Overall, WWDC 2023 is an event that many Apple fans and developers around the world are eagerly awaiting. However, it remains to be seen whether Apple will also introduce new devices in addition to new software - it is certainly not out of the question. Are you looking for new accessories? Then take a look\u00a0<a href=\"https:\/\/www.amazon.de\/shop\/apfelpatientofficial\" target=\"_blank\" rel=\"noreferrer noopener\">in our Amazon Storefront<\/a>\u00a0- there you will find numerous products from leading providers, also for HomeKit and Co.! (Image: Apple)<\/p>\n\n\n\n<ul class=\"wp-block-list\">\n<li><a href=\"https:\/\/www.apfelpatient.de\/en\/tips-tricks\/its-that-easy-to-backup-iphone-contacts-in-just-a-few-steps\">It&#039;s that easy: Back up iPhone contacts in just a few steps<\/a><\/li>\n<\/ul>\n\n\n\n<h6 class=\"wp-block-heading translation-block\" id=\"h-kennt-ihr-schon-unsere-amazon-storefront-dort-findet-ihr-eine-handverlesene-auswahl-von-diversen-produkten-f-r-euer-iphone-und-co-viel-spa-beim-st-bern\"><em>Have you already visited our Amazon Storefront? There you&#039;ll find a hand-picked selection of various products for your iPhone and other devices \u2013 <span class=\"has-inline-color has-vivid-red-color\"><a href=\"https:\/\/www.amazon.de\/shop\/apfelpatientofficial\" class=\"ek-link\" data-wpel-link=\"exclude\" rel=\"follow noopener\" target=\"_self\"><span style=\"text-decoration: underline\" class=\"ek-underline\">enjoy browsing<\/span><\/a> !<\/span><\/em><\/h6>\n\n\n\n<h6 class=\"wp-block-heading translation-block\" id=\"h-der-beitrag-enthalt-partnerlinks\">This post contains <a data-type=\"URL\" data-id=\"https:\/\/www.apfelpatient.de\/partnerprogramm\" href=\"https:\/\/www.apfelpatient.de\/en\/partner-program\" data-wpel-link=\"internal\" target=\"_self\">affiliate links<\/a>.<\/h6>","protected":false},"excerpt":{"rendered":"<p>An AR\/VR headset from Apple? New MacBook Air? The rumors about WWDC 2023 are piling up. We&#039;ll give you all the information!<\/p>","protected":false},"author":2,"featured_media":38215,"comment_status":"closed","ping_status":"closed","sticky":false,"template":"","format":"standard","meta":{"jnews-multi-image_gallery":[],"jnews_single_post":{"subtitle":"","format":"standard","video":"","gallery":"","source_name":"","source_url":"","via_name":"","via_url":"","override":[{"single_blog_custom":"","sidebar":"","second_sidebar":"","share_position":"","share_float_style":"","post_date_format":"","post_date_format_custom":"","post_reading_time_wpm":"","zoom_button_out_step":"1","zoom_button_in_step":"1","number_popup_post":"1"}],"image_override":[{"single_post_thumbnail_size":"","single_post_gallery_size":""}],"trending_post_position":"","trending_post_label":"","sponsored_post_label":"","sponsored_post_name":"","sponsored_post_url":"","sponsored_post_logo":"","sponsored_post_desc":""},"jnews_primary_category":{"id":"2"},"footnotes":""},"categories":[2],"tags":[609,3,33,40,4,95,21],"class_list":["post-38257","post","type-post","status-publish","format-standard","has-post-thumbnail","hentry","category-allgemein","tag-apple-vr-ar","tag-ios","tag-ipados","tag-mac","tag-macos","tag-tvos","tag-watchos"],"yoast_head":"<!-- This site is optimized with the Yoast SEO Premium plugin v27.5 (Yoast SEO v27.5) - https:\/\/yoast.com\/product\/yoast-seo-premium-wordpress\/ -->\n<title>Was erwartet uns auf der WWDC 2023 von Apple? Apfelpatient<\/title>\n<meta name=\"description\" content=\"Ein AR\/VR-Headset von Apple? Neues MacBook Air? Die Ger\u00fcchte \u00fcber die WWDC 2023 \u00fcberschlagen sich. Wir liefern dir alle Informationen!\" \/>\n<meta name=\"robots\" content=\"index, follow, max-snippet:-1, max-image-preview:large, max-video-preview:-1\" \/>\n<link rel=\"canonical\" href=\"https:\/\/www.apfelpatient.de\/en\/generally\/what-awaits-us-at-the-wwdc-2023-from-apple\" \/>\n<meta property=\"og:locale\" content=\"en_US\" \/>\n<meta property=\"og:type\" content=\"article\" \/>\n<meta property=\"og:title\" content=\"Was erwartet uns auf der WWDC 2023 von Apple?\" \/>\n<meta property=\"og:description\" content=\"Ein AR\/VR-Headset von Apple? Neues MacBook Air? Die Ger\u00fcchte \u00fcber die WWDC 2023 \u00fcberschlagen sich. Wir liefern dir alle Informationen!\" \/>\n<meta property=\"og:url\" content=\"https:\/\/www.apfelpatient.de\/en\/generally\/what-awaits-us-at-the-wwdc-2023-from-apple\" \/>\n<meta property=\"og:site_name\" content=\"Apfelpatient\" \/>\n<meta property=\"article:publisher\" content=\"https:\/\/www.facebook.com\/apfelpatientOfficial\" \/>\n<meta property=\"article:author\" content=\"https:\/\/www.facebook.com\/apfelpatientOfficial\" \/>\n<meta property=\"article:published_time\" content=\"2023-04-02T16:58:57+00:00\" \/>\n<meta property=\"article:modified_time\" content=\"2023-04-02T16:58:58+00:00\" \/>\n<meta property=\"og:image\" content=\"https:\/\/www.apfelpatient.de\/wp-content\/uploads\/2023\/03\/Apple-WWDC23-hero.jpg\" \/>\n\t<meta property=\"og:image:width\" content=\"1600\" \/>\n\t<meta property=\"og:image:height\" content=\"900\" \/>\n\t<meta property=\"og:image:type\" content=\"image\/jpeg\" \/>\n<meta name=\"author\" content=\"Milan\" \/>\n<meta name=\"twitter:card\" content=\"summary_large_image\" \/>\n<meta name=\"twitter:description\" content=\"Ein AR\/VR-Headset von Apple? Neues MacBook Air? Die Ger\u00fcchte \u00fcber die WWDC 2023 \u00fcberschlagen sich. Wir liefern dir alle Informationen!\" \/>\n<meta name=\"twitter:label1\" content=\"Written by\" \/>\n\t<meta name=\"twitter:data1\" content=\"Milan\" \/>\n\t<meta name=\"twitter:label2\" content=\"Est. reading time\" \/>\n\t<meta name=\"twitter:data2\" content=\"3 minutes\" \/>\n<script type=\"application\/ld+json\" class=\"yoast-schema-graph\">{\"@context\":\"https:\\\/\\\/schema.org\",\"@graph\":[{\"@type\":\"NewsArticle\",\"@id\":\"https:\\\/\\\/www.apfelpatient.de\\\/allgemein\\\/was-erwartet-uns-auf-der-wwdc-2023-von-apple#article\",\"isPartOf\":{\"@id\":\"https:\\\/\\\/www.apfelpatient.de\\\/allgemein\\\/was-erwartet-uns-auf-der-wwdc-2023-von-apple\"},\"author\":{\"@type\":\"Organization\",\"@id\":\"https:\\\/\\\/www.apfelpatient.de\\\/en\\\/#organization\",\"name\":\"Apfelpatient\",\"url\":\"https:\\\/\\\/www.apfelpatient.de\\\/en\\\/\"},\"headline\":\"Was erwartet uns auf der WWDC 2023 von Apple?\",\"datePublished\":\"2023-04-02T16:58:57+00:00\",\"dateModified\":\"2023-04-02T16:58:58+00:00\",\"mainEntityOfPage\":{\"@id\":\"https:\\\/\\\/www.apfelpatient.de\\\/allgemein\\\/was-erwartet-uns-auf-der-wwdc-2023-von-apple\"},\"wordCount\":435,\"publisher\":{\"@type\":\"Organization\",\"@id\":\"https:\\\/\\\/www.apfelpatient.de\\\/en\\\/#organization\",\"name\":\"Apfelpatient\",\"url\":\"https:\\\/\\\/www.apfelpatient.de\\\/en\\\/\"},\"image\":{\"@id\":\"https:\\\/\\\/www.apfelpatient.de\\\/allgemein\\\/was-erwartet-uns-auf-der-wwdc-2023-von-apple#primaryimage\"},\"thumbnailUrl\":\"https:\\\/\\\/www.apfelpatient.de\\\/wp-content\\\/uploads\\\/2023\\\/03\\\/Apple-WWDC23-hero.jpg\",\"keywords\":[\"Apple VR\\\/AR\",\"iOS\",\"iPadOS\",\"Mac\",\"macOS\",\"tvOS\",\"watchOS\"],\"articleSection\":\"Allgemein\",\"inLanguage\":\"en-US\",\"copyrightYear\":\"2023\",\"copyrightHolder\":{\"@id\":\"https:\\\/\\\/www.apfelpatient.de\\\/en\\\/#organization\"}},{\"@type\":\"WebPage\",\"@id\":\"https:\\\/\\\/www.apfelpatient.de\\\/allgemein\\\/was-erwartet-uns-auf-der-wwdc-2023-von-apple\",\"url\":\"https:\\\/\\\/www.apfelpatient.de\\\/allgemein\\\/was-erwartet-uns-auf-der-wwdc-2023-von-apple\",\"name\":\"Was erwartet uns auf der WWDC 2023 von Apple? Apfelpatient\",\"isPartOf\":{\"@id\":\"https:\\\/\\\/www.apfelpatient.de\\\/#website\"},\"primaryImageOfPage\":{\"@id\":\"https:\\\/\\\/www.apfelpatient.de\\\/allgemein\\\/was-erwartet-uns-auf-der-wwdc-2023-von-apple#primaryimage\"},\"image\":{\"@id\":\"https:\\\/\\\/www.apfelpatient.de\\\/allgemein\\\/was-erwartet-uns-auf-der-wwdc-2023-von-apple#primaryimage\"},\"thumbnailUrl\":\"https:\\\/\\\/www.apfelpatient.de\\\/wp-content\\\/uploads\\\/2023\\\/03\\\/Apple-WWDC23-hero.jpg\",\"datePublished\":\"2023-04-02T16:58:57+00:00\",\"dateModified\":\"2023-04-02T16:58:58+00:00\",\"description\":\"Ein AR\\\/VR-Headset von Apple? Neues MacBook Air? Die Ger\u00fcchte \u00fcber die WWDC 2023 \u00fcberschlagen sich. Wir liefern dir alle Informationen!\",\"breadcrumb\":{\"@id\":\"https:\\\/\\\/www.apfelpatient.de\\\/allgemein\\\/was-erwartet-uns-auf-der-wwdc-2023-von-apple#breadcrumb\"},\"inLanguage\":\"en-US\",\"potentialAction\":[{\"@type\":\"ReadAction\",\"target\":[\"https:\\\/\\\/www.apfelpatient.de\\\/allgemein\\\/was-erwartet-uns-auf-der-wwdc-2023-von-apple\"]}]},{\"@type\":\"ImageObject\",\"inLanguage\":\"en-US\",\"@id\":\"https:\\\/\\\/www.apfelpatient.de\\\/allgemein\\\/was-erwartet-uns-auf-der-wwdc-2023-von-apple#primaryimage\",\"url\":\"https:\\\/\\\/www.apfelpatient.de\\\/wp-content\\\/uploads\\\/2023\\\/03\\\/Apple-WWDC23-hero.jpg\",\"contentUrl\":\"https:\\\/\\\/www.apfelpatient.de\\\/wp-content\\\/uploads\\\/2023\\\/03\\\/Apple-WWDC23-hero.jpg\",\"width\":1600,\"height\":900,\"caption\":\"Bild: Apple - WWDC 2023\"},{\"@type\":\"BreadcrumbList\",\"@id\":\"https:\\\/\\\/www.apfelpatient.de\\\/allgemein\\\/was-erwartet-uns-auf-der-wwdc-2023-von-apple#breadcrumb\",\"itemListElement\":[{\"@type\":\"ListItem\",\"position\":1,\"name\":\"Startseite\",\"item\":\"https:\\\/\\\/www.apfelpatient.de\\\/\"},{\"@type\":\"ListItem\",\"position\":2,\"name\":\"Was erwartet uns auf der WWDC 2023 von Apple?\"}]},{\"@type\":\"WebSite\",\"@id\":\"https:\\\/\\\/www.apfelpatient.de\\\/#website\",\"url\":\"https:\\\/\\\/www.apfelpatient.de\\\/\",\"name\":\"Apfelpatient\",\"description\":\"Alles rund um Apple!\",\"publisher\":{\"@type\":\"Organization\",\"@id\":\"https:\\\/\\\/www.apfelpatient.de\\\/en\\\/#organization\",\"name\":\"Apfelpatient\",\"url\":\"https:\\\/\\\/www.apfelpatient.de\\\/en\\\/\"},\"alternateName\":\"Apfelpatient\",\"potentialAction\":[{\"@type\":\"SearchAction\",\"target\":{\"@type\":\"EntryPoint\",\"urlTemplate\":\"https:\\\/\\\/www.apfelpatient.de\\\/?s={search_term_string}\"},\"query-input\":{\"@type\":\"PropertyValueSpecification\",\"valueRequired\":true,\"valueName\":\"search_term_string\"}}],\"inLanguage\":\"en-US\"},{\"@type\":[\"Person\",\"Organization\"],\"@id\":\"https:\\\/\\\/www.apfelpatient.de\\\/#\\\/schema\\\/person\\\/35b3ddba5832f2bfc7fff5206d4f6b7b\",\"name\":\"Milan\",\"logo\":{\"@id\":\"https:\\\/\\\/www.apfelpatient.de\\\/#\\\/schema\\\/person\\\/image\\\/\"},\"description\":\"Hallo und herzlich willkommen auf meinem Technik-Blog! Als gro\u00dfer Apple-Fan berichte ich hier \u00fcber alles, was mit Apple zu tun hat: von den neuesten News und spannenden Ger\u00fcchten \u00fcber hilfreiche Tipps und Tricks bis hin zu ausf\u00fchrlichen Produkttests. Wenn du genauso technikbegeistert bist wie ich, bist du hier genau richtig!\",\"sameAs\":[\"https:\\\/\\\/www.facebook.com\\\/apfelpatientOfficial\",\"https:\\\/\\\/www.linkedin.com\\\/in\\\/milan-jovicic-42aa0231b\"],\"url\":\"https:\\\/\\\/www.apfelpatient.de\\\/en\\\/author\\\/apfeladmin\"}]}<\/script>\n<!-- \/ Yoast SEO Premium plugin. -->","yoast_head_json":{"title":"What can we expect from Apple at WWDC 2023?","description":"An AR\/VR headset from Apple? New MacBook Air? The rumors about WWDC 2023 are piling up. We&#039;ll give you all the information!","robots":{"index":"index","follow":"follow","max-snippet":"max-snippet:-1","max-image-preview":"max-image-preview:large","max-video-preview":"max-video-preview:-1"},"canonical":"https:\/\/www.apfelpatient.de\/en\/generally\/what-awaits-us-at-the-wwdc-2023-from-apple","og_locale":"en_US","og_type":"article","og_title":"Was erwartet uns auf der WWDC 2023 von Apple?","og_description":"Ein AR\/VR-Headset von Apple? Neues MacBook Air? Die Ger\u00fcchte \u00fcber die WWDC 2023 \u00fcberschlagen sich. Wir liefern dir alle Informationen!","og_url":"https:\/\/www.apfelpatient.de\/en\/generally\/what-awaits-us-at-the-wwdc-2023-from-apple","og_site_name":"Apfelpatient","article_publisher":"https:\/\/www.facebook.com\/apfelpatientOfficial","article_author":"https:\/\/www.facebook.com\/apfelpatientOfficial","article_published_time":"2023-04-02T16:58:57+00:00","article_modified_time":"2023-04-02T16:58:58+00:00","og_image":[{"width":1600,"height":900,"url":"https:\/\/www.apfelpatient.de\/wp-content\/uploads\/2023\/03\/Apple-WWDC23-hero.jpg","type":"image\/jpeg"}],"author":"Milan","twitter_card":"summary_large_image","twitter_description":"Ein AR\/VR-Headset von Apple? Neues MacBook Air? Die Ger\u00fcchte \u00fcber die WWDC 2023 \u00fcberschlagen sich. Wir liefern dir alle Informationen!","twitter_misc":{"Written by":"Milan","Est. reading time":"3 minutes"},"schema":{"@context":"https:\/\/schema.org","@graph":[{"@type":"NewsArticle","@id":"https:\/\/www.apfelpatient.de\/allgemein\/was-erwartet-uns-auf-der-wwdc-2023-von-apple#article","isPartOf":{"@id":"https:\/\/www.apfelpatient.de\/allgemein\/was-erwartet-uns-auf-der-wwdc-2023-von-apple"},"author":{"@type":"Organization","@id":"https:\/\/www.apfelpatient.de\/en\/#organization","name":"Apfelpatient","url":"https:\/\/www.apfelpatient.de\/en\/"},"headline":"Was erwartet uns auf der WWDC 2023 von Apple?","datePublished":"2023-04-02T16:58:57+00:00","dateModified":"2023-04-02T16:58:58+00:00","mainEntityOfPage":{"@id":"https:\/\/www.apfelpatient.de\/allgemein\/was-erwartet-uns-auf-der-wwdc-2023-von-apple"},"wordCount":435,"publisher":{"@type":"Organization","@id":"https:\/\/www.apfelpatient.de\/en\/#organization","name":"Apfelpatient","url":"https:\/\/www.apfelpatient.de\/en\/"},"image":{"@id":"https:\/\/www.apfelpatient.de\/allgemein\/was-erwartet-uns-auf-der-wwdc-2023-von-apple#primaryimage"},"thumbnailUrl":"https:\/\/www.apfelpatient.de\/wp-content\/uploads\/2023\/03\/Apple-WWDC23-hero.jpg","keywords":["Apple VR\/AR","iOS","iPadOS","Mac","macOS","tvOS","watchOS"],"articleSection":"Allgemein","inLanguage":"en-US","copyrightYear":"2023","copyrightHolder":{"@id":"https:\/\/www.apfelpatient.de\/en\/#organization"}},{"@type":"WebPage","@id":"https:\/\/www.apfelpatient.de\/allgemein\/was-erwartet-uns-auf-der-wwdc-2023-von-apple","url":"https:\/\/www.apfelpatient.de\/allgemein\/was-erwartet-uns-auf-der-wwdc-2023-von-apple","name":"What can we expect from Apple at WWDC 2023?","isPartOf":{"@id":"https:\/\/www.apfelpatient.de\/#website"},"primaryImageOfPage":{"@id":"https:\/\/www.apfelpatient.de\/allgemein\/was-erwartet-uns-auf-der-wwdc-2023-von-apple#primaryimage"},"image":{"@id":"https:\/\/www.apfelpatient.de\/allgemein\/was-erwartet-uns-auf-der-wwdc-2023-von-apple#primaryimage"},"thumbnailUrl":"https:\/\/www.apfelpatient.de\/wp-content\/uploads\/2023\/03\/Apple-WWDC23-hero.jpg","datePublished":"2023-04-02T16:58:57+00:00","dateModified":"2023-04-02T16:58:58+00:00","description":"An AR\/VR headset from Apple? New MacBook Air? The rumors about WWDC 2023 are piling up. We&#039;ll give you all the information!","breadcrumb":{"@id":"https:\/\/www.apfelpatient.de\/allgemein\/was-erwartet-uns-auf-der-wwdc-2023-von-apple#breadcrumb"},"inLanguage":"en-US","potentialAction":[{"@type":"ReadAction","target":["https:\/\/www.apfelpatient.de\/allgemein\/was-erwartet-uns-auf-der-wwdc-2023-von-apple"]}]},{"@type":"ImageObject","inLanguage":"en-US","@id":"https:\/\/www.apfelpatient.de\/allgemein\/was-erwartet-uns-auf-der-wwdc-2023-von-apple#primaryimage","url":"https:\/\/www.apfelpatient.de\/wp-content\/uploads\/2023\/03\/Apple-WWDC23-hero.jpg","contentUrl":"https:\/\/www.apfelpatient.de\/wp-content\/uploads\/2023\/03\/Apple-WWDC23-hero.jpg","width":1600,"height":900,"caption":"Bild: Apple - WWDC 2023"},{"@type":"BreadcrumbList","@id":"https:\/\/www.apfelpatient.de\/allgemein\/was-erwartet-uns-auf-der-wwdc-2023-von-apple#breadcrumb","itemListElement":[{"@type":"ListItem","position":1,"name":"Startseite","item":"https:\/\/www.apfelpatient.de\/"},{"@type":"ListItem","position":2,"name":"Was erwartet uns auf der WWDC 2023 von Apple?"}]},{"@type":"WebSite","@id":"https:\/\/www.apfelpatient.de\/#website","url":"https:\/\/www.apfelpatient.de\/","name":"apple patient","description":"Everything about Apple!","publisher":{"@type":"Organization","@id":"https:\/\/www.apfelpatient.de\/en\/#organization","name":"Apfelpatient","url":"https:\/\/www.apfelpatient.de\/en\/"},"alternateName":"Apfelpatient","potentialAction":[{"@type":"SearchAction","target":{"@type":"EntryPoint","urlTemplate":"https:\/\/www.apfelpatient.de\/?s={search_term_string}"},"query-input":{"@type":"PropertyValueSpecification","valueRequired":true,"valueName":"search_term_string"}}],"inLanguage":"en-US"},{"@type":["Person","Organization"],"@id":"https:\/\/www.apfelpatient.de\/#\/schema\/person\/35b3ddba5832f2bfc7fff5206d4f6b7b","name":"Milan","logo":{"@id":"https:\/\/www.apfelpatient.de\/#\/schema\/person\/image\/"},"description":"Hello and welcome to my technology blog! As a big Apple fan, I report on everything to do with Apple: from the latest news and exciting rumors to helpful tips and tricks and detailed product tests. If you are as enthusiastic about technology as I am, you have come to the right place!","sameAs":["https:\/\/www.facebook.com\/apfelpatientOfficial","https:\/\/www.linkedin.com\/in\/milan-jovicic-42aa0231b"],"url":"https:\/\/www.apfelpatient.de\/en\/author\/apfeladmin"}]}},"_links":{"self":[{"href":"https:\/\/www.apfelpatient.de\/en\/wp-json\/wp\/v2\/posts\/38257","targetHints":{"allow":["GET"]}}],"collection":[{"href":"https:\/\/www.apfelpatient.de\/en\/wp-json\/wp\/v2\/posts"}],"about":[{"href":"https:\/\/www.apfelpatient.de\/en\/wp-json\/wp\/v2\/types\/post"}],"author":[{"embeddable":true,"href":"https:\/\/www.apfelpatient.de\/en\/wp-json\/wp\/v2\/users\/2"}],"replies":[{"embeddable":true,"href":"https:\/\/www.apfelpatient.de\/en\/wp-json\/wp\/v2\/comments?post=38257"}],"version-history":[{"count":0,"href":"https:\/\/www.apfelpatient.de\/en\/wp-json\/wp\/v2\/posts\/38257\/revisions"}],"wp:featuredmedia":[{"embeddable":true,"href":"https:\/\/www.apfelpatient.de\/en\/wp-json\/wp\/v2\/media\/38215"}],"wp:attachment":[{"href":"https:\/\/www.apfelpatient.de\/en\/wp-json\/wp\/v2\/media?parent=38257"}],"wp:term":[{"taxonomy":"category","embeddable":true,"href":"https:\/\/www.apfelpatient.de\/en\/wp-json\/wp\/v2\/categories?post=38257"},{"taxonomy":"post_tag","embeddable":true,"href":"https:\/\/www.apfelpatient.de\/en\/wp-json\/wp\/v2\/tags?post=38257"}],"curies":[{"name":"wp","href":"https:\/\/api.w.org\/{rel}","templated":true}]}}