{"id":38224,"date":"2023-03-30T17:05:26","date_gmt":"2023-03-30T15:05:26","guid":{"rendered":"https:\/\/www.apfelpatient.de\/?p=38224"},"modified":"2023-03-30T17:05:27","modified_gmt":"2023-03-30T15:05:27","slug":"apple-mixed-reality-headset-to-be-postponed-again","status":"publish","type":"post","link":"https:\/\/www.apfelpatient.de\/en\/rumors\/apple-mixed-reality-headset-soll-erneut-verschoben-werden","title":{"rendered":"Apple Mixed Reality Headset to be Delayed Again"},"content":{"rendered":"<p class=\"has-drop-cap\"><strong>Apple has again delayed mass production of its mixed reality headset. The device may not be seen at this year&#039;s Worldwide Developers Conference (WWDC), Apple analyst Ming-Chi Kuo said today.<\/strong><\/p>\n\n\n\n<p>In a tweet <a href=\"https:\/\/twitter.com\/i\/web\/status\/1641406406107758598\" target=\"_blank\" rel=\"noreferrer noopener\">explained<\/a> Kuo said Apple is &quot;not very optimistic&quot; that the headset can create an &quot;iPhone moment,&quot; so the company has decided to delay mass production of the device until mid-to-late third quarter of 2023. Kuo believes this delay increases uncertainty &quot;about whether the new device will appear at WWDC 2023, as the market generally expects.&quot; The delay also means that forecasts for shipments of the headset in 2023 will be even lower than previously thought, at just 200,000 to 300,000 units. Previously, it was expected that around half a million units would be shipped this year.<\/p>\n\n\n\n<h3 class=\"wp-block-heading\" id=\"h-apple-mixed-reality-headset-vorstellung-bislang-galt-die-wwdc-2023-als-moglicher-zeitpunkt\">Apple Mixed Reality Headset Presentation: Until now, WWDC 2023 was considered a possible date<\/h3>\n\n\n\n\n\n\n\n<p>The reasons for Apple&#039;s concern about the device are the poor market response due to the economic downturn, the compromises in hardware specifications, the weight of the device, the readiness of the ecosystem and applications for the headset, and the high selling price. Kuo expects the headset to be priced at $3,000 to $4,000 or even higher. Kuo&#039;s comments echo a recent New York Times report that said Apple employees were seriously concerned about the headset&#039;s prospects, calling it &quot;a solution to a problem.&quot; Apple has <a href=\"https:\/\/www.apfelpatient.de\/en\/news\/wwdc-2023-ios-17-more-apple-sends-invitations\">yesterday<\/a> announced that WWDC 2023 will take place between June 5th and 9th. Until now, everything indicated that Apple would present the headset at this time. (Photo by Ivochkina \/ Bigstockphoto)<\/p>\n\n\n\n<ul class=\"wp-block-list\">\n<li><a href=\"https:\/\/www.apfelpatient.de\/en\/rumors\/apples-new-mixed-reality-headset-introduced-internally\">Apple&#039;s new mixed reality headset: Introduced internally<\/a><\/li>\n<\/ul>\n\n\n\n<h6 class=\"wp-block-heading translation-block\" id=\"h-kennt-ihr-schon-unsere-amazon-storefront-dort-findet-ihr-eine-handverlesene-auswahl-von-diversen-produkten-f-r-euer-iphone-und-co-viel-spa-beim-st-bern\"><em>Have you already visited our Amazon Storefront? There you&#039;ll find a hand-picked selection of various products for your iPhone and other devices \u2013 <span class=\"has-inline-color has-vivid-red-color\"><a href=\"https:\/\/www.amazon.de\/shop\/apfelpatientofficial\" class=\"ek-link\" data-wpel-link=\"exclude\" rel=\"follow noopener\" target=\"_self\"><span style=\"text-decoration: underline\" class=\"ek-underline\">enjoy browsing<\/span><\/a> !<\/span><\/em><\/h6>\n\n\n\n<h6 class=\"wp-block-heading translation-block\" id=\"h-der-beitrag-enthalt-partnerlinks\">This post contains <a data-type=\"URL\" data-id=\"https:\/\/www.apfelpatient.de\/partnerprogramm\" href=\"https:\/\/www.apfelpatient.de\/en\/partner-program\" data-wpel-link=\"internal\" target=\"_self\">affiliate links<\/a>.<\/h6>","protected":false},"excerpt":{"rendered":"<p>Apple Mixed Reality Headset: Why Was Mass Production Delayed to Mid-to-Late Q3 2023? Learn More!<\/p>","protected":false},"author":2,"featured_media":31778,"comment_status":"closed","ping_status":"closed","sticky":false,"template":"","format":"standard","meta":{"jnews-multi-image_gallery":[],"jnews_single_post":{"subtitle":"","format":"standard","video":"","gallery":"","source_name":"","source_url":"","via_name":"","via_url":"","override":[{"single_blog_custom":"","sidebar":"","second_sidebar":"","share_position":"","share_float_style":"","post_date_format":"","post_date_format_custom":"","post_reading_time_wpm":"","zoom_button_out_step":"1","zoom_button_in_step":"1","number_popup_post":"1"}],"image_override":[{"single_post_thumbnail_size":"","single_post_gallery_size":""}],"trending_post_position":"","trending_post_label":"","sponsored_post_label":"","sponsored_post_name":"","sponsored_post_url":"","sponsored_post_logo":"","sponsored_post_desc":""},"jnews_primary_category":{"id":"25"},"footnotes":""},"categories":[25],"tags":[609],"class_list":["post-38224","post","type-post","status-publish","format-standard","has-post-thumbnail","hentry","category-rumors","tag-apple-vr-ar"],"yoast_head":"<!-- This site is optimized with the Yoast SEO Premium plugin v27.5 (Yoast SEO v27.5) - https:\/\/yoast.com\/product\/yoast-seo-premium-wordpress\/ -->\n<title>Apple Mixed-Reality-Headset soll erneut verschoben werden<\/title>\n<meta name=\"description\" content=\"Apple Mixed-Reality-Headset: Warum wurde die Massenproduktion auf Mitte bis Ende des dritten Quartals 2023 verschoben? Erfahre mehr!\" \/>\n<meta name=\"robots\" content=\"index, follow, max-snippet:-1, max-image-preview:large, max-video-preview:-1\" \/>\n<link rel=\"canonical\" href=\"https:\/\/www.apfelpatient.de\/en\/rumors\/apple-mixed-reality-headset-to-be-postponed-again\" \/>\n<meta property=\"og:locale\" content=\"en_US\" \/>\n<meta property=\"og:type\" content=\"article\" \/>\n<meta property=\"og:title\" content=\"Apple Mixed-Reality-Headset soll erneut verschoben werden\" \/>\n<meta property=\"og:description\" content=\"Apple Mixed-Reality-Headset: Warum wurde die Massenproduktion auf Mitte bis Ende des dritten Quartals 2023 verschoben? Erfahre mehr!\" \/>\n<meta property=\"og:url\" content=\"https:\/\/www.apfelpatient.de\/en\/rumors\/apple-mixed-reality-headset-to-be-postponed-again\" \/>\n<meta property=\"og:site_name\" content=\"Apfelpatient\" \/>\n<meta property=\"article:publisher\" content=\"https:\/\/www.facebook.com\/apfelpatientOfficial\" \/>\n<meta property=\"article:author\" content=\"https:\/\/www.facebook.com\/apfelpatientOfficial\" \/>\n<meta property=\"article:published_time\" content=\"2023-03-30T15:05:26+00:00\" \/>\n<meta property=\"article:modified_time\" content=\"2023-03-30T15:05:27+00:00\" \/>\n<meta property=\"og:image\" content=\"https:\/\/www.apfelpatient.de\/wp-content\/uploads\/2022\/05\/bigstock-Girl-Using-Vr-Headset-Is-In-Vi-447906700.jpg\" \/>\n\t<meta property=\"og:image:width\" content=\"1600\" \/>\n\t<meta property=\"og:image:height\" content=\"1067\" \/>\n\t<meta property=\"og:image:type\" content=\"image\/jpeg\" \/>\n<meta name=\"author\" content=\"Milan\" \/>\n<meta name=\"twitter:card\" content=\"summary_large_image\" \/>\n<meta name=\"twitter:description\" content=\"Apple Mixed-Reality-Headset: Warum wurde die Massenproduktion auf Mitte bis Ende des dritten Quartals 2023 verschoben? Erfahre mehr!\" \/>\n<meta name=\"twitter:label1\" content=\"Written by\" \/>\n\t<meta name=\"twitter:data1\" content=\"Milan\" \/>\n\t<meta name=\"twitter:label2\" content=\"Est. reading time\" \/>\n\t<meta name=\"twitter:data2\" content=\"2 minutes\" \/>\n<script type=\"application\/ld+json\" class=\"yoast-schema-graph\">{\"@context\":\"https:\\\/\\\/schema.org\",\"@graph\":[{\"@type\":\"NewsArticle\",\"@id\":\"https:\\\/\\\/www.apfelpatient.de\\\/rumors\\\/apple-mixed-reality-headset-soll-erneut-verschoben-werden#article\",\"isPartOf\":{\"@id\":\"https:\\\/\\\/www.apfelpatient.de\\\/rumors\\\/apple-mixed-reality-headset-soll-erneut-verschoben-werden\"},\"author\":{\"@type\":\"Organization\",\"@id\":\"https:\\\/\\\/www.apfelpatient.de\\\/en\\\/#organization\",\"name\":\"Apfelpatient\",\"url\":\"https:\\\/\\\/www.apfelpatient.de\\\/en\\\/\"},\"headline\":\"Apple Mixed-Reality-Headset soll erneut verschoben werden\",\"datePublished\":\"2023-03-30T15:05:26+00:00\",\"dateModified\":\"2023-03-30T15:05:27+00:00\",\"mainEntityOfPage\":{\"@id\":\"https:\\\/\\\/www.apfelpatient.de\\\/rumors\\\/apple-mixed-reality-headset-soll-erneut-verschoben-werden\"},\"wordCount\":304,\"publisher\":{\"@type\":\"Organization\",\"@id\":\"https:\\\/\\\/www.apfelpatient.de\\\/en\\\/#organization\",\"name\":\"Apfelpatient\",\"url\":\"https:\\\/\\\/www.apfelpatient.de\\\/en\\\/\"},\"image\":{\"@id\":\"https:\\\/\\\/www.apfelpatient.de\\\/rumors\\\/apple-mixed-reality-headset-soll-erneut-verschoben-werden#primaryimage\"},\"thumbnailUrl\":\"https:\\\/\\\/www.apfelpatient.de\\\/wp-content\\\/uploads\\\/2022\\\/05\\\/bigstock-Girl-Using-Vr-Headset-Is-In-Vi-447906700.jpg\",\"keywords\":[\"Apple VR\\\/AR\"],\"articleSection\":\"Rumors\",\"inLanguage\":\"en-US\",\"copyrightYear\":\"2023\",\"copyrightHolder\":{\"@id\":\"https:\\\/\\\/www.apfelpatient.de\\\/en\\\/#organization\"}},{\"@type\":\"WebPage\",\"@id\":\"https:\\\/\\\/www.apfelpatient.de\\\/rumors\\\/apple-mixed-reality-headset-soll-erneut-verschoben-werden\",\"url\":\"https:\\\/\\\/www.apfelpatient.de\\\/rumors\\\/apple-mixed-reality-headset-soll-erneut-verschoben-werden\",\"name\":\"Apple Mixed-Reality-Headset soll erneut verschoben werden\",\"isPartOf\":{\"@id\":\"https:\\\/\\\/www.apfelpatient.de\\\/#website\"},\"primaryImageOfPage\":{\"@id\":\"https:\\\/\\\/www.apfelpatient.de\\\/rumors\\\/apple-mixed-reality-headset-soll-erneut-verschoben-werden#primaryimage\"},\"image\":{\"@id\":\"https:\\\/\\\/www.apfelpatient.de\\\/rumors\\\/apple-mixed-reality-headset-soll-erneut-verschoben-werden#primaryimage\"},\"thumbnailUrl\":\"https:\\\/\\\/www.apfelpatient.de\\\/wp-content\\\/uploads\\\/2022\\\/05\\\/bigstock-Girl-Using-Vr-Headset-Is-In-Vi-447906700.jpg\",\"datePublished\":\"2023-03-30T15:05:26+00:00\",\"dateModified\":\"2023-03-30T15:05:27+00:00\",\"description\":\"Apple Mixed-Reality-Headset: Warum wurde die Massenproduktion auf Mitte bis Ende des dritten Quartals 2023 verschoben? Erfahre mehr!\",\"breadcrumb\":{\"@id\":\"https:\\\/\\\/www.apfelpatient.de\\\/rumors\\\/apple-mixed-reality-headset-soll-erneut-verschoben-werden#breadcrumb\"},\"inLanguage\":\"en-US\",\"potentialAction\":[{\"@type\":\"ReadAction\",\"target\":[\"https:\\\/\\\/www.apfelpatient.de\\\/rumors\\\/apple-mixed-reality-headset-soll-erneut-verschoben-werden\"]}]},{\"@type\":\"ImageObject\",\"inLanguage\":\"en-US\",\"@id\":\"https:\\\/\\\/www.apfelpatient.de\\\/rumors\\\/apple-mixed-reality-headset-soll-erneut-verschoben-werden#primaryimage\",\"url\":\"https:\\\/\\\/www.apfelpatient.de\\\/wp-content\\\/uploads\\\/2022\\\/05\\\/bigstock-Girl-Using-Vr-Headset-Is-In-Vi-447906700.jpg\",\"contentUrl\":\"https:\\\/\\\/www.apfelpatient.de\\\/wp-content\\\/uploads\\\/2022\\\/05\\\/bigstock-Girl-Using-Vr-Headset-Is-In-Vi-447906700.jpg\",\"width\":1600,\"height\":1067,\"caption\":\"Girl using vr headset is in virtual reality cyberspace futuristic neon blue background with matrix binary code. The concept of the metaverse, virtual reality. Future digital technologies.\"},{\"@type\":\"BreadcrumbList\",\"@id\":\"https:\\\/\\\/www.apfelpatient.de\\\/rumors\\\/apple-mixed-reality-headset-soll-erneut-verschoben-werden#breadcrumb\",\"itemListElement\":[{\"@type\":\"ListItem\",\"position\":1,\"name\":\"Startseite\",\"item\":\"https:\\\/\\\/www.apfelpatient.de\\\/\"},{\"@type\":\"ListItem\",\"position\":2,\"name\":\"Apple Mixed-Reality-Headset soll erneut verschoben werden\"}]},{\"@type\":\"WebSite\",\"@id\":\"https:\\\/\\\/www.apfelpatient.de\\\/#website\",\"url\":\"https:\\\/\\\/www.apfelpatient.de\\\/\",\"name\":\"Apfelpatient\",\"description\":\"Alles rund um Apple!\",\"publisher\":{\"@type\":\"Organization\",\"@id\":\"https:\\\/\\\/www.apfelpatient.de\\\/en\\\/#organization\",\"name\":\"Apfelpatient\",\"url\":\"https:\\\/\\\/www.apfelpatient.de\\\/en\\\/\"},\"alternateName\":\"Apfelpatient\",\"potentialAction\":[{\"@type\":\"SearchAction\",\"target\":{\"@type\":\"EntryPoint\",\"urlTemplate\":\"https:\\\/\\\/www.apfelpatient.de\\\/?s={search_term_string}\"},\"query-input\":{\"@type\":\"PropertyValueSpecification\",\"valueRequired\":true,\"valueName\":\"search_term_string\"}}],\"inLanguage\":\"en-US\"},{\"@type\":[\"Person\",\"Organization\"],\"@id\":\"https:\\\/\\\/www.apfelpatient.de\\\/#\\\/schema\\\/person\\\/35b3ddba5832f2bfc7fff5206d4f6b7b\",\"name\":\"Milan\",\"logo\":{\"@id\":\"https:\\\/\\\/www.apfelpatient.de\\\/#\\\/schema\\\/person\\\/image\\\/\"},\"description\":\"Hallo und herzlich willkommen auf meinem Technik-Blog! Als gro\u00dfer Apple-Fan berichte ich hier \u00fcber alles, was mit Apple zu tun hat: von den neuesten News und spannenden Ger\u00fcchten \u00fcber hilfreiche Tipps und Tricks bis hin zu ausf\u00fchrlichen Produkttests. Wenn du genauso technikbegeistert bist wie ich, bist du hier genau richtig!\",\"sameAs\":[\"https:\\\/\\\/www.facebook.com\\\/apfelpatientOfficial\",\"https:\\\/\\\/www.linkedin.com\\\/in\\\/milan-jovicic-42aa0231b\"],\"url\":\"https:\\\/\\\/www.apfelpatient.de\\\/en\\\/author\\\/apfeladmin\"}]}<\/script>\n<!-- \/ Yoast SEO Premium plugin. -->","yoast_head_json":{"title":"Apple Mixed Reality Headset to be Delayed Again","description":"Apple Mixed Reality Headset: Why Was Mass Production Delayed to Mid-to-Late Q3 2023? Learn More!","robots":{"index":"index","follow":"follow","max-snippet":"max-snippet:-1","max-image-preview":"max-image-preview:large","max-video-preview":"max-video-preview:-1"},"canonical":"https:\/\/www.apfelpatient.de\/en\/rumors\/apple-mixed-reality-headset-to-be-postponed-again","og_locale":"en_US","og_type":"article","og_title":"Apple Mixed-Reality-Headset soll erneut verschoben werden","og_description":"Apple Mixed-Reality-Headset: Warum wurde die Massenproduktion auf Mitte bis Ende des dritten Quartals 2023 verschoben? Erfahre mehr!","og_url":"https:\/\/www.apfelpatient.de\/en\/rumors\/apple-mixed-reality-headset-to-be-postponed-again","og_site_name":"Apfelpatient","article_publisher":"https:\/\/www.facebook.com\/apfelpatientOfficial","article_author":"https:\/\/www.facebook.com\/apfelpatientOfficial","article_published_time":"2023-03-30T15:05:26+00:00","article_modified_time":"2023-03-30T15:05:27+00:00","og_image":[{"width":1600,"height":1067,"url":"https:\/\/www.apfelpatient.de\/wp-content\/uploads\/2022\/05\/bigstock-Girl-Using-Vr-Headset-Is-In-Vi-447906700.jpg","type":"image\/jpeg"}],"author":"Milan","twitter_card":"summary_large_image","twitter_description":"Apple Mixed-Reality-Headset: Warum wurde die Massenproduktion auf Mitte bis Ende des dritten Quartals 2023 verschoben? Erfahre mehr!","twitter_misc":{"Written by":"Milan","Est. reading time":"2 minutes"},"schema":{"@context":"https:\/\/schema.org","@graph":[{"@type":"NewsArticle","@id":"https:\/\/www.apfelpatient.de\/rumors\/apple-mixed-reality-headset-soll-erneut-verschoben-werden#article","isPartOf":{"@id":"https:\/\/www.apfelpatient.de\/rumors\/apple-mixed-reality-headset-soll-erneut-verschoben-werden"},"author":{"@type":"Organization","@id":"https:\/\/www.apfelpatient.de\/en\/#organization","name":"Apfelpatient","url":"https:\/\/www.apfelpatient.de\/en\/"},"headline":"Apple Mixed-Reality-Headset soll erneut verschoben werden","datePublished":"2023-03-30T15:05:26+00:00","dateModified":"2023-03-30T15:05:27+00:00","mainEntityOfPage":{"@id":"https:\/\/www.apfelpatient.de\/rumors\/apple-mixed-reality-headset-soll-erneut-verschoben-werden"},"wordCount":304,"publisher":{"@type":"Organization","@id":"https:\/\/www.apfelpatient.de\/en\/#organization","name":"Apfelpatient","url":"https:\/\/www.apfelpatient.de\/en\/"},"image":{"@id":"https:\/\/www.apfelpatient.de\/rumors\/apple-mixed-reality-headset-soll-erneut-verschoben-werden#primaryimage"},"thumbnailUrl":"https:\/\/www.apfelpatient.de\/wp-content\/uploads\/2022\/05\/bigstock-Girl-Using-Vr-Headset-Is-In-Vi-447906700.jpg","keywords":["Apple VR\/AR"],"articleSection":"Rumors","inLanguage":"en-US","copyrightYear":"2023","copyrightHolder":{"@id":"https:\/\/www.apfelpatient.de\/en\/#organization"}},{"@type":"WebPage","@id":"https:\/\/www.apfelpatient.de\/rumors\/apple-mixed-reality-headset-soll-erneut-verschoben-werden","url":"https:\/\/www.apfelpatient.de\/rumors\/apple-mixed-reality-headset-soll-erneut-verschoben-werden","name":"Apple Mixed Reality Headset to be Delayed Again","isPartOf":{"@id":"https:\/\/www.apfelpatient.de\/#website"},"primaryImageOfPage":{"@id":"https:\/\/www.apfelpatient.de\/rumors\/apple-mixed-reality-headset-soll-erneut-verschoben-werden#primaryimage"},"image":{"@id":"https:\/\/www.apfelpatient.de\/rumors\/apple-mixed-reality-headset-soll-erneut-verschoben-werden#primaryimage"},"thumbnailUrl":"https:\/\/www.apfelpatient.de\/wp-content\/uploads\/2022\/05\/bigstock-Girl-Using-Vr-Headset-Is-In-Vi-447906700.jpg","datePublished":"2023-03-30T15:05:26+00:00","dateModified":"2023-03-30T15:05:27+00:00","description":"Apple Mixed Reality Headset: Why Was Mass Production Delayed to Mid-to-Late Q3 2023? Learn More!","breadcrumb":{"@id":"https:\/\/www.apfelpatient.de\/rumors\/apple-mixed-reality-headset-soll-erneut-verschoben-werden#breadcrumb"},"inLanguage":"en-US","potentialAction":[{"@type":"ReadAction","target":["https:\/\/www.apfelpatient.de\/rumors\/apple-mixed-reality-headset-soll-erneut-verschoben-werden"]}]},{"@type":"ImageObject","inLanguage":"en-US","@id":"https:\/\/www.apfelpatient.de\/rumors\/apple-mixed-reality-headset-soll-erneut-verschoben-werden#primaryimage","url":"https:\/\/www.apfelpatient.de\/wp-content\/uploads\/2022\/05\/bigstock-Girl-Using-Vr-Headset-Is-In-Vi-447906700.jpg","contentUrl":"https:\/\/www.apfelpatient.de\/wp-content\/uploads\/2022\/05\/bigstock-Girl-Using-Vr-Headset-Is-In-Vi-447906700.jpg","width":1600,"height":1067,"caption":"Girl using vr headset is in virtual reality cyberspace futuristic neon blue background with matrix binary code. The concept of the metaverse, virtual reality. Future digital technologies."},{"@type":"BreadcrumbList","@id":"https:\/\/www.apfelpatient.de\/rumors\/apple-mixed-reality-headset-soll-erneut-verschoben-werden#breadcrumb","itemListElement":[{"@type":"ListItem","position":1,"name":"Startseite","item":"https:\/\/www.apfelpatient.de\/"},{"@type":"ListItem","position":2,"name":"Apple Mixed-Reality-Headset soll erneut verschoben werden"}]},{"@type":"WebSite","@id":"https:\/\/www.apfelpatient.de\/#website","url":"https:\/\/www.apfelpatient.de\/","name":"apple patient","description":"Everything about Apple!","publisher":{"@type":"Organization","@id":"https:\/\/www.apfelpatient.de\/en\/#organization","name":"Apfelpatient","url":"https:\/\/www.apfelpatient.de\/en\/"},"alternateName":"Apfelpatient","potentialAction":[{"@type":"SearchAction","target":{"@type":"EntryPoint","urlTemplate":"https:\/\/www.apfelpatient.de\/?s={search_term_string}"},"query-input":{"@type":"PropertyValueSpecification","valueRequired":true,"valueName":"search_term_string"}}],"inLanguage":"en-US"},{"@type":["Person","Organization"],"@id":"https:\/\/www.apfelpatient.de\/#\/schema\/person\/35b3ddba5832f2bfc7fff5206d4f6b7b","name":"Milan","logo":{"@id":"https:\/\/www.apfelpatient.de\/#\/schema\/person\/image\/"},"description":"Hello and welcome to my technology blog! As a big Apple fan, I report on everything to do with Apple: from the latest news and exciting rumors to helpful tips and tricks and detailed product tests. If you are as enthusiastic about technology as I am, you have come to the right place!","sameAs":["https:\/\/www.facebook.com\/apfelpatientOfficial","https:\/\/www.linkedin.com\/in\/milan-jovicic-42aa0231b"],"url":"https:\/\/www.apfelpatient.de\/en\/author\/apfeladmin"}]}},"_links":{"self":[{"href":"https:\/\/www.apfelpatient.de\/en\/wp-json\/wp\/v2\/posts\/38224","targetHints":{"allow":["GET"]}}],"collection":[{"href":"https:\/\/www.apfelpatient.de\/en\/wp-json\/wp\/v2\/posts"}],"about":[{"href":"https:\/\/www.apfelpatient.de\/en\/wp-json\/wp\/v2\/types\/post"}],"author":[{"embeddable":true,"href":"https:\/\/www.apfelpatient.de\/en\/wp-json\/wp\/v2\/users\/2"}],"replies":[{"embeddable":true,"href":"https:\/\/www.apfelpatient.de\/en\/wp-json\/wp\/v2\/comments?post=38224"}],"version-history":[{"count":0,"href":"https:\/\/www.apfelpatient.de\/en\/wp-json\/wp\/v2\/posts\/38224\/revisions"}],"wp:featuredmedia":[{"embeddable":true,"href":"https:\/\/www.apfelpatient.de\/en\/wp-json\/wp\/v2\/media\/31778"}],"wp:attachment":[{"href":"https:\/\/www.apfelpatient.de\/en\/wp-json\/wp\/v2\/media?parent=38224"}],"wp:term":[{"taxonomy":"category","embeddable":true,"href":"https:\/\/www.apfelpatient.de\/en\/wp-json\/wp\/v2\/categories?post=38224"},{"taxonomy":"post_tag","embeddable":true,"href":"https:\/\/www.apfelpatient.de\/en\/wp-json\/wp\/v2\/tags?post=38224"}],"curies":[{"name":"wp","href":"https:\/\/api.w.org\/{rel}","templated":true}]}}