{"id":38205,"date":"2023-03-29T18:43:28","date_gmt":"2023-03-29T16:43:28","guid":{"rendered":"https:\/\/www.apfelpatient.de\/?p=38205"},"modified":"2023-03-29T18:43:29","modified_gmt":"2023-03-29T16:43:29","slug":"the-iphone-15-pro-comes-with-a-customizable-action-button","status":"publish","type":"post","link":"https:\/\/www.apfelpatient.de\/en\/rumors\/kommt-das-iphone-15-pro-mit-anpassbarer-aktionstaste","title":{"rendered":"Will the iPhone 15 Pro come with a customizable action button?"},"content":{"rendered":"<p class=\"has-drop-cap\"><strong>The rumor mill is bubbling again: The iPhone 15 Pro could soon feature a multi-function action button instead of a mute switch. A member of the MacRumors forum had already leaked precise details about the Dynamic Island on the iPhone 14 Pro models last year. Now the same source claims that the action button will replace the previous ring\/silent switch. But how will it work and what possible functions are behind it?<\/strong><\/p>\n\n\n\n<p>It remains to be seen how Apple will implement the action button. However, there is already speculation that it will work similarly to the action button on the Apple Watch Ultra. This is controlled by numerous apps and functions and can be adapted to the individual needs of the user.<\/p>\n\n\n\n<h3 class=\"wp-block-heading\" id=\"h-iphone-15-pro-diese-funktionen-konnte-eine-aktionstaste-ermoglichen\">iPhone 15 Pro: These functions could be enabled by an action button<\/h3>\n\n\n\n<p>The iPhone 15 Pro&#039;s action button should be able to be assigned to various system functions for convenient access. Possible functions include:<\/p>\n\n\n\n<ul class=\"wp-block-list\">\n<li>ring\/mute,<\/li>\n\n\n\n<li>Do not disturb,<\/li>\n\n\n\n<li>Flashlight,<\/li>\n\n\n\n<li>energy saving mode,<\/li>\n\n\n\n<li>light\/dark mode,<\/li>\n\n\n\n<li>Lock rotation,<\/li>\n\n\n\n<li>Show home or lock screen,<\/li>\n\n\n\n<li>Open Control Center,<\/li>\n\n\n\n<li>Open Notification Center,<\/li>\n\n\n\n<li>Open camera,<\/li>\n\n\n\n<li>Take a screenshot or run a shortcut.<\/li>\n<\/ul>\n\n\n\n<p>Accessibility, the app switcher and the app library could also be controlled via the action button. Most of these functions can already be controlled with Back Tap, an accessibility feature introduced with iOS 14. With Back Tap, you can trigger a specific action by tapping the back of the iPhone, such as turning on the flashlight or taking a screenshot. This feature can be set up under &quot;Accessibility&quot; \u2192 &quot;Tap&quot; \u2192 &quot;Tap Back&quot; in the &quot;Settings&quot; app. In addition to the action button, the iPhone 15 Pro models are said to have a single volume button that can be used to control the volume up and down. Both buttons are said to have a solid-state design and provide haptic feedback through additional Taptic Engines. The source claims (<a href=\"https:\/\/www.macrumors.com\/2023\/03\/29\/iphone-15-pro-action-button-rumor\/\" target=\"_blank\" rel=\"noreferrer noopener\">via MacRumors<\/a>) that the action button will continue to work even when the iPhone&#039;s battery is empty, thanks to a new power-saving chip.<\/p>\n\n\n\n<h3 class=\"wp-block-heading\">iPhone 15 Pro Rumors \u2013 Conclusion<\/h3>\n\n\n\n\n\n\n\n<p>The speculation about the iPhone 15 Pro and the new action button remain rumors for now. Nevertheless, it is interesting to see what possible functions could come with the action button. It remains to be seen whether and how Apple will implement the action button and what additional features can be expected in the upcoming iPhone 15 series. (Photo by SashaMagic \/ Bigstockphoto)<\/p>\n\n\n\n<ul class=\"wp-block-list\">\n<li><a href=\"https:\/\/www.apfelpatient.de\/en\/rumors\/iphone-15-relies-on-esim-models-in-the-eu\">iPhone 15: Is Apple relying on eSim models in the EU?<\/a><\/li>\n<\/ul>\n\n\n\n<h6 class=\"wp-block-heading translation-block\" id=\"h-kennt-ihr-schon-unsere-amazon-storefront-dort-findet-ihr-eine-handverlesene-auswahl-von-diversen-produkten-f-r-euer-iphone-und-co-viel-spa-beim-st-bern\"><em>Have you already visited our Amazon Storefront? There you&#039;ll find a hand-picked selection of various products for your iPhone and other devices \u2013 <span class=\"has-inline-color has-vivid-red-color\"><a href=\"https:\/\/www.amazon.de\/shop\/apfelpatientofficial\" class=\"ek-link\" data-wpel-link=\"exclude\" rel=\"follow noopener\" target=\"_self\"><span style=\"text-decoration: underline\" class=\"ek-underline\">enjoy browsing<\/span><\/a> !<\/span><\/em><\/h6>\n\n\n\n<h6 class=\"wp-block-heading translation-block\" id=\"h-der-beitrag-enthalt-partnerlinks\">This post contains <a data-type=\"URL\" data-id=\"https:\/\/www.apfelpatient.de\/partnerprogramm\" href=\"https:\/\/www.apfelpatient.de\/en\/partner-program\" data-wpel-link=\"internal\" target=\"_self\">affiliate links<\/a>.<\/h6>","protected":false},"excerpt":{"rendered":"<p>The iPhone 15 Pro with multifunction action button? Find out which functions the action button could control and how it works.<\/p>","protected":false},"author":2,"featured_media":38207,"comment_status":"closed","ping_status":"closed","sticky":false,"template":"","format":"standard","meta":{"jnews-multi-image_gallery":[],"jnews_single_post":{"subtitle":"","format":"standard","video":"","gallery":"","source_name":"","source_url":"","via_name":"","via_url":"","override":[{"single_blog_custom":"","sidebar":"","second_sidebar":"","share_position":"","share_float_style":"","post_date_format":"","post_date_format_custom":"","post_reading_time_wpm":"","zoom_button_out_step":"1","zoom_button_in_step":"1","number_popup_post":"1"}],"image_override":[{"single_post_thumbnail_size":"","single_post_gallery_size":""}],"trending_post_position":"","trending_post_label":"","sponsored_post_label":"","sponsored_post_name":"","sponsored_post_url":"","sponsored_post_logo":"","sponsored_post_desc":""},"jnews_primary_category":{"id":"25"},"footnotes":""},"categories":[25],"tags":[8,689,579],"class_list":["post-38205","post","type-post","status-publish","format-standard","has-post-thumbnail","hentry","category-rumors","tag-iphone","tag-iphone-15","tag-iphone-2023"],"yoast_head":"<!-- This site is optimized with the Yoast SEO Premium plugin v27.5 (Yoast SEO v27.5) - https:\/\/yoast.com\/product\/yoast-seo-premium-wordpress\/ -->\n<title>Kommt das iPhone 15 Pro mit anpassbarer Aktionstaste?<\/title>\n<meta name=\"description\" content=\"Das iPhone 15 Pro mit Multifunktions-Aktionstaste? Erfahre, welche Funktionen die Aktionstaste steuern k\u00f6nnte und wie sie funktioniert.\" \/>\n<meta name=\"robots\" content=\"index, follow, max-snippet:-1, max-image-preview:large, max-video-preview:-1\" \/>\n<link rel=\"canonical\" href=\"https:\/\/www.apfelpatient.de\/en\/rumors\/the-iphone-15-pro-comes-with-a-customizable-action-button\" \/>\n<meta property=\"og:locale\" content=\"en_US\" \/>\n<meta property=\"og:type\" content=\"article\" \/>\n<meta property=\"og:title\" content=\"Kommt das iPhone 15 Pro mit anpassbarer Aktionstaste?\" \/>\n<meta property=\"og:description\" content=\"Das iPhone 15 Pro mit Multifunktions-Aktionstaste? Erfahre, welche Funktionen die Aktionstaste steuern k\u00f6nnte und wie sie funktioniert.\" \/>\n<meta property=\"og:url\" content=\"https:\/\/www.apfelpatient.de\/en\/rumors\/the-iphone-15-pro-comes-with-a-customizable-action-button\" \/>\n<meta property=\"og:site_name\" content=\"Apfelpatient\" \/>\n<meta property=\"article:publisher\" content=\"https:\/\/www.facebook.com\/apfelpatientOfficial\" \/>\n<meta property=\"article:author\" content=\"https:\/\/www.facebook.com\/apfelpatientOfficial\" \/>\n<meta property=\"article:published_time\" content=\"2023-03-29T16:43:28+00:00\" \/>\n<meta property=\"article:modified_time\" content=\"2023-03-29T16:43:29+00:00\" \/>\n<meta property=\"og:image\" content=\"https:\/\/www.apfelpatient.de\/wp-content\/uploads\/2023\/03\/bigstock-Ukraine-Dnepr-July-459279987.jpg\" \/>\n\t<meta property=\"og:image:width\" content=\"1600\" \/>\n\t<meta property=\"og:image:height\" content=\"1067\" \/>\n\t<meta property=\"og:image:type\" content=\"image\/jpeg\" \/>\n<meta name=\"author\" content=\"Milan\" \/>\n<meta name=\"twitter:card\" content=\"summary_large_image\" \/>\n<meta name=\"twitter:description\" content=\"Das iPhone 15 Pro mit Multifunktions-Aktionstaste? Erfahre, welche Funktionen die Aktionstaste steuern k\u00f6nnte und wie sie funktioniert.\" \/>\n<meta name=\"twitter:label1\" content=\"Written by\" \/>\n\t<meta name=\"twitter:data1\" content=\"Milan\" \/>\n\t<meta name=\"twitter:label2\" content=\"Est. reading time\" \/>\n\t<meta name=\"twitter:data2\" content=\"3 minutes\" \/>\n<script type=\"application\/ld+json\" class=\"yoast-schema-graph\">{\"@context\":\"https:\\\/\\\/schema.org\",\"@graph\":[{\"@type\":\"NewsArticle\",\"@id\":\"https:\\\/\\\/www.apfelpatient.de\\\/rumors\\\/kommt-das-iphone-15-pro-mit-anpassbarer-aktionstaste#article\",\"isPartOf\":{\"@id\":\"https:\\\/\\\/www.apfelpatient.de\\\/rumors\\\/kommt-das-iphone-15-pro-mit-anpassbarer-aktionstaste\"},\"author\":{\"@type\":\"Organization\",\"@id\":\"https:\\\/\\\/www.apfelpatient.de\\\/en\\\/#organization\",\"name\":\"Apfelpatient\",\"url\":\"https:\\\/\\\/www.apfelpatient.de\\\/en\\\/\"},\"headline\":\"Kommt das iPhone 15 Pro mit anpassbarer Aktionstaste?\",\"datePublished\":\"2023-03-29T16:43:28+00:00\",\"dateModified\":\"2023-03-29T16:43:29+00:00\",\"mainEntityOfPage\":{\"@id\":\"https:\\\/\\\/www.apfelpatient.de\\\/rumors\\\/kommt-das-iphone-15-pro-mit-anpassbarer-aktionstaste\"},\"wordCount\":399,\"publisher\":{\"@type\":\"Organization\",\"@id\":\"https:\\\/\\\/www.apfelpatient.de\\\/en\\\/#organization\",\"name\":\"Apfelpatient\",\"url\":\"https:\\\/\\\/www.apfelpatient.de\\\/en\\\/\"},\"image\":{\"@id\":\"https:\\\/\\\/www.apfelpatient.de\\\/rumors\\\/kommt-das-iphone-15-pro-mit-anpassbarer-aktionstaste#primaryimage\"},\"thumbnailUrl\":\"https:\\\/\\\/www.apfelpatient.de\\\/wp-content\\\/uploads\\\/2023\\\/03\\\/bigstock-Ukraine-Dnepr-July-459279987.jpg\",\"keywords\":[\"iPhone\",\"iPhone 15\",\"iPhone 2023\"],\"articleSection\":\"Rumors\",\"inLanguage\":\"en-US\",\"copyrightYear\":\"2023\",\"copyrightHolder\":{\"@id\":\"https:\\\/\\\/www.apfelpatient.de\\\/en\\\/#organization\"}},{\"@type\":\"WebPage\",\"@id\":\"https:\\\/\\\/www.apfelpatient.de\\\/rumors\\\/kommt-das-iphone-15-pro-mit-anpassbarer-aktionstaste\",\"url\":\"https:\\\/\\\/www.apfelpatient.de\\\/rumors\\\/kommt-das-iphone-15-pro-mit-anpassbarer-aktionstaste\",\"name\":\"Kommt das iPhone 15 Pro mit anpassbarer Aktionstaste?\",\"isPartOf\":{\"@id\":\"https:\\\/\\\/www.apfelpatient.de\\\/#website\"},\"primaryImageOfPage\":{\"@id\":\"https:\\\/\\\/www.apfelpatient.de\\\/rumors\\\/kommt-das-iphone-15-pro-mit-anpassbarer-aktionstaste#primaryimage\"},\"image\":{\"@id\":\"https:\\\/\\\/www.apfelpatient.de\\\/rumors\\\/kommt-das-iphone-15-pro-mit-anpassbarer-aktionstaste#primaryimage\"},\"thumbnailUrl\":\"https:\\\/\\\/www.apfelpatient.de\\\/wp-content\\\/uploads\\\/2023\\\/03\\\/bigstock-Ukraine-Dnepr-July-459279987.jpg\",\"datePublished\":\"2023-03-29T16:43:28+00:00\",\"dateModified\":\"2023-03-29T16:43:29+00:00\",\"description\":\"Das iPhone 15 Pro mit Multifunktions-Aktionstaste? Erfahre, welche Funktionen die Aktionstaste steuern k\u00f6nnte und wie sie funktioniert.\",\"breadcrumb\":{\"@id\":\"https:\\\/\\\/www.apfelpatient.de\\\/rumors\\\/kommt-das-iphone-15-pro-mit-anpassbarer-aktionstaste#breadcrumb\"},\"inLanguage\":\"en-US\",\"potentialAction\":[{\"@type\":\"ReadAction\",\"target\":[\"https:\\\/\\\/www.apfelpatient.de\\\/rumors\\\/kommt-das-iphone-15-pro-mit-anpassbarer-aktionstaste\"]}]},{\"@type\":\"ImageObject\",\"inLanguage\":\"en-US\",\"@id\":\"https:\\\/\\\/www.apfelpatient.de\\\/rumors\\\/kommt-das-iphone-15-pro-mit-anpassbarer-aktionstaste#primaryimage\",\"url\":\"https:\\\/\\\/www.apfelpatient.de\\\/wp-content\\\/uploads\\\/2023\\\/03\\\/bigstock-Ukraine-Dnepr-July-459279987.jpg\",\"contentUrl\":\"https:\\\/\\\/www.apfelpatient.de\\\/wp-content\\\/uploads\\\/2023\\\/03\\\/bigstock-Ukraine-Dnepr-July-459279987.jpg\",\"width\":1600,\"height\":1067,\"caption\":\"Photo by SashaMagic \\\/ Bigstockphoto\"},{\"@type\":\"BreadcrumbList\",\"@id\":\"https:\\\/\\\/www.apfelpatient.de\\\/rumors\\\/kommt-das-iphone-15-pro-mit-anpassbarer-aktionstaste#breadcrumb\",\"itemListElement\":[{\"@type\":\"ListItem\",\"position\":1,\"name\":\"Startseite\",\"item\":\"https:\\\/\\\/www.apfelpatient.de\\\/\"},{\"@type\":\"ListItem\",\"position\":2,\"name\":\"Kommt das iPhone 15 Pro mit anpassbarer Aktionstaste?\"}]},{\"@type\":\"WebSite\",\"@id\":\"https:\\\/\\\/www.apfelpatient.de\\\/#website\",\"url\":\"https:\\\/\\\/www.apfelpatient.de\\\/\",\"name\":\"Apfelpatient\",\"description\":\"Alles rund um Apple!\",\"publisher\":{\"@type\":\"Organization\",\"@id\":\"https:\\\/\\\/www.apfelpatient.de\\\/en\\\/#organization\",\"name\":\"Apfelpatient\",\"url\":\"https:\\\/\\\/www.apfelpatient.de\\\/en\\\/\"},\"alternateName\":\"Apfelpatient\",\"potentialAction\":[{\"@type\":\"SearchAction\",\"target\":{\"@type\":\"EntryPoint\",\"urlTemplate\":\"https:\\\/\\\/www.apfelpatient.de\\\/?s={search_term_string}\"},\"query-input\":{\"@type\":\"PropertyValueSpecification\",\"valueRequired\":true,\"valueName\":\"search_term_string\"}}],\"inLanguage\":\"en-US\"},{\"@type\":[\"Person\",\"Organization\"],\"@id\":\"https:\\\/\\\/www.apfelpatient.de\\\/#\\\/schema\\\/person\\\/7dc56ad6c8e9824b76d2c08d4c140e13\",\"name\":\"Milan\",\"logo\":{\"@id\":\"https:\\\/\\\/www.apfelpatient.de\\\/#\\\/schema\\\/person\\\/image\\\/\"},\"description\":\"Hallo und herzlich willkommen auf meinem Technik-Blog! Als gro\u00dfer Apple-Fan berichte ich hier \u00fcber alles, was mit Apple zu tun hat: von den neuesten News und spannenden Ger\u00fcchten \u00fcber hilfreiche Tipps und Tricks bis hin zu ausf\u00fchrlichen Produkttests. Wenn du genauso technikbegeistert bist wie ich, bist du hier genau richtig!\",\"sameAs\":[\"https:\\\/\\\/www.facebook.com\\\/apfelpatientOfficial\",\"https:\\\/\\\/www.linkedin.com\\\/in\\\/milan-jovicic-42aa0231b\"],\"url\":\"https:\\\/\\\/www.apfelpatient.de\\\/en\\\/author\\\/apfeladmin\"}]}<\/script>\n<!-- \/ Yoast SEO Premium plugin. -->","yoast_head_json":{"title":"Will the iPhone 15 Pro come with a customizable action button?","description":"The iPhone 15 Pro with multifunction action button? Find out which functions the action button could control and how it works.","robots":{"index":"index","follow":"follow","max-snippet":"max-snippet:-1","max-image-preview":"max-image-preview:large","max-video-preview":"max-video-preview:-1"},"canonical":"https:\/\/www.apfelpatient.de\/en\/rumors\/the-iphone-15-pro-comes-with-a-customizable-action-button","og_locale":"en_US","og_type":"article","og_title":"Kommt das iPhone 15 Pro mit anpassbarer Aktionstaste?","og_description":"Das iPhone 15 Pro mit Multifunktions-Aktionstaste? Erfahre, welche Funktionen die Aktionstaste steuern k\u00f6nnte und wie sie funktioniert.","og_url":"https:\/\/www.apfelpatient.de\/en\/rumors\/the-iphone-15-pro-comes-with-a-customizable-action-button","og_site_name":"Apfelpatient","article_publisher":"https:\/\/www.facebook.com\/apfelpatientOfficial","article_author":"https:\/\/www.facebook.com\/apfelpatientOfficial","article_published_time":"2023-03-29T16:43:28+00:00","article_modified_time":"2023-03-29T16:43:29+00:00","og_image":[{"width":1600,"height":1067,"url":"https:\/\/www.apfelpatient.de\/wp-content\/uploads\/2023\/03\/bigstock-Ukraine-Dnepr-July-459279987.jpg","type":"image\/jpeg"}],"author":"Milan","twitter_card":"summary_large_image","twitter_description":"Das iPhone 15 Pro mit Multifunktions-Aktionstaste? Erfahre, welche Funktionen die Aktionstaste steuern k\u00f6nnte und wie sie funktioniert.","twitter_misc":{"Written by":"Milan","Est. reading time":"3 minutes"},"schema":{"@context":"https:\/\/schema.org","@graph":[{"@type":"NewsArticle","@id":"https:\/\/www.apfelpatient.de\/rumors\/kommt-das-iphone-15-pro-mit-anpassbarer-aktionstaste#article","isPartOf":{"@id":"https:\/\/www.apfelpatient.de\/rumors\/kommt-das-iphone-15-pro-mit-anpassbarer-aktionstaste"},"author":{"@type":"Organization","@id":"https:\/\/www.apfelpatient.de\/en\/#organization","name":"Apfelpatient","url":"https:\/\/www.apfelpatient.de\/en\/"},"headline":"Kommt das iPhone 15 Pro mit anpassbarer Aktionstaste?","datePublished":"2023-03-29T16:43:28+00:00","dateModified":"2023-03-29T16:43:29+00:00","mainEntityOfPage":{"@id":"https:\/\/www.apfelpatient.de\/rumors\/kommt-das-iphone-15-pro-mit-anpassbarer-aktionstaste"},"wordCount":399,"publisher":{"@type":"Organization","@id":"https:\/\/www.apfelpatient.de\/en\/#organization","name":"Apfelpatient","url":"https:\/\/www.apfelpatient.de\/en\/"},"image":{"@id":"https:\/\/www.apfelpatient.de\/rumors\/kommt-das-iphone-15-pro-mit-anpassbarer-aktionstaste#primaryimage"},"thumbnailUrl":"https:\/\/www.apfelpatient.de\/wp-content\/uploads\/2023\/03\/bigstock-Ukraine-Dnepr-July-459279987.jpg","keywords":["iPhone","iPhone 15","iPhone 2023"],"articleSection":"Rumors","inLanguage":"en-US","copyrightYear":"2023","copyrightHolder":{"@id":"https:\/\/www.apfelpatient.de\/en\/#organization"}},{"@type":"WebPage","@id":"https:\/\/www.apfelpatient.de\/rumors\/kommt-das-iphone-15-pro-mit-anpassbarer-aktionstaste","url":"https:\/\/www.apfelpatient.de\/rumors\/kommt-das-iphone-15-pro-mit-anpassbarer-aktionstaste","name":"Will the iPhone 15 Pro come with a customizable action button?","isPartOf":{"@id":"https:\/\/www.apfelpatient.de\/#website"},"primaryImageOfPage":{"@id":"https:\/\/www.apfelpatient.de\/rumors\/kommt-das-iphone-15-pro-mit-anpassbarer-aktionstaste#primaryimage"},"image":{"@id":"https:\/\/www.apfelpatient.de\/rumors\/kommt-das-iphone-15-pro-mit-anpassbarer-aktionstaste#primaryimage"},"thumbnailUrl":"https:\/\/www.apfelpatient.de\/wp-content\/uploads\/2023\/03\/bigstock-Ukraine-Dnepr-July-459279987.jpg","datePublished":"2023-03-29T16:43:28+00:00","dateModified":"2023-03-29T16:43:29+00:00","description":"The iPhone 15 Pro with multifunction action button? Find out which functions the action button could control and how it works.","breadcrumb":{"@id":"https:\/\/www.apfelpatient.de\/rumors\/kommt-das-iphone-15-pro-mit-anpassbarer-aktionstaste#breadcrumb"},"inLanguage":"en-US","potentialAction":[{"@type":"ReadAction","target":["https:\/\/www.apfelpatient.de\/rumors\/kommt-das-iphone-15-pro-mit-anpassbarer-aktionstaste"]}]},{"@type":"ImageObject","inLanguage":"en-US","@id":"https:\/\/www.apfelpatient.de\/rumors\/kommt-das-iphone-15-pro-mit-anpassbarer-aktionstaste#primaryimage","url":"https:\/\/www.apfelpatient.de\/wp-content\/uploads\/2023\/03\/bigstock-Ukraine-Dnepr-July-459279987.jpg","contentUrl":"https:\/\/www.apfelpatient.de\/wp-content\/uploads\/2023\/03\/bigstock-Ukraine-Dnepr-July-459279987.jpg","width":1600,"height":1067,"caption":"Photo by SashaMagic \/ Bigstockphoto"},{"@type":"BreadcrumbList","@id":"https:\/\/www.apfelpatient.de\/rumors\/kommt-das-iphone-15-pro-mit-anpassbarer-aktionstaste#breadcrumb","itemListElement":[{"@type":"ListItem","position":1,"name":"Startseite","item":"https:\/\/www.apfelpatient.de\/"},{"@type":"ListItem","position":2,"name":"Kommt das iPhone 15 Pro mit anpassbarer Aktionstaste?"}]},{"@type":"WebSite","@id":"https:\/\/www.apfelpatient.de\/#website","url":"https:\/\/www.apfelpatient.de\/","name":"apple patient","description":"Everything about Apple!","publisher":{"@type":"Organization","@id":"https:\/\/www.apfelpatient.de\/en\/#organization","name":"Apfelpatient","url":"https:\/\/www.apfelpatient.de\/en\/"},"alternateName":"Apfelpatient","potentialAction":[{"@type":"SearchAction","target":{"@type":"EntryPoint","urlTemplate":"https:\/\/www.apfelpatient.de\/?s={search_term_string}"},"query-input":{"@type":"PropertyValueSpecification","valueRequired":true,"valueName":"search_term_string"}}],"inLanguage":"en-US"},{"@type":["Person","Organization"],"@id":"https:\/\/www.apfelpatient.de\/#\/schema\/person\/7dc56ad6c8e9824b76d2c08d4c140e13","name":"Milan","logo":{"@id":"https:\/\/www.apfelpatient.de\/#\/schema\/person\/image\/"},"description":"Hello and welcome to my technology blog! As a big Apple fan, I report on everything to do with Apple: from the latest news and exciting rumors to helpful tips and tricks and detailed product tests. If you are as enthusiastic about technology as I am, you have come to the right place!","sameAs":["https:\/\/www.facebook.com\/apfelpatientOfficial","https:\/\/www.linkedin.com\/in\/milan-jovicic-42aa0231b"],"url":"https:\/\/www.apfelpatient.de\/en\/author\/apfeladmin"}]}},"_links":{"self":[{"href":"https:\/\/www.apfelpatient.de\/en\/wp-json\/wp\/v2\/posts\/38205","targetHints":{"allow":["GET"]}}],"collection":[{"href":"https:\/\/www.apfelpatient.de\/en\/wp-json\/wp\/v2\/posts"}],"about":[{"href":"https:\/\/www.apfelpatient.de\/en\/wp-json\/wp\/v2\/types\/post"}],"author":[{"embeddable":true,"href":"https:\/\/www.apfelpatient.de\/en\/wp-json\/wp\/v2\/users\/2"}],"replies":[{"embeddable":true,"href":"https:\/\/www.apfelpatient.de\/en\/wp-json\/wp\/v2\/comments?post=38205"}],"version-history":[{"count":0,"href":"https:\/\/www.apfelpatient.de\/en\/wp-json\/wp\/v2\/posts\/38205\/revisions"}],"wp:featuredmedia":[{"embeddable":true,"href":"https:\/\/www.apfelpatient.de\/en\/wp-json\/wp\/v2\/media\/38207"}],"wp:attachment":[{"href":"https:\/\/www.apfelpatient.de\/en\/wp-json\/wp\/v2\/media?parent=38205"}],"wp:term":[{"taxonomy":"category","embeddable":true,"href":"https:\/\/www.apfelpatient.de\/en\/wp-json\/wp\/v2\/categories?post=38205"},{"taxonomy":"post_tag","embeddable":true,"href":"https:\/\/www.apfelpatient.de\/en\/wp-json\/wp\/v2\/tags?post=38205"}],"curies":[{"name":"wp","href":"https:\/\/api.w.org\/{rel}","templated":true}]}}