{"id":38151,"date":"2023-03-27T18:01:44","date_gmt":"2023-03-27T16:01:44","guid":{"rendered":"https:\/\/www.apfelpatient.de\/?p=38151"},"modified":"2023-03-27T18:01:45","modified_gmt":"2023-03-27T16:01:45","slug":"iphone-15-relies-on-esim-models-in-the-eu","status":"publish","type":"post","link":"https:\/\/www.apfelpatient.de\/en\/rumors\/iphone-15-setzt-apple-auf-esim-modelle-in-der-eu","title":{"rendered":"iPhone 15: Is Apple relying on eSim models in the EU?"},"content":{"rendered":"<p class=\"has-drop-cap\"><strong>According to information from the French website MacGeneration, the iPhone 15 and iPhone 15 Pro could be launched in France this year without a SIM card slot. This means that the devices would only work with eSIMs for cellular connectivity.<\/strong><\/p>\n\n\n\n<p>If the SIM card slot in France <a href=\"https:\/\/www.igen.fr\/iphone\/2023\/03\/info-igen-les-prochains-iphone-pourraient-aussi-abandonner-leur-carte-sim-en-france-136293\" target=\"_blank\" rel=\"noreferrer noopener\">disappears<\/a>, it will likely be dropped in some other European countries as well, as Apple only sells one iPhone model in most European countries. For example, the iPhone 14 Pro model A2890 sold in France is also sold in the United Kingdom, Ireland, Germany, Italy, Spain, Portugal, Austria, Poland, the Netherlands, Belgium, Denmark, Finland, Norway, Sweden, Switzerland, and dozens of other countries. Back in September last year, Apple had removed the SIM card slot from all iPhone 14 models in the US, forcing customers to use an eSIM, a digital SIM card that allows users to activate a cellular contract without having to use a physical nano-SIM card.<\/p>\n\n\n\n<h3 class=\"wp-block-heading\" id=\"h-iphone-15-mobilfunkbetreiber-stellen-auf-esim-technologie-um\">iPhone 15: Mobile operators switch to eSim technology<\/h3>\n\n\n\n\n\n\n\n<p>Apple has a <a href=\"https:\/\/support.apple.com\/en-us\/HT209096\" target=\"_blank\" rel=\"noreferrer noopener\">support document<\/a> with a list of mobile operators worldwide that support eSIM technology. When the iPhone 14 launched in the US, Apple touted that eSIMs were more secure than physical SIM cards because they couldn&#039;t be removed from a lost or stolen iPhone. Apple added that up to eight eSIMs could be managed in the iPhone&#039;s Settings app, eliminating the need to buy, carry, and swap physical SIM cards when traveling. With eSIM availability rapidly increasing, the elimination of the SIM card tray outside the US seems inevitable, although it will still take a few years for the transition to be fully complete. Apple is expected to unveil the iPhone 15 series in September as usual. (Photo by hadrian \/ Bigstockphoto)<\/p>\n\n\n\n<ul class=\"wp-block-list\">\n<li><a href=\"https:\/\/www.apfelpatient.de\/en\/rumors\/iphone-15-dynamic-island-with-integrated-sensor\">iPhone 15: Dynamic Island with integrated sensor<\/a><\/li>\n<\/ul>\n\n\n\n<h6 class=\"wp-block-heading translation-block\" id=\"h-kennt-ihr-schon-unsere-amazon-storefront-dort-findet-ihr-eine-handverlesene-auswahl-von-diversen-produkten-f-r-euer-iphone-und-co-viel-spa-beim-st-bern\"><em>Have you already visited our Amazon Storefront? There you&#039;ll find a hand-picked selection of various products for your iPhone and other devices \u2013 <span class=\"has-inline-color has-vivid-red-color\"><a href=\"https:\/\/www.amazon.de\/shop\/apfelpatientofficial\" class=\"ek-link\" data-wpel-link=\"exclude\" rel=\"follow noopener\" target=\"_self\"><span style=\"text-decoration: underline\" class=\"ek-underline\">enjoy browsing<\/span><\/a> !<\/span><\/em><\/h6>\n\n\n\n<h6 class=\"wp-block-heading translation-block\" id=\"h-der-beitrag-enthalt-partnerlinks\">This post contains <a data-type=\"URL\" data-id=\"https:\/\/www.apfelpatient.de\/partnerprogramm\" href=\"https:\/\/www.apfelpatient.de\/en\/partner-program\" data-wpel-link=\"internal\" target=\"_self\">affiliate links<\/a>.<\/h6>","protected":false},"excerpt":{"rendered":"<p>Revolutionary switch to eSIM technology: The iPhone 15 without a SIM card slot in the EU? Find out now!<\/p>","protected":false},"author":2,"featured_media":38150,"comment_status":"closed","ping_status":"closed","sticky":false,"template":"","format":"standard","meta":{"jnews-multi-image_gallery":[],"jnews_single_post":{"subtitle":"","format":"standard","video":"","gallery":"","source_name":"","source_url":"","via_name":"","via_url":"","override":[{"single_blog_custom":"","sidebar":"","second_sidebar":"","share_position":"","share_float_style":"","post_date_format":"","post_date_format_custom":"","post_reading_time_wpm":"","zoom_button_out_step":"1","zoom_button_in_step":"1","number_popup_post":"1"}],"image_override":[{"single_post_thumbnail_size":"","single_post_gallery_size":""}],"trending_post_position":"","trending_post_label":"","sponsored_post_label":"","sponsored_post_name":"","sponsored_post_url":"","sponsored_post_logo":"","sponsored_post_desc":""},"jnews_primary_category":{"id":"25"},"footnotes":""},"categories":[25],"tags":[8,689,579],"class_list":["post-38151","post","type-post","status-publish","format-standard","has-post-thumbnail","hentry","category-rumors","tag-iphone","tag-iphone-15","tag-iphone-2023"],"yoast_head":"<!-- This site is optimized with the Yoast SEO Premium plugin v27.5 (Yoast SEO v27.5) - https:\/\/yoast.com\/product\/yoast-seo-premium-wordpress\/ -->\n<title>iPhone 15: Setzt Apple auf eSim-Modelle in der EU? Apfelpatient<\/title>\n<meta name=\"description\" content=\"Revolution\u00e4rer Wechsel auf eSIM-Technologie: Das iPhone 15 ohne SIM-Kartensteckplatz in der EU? Jetzt informieren!\" \/>\n<meta name=\"robots\" content=\"index, follow, max-snippet:-1, max-image-preview:large, max-video-preview:-1\" \/>\n<link rel=\"canonical\" href=\"https:\/\/www.apfelpatient.de\/en\/rumors\/iphone-15-relies-on-esim-models-in-the-eu\" \/>\n<meta property=\"og:locale\" content=\"en_US\" \/>\n<meta property=\"og:type\" content=\"article\" \/>\n<meta property=\"og:title\" content=\"iPhone 15: Setzt Apple auf eSim-Modelle in der EU?\" \/>\n<meta property=\"og:description\" content=\"Revolution\u00e4rer Wechsel auf eSIM-Technologie: Das iPhone 15 ohne SIM-Kartensteckplatz in der EU? Jetzt informieren!\" \/>\n<meta property=\"og:url\" content=\"https:\/\/www.apfelpatient.de\/en\/rumors\/iphone-15-relies-on-esim-models-in-the-eu\" \/>\n<meta property=\"og:site_name\" content=\"Apfelpatient\" \/>\n<meta property=\"article:publisher\" content=\"https:\/\/www.facebook.com\/apfelpatientOfficial\" \/>\n<meta property=\"article:author\" content=\"https:\/\/www.facebook.com\/apfelpatientOfficial\" \/>\n<meta property=\"article:published_time\" content=\"2023-03-27T16:01:44+00:00\" \/>\n<meta property=\"article:modified_time\" content=\"2023-03-27T16:01:45+00:00\" \/>\n<meta property=\"og:image\" content=\"https:\/\/www.apfelpatient.de\/wp-content\/uploads\/2023\/03\/bigstock-Paris-France-Sep-471752361.jpg\" \/>\n\t<meta property=\"og:image:width\" content=\"1600\" \/>\n\t<meta property=\"og:image:height\" content=\"951\" \/>\n\t<meta property=\"og:image:type\" content=\"image\/jpeg\" \/>\n<meta name=\"author\" content=\"Milan\" \/>\n<meta name=\"twitter:card\" content=\"summary_large_image\" \/>\n<meta name=\"twitter:description\" content=\"Revolution\u00e4rer Wechsel auf eSIM-Technologie: Das iPhone 15 ohne SIM-Kartensteckplatz in der EU? Jetzt informieren!\" \/>\n<meta name=\"twitter:label1\" content=\"Written by\" \/>\n\t<meta name=\"twitter:data1\" content=\"Milan\" \/>\n\t<meta name=\"twitter:label2\" content=\"Est. reading time\" \/>\n\t<meta name=\"twitter:data2\" content=\"2 minutes\" \/>\n<script type=\"application\/ld+json\" class=\"yoast-schema-graph\">{\"@context\":\"https:\\\/\\\/schema.org\",\"@graph\":[{\"@type\":\"NewsArticle\",\"@id\":\"https:\\\/\\\/www.apfelpatient.de\\\/rumors\\\/iphone-15-setzt-apple-auf-esim-modelle-in-der-eu#article\",\"isPartOf\":{\"@id\":\"https:\\\/\\\/www.apfelpatient.de\\\/rumors\\\/iphone-15-setzt-apple-auf-esim-modelle-in-der-eu\"},\"author\":{\"@type\":\"Organization\",\"@id\":\"https:\\\/\\\/www.apfelpatient.de\\\/en\\\/#organization\",\"name\":\"Apfelpatient\",\"url\":\"https:\\\/\\\/www.apfelpatient.de\\\/en\\\/\"},\"headline\":\"iPhone 15: Setzt Apple auf eSim-Modelle in der EU?\",\"datePublished\":\"2023-03-27T16:01:44+00:00\",\"dateModified\":\"2023-03-27T16:01:45+00:00\",\"mainEntityOfPage\":{\"@id\":\"https:\\\/\\\/www.apfelpatient.de\\\/rumors\\\/iphone-15-setzt-apple-auf-esim-modelle-in-der-eu\"},\"wordCount\":318,\"publisher\":{\"@type\":\"Organization\",\"@id\":\"https:\\\/\\\/www.apfelpatient.de\\\/en\\\/#organization\",\"name\":\"Apfelpatient\",\"url\":\"https:\\\/\\\/www.apfelpatient.de\\\/en\\\/\"},\"image\":{\"@id\":\"https:\\\/\\\/www.apfelpatient.de\\\/rumors\\\/iphone-15-setzt-apple-auf-esim-modelle-in-der-eu#primaryimage\"},\"thumbnailUrl\":\"https:\\\/\\\/www.apfelpatient.de\\\/wp-content\\\/uploads\\\/2023\\\/03\\\/bigstock-Paris-France-Sep-471752361.jpg\",\"keywords\":[\"iPhone\",\"iPhone 15\",\"iPhone 2023\"],\"articleSection\":\"Rumors\",\"inLanguage\":\"en-US\",\"copyrightYear\":\"2023\",\"copyrightHolder\":{\"@id\":\"https:\\\/\\\/www.apfelpatient.de\\\/en\\\/#organization\"}},{\"@type\":\"WebPage\",\"@id\":\"https:\\\/\\\/www.apfelpatient.de\\\/rumors\\\/iphone-15-setzt-apple-auf-esim-modelle-in-der-eu\",\"url\":\"https:\\\/\\\/www.apfelpatient.de\\\/rumors\\\/iphone-15-setzt-apple-auf-esim-modelle-in-der-eu\",\"name\":\"iPhone 15: Setzt Apple auf eSim-Modelle in der EU? Apfelpatient\",\"isPartOf\":{\"@id\":\"https:\\\/\\\/www.apfelpatient.de\\\/#website\"},\"primaryImageOfPage\":{\"@id\":\"https:\\\/\\\/www.apfelpatient.de\\\/rumors\\\/iphone-15-setzt-apple-auf-esim-modelle-in-der-eu#primaryimage\"},\"image\":{\"@id\":\"https:\\\/\\\/www.apfelpatient.de\\\/rumors\\\/iphone-15-setzt-apple-auf-esim-modelle-in-der-eu#primaryimage\"},\"thumbnailUrl\":\"https:\\\/\\\/www.apfelpatient.de\\\/wp-content\\\/uploads\\\/2023\\\/03\\\/bigstock-Paris-France-Sep-471752361.jpg\",\"datePublished\":\"2023-03-27T16:01:44+00:00\",\"dateModified\":\"2023-03-27T16:01:45+00:00\",\"description\":\"Revolution\u00e4rer Wechsel auf eSIM-Technologie: Das iPhone 15 ohne SIM-Kartensteckplatz in der EU? Jetzt informieren!\",\"breadcrumb\":{\"@id\":\"https:\\\/\\\/www.apfelpatient.de\\\/rumors\\\/iphone-15-setzt-apple-auf-esim-modelle-in-der-eu#breadcrumb\"},\"inLanguage\":\"en-US\",\"potentialAction\":[{\"@type\":\"ReadAction\",\"target\":[\"https:\\\/\\\/www.apfelpatient.de\\\/rumors\\\/iphone-15-setzt-apple-auf-esim-modelle-in-der-eu\"]}]},{\"@type\":\"ImageObject\",\"inLanguage\":\"en-US\",\"@id\":\"https:\\\/\\\/www.apfelpatient.de\\\/rumors\\\/iphone-15-setzt-apple-auf-esim-modelle-in-der-eu#primaryimage\",\"url\":\"https:\\\/\\\/www.apfelpatient.de\\\/wp-content\\\/uploads\\\/2023\\\/03\\\/bigstock-Paris-France-Sep-471752361.jpg\",\"contentUrl\":\"https:\\\/\\\/www.apfelpatient.de\\\/wp-content\\\/uploads\\\/2023\\\/03\\\/bigstock-Paris-France-Sep-471752361.jpg\",\"width\":1600,\"height\":951,\"caption\":\"Paris, France - Sep 17, 2022: Set up mobile service skip esim setup message on the new iPhone 13 14 15 Pro during unboxing and first setup\"},{\"@type\":\"BreadcrumbList\",\"@id\":\"https:\\\/\\\/www.apfelpatient.de\\\/rumors\\\/iphone-15-setzt-apple-auf-esim-modelle-in-der-eu#breadcrumb\",\"itemListElement\":[{\"@type\":\"ListItem\",\"position\":1,\"name\":\"Startseite\",\"item\":\"https:\\\/\\\/www.apfelpatient.de\\\/\"},{\"@type\":\"ListItem\",\"position\":2,\"name\":\"iPhone 15: Setzt Apple auf eSim-Modelle in der EU?\"}]},{\"@type\":\"WebSite\",\"@id\":\"https:\\\/\\\/www.apfelpatient.de\\\/#website\",\"url\":\"https:\\\/\\\/www.apfelpatient.de\\\/\",\"name\":\"Apfelpatient\",\"description\":\"Alles rund um Apple!\",\"publisher\":{\"@type\":\"Organization\",\"@id\":\"https:\\\/\\\/www.apfelpatient.de\\\/en\\\/#organization\",\"name\":\"Apfelpatient\",\"url\":\"https:\\\/\\\/www.apfelpatient.de\\\/en\\\/\"},\"alternateName\":\"Apfelpatient\",\"potentialAction\":[{\"@type\":\"SearchAction\",\"target\":{\"@type\":\"EntryPoint\",\"urlTemplate\":\"https:\\\/\\\/www.apfelpatient.de\\\/?s={search_term_string}\"},\"query-input\":{\"@type\":\"PropertyValueSpecification\",\"valueRequired\":true,\"valueName\":\"search_term_string\"}}],\"inLanguage\":\"en-US\"},{\"@type\":[\"Person\",\"Organization\"],\"@id\":\"https:\\\/\\\/www.apfelpatient.de\\\/#\\\/schema\\\/person\\\/7dc56ad6c8e9824b76d2c08d4c140e13\",\"name\":\"Milan\",\"logo\":{\"@id\":\"https:\\\/\\\/www.apfelpatient.de\\\/#\\\/schema\\\/person\\\/image\\\/\"},\"description\":\"Hallo und herzlich willkommen auf meinem Technik-Blog! Als gro\u00dfer Apple-Fan berichte ich hier \u00fcber alles, was mit Apple zu tun hat: von den neuesten News und spannenden Ger\u00fcchten \u00fcber hilfreiche Tipps und Tricks bis hin zu ausf\u00fchrlichen Produkttests. Wenn du genauso technikbegeistert bist wie ich, bist du hier genau richtig!\",\"sameAs\":[\"https:\\\/\\\/www.facebook.com\\\/apfelpatientOfficial\",\"https:\\\/\\\/www.linkedin.com\\\/in\\\/milan-jovicic-42aa0231b\"],\"url\":\"https:\\\/\\\/www.apfelpatient.de\\\/en\\\/author\\\/apfeladmin\"}]}<\/script>\n<!-- \/ Yoast SEO Premium plugin. -->","yoast_head_json":{"title":"iPhone 15: Is Apple relying on eSim models in the EU? Apfelpatient","description":"Revolutionary switch to eSIM technology: The iPhone 15 without a SIM card slot in the EU? Find out now!","robots":{"index":"index","follow":"follow","max-snippet":"max-snippet:-1","max-image-preview":"max-image-preview:large","max-video-preview":"max-video-preview:-1"},"canonical":"https:\/\/www.apfelpatient.de\/en\/rumors\/iphone-15-relies-on-esim-models-in-the-eu","og_locale":"en_US","og_type":"article","og_title":"iPhone 15: Setzt Apple auf eSim-Modelle in der EU?","og_description":"Revolution\u00e4rer Wechsel auf eSIM-Technologie: Das iPhone 15 ohne SIM-Kartensteckplatz in der EU? Jetzt informieren!","og_url":"https:\/\/www.apfelpatient.de\/en\/rumors\/iphone-15-relies-on-esim-models-in-the-eu","og_site_name":"Apfelpatient","article_publisher":"https:\/\/www.facebook.com\/apfelpatientOfficial","article_author":"https:\/\/www.facebook.com\/apfelpatientOfficial","article_published_time":"2023-03-27T16:01:44+00:00","article_modified_time":"2023-03-27T16:01:45+00:00","og_image":[{"width":1600,"height":951,"url":"https:\/\/www.apfelpatient.de\/wp-content\/uploads\/2023\/03\/bigstock-Paris-France-Sep-471752361.jpg","type":"image\/jpeg"}],"author":"Milan","twitter_card":"summary_large_image","twitter_description":"Revolution\u00e4rer Wechsel auf eSIM-Technologie: Das iPhone 15 ohne SIM-Kartensteckplatz in der EU? Jetzt informieren!","twitter_misc":{"Written by":"Milan","Est. reading time":"2 minutes"},"schema":{"@context":"https:\/\/schema.org","@graph":[{"@type":"NewsArticle","@id":"https:\/\/www.apfelpatient.de\/rumors\/iphone-15-setzt-apple-auf-esim-modelle-in-der-eu#article","isPartOf":{"@id":"https:\/\/www.apfelpatient.de\/rumors\/iphone-15-setzt-apple-auf-esim-modelle-in-der-eu"},"author":{"@type":"Organization","@id":"https:\/\/www.apfelpatient.de\/en\/#organization","name":"Apfelpatient","url":"https:\/\/www.apfelpatient.de\/en\/"},"headline":"iPhone 15: Setzt Apple auf eSim-Modelle in der EU?","datePublished":"2023-03-27T16:01:44+00:00","dateModified":"2023-03-27T16:01:45+00:00","mainEntityOfPage":{"@id":"https:\/\/www.apfelpatient.de\/rumors\/iphone-15-setzt-apple-auf-esim-modelle-in-der-eu"},"wordCount":318,"publisher":{"@type":"Organization","@id":"https:\/\/www.apfelpatient.de\/en\/#organization","name":"Apfelpatient","url":"https:\/\/www.apfelpatient.de\/en\/"},"image":{"@id":"https:\/\/www.apfelpatient.de\/rumors\/iphone-15-setzt-apple-auf-esim-modelle-in-der-eu#primaryimage"},"thumbnailUrl":"https:\/\/www.apfelpatient.de\/wp-content\/uploads\/2023\/03\/bigstock-Paris-France-Sep-471752361.jpg","keywords":["iPhone","iPhone 15","iPhone 2023"],"articleSection":"Rumors","inLanguage":"en-US","copyrightYear":"2023","copyrightHolder":{"@id":"https:\/\/www.apfelpatient.de\/en\/#organization"}},{"@type":"WebPage","@id":"https:\/\/www.apfelpatient.de\/rumors\/iphone-15-setzt-apple-auf-esim-modelle-in-der-eu","url":"https:\/\/www.apfelpatient.de\/rumors\/iphone-15-setzt-apple-auf-esim-modelle-in-der-eu","name":"iPhone 15: Is Apple relying on eSim models in the EU? Apfelpatient","isPartOf":{"@id":"https:\/\/www.apfelpatient.de\/#website"},"primaryImageOfPage":{"@id":"https:\/\/www.apfelpatient.de\/rumors\/iphone-15-setzt-apple-auf-esim-modelle-in-der-eu#primaryimage"},"image":{"@id":"https:\/\/www.apfelpatient.de\/rumors\/iphone-15-setzt-apple-auf-esim-modelle-in-der-eu#primaryimage"},"thumbnailUrl":"https:\/\/www.apfelpatient.de\/wp-content\/uploads\/2023\/03\/bigstock-Paris-France-Sep-471752361.jpg","datePublished":"2023-03-27T16:01:44+00:00","dateModified":"2023-03-27T16:01:45+00:00","description":"Revolutionary switch to eSIM technology: The iPhone 15 without a SIM card slot in the EU? Find out now!","breadcrumb":{"@id":"https:\/\/www.apfelpatient.de\/rumors\/iphone-15-setzt-apple-auf-esim-modelle-in-der-eu#breadcrumb"},"inLanguage":"en-US","potentialAction":[{"@type":"ReadAction","target":["https:\/\/www.apfelpatient.de\/rumors\/iphone-15-setzt-apple-auf-esim-modelle-in-der-eu"]}]},{"@type":"ImageObject","inLanguage":"en-US","@id":"https:\/\/www.apfelpatient.de\/rumors\/iphone-15-setzt-apple-auf-esim-modelle-in-der-eu#primaryimage","url":"https:\/\/www.apfelpatient.de\/wp-content\/uploads\/2023\/03\/bigstock-Paris-France-Sep-471752361.jpg","contentUrl":"https:\/\/www.apfelpatient.de\/wp-content\/uploads\/2023\/03\/bigstock-Paris-France-Sep-471752361.jpg","width":1600,"height":951,"caption":"Paris, France - Sep 17, 2022: Set up mobile service skip esim setup message on the new iPhone 13 14 15 Pro during unboxing and first setup"},{"@type":"BreadcrumbList","@id":"https:\/\/www.apfelpatient.de\/rumors\/iphone-15-setzt-apple-auf-esim-modelle-in-der-eu#breadcrumb","itemListElement":[{"@type":"ListItem","position":1,"name":"Startseite","item":"https:\/\/www.apfelpatient.de\/"},{"@type":"ListItem","position":2,"name":"iPhone 15: Setzt Apple auf eSim-Modelle in der EU?"}]},{"@type":"WebSite","@id":"https:\/\/www.apfelpatient.de\/#website","url":"https:\/\/www.apfelpatient.de\/","name":"apple patient","description":"Everything about Apple!","publisher":{"@type":"Organization","@id":"https:\/\/www.apfelpatient.de\/en\/#organization","name":"Apfelpatient","url":"https:\/\/www.apfelpatient.de\/en\/"},"alternateName":"Apfelpatient","potentialAction":[{"@type":"SearchAction","target":{"@type":"EntryPoint","urlTemplate":"https:\/\/www.apfelpatient.de\/?s={search_term_string}"},"query-input":{"@type":"PropertyValueSpecification","valueRequired":true,"valueName":"search_term_string"}}],"inLanguage":"en-US"},{"@type":["Person","Organization"],"@id":"https:\/\/www.apfelpatient.de\/#\/schema\/person\/7dc56ad6c8e9824b76d2c08d4c140e13","name":"Milan","logo":{"@id":"https:\/\/www.apfelpatient.de\/#\/schema\/person\/image\/"},"description":"Hello and welcome to my technology blog! As a big Apple fan, I report on everything to do with Apple: from the latest news and exciting rumors to helpful tips and tricks and detailed product tests. If you are as enthusiastic about technology as I am, you have come to the right place!","sameAs":["https:\/\/www.facebook.com\/apfelpatientOfficial","https:\/\/www.linkedin.com\/in\/milan-jovicic-42aa0231b"],"url":"https:\/\/www.apfelpatient.de\/en\/author\/apfeladmin"}]}},"_links":{"self":[{"href":"https:\/\/www.apfelpatient.de\/en\/wp-json\/wp\/v2\/posts\/38151","targetHints":{"allow":["GET"]}}],"collection":[{"href":"https:\/\/www.apfelpatient.de\/en\/wp-json\/wp\/v2\/posts"}],"about":[{"href":"https:\/\/www.apfelpatient.de\/en\/wp-json\/wp\/v2\/types\/post"}],"author":[{"embeddable":true,"href":"https:\/\/www.apfelpatient.de\/en\/wp-json\/wp\/v2\/users\/2"}],"replies":[{"embeddable":true,"href":"https:\/\/www.apfelpatient.de\/en\/wp-json\/wp\/v2\/comments?post=38151"}],"version-history":[{"count":0,"href":"https:\/\/www.apfelpatient.de\/en\/wp-json\/wp\/v2\/posts\/38151\/revisions"}],"wp:featuredmedia":[{"embeddable":true,"href":"https:\/\/www.apfelpatient.de\/en\/wp-json\/wp\/v2\/media\/38150"}],"wp:attachment":[{"href":"https:\/\/www.apfelpatient.de\/en\/wp-json\/wp\/v2\/media?parent=38151"}],"wp:term":[{"taxonomy":"category","embeddable":true,"href":"https:\/\/www.apfelpatient.de\/en\/wp-json\/wp\/v2\/categories?post=38151"},{"taxonomy":"post_tag","embeddable":true,"href":"https:\/\/www.apfelpatient.de\/en\/wp-json\/wp\/v2\/tags?post=38151"}],"curies":[{"name":"wp","href":"https:\/\/api.w.org\/{rel}","templated":true}]}}