{"id":38095,"date":"2023-03-24T16:18:21","date_gmt":"2023-03-24T15:18:21","guid":{"rendered":"https:\/\/www.apfelpatient.de\/?p=38095"},"modified":"2023-03-24T16:18:22","modified_gmt":"2023-03-24T15:18:22","slug":"usb-c-instead-of-lightning-apple-plans-airpods-pro-2-upgrade","status":"publish","type":"post","link":"https:\/\/www.apfelpatient.de\/en\/rumors\/usb-c-statt-lightning-apple-plant-airpods-pro-2-upgrade","title":{"rendered":"USB-C instead of Lightning: Apple is planning an AirPods Pro 2 upgrade"},"content":{"rendered":"<p class=\"has-drop-cap\"><strong>Earlier this week, Apple released the final beta version of iOS 16.4 for developers and users of the public beta version. In the update, Apple added references to the new Beats Studio+ headphones and the new AirPods.<\/strong><\/p>\n\n\n\n<p>Now the well-known Apple analyst Ming-Chi Kuo has spoken out <a href=\"https:\/\/twitter.com\/mingchikuo\/status\/1639249902483173376?s=20\" target=\"_blank\" rel=\"noreferrer noopener\">reported<\/a>. In his opinion, the new AirPods referenced in this update are likely the USB-C version of the AirPods Pro 2. In a post on Twitter today, Kuo explained the clues in iOS 16.4:<\/p>\n\n\n\n<blockquote class=\"wp-block-quote is-layout-flow wp-block-quote-is-layout-flow\">\n<p>I think it&#039;s probably the USB-C version of the AirPods Pro 2, which is expected to start shipping in mass quantities in Q2 or Q3. By the way, Apple doesn&#039;t seem to have any plans for USB-C versions of the AirPods 2 &amp; 3 at the moment.<\/p>\n<\/blockquote>\n\n\n\n<p>The AirPods, which iOS 16.4 <a href=\"https:\/\/www.apfelpatient.de\/en\/news\/ios-16-4-update-hints-at-new-airpods\">refers<\/a>, have the model number A3048 and the case model number A2968. In response to Kuo&#039;s tweet, some are wondering why, in addition to the new case model number, there is also a new model number for the AirPods themselves. As already extensively reported, Apple plans to switch the iPhone 15 series to USB-C in the fall.<\/p>\n\n\n\n<h3 class=\"wp-block-heading\" id=\"h-airpods-pro-2-apple-bereitet-die-umstellung-auf-usb-c-vor\">AirPods Pro 2: Apple prepares to switch to USB-C<\/h3>\n\n\n\n\n\n\n\n<p>In this context, the company will also likely switch most - but apparently not all - accessories to USB-C. This is not the first time Kuo has reported that future versions of the AirPods will use USB-C for charging. Last year, Kuo said that in addition to the iPhone, Apple&#039;s AirPods and other accessories will also switch to USB-C. This includes accessories such as the Magic Keyboard, Magic Trackpad and Magic Mouse for the Mac, as well as the MagSafe Battery Pack for the iPhone. Apple&#039;s decision to equip its products with USB-C is partly due to new legislation in the European Union. According to the regulations, companies have until December 28, 2024 to meet the requirements. The AirPods Pro are expected to be the first to switch to USB-C, with the AirPods 2 and AirPods 3 following later. (Image: Apple)<\/p>\n\n\n\n<ul class=\"wp-block-list\">\n<li><a href=\"https:\/\/www.apfelpatient.de\/en\/tips-tricks\/airpods-pro-2-this-is-how-the-precise-search-works\">AirPods Pro 2: How Precise Search works<\/a><\/li>\n<\/ul>\n\n\n\n<h6 class=\"wp-block-heading translation-block\" id=\"h-kennt-ihr-schon-unsere-amazon-storefront-dort-findet-ihr-eine-handverlesene-auswahl-von-diversen-produkten-f-r-euer-iphone-und-co-viel-spa-beim-st-bern\"><em>Have you already visited our Amazon Storefront? There you&#039;ll find a hand-picked selection of various products for your iPhone and other devices \u2013 <span class=\"has-inline-color has-vivid-red-color\"><a href=\"https:\/\/www.amazon.de\/shop\/apfelpatientofficial\" class=\"ek-link\" data-wpel-link=\"exclude\" rel=\"follow noopener\" target=\"_self\"><span style=\"text-decoration: underline\" class=\"ek-underline\">enjoy browsing<\/span><\/a> !<\/span><\/em><\/h6>\n\n\n\n<h6 class=\"wp-block-heading translation-block\" id=\"h-der-beitrag-enthalt-partnerlinks\">This post contains <a data-type=\"URL\" data-id=\"https:\/\/www.apfelpatient.de\/partnerprogramm\" href=\"https:\/\/www.apfelpatient.de\/en\/partner-program\" data-wpel-link=\"internal\" target=\"_self\">affiliate links<\/a>.<\/h6>","protected":false},"excerpt":{"rendered":"<p>Apple is planning the change: The AirPods Pro 2 will come with a USB-C port. Here you can find out what that means for you.<\/p>","protected":false},"author":2,"featured_media":33689,"comment_status":"closed","ping_status":"closed","sticky":false,"template":"","format":"standard","meta":{"jnews-multi-image_gallery":[],"jnews_single_post":{"subtitle":"","format":"standard","video":"","gallery":"","source_name":"","source_url":"","via_name":"","via_url":"","override":[{"single_blog_custom":"","sidebar":"","second_sidebar":"","share_position":"","share_float_style":"","post_date_format":"","post_date_format_custom":"","post_reading_time_wpm":"","zoom_button_out_step":"1","zoom_button_in_step":"1","number_popup_post":"1"}],"image_override":[{"single_post_thumbnail_size":"","single_post_gallery_size":""}],"trending_post_position":"","trending_post_label":"","sponsored_post_label":"","sponsored_post_name":"","sponsored_post_url":"","sponsored_post_logo":"","sponsored_post_desc":""},"jnews_primary_category":{"id":"25"},"footnotes":""},"categories":[25],"tags":[28],"class_list":["post-38095","post","type-post","status-publish","format-standard","has-post-thumbnail","hentry","category-rumors","tag-airpods"],"yoast_head":"<!-- This site is optimized with the Yoast SEO Premium plugin v27.5 (Yoast SEO v27.5) - https:\/\/yoast.com\/product\/yoast-seo-premium-wordpress\/ -->\n<title>USB-C statt Lightning: Apple plant AirPods Pro 2-Upgrade<\/title>\n<meta name=\"description\" content=\"Apple plant die Umstellung: Die AirPods Pro 2 kommen mit USB-C-Anschluss. Hier erf\u00e4hrst Du, was das f\u00fcr Dich bedeutet.\" \/>\n<meta name=\"robots\" content=\"index, follow, max-snippet:-1, max-image-preview:large, max-video-preview:-1\" \/>\n<link rel=\"canonical\" href=\"https:\/\/www.apfelpatient.de\/en\/rumors\/usb-c-instead-of-lightning-apple-plans-airpods-pro-2-upgrade\" \/>\n<meta property=\"og:locale\" content=\"en_US\" \/>\n<meta property=\"og:type\" content=\"article\" \/>\n<meta property=\"og:title\" content=\"USB-C statt Lightning: Apple plant AirPods Pro 2-Upgrade\" \/>\n<meta property=\"og:description\" content=\"Apple plant die Umstellung: Die AirPods Pro 2 kommen mit USB-C-Anschluss. Hier erf\u00e4hrst Du, was das f\u00fcr Dich bedeutet.\" \/>\n<meta property=\"og:url\" content=\"https:\/\/www.apfelpatient.de\/en\/rumors\/usb-c-instead-of-lightning-apple-plans-airpods-pro-2-upgrade\" \/>\n<meta property=\"og:site_name\" content=\"Apfelpatient\" \/>\n<meta property=\"article:publisher\" content=\"https:\/\/www.facebook.com\/apfelpatientOfficial\" \/>\n<meta property=\"article:author\" content=\"https:\/\/www.facebook.com\/apfelpatientOfficial\" \/>\n<meta property=\"article:published_time\" content=\"2023-03-24T15:18:21+00:00\" \/>\n<meta property=\"article:modified_time\" content=\"2023-03-24T15:18:22+00:00\" \/>\n<meta property=\"og:image\" content=\"https:\/\/www.apfelpatient.de\/wp-content\/uploads\/2022\/09\/Apple-AirPods-Pro-2nd-gen-H2-chip-220907.jpg\" \/>\n\t<meta property=\"og:image:width\" content=\"1600\" \/>\n\t<meta property=\"og:image:height\" content=\"900\" \/>\n\t<meta property=\"og:image:type\" content=\"image\/jpeg\" \/>\n<meta name=\"author\" content=\"Milan\" \/>\n<meta name=\"twitter:card\" content=\"summary_large_image\" \/>\n<meta name=\"twitter:description\" content=\"Apple plant die Umstellung: Die AirPods Pro 2 kommen mit USB-C-Anschluss. Hier erf\u00e4hrst Du, was das f\u00fcr Dich bedeutet.\" \/>\n<meta name=\"twitter:label1\" content=\"Written by\" \/>\n\t<meta name=\"twitter:data1\" content=\"Milan\" \/>\n\t<meta name=\"twitter:label2\" content=\"Est. reading time\" \/>\n\t<meta name=\"twitter:data2\" content=\"2 minutes\" \/>\n<script type=\"application\/ld+json\" class=\"yoast-schema-graph\">{\"@context\":\"https:\\\/\\\/schema.org\",\"@graph\":[{\"@type\":\"NewsArticle\",\"@id\":\"https:\\\/\\\/www.apfelpatient.de\\\/rumors\\\/usb-c-statt-lightning-apple-plant-airpods-pro-2-upgrade#article\",\"isPartOf\":{\"@id\":\"https:\\\/\\\/www.apfelpatient.de\\\/rumors\\\/usb-c-statt-lightning-apple-plant-airpods-pro-2-upgrade\"},\"author\":{\"@type\":\"Organization\",\"@id\":\"https:\\\/\\\/www.apfelpatient.de\\\/en\\\/#organization\",\"name\":\"Apfelpatient\",\"url\":\"https:\\\/\\\/www.apfelpatient.de\\\/en\\\/\"},\"headline\":\"USB-C statt Lightning: Apple plant AirPods Pro 2-Upgrade\",\"datePublished\":\"2023-03-24T15:18:21+00:00\",\"dateModified\":\"2023-03-24T15:18:22+00:00\",\"mainEntityOfPage\":{\"@id\":\"https:\\\/\\\/www.apfelpatient.de\\\/rumors\\\/usb-c-statt-lightning-apple-plant-airpods-pro-2-upgrade\"},\"wordCount\":355,\"publisher\":{\"@type\":\"Organization\",\"@id\":\"https:\\\/\\\/www.apfelpatient.de\\\/en\\\/#organization\",\"name\":\"Apfelpatient\",\"url\":\"https:\\\/\\\/www.apfelpatient.de\\\/en\\\/\"},\"image\":{\"@id\":\"https:\\\/\\\/www.apfelpatient.de\\\/rumors\\\/usb-c-statt-lightning-apple-plant-airpods-pro-2-upgrade#primaryimage\"},\"thumbnailUrl\":\"https:\\\/\\\/www.apfelpatient.de\\\/wp-content\\\/uploads\\\/2022\\\/09\\\/Apple-AirPods-Pro-2nd-gen-H2-chip-220907.jpg\",\"keywords\":[\"AirPods\"],\"articleSection\":\"Rumors\",\"inLanguage\":\"en-US\",\"copyrightYear\":\"2023\",\"copyrightHolder\":{\"@id\":\"https:\\\/\\\/www.apfelpatient.de\\\/en\\\/#organization\"}},{\"@type\":\"WebPage\",\"@id\":\"https:\\\/\\\/www.apfelpatient.de\\\/rumors\\\/usb-c-statt-lightning-apple-plant-airpods-pro-2-upgrade\",\"url\":\"https:\\\/\\\/www.apfelpatient.de\\\/rumors\\\/usb-c-statt-lightning-apple-plant-airpods-pro-2-upgrade\",\"name\":\"USB-C statt Lightning: Apple plant AirPods Pro 2-Upgrade\",\"isPartOf\":{\"@id\":\"https:\\\/\\\/www.apfelpatient.de\\\/#website\"},\"primaryImageOfPage\":{\"@id\":\"https:\\\/\\\/www.apfelpatient.de\\\/rumors\\\/usb-c-statt-lightning-apple-plant-airpods-pro-2-upgrade#primaryimage\"},\"image\":{\"@id\":\"https:\\\/\\\/www.apfelpatient.de\\\/rumors\\\/usb-c-statt-lightning-apple-plant-airpods-pro-2-upgrade#primaryimage\"},\"thumbnailUrl\":\"https:\\\/\\\/www.apfelpatient.de\\\/wp-content\\\/uploads\\\/2022\\\/09\\\/Apple-AirPods-Pro-2nd-gen-H2-chip-220907.jpg\",\"datePublished\":\"2023-03-24T15:18:21+00:00\",\"dateModified\":\"2023-03-24T15:18:22+00:00\",\"description\":\"Apple plant die Umstellung: Die AirPods Pro 2 kommen mit USB-C-Anschluss. Hier erf\u00e4hrst Du, was das f\u00fcr Dich bedeutet.\",\"breadcrumb\":{\"@id\":\"https:\\\/\\\/www.apfelpatient.de\\\/rumors\\\/usb-c-statt-lightning-apple-plant-airpods-pro-2-upgrade#breadcrumb\"},\"inLanguage\":\"en-US\",\"potentialAction\":[{\"@type\":\"ReadAction\",\"target\":[\"https:\\\/\\\/www.apfelpatient.de\\\/rumors\\\/usb-c-statt-lightning-apple-plant-airpods-pro-2-upgrade\"]}]},{\"@type\":\"ImageObject\",\"inLanguage\":\"en-US\",\"@id\":\"https:\\\/\\\/www.apfelpatient.de\\\/rumors\\\/usb-c-statt-lightning-apple-plant-airpods-pro-2-upgrade#primaryimage\",\"url\":\"https:\\\/\\\/www.apfelpatient.de\\\/wp-content\\\/uploads\\\/2022\\\/09\\\/Apple-AirPods-Pro-2nd-gen-H2-chip-220907.jpg\",\"contentUrl\":\"https:\\\/\\\/www.apfelpatient.de\\\/wp-content\\\/uploads\\\/2022\\\/09\\\/Apple-AirPods-Pro-2nd-gen-H2-chip-220907.jpg\",\"width\":1600,\"height\":900,\"caption\":\"Bild: Apple - AirPods Pro 2\"},{\"@type\":\"BreadcrumbList\",\"@id\":\"https:\\\/\\\/www.apfelpatient.de\\\/rumors\\\/usb-c-statt-lightning-apple-plant-airpods-pro-2-upgrade#breadcrumb\",\"itemListElement\":[{\"@type\":\"ListItem\",\"position\":1,\"name\":\"Startseite\",\"item\":\"https:\\\/\\\/www.apfelpatient.de\\\/\"},{\"@type\":\"ListItem\",\"position\":2,\"name\":\"USB-C statt Lightning: Apple plant AirPods Pro 2-Upgrade\"}]},{\"@type\":\"WebSite\",\"@id\":\"https:\\\/\\\/www.apfelpatient.de\\\/#website\",\"url\":\"https:\\\/\\\/www.apfelpatient.de\\\/\",\"name\":\"Apfelpatient\",\"description\":\"Alles rund um Apple!\",\"publisher\":{\"@type\":\"Organization\",\"@id\":\"https:\\\/\\\/www.apfelpatient.de\\\/en\\\/#organization\",\"name\":\"Apfelpatient\",\"url\":\"https:\\\/\\\/www.apfelpatient.de\\\/en\\\/\"},\"alternateName\":\"Apfelpatient\",\"potentialAction\":[{\"@type\":\"SearchAction\",\"target\":{\"@type\":\"EntryPoint\",\"urlTemplate\":\"https:\\\/\\\/www.apfelpatient.de\\\/?s={search_term_string}\"},\"query-input\":{\"@type\":\"PropertyValueSpecification\",\"valueRequired\":true,\"valueName\":\"search_term_string\"}}],\"inLanguage\":\"en-US\"},{\"@type\":[\"Person\",\"Organization\"],\"@id\":\"https:\\\/\\\/www.apfelpatient.de\\\/#\\\/schema\\\/person\\\/7dc56ad6c8e9824b76d2c08d4c140e13\",\"name\":\"Milan\",\"logo\":{\"@id\":\"https:\\\/\\\/www.apfelpatient.de\\\/#\\\/schema\\\/person\\\/image\\\/\"},\"description\":\"Hallo und herzlich willkommen auf meinem Technik-Blog! Als gro\u00dfer Apple-Fan berichte ich hier \u00fcber alles, was mit Apple zu tun hat: von den neuesten News und spannenden Ger\u00fcchten \u00fcber hilfreiche Tipps und Tricks bis hin zu ausf\u00fchrlichen Produkttests. Wenn du genauso technikbegeistert bist wie ich, bist du hier genau richtig!\",\"sameAs\":[\"https:\\\/\\\/www.facebook.com\\\/apfelpatientOfficial\",\"https:\\\/\\\/www.linkedin.com\\\/in\\\/milan-jovicic-42aa0231b\"],\"url\":\"https:\\\/\\\/www.apfelpatient.de\\\/en\\\/author\\\/apfeladmin\"}]}<\/script>\n<!-- \/ Yoast SEO Premium plugin. -->","yoast_head_json":{"title":"USB-C instead of Lightning: Apple is planning an AirPods Pro 2 upgrade","description":"Apple is planning the change: The AirPods Pro 2 will come with a USB-C port. Here you can find out what that means for you.","robots":{"index":"index","follow":"follow","max-snippet":"max-snippet:-1","max-image-preview":"max-image-preview:large","max-video-preview":"max-video-preview:-1"},"canonical":"https:\/\/www.apfelpatient.de\/en\/rumors\/usb-c-instead-of-lightning-apple-plans-airpods-pro-2-upgrade","og_locale":"en_US","og_type":"article","og_title":"USB-C statt Lightning: Apple plant AirPods Pro 2-Upgrade","og_description":"Apple plant die Umstellung: Die AirPods Pro 2 kommen mit USB-C-Anschluss. Hier erf\u00e4hrst Du, was das f\u00fcr Dich bedeutet.","og_url":"https:\/\/www.apfelpatient.de\/en\/rumors\/usb-c-instead-of-lightning-apple-plans-airpods-pro-2-upgrade","og_site_name":"Apfelpatient","article_publisher":"https:\/\/www.facebook.com\/apfelpatientOfficial","article_author":"https:\/\/www.facebook.com\/apfelpatientOfficial","article_published_time":"2023-03-24T15:18:21+00:00","article_modified_time":"2023-03-24T15:18:22+00:00","og_image":[{"width":1600,"height":900,"url":"https:\/\/www.apfelpatient.de\/wp-content\/uploads\/2022\/09\/Apple-AirPods-Pro-2nd-gen-H2-chip-220907.jpg","type":"image\/jpeg"}],"author":"Milan","twitter_card":"summary_large_image","twitter_description":"Apple plant die Umstellung: Die AirPods Pro 2 kommen mit USB-C-Anschluss. Hier erf\u00e4hrst Du, was das f\u00fcr Dich bedeutet.","twitter_misc":{"Written by":"Milan","Est. reading time":"2 minutes"},"schema":{"@context":"https:\/\/schema.org","@graph":[{"@type":"NewsArticle","@id":"https:\/\/www.apfelpatient.de\/rumors\/usb-c-statt-lightning-apple-plant-airpods-pro-2-upgrade#article","isPartOf":{"@id":"https:\/\/www.apfelpatient.de\/rumors\/usb-c-statt-lightning-apple-plant-airpods-pro-2-upgrade"},"author":{"@type":"Organization","@id":"https:\/\/www.apfelpatient.de\/en\/#organization","name":"Apfelpatient","url":"https:\/\/www.apfelpatient.de\/en\/"},"headline":"USB-C statt Lightning: Apple plant AirPods Pro 2-Upgrade","datePublished":"2023-03-24T15:18:21+00:00","dateModified":"2023-03-24T15:18:22+00:00","mainEntityOfPage":{"@id":"https:\/\/www.apfelpatient.de\/rumors\/usb-c-statt-lightning-apple-plant-airpods-pro-2-upgrade"},"wordCount":355,"publisher":{"@type":"Organization","@id":"https:\/\/www.apfelpatient.de\/en\/#organization","name":"Apfelpatient","url":"https:\/\/www.apfelpatient.de\/en\/"},"image":{"@id":"https:\/\/www.apfelpatient.de\/rumors\/usb-c-statt-lightning-apple-plant-airpods-pro-2-upgrade#primaryimage"},"thumbnailUrl":"https:\/\/www.apfelpatient.de\/wp-content\/uploads\/2022\/09\/Apple-AirPods-Pro-2nd-gen-H2-chip-220907.jpg","keywords":["AirPods"],"articleSection":"Rumors","inLanguage":"en-US","copyrightYear":"2023","copyrightHolder":{"@id":"https:\/\/www.apfelpatient.de\/en\/#organization"}},{"@type":"WebPage","@id":"https:\/\/www.apfelpatient.de\/rumors\/usb-c-statt-lightning-apple-plant-airpods-pro-2-upgrade","url":"https:\/\/www.apfelpatient.de\/rumors\/usb-c-statt-lightning-apple-plant-airpods-pro-2-upgrade","name":"USB-C instead of Lightning: Apple is planning an AirPods Pro 2 upgrade","isPartOf":{"@id":"https:\/\/www.apfelpatient.de\/#website"},"primaryImageOfPage":{"@id":"https:\/\/www.apfelpatient.de\/rumors\/usb-c-statt-lightning-apple-plant-airpods-pro-2-upgrade#primaryimage"},"image":{"@id":"https:\/\/www.apfelpatient.de\/rumors\/usb-c-statt-lightning-apple-plant-airpods-pro-2-upgrade#primaryimage"},"thumbnailUrl":"https:\/\/www.apfelpatient.de\/wp-content\/uploads\/2022\/09\/Apple-AirPods-Pro-2nd-gen-H2-chip-220907.jpg","datePublished":"2023-03-24T15:18:21+00:00","dateModified":"2023-03-24T15:18:22+00:00","description":"Apple is planning the change: The AirPods Pro 2 will come with a USB-C port. Here you can find out what that means for you.","breadcrumb":{"@id":"https:\/\/www.apfelpatient.de\/rumors\/usb-c-statt-lightning-apple-plant-airpods-pro-2-upgrade#breadcrumb"},"inLanguage":"en-US","potentialAction":[{"@type":"ReadAction","target":["https:\/\/www.apfelpatient.de\/rumors\/usb-c-statt-lightning-apple-plant-airpods-pro-2-upgrade"]}]},{"@type":"ImageObject","inLanguage":"en-US","@id":"https:\/\/www.apfelpatient.de\/rumors\/usb-c-statt-lightning-apple-plant-airpods-pro-2-upgrade#primaryimage","url":"https:\/\/www.apfelpatient.de\/wp-content\/uploads\/2022\/09\/Apple-AirPods-Pro-2nd-gen-H2-chip-220907.jpg","contentUrl":"https:\/\/www.apfelpatient.de\/wp-content\/uploads\/2022\/09\/Apple-AirPods-Pro-2nd-gen-H2-chip-220907.jpg","width":1600,"height":900,"caption":"Bild: Apple - AirPods Pro 2"},{"@type":"BreadcrumbList","@id":"https:\/\/www.apfelpatient.de\/rumors\/usb-c-statt-lightning-apple-plant-airpods-pro-2-upgrade#breadcrumb","itemListElement":[{"@type":"ListItem","position":1,"name":"Startseite","item":"https:\/\/www.apfelpatient.de\/"},{"@type":"ListItem","position":2,"name":"USB-C statt Lightning: Apple plant AirPods Pro 2-Upgrade"}]},{"@type":"WebSite","@id":"https:\/\/www.apfelpatient.de\/#website","url":"https:\/\/www.apfelpatient.de\/","name":"apple patient","description":"Everything about Apple!","publisher":{"@type":"Organization","@id":"https:\/\/www.apfelpatient.de\/en\/#organization","name":"Apfelpatient","url":"https:\/\/www.apfelpatient.de\/en\/"},"alternateName":"Apfelpatient","potentialAction":[{"@type":"SearchAction","target":{"@type":"EntryPoint","urlTemplate":"https:\/\/www.apfelpatient.de\/?s={search_term_string}"},"query-input":{"@type":"PropertyValueSpecification","valueRequired":true,"valueName":"search_term_string"}}],"inLanguage":"en-US"},{"@type":["Person","Organization"],"@id":"https:\/\/www.apfelpatient.de\/#\/schema\/person\/7dc56ad6c8e9824b76d2c08d4c140e13","name":"Milan","logo":{"@id":"https:\/\/www.apfelpatient.de\/#\/schema\/person\/image\/"},"description":"Hello and welcome to my technology blog! As a big Apple fan, I report on everything to do with Apple: from the latest news and exciting rumors to helpful tips and tricks and detailed product tests. If you are as enthusiastic about technology as I am, you have come to the right place!","sameAs":["https:\/\/www.facebook.com\/apfelpatientOfficial","https:\/\/www.linkedin.com\/in\/milan-jovicic-42aa0231b"],"url":"https:\/\/www.apfelpatient.de\/en\/author\/apfeladmin"}]}},"_links":{"self":[{"href":"https:\/\/www.apfelpatient.de\/en\/wp-json\/wp\/v2\/posts\/38095","targetHints":{"allow":["GET"]}}],"collection":[{"href":"https:\/\/www.apfelpatient.de\/en\/wp-json\/wp\/v2\/posts"}],"about":[{"href":"https:\/\/www.apfelpatient.de\/en\/wp-json\/wp\/v2\/types\/post"}],"author":[{"embeddable":true,"href":"https:\/\/www.apfelpatient.de\/en\/wp-json\/wp\/v2\/users\/2"}],"replies":[{"embeddable":true,"href":"https:\/\/www.apfelpatient.de\/en\/wp-json\/wp\/v2\/comments?post=38095"}],"version-history":[{"count":0,"href":"https:\/\/www.apfelpatient.de\/en\/wp-json\/wp\/v2\/posts\/38095\/revisions"}],"wp:featuredmedia":[{"embeddable":true,"href":"https:\/\/www.apfelpatient.de\/en\/wp-json\/wp\/v2\/media\/33689"}],"wp:attachment":[{"href":"https:\/\/www.apfelpatient.de\/en\/wp-json\/wp\/v2\/media?parent=38095"}],"wp:term":[{"taxonomy":"category","embeddable":true,"href":"https:\/\/www.apfelpatient.de\/en\/wp-json\/wp\/v2\/categories?post=38095"},{"taxonomy":"post_tag","embeddable":true,"href":"https:\/\/www.apfelpatient.de\/en\/wp-json\/wp\/v2\/tags?post=38095"}],"curies":[{"name":"wp","href":"https:\/\/api.w.org\/{rel}","templated":true}]}}