{"id":37764,"date":"2023-03-13T17:30:03","date_gmt":"2023-03-13T16:30:03","guid":{"rendered":"https:\/\/www.apfelpatient.de\/?p=37764"},"modified":"2025-10-14T16:01:57","modified_gmt":"2025-10-14T14:01:57","slug":"the-boy-the-mole-the-fox-and-the-horse-apple-wins-oscar","status":"publish","type":"post","link":"https:\/\/www.apfelpatient.de\/en\/news\/the-boy-the-mole-the-fox-and-the-horse-apple-gewinnt-oscar","title":{"rendered":"The Boy, the Mole, the Fox and the Horse: Apple wins Oscar"},"content":{"rendered":"<p class=\"has-drop-cap\"><strong>Apple and the BBC have won an Oscar for Animated Short Film for \u201cThe Boy, the Mole, the Fox and the Horse,\u201d a magical fable from writer and artist Charlie Mackesy.<\/strong><\/p>\n\n\n\n<p>The film, which won awards at the 95th Academy Awards over the weekend, tells the story of the dreamlike friendship between a boy, a mole, a fox and a horse who are searching for their home together. The film stars Tom Hollander as the mole, Idris Elba as the fox, Gabriel Byrne as the horse and Jude Coward Nicoll as the boy. Apple Original Films acquired the production last year, which aired on Apple TV+ and the BBC at Christmas 2022. Tim Cook, CEO of Apple, congratulated the team involved in the production of &quot;The Boy, the Mole, the Fox and the Horse&quot; in a tweet and <a href=\"https:\/\/twitter.com\/tim_cook\/status\/1635103856744091648?s=20\" target=\"_blank\" rel=\"noreferrer noopener\">added<\/a> added:<\/p>\n\n\n\n<h3 class=\"wp-block-heading\" id=\"h-oscar-verleihung-apple-hat-bereits-2022-abgeraumt\">Oscars: Apple has already won in 2022<\/h3>\n\n\n\n\n\n\n\n<blockquote class=\"wp-block-quote is-layout-flow wp-block-quote-is-layout-flow\">\n<p>Congratulations to the team of The Boy, the Mole, the Fox and the Horse on their Oscar win! Your beautiful short film tells a powerful story about the importance of kindness, acceptance and hope.<\/p>\n<\/blockquote>\n\n\n\n<p>The Oscar is Apple&#039;s first for an animated short film. It was Apple&#039;s only win at this year&#039;s Oscars. Apple received another nomination for Brian Tyree Henry for supporting actor in the Apple TV+ drama &quot;Causeway&quot;. At the 2022 Oscars, Apple became the first streaming service to win the award for best picture for &quot;CODA&quot;, in addition to awards for Troy Kotsur for supporting actor and director Si\u00e2n Seder for the adapted screenplay. (Image: Apple)<\/p>\n\n\n\n<ul class=\"wp-block-list\">\n<li><a href=\"https:\/\/www.apfelpatient.de\/en\/news\/apple-music-classical-can-now-be-pre-ordered-in-the-app-store\">Apple Music Classical can now be pre-ordered in the App Store<\/a><\/li>\n<\/ul>\n\n\n\n<h6 class=\"wp-block-heading translation-block\" id=\"h-kennt-ihr-schon-unsere-amazon-storefront-dort-findet-ihr-eine-handverlesene-auswahl-von-diversen-produkten-f-r-euer-iphone-und-co-viel-spa-beim-st-bern\"><em>Have you already visited our Amazon Storefront? There you&#039;ll find a hand-picked selection of various products for your iPhone and other devices \u2013 <span class=\"has-inline-color has-vivid-red-color\"><a href=\"https:\/\/www.amazon.de\/shop\/apfelpatientofficial\" class=\"ek-link\" data-wpel-link=\"exclude\" rel=\"follow noopener\" target=\"_self\"><span style=\"text-decoration: underline\" class=\"ek-underline\">enjoy browsing<\/span><\/a> !<\/span><\/em><\/h6>\n\n\n\n<h6 class=\"wp-block-heading translation-block\" id=\"h-der-beitrag-enthalt-partnerlinks\">This post contains <a data-type=\"URL\" data-id=\"https:\/\/www.apfelpatient.de\/partnerprogramm\" href=\"https:\/\/www.apfelpatient.de\/en\/partner-program\" data-wpel-link=\"internal\" target=\"_self\">affiliate links<\/a>.<\/h6>","protected":false},"excerpt":{"rendered":"<p>\u201cThe Boy, the Mole, the Fox and the Horse\u201d: A lasting story of friendship and hope \u2013 Apple\u2019s Oscar winner.<\/p>","protected":false},"author":2,"featured_media":37765,"comment_status":"closed","ping_status":"closed","sticky":false,"template":"","format":"standard","meta":{"jnews-multi-image_gallery":[],"jnews_single_post":{"subtitle":"","format":"standard","video":"","gallery":"","source_name":"","source_url":"","via_name":"","via_url":"","override":[{"single_blog_custom":"","sidebar":"","second_sidebar":"","share_position":"","share_float_style":"","post_date_format":"","post_date_format_custom":"","post_reading_time_wpm":"","zoom_button_out_step":"1","zoom_button_in_step":"1","number_popup_post":"1"}],"image_override":[{"single_post_thumbnail_size":"","single_post_gallery_size":""}],"trending_post_position":"","trending_post_label":"","sponsored_post_label":"","sponsored_post_name":"","sponsored_post_url":"","sponsored_post_logo":"","sponsored_post_desc":""},"jnews_primary_category":{"id":"9"},"footnotes":""},"categories":[9],"tags":[34,156,248],"class_list":["post-37764","post","type-post","status-publish","format-standard","has-post-thumbnail","hentry","category-news","tag-apple-dienste","tag-apple-tv","tag-apple-tv-plus"],"yoast_head":"<!-- This site is optimized with the Yoast SEO Premium plugin v27.5 (Yoast SEO v27.5) - https:\/\/yoast.com\/product\/yoast-seo-premium-wordpress\/ -->\n<title>The Boy, the Mole, the Fox and the Horse: Apple gewinnt Oscar<\/title>\n<meta name=\"description\" content=\"&quot;The Boy, the Mole, the Fox and the Horse&quot;: Eine nachhaltige Geschichte \u00fcber Freundschaft und Hoffnung - der Oscar-Gewinner von Apple.\" \/>\n<meta name=\"robots\" content=\"index, follow, max-snippet:-1, max-image-preview:large, max-video-preview:-1\" \/>\n<link rel=\"canonical\" href=\"https:\/\/www.apfelpatient.de\/en\/news\/the-boy-the-mole-the-fox-and-the-horse-apple-wins-oscar\" \/>\n<meta property=\"og:locale\" content=\"en_US\" \/>\n<meta property=\"og:type\" content=\"article\" \/>\n<meta property=\"og:title\" content=\"The Boy, the Mole, the Fox and the Horse: Apple gewinnt Oscar\" \/>\n<meta property=\"og:description\" content=\"&quot;The Boy, the Mole, the Fox and the Horse&quot;: Eine nachhaltige Geschichte \u00fcber Freundschaft und Hoffnung - der Oscar-Gewinner von Apple.\" \/>\n<meta property=\"og:url\" content=\"https:\/\/www.apfelpatient.de\/en\/news\/the-boy-the-mole-the-fox-and-the-horse-apple-wins-oscar\" \/>\n<meta property=\"og:site_name\" content=\"Apfelpatient\" \/>\n<meta property=\"article:publisher\" content=\"https:\/\/www.facebook.com\/apfelpatientOfficial\" \/>\n<meta property=\"article:author\" content=\"https:\/\/www.facebook.com\/apfelpatientOfficial\" \/>\n<meta property=\"article:published_time\" content=\"2023-03-13T16:30:03+00:00\" \/>\n<meta property=\"article:modified_time\" content=\"2025-10-14T14:01:57+00:00\" \/>\n<meta property=\"og:image\" content=\"https:\/\/www.apfelpatient.de\/wp-content\/uploads\/2023\/03\/The_Boy_The_Mole_The_Fox_The_Horse_Photo_19.jpg\" \/>\n\t<meta property=\"og:image:width\" content=\"1600\" \/>\n\t<meta property=\"og:image:height\" content=\"900\" \/>\n\t<meta property=\"og:image:type\" content=\"image\/jpeg\" \/>\n<meta name=\"author\" content=\"Milan\" \/>\n<meta name=\"twitter:card\" content=\"summary_large_image\" \/>\n<meta name=\"twitter:description\" content=\"&quot;The Boy, the Mole, the Fox and the Horse&quot;: Eine nachhaltige Geschichte \u00fcber Freundschaft und Hoffnung - der Oscar-Gewinner von Apple.\" \/>\n<meta name=\"twitter:label1\" content=\"Written by\" \/>\n\t<meta name=\"twitter:data1\" content=\"Milan\" \/>\n\t<meta name=\"twitter:label2\" content=\"Est. reading time\" \/>\n\t<meta name=\"twitter:data2\" content=\"2 minutes\" \/>\n<script type=\"application\/ld+json\" class=\"yoast-schema-graph\">{\"@context\":\"https:\\\/\\\/schema.org\",\"@graph\":[{\"@type\":\"NewsArticle\",\"@id\":\"https:\\\/\\\/www.apfelpatient.de\\\/news\\\/the-boy-the-mole-the-fox-and-the-horse-apple-gewinnt-oscar#article\",\"isPartOf\":{\"@id\":\"https:\\\/\\\/www.apfelpatient.de\\\/news\\\/the-boy-the-mole-the-fox-and-the-horse-apple-gewinnt-oscar\"},\"author\":{\"@type\":\"Organization\",\"@id\":\"https:\\\/\\\/www.apfelpatient.de\\\/en\\\/#organization\",\"name\":\"Apfelpatient\",\"url\":\"https:\\\/\\\/www.apfelpatient.de\\\/en\\\/\"},\"headline\":\"The Boy, the Mole, the Fox and the Horse: Apple gewinnt Oscar\",\"datePublished\":\"2023-03-13T16:30:03+00:00\",\"dateModified\":\"2025-10-14T14:01:57+00:00\",\"mainEntityOfPage\":{\"@id\":\"https:\\\/\\\/www.apfelpatient.de\\\/news\\\/the-boy-the-mole-the-fox-and-the-horse-apple-gewinnt-oscar\"},\"wordCount\":301,\"publisher\":{\"@type\":\"Organization\",\"@id\":\"https:\\\/\\\/www.apfelpatient.de\\\/en\\\/#organization\",\"name\":\"Apfelpatient\",\"url\":\"https:\\\/\\\/www.apfelpatient.de\\\/en\\\/\"},\"image\":{\"@id\":\"https:\\\/\\\/www.apfelpatient.de\\\/news\\\/the-boy-the-mole-the-fox-and-the-horse-apple-gewinnt-oscar#primaryimage\"},\"thumbnailUrl\":\"https:\\\/\\\/www.apfelpatient.de\\\/wp-content\\\/uploads\\\/2023\\\/03\\\/The_Boy_The_Mole_The_Fox_The_Horse_Photo_19.jpg\",\"keywords\":[\"Apple Dienste\",\"Apple TV\",\"Apple TV Plus\"],\"articleSection\":\"News\",\"inLanguage\":\"en-US\",\"copyrightYear\":\"2023\",\"copyrightHolder\":{\"@id\":\"https:\\\/\\\/www.apfelpatient.de\\\/en\\\/#organization\"}},{\"@type\":\"WebPage\",\"@id\":\"https:\\\/\\\/www.apfelpatient.de\\\/news\\\/the-boy-the-mole-the-fox-and-the-horse-apple-gewinnt-oscar\",\"url\":\"https:\\\/\\\/www.apfelpatient.de\\\/news\\\/the-boy-the-mole-the-fox-and-the-horse-apple-gewinnt-oscar\",\"name\":\"The Boy, the Mole, the Fox and the Horse: Apple gewinnt Oscar\",\"isPartOf\":{\"@id\":\"https:\\\/\\\/www.apfelpatient.de\\\/#website\"},\"primaryImageOfPage\":{\"@id\":\"https:\\\/\\\/www.apfelpatient.de\\\/news\\\/the-boy-the-mole-the-fox-and-the-horse-apple-gewinnt-oscar#primaryimage\"},\"image\":{\"@id\":\"https:\\\/\\\/www.apfelpatient.de\\\/news\\\/the-boy-the-mole-the-fox-and-the-horse-apple-gewinnt-oscar#primaryimage\"},\"thumbnailUrl\":\"https:\\\/\\\/www.apfelpatient.de\\\/wp-content\\\/uploads\\\/2023\\\/03\\\/The_Boy_The_Mole_The_Fox_The_Horse_Photo_19.jpg\",\"datePublished\":\"2023-03-13T16:30:03+00:00\",\"dateModified\":\"2025-10-14T14:01:57+00:00\",\"description\":\"\\\"The Boy, the Mole, the Fox and the Horse\\\": Eine nachhaltige Geschichte \u00fcber Freundschaft und Hoffnung - der Oscar-Gewinner von Apple.\",\"breadcrumb\":{\"@id\":\"https:\\\/\\\/www.apfelpatient.de\\\/news\\\/the-boy-the-mole-the-fox-and-the-horse-apple-gewinnt-oscar#breadcrumb\"},\"inLanguage\":\"en-US\",\"potentialAction\":[{\"@type\":\"ReadAction\",\"target\":[\"https:\\\/\\\/www.apfelpatient.de\\\/news\\\/the-boy-the-mole-the-fox-and-the-horse-apple-gewinnt-oscar\"]}]},{\"@type\":\"ImageObject\",\"inLanguage\":\"en-US\",\"@id\":\"https:\\\/\\\/www.apfelpatient.de\\\/news\\\/the-boy-the-mole-the-fox-and-the-horse-apple-gewinnt-oscar#primaryimage\",\"url\":\"https:\\\/\\\/www.apfelpatient.de\\\/wp-content\\\/uploads\\\/2023\\\/03\\\/The_Boy_The_Mole_The_Fox_The_Horse_Photo_19.jpg\",\"contentUrl\":\"https:\\\/\\\/www.apfelpatient.de\\\/wp-content\\\/uploads\\\/2023\\\/03\\\/The_Boy_The_Mole_The_Fox_The_Horse_Photo_19.jpg\",\"width\":1600,\"height\":900,\"caption\":\"Bild: Apple\"},{\"@type\":\"BreadcrumbList\",\"@id\":\"https:\\\/\\\/www.apfelpatient.de\\\/news\\\/the-boy-the-mole-the-fox-and-the-horse-apple-gewinnt-oscar#breadcrumb\",\"itemListElement\":[{\"@type\":\"ListItem\",\"position\":1,\"name\":\"Startseite\",\"item\":\"https:\\\/\\\/www.apfelpatient.de\\\/\"},{\"@type\":\"ListItem\",\"position\":2,\"name\":\"The Boy, the Mole, the Fox and the Horse: Apple gewinnt Oscar\"}]},{\"@type\":\"WebSite\",\"@id\":\"https:\\\/\\\/www.apfelpatient.de\\\/#website\",\"url\":\"https:\\\/\\\/www.apfelpatient.de\\\/\",\"name\":\"Apfelpatient\",\"description\":\"Alles rund um Apple!\",\"publisher\":{\"@type\":\"Organization\",\"@id\":\"https:\\\/\\\/www.apfelpatient.de\\\/en\\\/#organization\",\"name\":\"Apfelpatient\",\"url\":\"https:\\\/\\\/www.apfelpatient.de\\\/en\\\/\"},\"alternateName\":\"Apfelpatient\",\"potentialAction\":[{\"@type\":\"SearchAction\",\"target\":{\"@type\":\"EntryPoint\",\"urlTemplate\":\"https:\\\/\\\/www.apfelpatient.de\\\/?s={search_term_string}\"},\"query-input\":{\"@type\":\"PropertyValueSpecification\",\"valueRequired\":true,\"valueName\":\"search_term_string\"}}],\"inLanguage\":\"en-US\"},{\"@type\":[\"Person\",\"Organization\"],\"@id\":\"https:\\\/\\\/www.apfelpatient.de\\\/#\\\/schema\\\/person\\\/7dc56ad6c8e9824b76d2c08d4c140e13\",\"name\":\"Milan\",\"logo\":{\"@id\":\"https:\\\/\\\/www.apfelpatient.de\\\/#\\\/schema\\\/person\\\/image\\\/\"},\"description\":\"Hallo und herzlich willkommen auf meinem Technik-Blog! Als gro\u00dfer Apple-Fan berichte ich hier \u00fcber alles, was mit Apple zu tun hat: von den neuesten News und spannenden Ger\u00fcchten \u00fcber hilfreiche Tipps und Tricks bis hin zu ausf\u00fchrlichen Produkttests. Wenn du genauso technikbegeistert bist wie ich, bist du hier genau richtig!\",\"sameAs\":[\"https:\\\/\\\/www.facebook.com\\\/apfelpatientOfficial\",\"https:\\\/\\\/www.linkedin.com\\\/in\\\/milan-jovicic-42aa0231b\"],\"url\":\"https:\\\/\\\/www.apfelpatient.de\\\/en\\\/author\\\/apfeladmin\"}]}<\/script>\n<!-- \/ Yoast SEO Premium plugin. -->","yoast_head_json":{"title":"The Boy, the Mole, the Fox and the Horse: Apple wins Oscar","description":"&quot;The Boy, the Mole, the Fox and the Horse&quot;: A lasting story about friendship and hope - the Oscar winner from Apple.","robots":{"index":"index","follow":"follow","max-snippet":"max-snippet:-1","max-image-preview":"max-image-preview:large","max-video-preview":"max-video-preview:-1"},"canonical":"https:\/\/www.apfelpatient.de\/en\/news\/the-boy-the-mole-the-fox-and-the-horse-apple-wins-oscar","og_locale":"en_US","og_type":"article","og_title":"The Boy, the Mole, the Fox and the Horse: Apple gewinnt Oscar","og_description":"\"The Boy, the Mole, the Fox and the Horse\": Eine nachhaltige Geschichte \u00fcber Freundschaft und Hoffnung - der Oscar-Gewinner von Apple.","og_url":"https:\/\/www.apfelpatient.de\/en\/news\/the-boy-the-mole-the-fox-and-the-horse-apple-wins-oscar","og_site_name":"Apfelpatient","article_publisher":"https:\/\/www.facebook.com\/apfelpatientOfficial","article_author":"https:\/\/www.facebook.com\/apfelpatientOfficial","article_published_time":"2023-03-13T16:30:03+00:00","article_modified_time":"2025-10-14T14:01:57+00:00","og_image":[{"width":1600,"height":900,"url":"https:\/\/www.apfelpatient.de\/wp-content\/uploads\/2023\/03\/The_Boy_The_Mole_The_Fox_The_Horse_Photo_19.jpg","type":"image\/jpeg"}],"author":"Milan","twitter_card":"summary_large_image","twitter_description":"\"The Boy, the Mole, the Fox and the Horse\": Eine nachhaltige Geschichte \u00fcber Freundschaft und Hoffnung - der Oscar-Gewinner von Apple.","twitter_misc":{"Written by":"Milan","Est. reading time":"2 minutes"},"schema":{"@context":"https:\/\/schema.org","@graph":[{"@type":"NewsArticle","@id":"https:\/\/www.apfelpatient.de\/news\/the-boy-the-mole-the-fox-and-the-horse-apple-gewinnt-oscar#article","isPartOf":{"@id":"https:\/\/www.apfelpatient.de\/news\/the-boy-the-mole-the-fox-and-the-horse-apple-gewinnt-oscar"},"author":{"@type":"Organization","@id":"https:\/\/www.apfelpatient.de\/en\/#organization","name":"Apfelpatient","url":"https:\/\/www.apfelpatient.de\/en\/"},"headline":"The Boy, the Mole, the Fox and the Horse: Apple gewinnt Oscar","datePublished":"2023-03-13T16:30:03+00:00","dateModified":"2025-10-14T14:01:57+00:00","mainEntityOfPage":{"@id":"https:\/\/www.apfelpatient.de\/news\/the-boy-the-mole-the-fox-and-the-horse-apple-gewinnt-oscar"},"wordCount":301,"publisher":{"@type":"Organization","@id":"https:\/\/www.apfelpatient.de\/en\/#organization","name":"Apfelpatient","url":"https:\/\/www.apfelpatient.de\/en\/"},"image":{"@id":"https:\/\/www.apfelpatient.de\/news\/the-boy-the-mole-the-fox-and-the-horse-apple-gewinnt-oscar#primaryimage"},"thumbnailUrl":"https:\/\/www.apfelpatient.de\/wp-content\/uploads\/2023\/03\/The_Boy_The_Mole_The_Fox_The_Horse_Photo_19.jpg","keywords":["Apple Dienste","Apple TV","Apple TV Plus"],"articleSection":"News","inLanguage":"en-US","copyrightYear":"2023","copyrightHolder":{"@id":"https:\/\/www.apfelpatient.de\/en\/#organization"}},{"@type":"WebPage","@id":"https:\/\/www.apfelpatient.de\/news\/the-boy-the-mole-the-fox-and-the-horse-apple-gewinnt-oscar","url":"https:\/\/www.apfelpatient.de\/news\/the-boy-the-mole-the-fox-and-the-horse-apple-gewinnt-oscar","name":"The Boy, the Mole, the Fox and the Horse: Apple wins Oscar","isPartOf":{"@id":"https:\/\/www.apfelpatient.de\/#website"},"primaryImageOfPage":{"@id":"https:\/\/www.apfelpatient.de\/news\/the-boy-the-mole-the-fox-and-the-horse-apple-gewinnt-oscar#primaryimage"},"image":{"@id":"https:\/\/www.apfelpatient.de\/news\/the-boy-the-mole-the-fox-and-the-horse-apple-gewinnt-oscar#primaryimage"},"thumbnailUrl":"https:\/\/www.apfelpatient.de\/wp-content\/uploads\/2023\/03\/The_Boy_The_Mole_The_Fox_The_Horse_Photo_19.jpg","datePublished":"2023-03-13T16:30:03+00:00","dateModified":"2025-10-14T14:01:57+00:00","description":"&quot;The Boy, the Mole, the Fox and the Horse&quot;: A lasting story about friendship and hope - the Oscar winner from Apple.","breadcrumb":{"@id":"https:\/\/www.apfelpatient.de\/news\/the-boy-the-mole-the-fox-and-the-horse-apple-gewinnt-oscar#breadcrumb"},"inLanguage":"en-US","potentialAction":[{"@type":"ReadAction","target":["https:\/\/www.apfelpatient.de\/news\/the-boy-the-mole-the-fox-and-the-horse-apple-gewinnt-oscar"]}]},{"@type":"ImageObject","inLanguage":"en-US","@id":"https:\/\/www.apfelpatient.de\/news\/the-boy-the-mole-the-fox-and-the-horse-apple-gewinnt-oscar#primaryimage","url":"https:\/\/www.apfelpatient.de\/wp-content\/uploads\/2023\/03\/The_Boy_The_Mole_The_Fox_The_Horse_Photo_19.jpg","contentUrl":"https:\/\/www.apfelpatient.de\/wp-content\/uploads\/2023\/03\/The_Boy_The_Mole_The_Fox_The_Horse_Photo_19.jpg","width":1600,"height":900,"caption":"Bild: Apple"},{"@type":"BreadcrumbList","@id":"https:\/\/www.apfelpatient.de\/news\/the-boy-the-mole-the-fox-and-the-horse-apple-gewinnt-oscar#breadcrumb","itemListElement":[{"@type":"ListItem","position":1,"name":"Startseite","item":"https:\/\/www.apfelpatient.de\/"},{"@type":"ListItem","position":2,"name":"The Boy, the Mole, the Fox and the Horse: Apple gewinnt Oscar"}]},{"@type":"WebSite","@id":"https:\/\/www.apfelpatient.de\/#website","url":"https:\/\/www.apfelpatient.de\/","name":"apple patient","description":"Everything about Apple!","publisher":{"@type":"Organization","@id":"https:\/\/www.apfelpatient.de\/en\/#organization","name":"Apfelpatient","url":"https:\/\/www.apfelpatient.de\/en\/"},"alternateName":"Apfelpatient","potentialAction":[{"@type":"SearchAction","target":{"@type":"EntryPoint","urlTemplate":"https:\/\/www.apfelpatient.de\/?s={search_term_string}"},"query-input":{"@type":"PropertyValueSpecification","valueRequired":true,"valueName":"search_term_string"}}],"inLanguage":"en-US"},{"@type":["Person","Organization"],"@id":"https:\/\/www.apfelpatient.de\/#\/schema\/person\/7dc56ad6c8e9824b76d2c08d4c140e13","name":"Milan","logo":{"@id":"https:\/\/www.apfelpatient.de\/#\/schema\/person\/image\/"},"description":"Hello and welcome to my technology blog! As a big Apple fan, I report on everything to do with Apple: from the latest news and exciting rumors to helpful tips and tricks and detailed product tests. If you are as enthusiastic about technology as I am, you have come to the right place!","sameAs":["https:\/\/www.facebook.com\/apfelpatientOfficial","https:\/\/www.linkedin.com\/in\/milan-jovicic-42aa0231b"],"url":"https:\/\/www.apfelpatient.de\/en\/author\/apfeladmin"}]}},"_links":{"self":[{"href":"https:\/\/www.apfelpatient.de\/en\/wp-json\/wp\/v2\/posts\/37764","targetHints":{"allow":["GET"]}}],"collection":[{"href":"https:\/\/www.apfelpatient.de\/en\/wp-json\/wp\/v2\/posts"}],"about":[{"href":"https:\/\/www.apfelpatient.de\/en\/wp-json\/wp\/v2\/types\/post"}],"author":[{"embeddable":true,"href":"https:\/\/www.apfelpatient.de\/en\/wp-json\/wp\/v2\/users\/2"}],"replies":[{"embeddable":true,"href":"https:\/\/www.apfelpatient.de\/en\/wp-json\/wp\/v2\/comments?post=37764"}],"version-history":[{"count":0,"href":"https:\/\/www.apfelpatient.de\/en\/wp-json\/wp\/v2\/posts\/37764\/revisions"}],"wp:featuredmedia":[{"embeddable":true,"href":"https:\/\/www.apfelpatient.de\/en\/wp-json\/wp\/v2\/media\/37765"}],"wp:attachment":[{"href":"https:\/\/www.apfelpatient.de\/en\/wp-json\/wp\/v2\/media?parent=37764"}],"wp:term":[{"taxonomy":"category","embeddable":true,"href":"https:\/\/www.apfelpatient.de\/en\/wp-json\/wp\/v2\/categories?post=37764"},{"taxonomy":"post_tag","embeddable":true,"href":"https:\/\/www.apfelpatient.de\/en\/wp-json\/wp\/v2\/tags?post=37764"}],"curies":[{"name":"wp","href":"https:\/\/api.w.org\/{rel}","templated":true}]}}