{"id":3776,"date":"2019-03-19T17:13:52","date_gmt":"2019-03-19T16:13:52","guid":{"rendered":"https:\/\/www.apfelpatient.de\/?p=3776"},"modified":"2025-02-06T07:09:28","modified_gmt":"2025-02-06T06:09:28","slug":"new-ipod-touch-7-is-expected-tomorrow","status":"publish","type":"post","link":"https:\/\/www.apfelpatient.de\/en\/rumors\/neuer-ipod-touch-7-wird-bereits-morgen-erwartet","title":{"rendered":"New iPod touch 7 expected tomorrow"},"content":{"rendered":"<p><strong>Apple has already updated two product categories this week via press release. On Monday, an iPad Air and iPad mini 5 were introduced, and today a whopping five new iMac models.<\/strong><\/p>\n<p>For some time now, in addition to new iPad models, an iPod touch and the second generation of AirPods and AirPower have been expected. In addition to numerous statements from third parties, corresponding <a href=\"https:\/\/www.apfelpatient.de\/en\">notes<\/a> discovered in the latest iOS beta versions. What was initially thought to be a joke could now actually be the case. US media are expecting the launch of a new iPod touch tomorrow. At the beginning of the month there were already hints from anonymous sources that predicted exactly that. The well-known star analyst Ming-Chi Kuo has also predicted something similar in the past.<\/p>\n<p class=\"p1\"><\/p>\n<p>Given that Apple wants to focus on new services on March 25, this would not be entirely unreasonable. In addition, the iPhone-like device was last updated in 2015. An update is therefore overdue. It is not yet known what new features the iPod touch 7 might actually have. Observers assume that Apple wants to promote the iPod touch as an inexpensive entry-level device into the iOS world. This includes children and young people whose parents are not yet ready to buy an iPhone - the perfect audience.<\/p>\n<h6><a href=\"https:\/\/t.me\/apfelpatient_official\"><em><strong>Don&#039;t want to miss any more news? Then subscribe to our Telegram channel here<\/strong><\/em><\/a><\/h6>","protected":false},"excerpt":{"rendered":"<p>Apple hat in dieser Woche schon zwei Produkt-Kategorien via Pressemitteilung aktualisiert. Am Montag wurden ein iPad Air sowie iPad mini 5 vorgestellt und heute satte f\u00fcnf neue iMac Modelle. Seit geraumer Zeit werden neben neuen iPad Modellen auch ein iPod touch sowie die zweite Generation der AirPods und AirPower erwartet. Neben zahlreichen Aussagen Dritter wurden [&hellip;]<\/p>\n","protected":false},"author":2,"featured_media":3256,"comment_status":"closed","ping_status":"open","sticky":false,"template":"","format":"standard","meta":{"jnews-multi-image_gallery":[],"jnews_single_post":[],"jnews_primary_category":[],"footnotes":""},"categories":[25],"tags":[8,211,221],"class_list":["post-3776","post","type-post","status-publish","format-standard","has-post-thumbnail","hentry","category-rumors","tag-iphone","tag-ipod-touch","tag-ipod-touch-7"],"yoast_head":"<!-- This site is optimized with the Yoast SEO Premium plugin v27.5 (Yoast SEO v27.5) - https:\/\/yoast.com\/product\/yoast-seo-premium-wordpress\/ -->\n<title>Neuer iPod touch 7 wird bereits morgen erwartet Apfelpatient<\/title>\n<meta name=\"description\" content=\"- Apple hat in dieser Woche schon zwei Produkt-Kategorien via Pressemitteilung aktualisiert. Am Montag wurden ein iPad Air sowie iPad mini 5 vorgestellt und heute satte f\u00fcnf neue iMac Modelle.\" \/>\n<meta name=\"robots\" content=\"index, follow, max-snippet:-1, max-image-preview:large, max-video-preview:-1\" \/>\n<link rel=\"canonical\" href=\"https:\/\/www.apfelpatient.de\/en\/rumors\/new-ipod-touch-7-is-expected-tomorrow\" \/>\n<meta property=\"og:locale\" content=\"en_US\" \/>\n<meta property=\"og:type\" content=\"article\" \/>\n<meta property=\"og:title\" content=\"Neuer iPod touch 7 wird bereits morgen erwartet\" \/>\n<meta property=\"og:description\" content=\"- Apple hat in dieser Woche schon zwei Produkt-Kategorien via Pressemitteilung aktualisiert. Am Montag wurden ein iPad Air sowie iPad mini 5 vorgestellt und heute satte f\u00fcnf neue iMac Modelle.\" \/>\n<meta property=\"og:url\" content=\"https:\/\/www.apfelpatient.de\/en\/rumors\/new-ipod-touch-7-is-expected-tomorrow\" \/>\n<meta property=\"og:site_name\" content=\"Apfelpatient\" \/>\n<meta property=\"article:publisher\" content=\"https:\/\/www.facebook.com\/apfelpatientOfficial\" \/>\n<meta property=\"article:author\" content=\"https:\/\/www.facebook.com\/apfelpatientOfficial\" \/>\n<meta property=\"article:published_time\" content=\"2019-03-19T16:13:52+00:00\" \/>\n<meta property=\"article:modified_time\" content=\"2025-02-06T06:09:28+00:00\" \/>\n<meta property=\"og:image\" content=\"https:\/\/www.apfelpatient.de\/wp-content\/uploads\/2019\/01\/Apple-Wins-iPod-Lawsuit-Issues-Press-Statement-467679-3.jpg\" \/>\n\t<meta property=\"og:image:width\" content=\"1000\" \/>\n\t<meta property=\"og:image:height\" content=\"673\" \/>\n\t<meta property=\"og:image:type\" content=\"image\/jpeg\" \/>\n<meta name=\"author\" content=\"Milan\" \/>\n<meta name=\"twitter:card\" content=\"summary_large_image\" \/>\n<meta name=\"twitter:label1\" content=\"Written by\" \/>\n\t<meta name=\"twitter:data1\" content=\"Milan\" \/>\n\t<meta name=\"twitter:label2\" content=\"Est. reading time\" \/>\n\t<meta name=\"twitter:data2\" content=\"1 minute\" \/>\n<script type=\"application\/ld+json\" class=\"yoast-schema-graph\">{\"@context\":\"https:\\\/\\\/schema.org\",\"@graph\":[{\"@type\":\"NewsArticle\",\"@id\":\"https:\\\/\\\/www.apfelpatient.de\\\/rumors\\\/neuer-ipod-touch-7-wird-bereits-morgen-erwartet#article\",\"isPartOf\":{\"@id\":\"https:\\\/\\\/www.apfelpatient.de\\\/rumors\\\/neuer-ipod-touch-7-wird-bereits-morgen-erwartet\"},\"author\":{\"@type\":\"Organization\",\"@id\":\"https:\\\/\\\/www.apfelpatient.de\\\/en\\\/#organization\",\"name\":\"Apfelpatient\",\"url\":\"https:\\\/\\\/www.apfelpatient.de\\\/en\\\/\"},\"headline\":\"Neuer iPod touch 7 wird bereits morgen erwartet\",\"datePublished\":\"2019-03-19T16:13:52+00:00\",\"dateModified\":\"2025-02-06T06:09:28+00:00\",\"mainEntityOfPage\":{\"@id\":\"https:\\\/\\\/www.apfelpatient.de\\\/rumors\\\/neuer-ipod-touch-7-wird-bereits-morgen-erwartet\"},\"wordCount\":233,\"publisher\":{\"@type\":\"Organization\",\"@id\":\"https:\\\/\\\/www.apfelpatient.de\\\/en\\\/#organization\",\"name\":\"Apfelpatient\",\"url\":\"https:\\\/\\\/www.apfelpatient.de\\\/en\\\/\"},\"image\":{\"@id\":\"https:\\\/\\\/www.apfelpatient.de\\\/rumors\\\/neuer-ipod-touch-7-wird-bereits-morgen-erwartet#primaryimage\"},\"thumbnailUrl\":\"https:\\\/\\\/www.apfelpatient.de\\\/wp-content\\\/uploads\\\/2019\\\/01\\\/Apple-Wins-iPod-Lawsuit-Issues-Press-Statement-467679-3.jpg\",\"keywords\":[\"iPhone\",\"iPod touch\",\"iPod touch 7\"],\"articleSection\":\"Rumors\",\"inLanguage\":\"en-US\",\"copyrightYear\":\"2019\",\"copyrightHolder\":{\"@id\":\"https:\\\/\\\/www.apfelpatient.de\\\/en\\\/#organization\"}},{\"@type\":\"WebPage\",\"@id\":\"https:\\\/\\\/www.apfelpatient.de\\\/rumors\\\/neuer-ipod-touch-7-wird-bereits-morgen-erwartet\",\"url\":\"https:\\\/\\\/www.apfelpatient.de\\\/rumors\\\/neuer-ipod-touch-7-wird-bereits-morgen-erwartet\",\"name\":\"Neuer iPod touch 7 wird bereits morgen erwartet Apfelpatient\",\"isPartOf\":{\"@id\":\"https:\\\/\\\/www.apfelpatient.de\\\/#website\"},\"primaryImageOfPage\":{\"@id\":\"https:\\\/\\\/www.apfelpatient.de\\\/rumors\\\/neuer-ipod-touch-7-wird-bereits-morgen-erwartet#primaryimage\"},\"image\":{\"@id\":\"https:\\\/\\\/www.apfelpatient.de\\\/rumors\\\/neuer-ipod-touch-7-wird-bereits-morgen-erwartet#primaryimage\"},\"thumbnailUrl\":\"https:\\\/\\\/www.apfelpatient.de\\\/wp-content\\\/uploads\\\/2019\\\/01\\\/Apple-Wins-iPod-Lawsuit-Issues-Press-Statement-467679-3.jpg\",\"datePublished\":\"2019-03-19T16:13:52+00:00\",\"dateModified\":\"2025-02-06T06:09:28+00:00\",\"description\":\"- Apple hat in dieser Woche schon zwei Produkt-Kategorien via Pressemitteilung aktualisiert. Am Montag wurden ein iPad Air sowie iPad mini 5 vorgestellt und heute satte f\u00fcnf neue iMac Modelle.\",\"breadcrumb\":{\"@id\":\"https:\\\/\\\/www.apfelpatient.de\\\/rumors\\\/neuer-ipod-touch-7-wird-bereits-morgen-erwartet#breadcrumb\"},\"inLanguage\":\"en-US\",\"potentialAction\":[{\"@type\":\"ReadAction\",\"target\":[\"https:\\\/\\\/www.apfelpatient.de\\\/rumors\\\/neuer-ipod-touch-7-wird-bereits-morgen-erwartet\"]}]},{\"@type\":\"ImageObject\",\"inLanguage\":\"en-US\",\"@id\":\"https:\\\/\\\/www.apfelpatient.de\\\/rumors\\\/neuer-ipod-touch-7-wird-bereits-morgen-erwartet#primaryimage\",\"url\":\"https:\\\/\\\/www.apfelpatient.de\\\/wp-content\\\/uploads\\\/2019\\\/01\\\/Apple-Wins-iPod-Lawsuit-Issues-Press-Statement-467679-3.jpg\",\"contentUrl\":\"https:\\\/\\\/www.apfelpatient.de\\\/wp-content\\\/uploads\\\/2019\\\/01\\\/Apple-Wins-iPod-Lawsuit-Issues-Press-Statement-467679-3.jpg\",\"width\":1000,\"height\":673,\"caption\":\"Bild: Apple\"},{\"@type\":\"BreadcrumbList\",\"@id\":\"https:\\\/\\\/www.apfelpatient.de\\\/rumors\\\/neuer-ipod-touch-7-wird-bereits-morgen-erwartet#breadcrumb\",\"itemListElement\":[{\"@type\":\"ListItem\",\"position\":1,\"name\":\"Startseite\",\"item\":\"https:\\\/\\\/www.apfelpatient.de\\\/\"},{\"@type\":\"ListItem\",\"position\":2,\"name\":\"Neuer iPod touch 7 wird bereits morgen erwartet\"}]},{\"@type\":\"WebSite\",\"@id\":\"https:\\\/\\\/www.apfelpatient.de\\\/#website\",\"url\":\"https:\\\/\\\/www.apfelpatient.de\\\/\",\"name\":\"Apfelpatient\",\"description\":\"Alles rund um Apple!\",\"publisher\":{\"@type\":\"Organization\",\"@id\":\"https:\\\/\\\/www.apfelpatient.de\\\/en\\\/#organization\",\"name\":\"Apfelpatient\",\"url\":\"https:\\\/\\\/www.apfelpatient.de\\\/en\\\/\"},\"alternateName\":\"Apfelpatient\",\"potentialAction\":[{\"@type\":\"SearchAction\",\"target\":{\"@type\":\"EntryPoint\",\"urlTemplate\":\"https:\\\/\\\/www.apfelpatient.de\\\/?s={search_term_string}\"},\"query-input\":{\"@type\":\"PropertyValueSpecification\",\"valueRequired\":true,\"valueName\":\"search_term_string\"}}],\"inLanguage\":\"en-US\"},{\"@type\":[\"Person\",\"Organization\"],\"@id\":\"https:\\\/\\\/www.apfelpatient.de\\\/#\\\/schema\\\/person\\\/7dc56ad6c8e9824b76d2c08d4c140e13\",\"name\":\"Milan\",\"logo\":{\"@id\":\"https:\\\/\\\/www.apfelpatient.de\\\/#\\\/schema\\\/person\\\/image\\\/\"},\"description\":\"Hallo und herzlich willkommen auf meinem Technik-Blog! Als gro\u00dfer Apple-Fan berichte ich hier \u00fcber alles, was mit Apple zu tun hat: von den neuesten News und spannenden Ger\u00fcchten \u00fcber hilfreiche Tipps und Tricks bis hin zu ausf\u00fchrlichen Produkttests. Wenn du genauso technikbegeistert bist wie ich, bist du hier genau richtig!\",\"sameAs\":[\"https:\\\/\\\/www.facebook.com\\\/apfelpatientOfficial\",\"https:\\\/\\\/www.linkedin.com\\\/in\\\/milan-jovicic-42aa0231b\"],\"url\":\"https:\\\/\\\/www.apfelpatient.de\\\/en\\\/author\\\/apfeladmin\"}]}<\/script>\n<!-- \/ Yoast SEO Premium plugin. -->","yoast_head_json":{"title":"New iPod touch 7 expected tomorrow Apfelpatient","description":"- Apple has already updated two product categories this week via press release. On Monday, an iPad Air and iPad mini 5 were introduced, and today a whopping five new iMac models.","robots":{"index":"index","follow":"follow","max-snippet":"max-snippet:-1","max-image-preview":"max-image-preview:large","max-video-preview":"max-video-preview:-1"},"canonical":"https:\/\/www.apfelpatient.de\/en\/rumors\/new-ipod-touch-7-is-expected-tomorrow","og_locale":"en_US","og_type":"article","og_title":"Neuer iPod touch 7 wird bereits morgen erwartet","og_description":"- Apple hat in dieser Woche schon zwei Produkt-Kategorien via Pressemitteilung aktualisiert. Am Montag wurden ein iPad Air sowie iPad mini 5 vorgestellt und heute satte f\u00fcnf neue iMac Modelle.","og_url":"https:\/\/www.apfelpatient.de\/en\/rumors\/new-ipod-touch-7-is-expected-tomorrow","og_site_name":"Apfelpatient","article_publisher":"https:\/\/www.facebook.com\/apfelpatientOfficial","article_author":"https:\/\/www.facebook.com\/apfelpatientOfficial","article_published_time":"2019-03-19T16:13:52+00:00","article_modified_time":"2025-02-06T06:09:28+00:00","og_image":[{"width":1000,"height":673,"url":"https:\/\/www.apfelpatient.de\/wp-content\/uploads\/2019\/01\/Apple-Wins-iPod-Lawsuit-Issues-Press-Statement-467679-3.jpg","type":"image\/jpeg"}],"author":"Milan","twitter_card":"summary_large_image","twitter_misc":{"Written by":"Milan","Est. reading time":"1 minute"},"schema":{"@context":"https:\/\/schema.org","@graph":[{"@type":"NewsArticle","@id":"https:\/\/www.apfelpatient.de\/rumors\/neuer-ipod-touch-7-wird-bereits-morgen-erwartet#article","isPartOf":{"@id":"https:\/\/www.apfelpatient.de\/rumors\/neuer-ipod-touch-7-wird-bereits-morgen-erwartet"},"author":{"@type":"Organization","@id":"https:\/\/www.apfelpatient.de\/en\/#organization","name":"Apfelpatient","url":"https:\/\/www.apfelpatient.de\/en\/"},"headline":"Neuer iPod touch 7 wird bereits morgen erwartet","datePublished":"2019-03-19T16:13:52+00:00","dateModified":"2025-02-06T06:09:28+00:00","mainEntityOfPage":{"@id":"https:\/\/www.apfelpatient.de\/rumors\/neuer-ipod-touch-7-wird-bereits-morgen-erwartet"},"wordCount":233,"publisher":{"@type":"Organization","@id":"https:\/\/www.apfelpatient.de\/en\/#organization","name":"Apfelpatient","url":"https:\/\/www.apfelpatient.de\/en\/"},"image":{"@id":"https:\/\/www.apfelpatient.de\/rumors\/neuer-ipod-touch-7-wird-bereits-morgen-erwartet#primaryimage"},"thumbnailUrl":"https:\/\/www.apfelpatient.de\/wp-content\/uploads\/2019\/01\/Apple-Wins-iPod-Lawsuit-Issues-Press-Statement-467679-3.jpg","keywords":["iPhone","iPod touch","iPod touch 7"],"articleSection":"Rumors","inLanguage":"en-US","copyrightYear":"2019","copyrightHolder":{"@id":"https:\/\/www.apfelpatient.de\/en\/#organization"}},{"@type":"WebPage","@id":"https:\/\/www.apfelpatient.de\/rumors\/neuer-ipod-touch-7-wird-bereits-morgen-erwartet","url":"https:\/\/www.apfelpatient.de\/rumors\/neuer-ipod-touch-7-wird-bereits-morgen-erwartet","name":"New iPod touch 7 expected tomorrow Apfelpatient","isPartOf":{"@id":"https:\/\/www.apfelpatient.de\/#website"},"primaryImageOfPage":{"@id":"https:\/\/www.apfelpatient.de\/rumors\/neuer-ipod-touch-7-wird-bereits-morgen-erwartet#primaryimage"},"image":{"@id":"https:\/\/www.apfelpatient.de\/rumors\/neuer-ipod-touch-7-wird-bereits-morgen-erwartet#primaryimage"},"thumbnailUrl":"https:\/\/www.apfelpatient.de\/wp-content\/uploads\/2019\/01\/Apple-Wins-iPod-Lawsuit-Issues-Press-Statement-467679-3.jpg","datePublished":"2019-03-19T16:13:52+00:00","dateModified":"2025-02-06T06:09:28+00:00","description":"- Apple has already updated two product categories this week via press release. On Monday, an iPad Air and iPad mini 5 were introduced, and today a whopping five new iMac models.","breadcrumb":{"@id":"https:\/\/www.apfelpatient.de\/rumors\/neuer-ipod-touch-7-wird-bereits-morgen-erwartet#breadcrumb"},"inLanguage":"en-US","potentialAction":[{"@type":"ReadAction","target":["https:\/\/www.apfelpatient.de\/rumors\/neuer-ipod-touch-7-wird-bereits-morgen-erwartet"]}]},{"@type":"ImageObject","inLanguage":"en-US","@id":"https:\/\/www.apfelpatient.de\/rumors\/neuer-ipod-touch-7-wird-bereits-morgen-erwartet#primaryimage","url":"https:\/\/www.apfelpatient.de\/wp-content\/uploads\/2019\/01\/Apple-Wins-iPod-Lawsuit-Issues-Press-Statement-467679-3.jpg","contentUrl":"https:\/\/www.apfelpatient.de\/wp-content\/uploads\/2019\/01\/Apple-Wins-iPod-Lawsuit-Issues-Press-Statement-467679-3.jpg","width":1000,"height":673,"caption":"Bild: Apple"},{"@type":"BreadcrumbList","@id":"https:\/\/www.apfelpatient.de\/rumors\/neuer-ipod-touch-7-wird-bereits-morgen-erwartet#breadcrumb","itemListElement":[{"@type":"ListItem","position":1,"name":"Startseite","item":"https:\/\/www.apfelpatient.de\/"},{"@type":"ListItem","position":2,"name":"Neuer iPod touch 7 wird bereits morgen erwartet"}]},{"@type":"WebSite","@id":"https:\/\/www.apfelpatient.de\/#website","url":"https:\/\/www.apfelpatient.de\/","name":"apple patient","description":"Everything about Apple!","publisher":{"@type":"Organization","@id":"https:\/\/www.apfelpatient.de\/en\/#organization","name":"Apfelpatient","url":"https:\/\/www.apfelpatient.de\/en\/"},"alternateName":"Apfelpatient","potentialAction":[{"@type":"SearchAction","target":{"@type":"EntryPoint","urlTemplate":"https:\/\/www.apfelpatient.de\/?s={search_term_string}"},"query-input":{"@type":"PropertyValueSpecification","valueRequired":true,"valueName":"search_term_string"}}],"inLanguage":"en-US"},{"@type":["Person","Organization"],"@id":"https:\/\/www.apfelpatient.de\/#\/schema\/person\/7dc56ad6c8e9824b76d2c08d4c140e13","name":"Milan","logo":{"@id":"https:\/\/www.apfelpatient.de\/#\/schema\/person\/image\/"},"description":"Hello and welcome to my technology blog! As a big Apple fan, I report on everything to do with Apple: from the latest news and exciting rumors to helpful tips and tricks and detailed product tests. If you are as enthusiastic about technology as I am, you have come to the right place!","sameAs":["https:\/\/www.facebook.com\/apfelpatientOfficial","https:\/\/www.linkedin.com\/in\/milan-jovicic-42aa0231b"],"url":"https:\/\/www.apfelpatient.de\/en\/author\/apfeladmin"}]}},"_links":{"self":[{"href":"https:\/\/www.apfelpatient.de\/en\/wp-json\/wp\/v2\/posts\/3776","targetHints":{"allow":["GET"]}}],"collection":[{"href":"https:\/\/www.apfelpatient.de\/en\/wp-json\/wp\/v2\/posts"}],"about":[{"href":"https:\/\/www.apfelpatient.de\/en\/wp-json\/wp\/v2\/types\/post"}],"author":[{"embeddable":true,"href":"https:\/\/www.apfelpatient.de\/en\/wp-json\/wp\/v2\/users\/2"}],"replies":[{"embeddable":true,"href":"https:\/\/www.apfelpatient.de\/en\/wp-json\/wp\/v2\/comments?post=3776"}],"version-history":[{"count":0,"href":"https:\/\/www.apfelpatient.de\/en\/wp-json\/wp\/v2\/posts\/3776\/revisions"}],"wp:featuredmedia":[{"embeddable":true,"href":"https:\/\/www.apfelpatient.de\/en\/wp-json\/wp\/v2\/media\/3256"}],"wp:attachment":[{"href":"https:\/\/www.apfelpatient.de\/en\/wp-json\/wp\/v2\/media?parent=3776"}],"wp:term":[{"taxonomy":"category","embeddable":true,"href":"https:\/\/www.apfelpatient.de\/en\/wp-json\/wp\/v2\/categories?post=3776"},{"taxonomy":"post_tag","embeddable":true,"href":"https:\/\/www.apfelpatient.de\/en\/wp-json\/wp\/v2\/tags?post=3776"}],"curies":[{"name":"wp","href":"https:\/\/api.w.org\/{rel}","templated":true}]}}