{"id":3773,"date":"2019-03-19T16:38:27","date_gmt":"2019-03-19T15:38:27","guid":{"rendered":"https:\/\/www.apfelpatient.de\/?p=3773"},"modified":"2025-02-06T07:09:38","modified_gmt":"2025-02-06T06:09:38","slug":"its-show-time-insider-reveals-content-of-the-apple-keynote","status":"publish","type":"post","link":"https:\/\/www.apfelpatient.de\/en\/rumors\/its-show-time-insider-verraet-inhalt-der-apple-keynote","title":{"rendered":"It&#039;s show time: Insider reveals content of Apple Keynote"},"content":{"rendered":"<p><strong>On March 25th, the time has finally come. The long-awaited and first keynote of the new year will take place as usual in the Steve Jobs Theater. An insider reveals what Apple will present on that day.<\/strong><\/p>\n<p>There was a lot of discussion and speculation. Some thought it would be an event focusing on the streaming service and the news subscription, while others thought Apple would also present new hardware products. The latter seems unlikely to be the case. Apple has already announced new<a href=\"https:\/\/www.apfelpatient.de\/en\"> iPad models<\/a> and an update of the <a href=\"https:\/\/www.apfelpatient.de\/en\">iMac family<\/a> presented by means of a press release. Although the AirPods 2, AirPower and the new iPod touch are still pending, things are not looking good. Author Binyamin Goldman claims to have learned from an insider what we can expect on<a href=\"https:\/\/www.apfelpatient.de\/en\"> Apple&#039;s upcoming event<\/a> actually still expected. Accordingly, in addition to the new streaming service and news subscription, an Apple credit card is also to be introduced. The insider has given details such as launch dates and prices.<\/p>\n<p><strong>TV streaming service starts later than expected<\/strong><\/p>\n<p class=\"p1\"><\/p>\n<p>According to the report, Apple&#039;s streaming service will launch later than many expected. There have been several delays and the final launch date is now set for summer 2019. Nevertheless, Cupertino wants to promote the new service in advance via the TV app with various trailers. The offer will include in-house productions as well as third-party content and will cost $9.99 per month. Specific partners were not named, but they are said to be well-known studios. As soon as the new service starts, the TV app will also be rolled out again. This will also be available on various smart TVs. Roku and Amazon Fire compatibility is also planned.<\/p>\n<p><strong>magazine subscription<\/strong><\/p>\n<p>According to the insider, the new magazine subscription will start in April. In addition to magazines, it will also include content from Bloomberg and the Wall Street Journal. The subscription will also cost $9.99. Goldman writes that Apple is planning a subscription package, according to which all services will be offered at a preferential price - a family package is also being planned. However, this will only be offered later.<\/p>\n<p><strong>Apple Pay credit card<\/strong><\/p>\n<p>Recently, an Apple credit card was<a href=\"https:\/\/www.apfelpatient.de\/en\"> reported<\/a>According to Goldman&#039;s source, Cupertino is also planning to present this at the upcoming Apple keynote. It is called Apple Pay Card and will of course have other benefits in addition to the world-famous logo.<\/p>\n<p class=\"p1\"><\/p>\n<p>Among other things, there will be general cashback promotions like other providers. The bonus will be even bigger when you buy Apple products. Due to the high level of acceptance, the Apple credit card will run through the Mastercard network. The issuing of the credit card will be handled in cooperation with the financial institution Goldman Sachs.<\/p>\n<h6><a href=\"https:\/\/t.me\/apfelpatient_official\"><em><strong>Don&#039;t want to miss any more news? Then subscribe to our Telegram channel here<\/strong><\/em><\/a><\/h6>","protected":false},"excerpt":{"rendered":"<p>Am 25. M\u00e4rz ist es endlich soweit. Die langersehnte und erste Keynote des jungen Jahres findet wie gewohnt im Steve Jobs Theatre statt. Was Apple an dem Tag vorstellen wird verr\u00e4t ein Insider. Es wurde viel diskutiert und spekuliert. Die Einen glaubten es wird ein Event mit Fokus auf den Streaming-Dienst und das Nachrichten-Abo, w\u00e4hrend [&hellip;]<\/p>\n","protected":false},"author":2,"featured_media":3774,"comment_status":"closed","ping_status":"open","sticky":false,"template":"","format":"standard","meta":{"jnews-multi-image_gallery":[],"jnews_single_post":[],"jnews_primary_category":[],"footnotes":""},"categories":[25],"tags":[230,34,112,215],"class_list":["post-3773","post","type-post","status-publish","format-standard","has-post-thumbnail","hentry","category-rumors","tag-abonnement","tag-apple-dienste","tag-apple-keynote","tag-streaming"],"yoast_head":"<!-- This site is optimized with the Yoast SEO Premium plugin v27.5 (Yoast SEO v27.5) - https:\/\/yoast.com\/product\/yoast-seo-premium-wordpress\/ -->\n<title>Its show time: Insider verr\u00e4t Inhalt der Apple Keynote Apfelpatient<\/title>\n<meta name=\"description\" content=\"- Am 25. M\u00e4rz ist es endlich soweit. Die langersehnte und erste Keynote des jungen Jahres findet wie gewohnt im Steve Jobs Theatre statt. Was Apple an dem Tag vorstellen wird verr\u00e4t ein Insider.\" \/>\n<meta name=\"robots\" content=\"index, follow, max-snippet:-1, max-image-preview:large, max-video-preview:-1\" \/>\n<link rel=\"canonical\" href=\"https:\/\/www.apfelpatient.de\/en\/rumors\/its-show-time-insider-reveals-content-of-the-apple-keynote\" \/>\n<meta property=\"og:locale\" content=\"en_US\" \/>\n<meta property=\"og:type\" content=\"article\" \/>\n<meta property=\"og:title\" content=\"Its show time: Insider verr\u00e4t Inhalt der Apple Keynote\" \/>\n<meta property=\"og:description\" content=\"- Am 25. M\u00e4rz ist es endlich soweit. Die langersehnte und erste Keynote des jungen Jahres findet wie gewohnt im Steve Jobs Theatre statt. Was Apple an dem Tag vorstellen wird verr\u00e4t ein Insider.\" \/>\n<meta property=\"og:url\" content=\"https:\/\/www.apfelpatient.de\/en\/rumors\/its-show-time-insider-reveals-content-of-the-apple-keynote\" \/>\n<meta property=\"og:site_name\" content=\"Apfelpatient\" \/>\n<meta property=\"article:publisher\" content=\"https:\/\/www.facebook.com\/apfelpatientOfficial\" \/>\n<meta property=\"article:author\" content=\"https:\/\/www.facebook.com\/apfelpatientOfficial\" \/>\n<meta property=\"article:published_time\" content=\"2019-03-19T15:38:27+00:00\" \/>\n<meta property=\"article:modified_time\" content=\"2025-02-06T06:09:38+00:00\" \/>\n<meta property=\"og:image\" content=\"https:\/\/www.apfelpatient.de\/wp-content\/uploads\/2019\/03\/Apple-iMac-gets-2x-more-performance-home-office-03192019.jpg\" \/>\n\t<meta property=\"og:image:width\" content=\"2400\" \/>\n\t<meta property=\"og:image:height\" content=\"1476\" \/>\n\t<meta property=\"og:image:type\" content=\"image\/jpeg\" \/>\n<meta name=\"author\" content=\"Milan\" \/>\n<meta name=\"twitter:card\" content=\"summary_large_image\" \/>\n<meta name=\"twitter:label1\" content=\"Written by\" \/>\n\t<meta name=\"twitter:data1\" content=\"Milan\" \/>\n\t<meta name=\"twitter:label2\" content=\"Est. reading time\" \/>\n\t<meta name=\"twitter:data2\" content=\"2 minutes\" \/>\n<script type=\"application\/ld+json\" class=\"yoast-schema-graph\">{\"@context\":\"https:\\\/\\\/schema.org\",\"@graph\":[{\"@type\":\"NewsArticle\",\"@id\":\"https:\\\/\\\/www.apfelpatient.de\\\/rumors\\\/its-show-time-insider-verraet-inhalt-der-apple-keynote#article\",\"isPartOf\":{\"@id\":\"https:\\\/\\\/www.apfelpatient.de\\\/rumors\\\/its-show-time-insider-verraet-inhalt-der-apple-keynote\"},\"author\":{\"@type\":\"Organization\",\"@id\":\"https:\\\/\\\/www.apfelpatient.de\\\/en\\\/#organization\",\"name\":\"Apfelpatient\",\"url\":\"https:\\\/\\\/www.apfelpatient.de\\\/en\\\/\"},\"headline\":\"Its show time: Insider verr\u00e4t Inhalt der Apple Keynote\",\"datePublished\":\"2019-03-19T15:38:27+00:00\",\"dateModified\":\"2025-02-06T06:09:38+00:00\",\"mainEntityOfPage\":{\"@id\":\"https:\\\/\\\/www.apfelpatient.de\\\/rumors\\\/its-show-time-insider-verraet-inhalt-der-apple-keynote\"},\"wordCount\":445,\"publisher\":{\"@type\":\"Organization\",\"@id\":\"https:\\\/\\\/www.apfelpatient.de\\\/en\\\/#organization\",\"name\":\"Apfelpatient\",\"url\":\"https:\\\/\\\/www.apfelpatient.de\\\/en\\\/\"},\"image\":{\"@id\":\"https:\\\/\\\/www.apfelpatient.de\\\/rumors\\\/its-show-time-insider-verraet-inhalt-der-apple-keynote#primaryimage\"},\"thumbnailUrl\":\"https:\\\/\\\/www.apfelpatient.de\\\/wp-content\\\/uploads\\\/2019\\\/03\\\/Apple-iMac-gets-2x-more-performance-home-office-03192019.jpg\",\"keywords\":[\"Abonnement\",\"Apple Dienste\",\"Apple Keynote\",\"Streaming\"],\"articleSection\":\"Rumors\",\"inLanguage\":\"en-US\",\"copyrightYear\":\"2019\",\"copyrightHolder\":{\"@id\":\"https:\\\/\\\/www.apfelpatient.de\\\/en\\\/#organization\"}},{\"@type\":\"WebPage\",\"@id\":\"https:\\\/\\\/www.apfelpatient.de\\\/rumors\\\/its-show-time-insider-verraet-inhalt-der-apple-keynote\",\"url\":\"https:\\\/\\\/www.apfelpatient.de\\\/rumors\\\/its-show-time-insider-verraet-inhalt-der-apple-keynote\",\"name\":\"Its show time: Insider verr\u00e4t Inhalt der Apple Keynote Apfelpatient\",\"isPartOf\":{\"@id\":\"https:\\\/\\\/www.apfelpatient.de\\\/#website\"},\"primaryImageOfPage\":{\"@id\":\"https:\\\/\\\/www.apfelpatient.de\\\/rumors\\\/its-show-time-insider-verraet-inhalt-der-apple-keynote#primaryimage\"},\"image\":{\"@id\":\"https:\\\/\\\/www.apfelpatient.de\\\/rumors\\\/its-show-time-insider-verraet-inhalt-der-apple-keynote#primaryimage\"},\"thumbnailUrl\":\"https:\\\/\\\/www.apfelpatient.de\\\/wp-content\\\/uploads\\\/2019\\\/03\\\/Apple-iMac-gets-2x-more-performance-home-office-03192019.jpg\",\"datePublished\":\"2019-03-19T15:38:27+00:00\",\"dateModified\":\"2025-02-06T06:09:38+00:00\",\"description\":\"- Am 25. M\u00e4rz ist es endlich soweit. Die langersehnte und erste Keynote des jungen Jahres findet wie gewohnt im Steve Jobs Theatre statt. Was Apple an dem Tag vorstellen wird verr\u00e4t ein Insider.\",\"breadcrumb\":{\"@id\":\"https:\\\/\\\/www.apfelpatient.de\\\/rumors\\\/its-show-time-insider-verraet-inhalt-der-apple-keynote#breadcrumb\"},\"inLanguage\":\"en-US\",\"potentialAction\":[{\"@type\":\"ReadAction\",\"target\":[\"https:\\\/\\\/www.apfelpatient.de\\\/rumors\\\/its-show-time-insider-verraet-inhalt-der-apple-keynote\"]}]},{\"@type\":\"ImageObject\",\"inLanguage\":\"en-US\",\"@id\":\"https:\\\/\\\/www.apfelpatient.de\\\/rumors\\\/its-show-time-insider-verraet-inhalt-der-apple-keynote#primaryimage\",\"url\":\"https:\\\/\\\/www.apfelpatient.de\\\/wp-content\\\/uploads\\\/2019\\\/03\\\/Apple-iMac-gets-2x-more-performance-home-office-03192019.jpg\",\"contentUrl\":\"https:\\\/\\\/www.apfelpatient.de\\\/wp-content\\\/uploads\\\/2019\\\/03\\\/Apple-iMac-gets-2x-more-performance-home-office-03192019.jpg\",\"width\":2400,\"height\":1476,\"caption\":\"Bild: Apple\"},{\"@type\":\"BreadcrumbList\",\"@id\":\"https:\\\/\\\/www.apfelpatient.de\\\/rumors\\\/its-show-time-insider-verraet-inhalt-der-apple-keynote#breadcrumb\",\"itemListElement\":[{\"@type\":\"ListItem\",\"position\":1,\"name\":\"Startseite\",\"item\":\"https:\\\/\\\/www.apfelpatient.de\\\/\"},{\"@type\":\"ListItem\",\"position\":2,\"name\":\"Its show time: Insider verr\u00e4t Inhalt der Apple Keynote\"}]},{\"@type\":\"WebSite\",\"@id\":\"https:\\\/\\\/www.apfelpatient.de\\\/#website\",\"url\":\"https:\\\/\\\/www.apfelpatient.de\\\/\",\"name\":\"Apfelpatient\",\"description\":\"Alles rund um Apple!\",\"publisher\":{\"@type\":\"Organization\",\"@id\":\"https:\\\/\\\/www.apfelpatient.de\\\/en\\\/#organization\",\"name\":\"Apfelpatient\",\"url\":\"https:\\\/\\\/www.apfelpatient.de\\\/en\\\/\"},\"alternateName\":\"Apfelpatient\",\"potentialAction\":[{\"@type\":\"SearchAction\",\"target\":{\"@type\":\"EntryPoint\",\"urlTemplate\":\"https:\\\/\\\/www.apfelpatient.de\\\/?s={search_term_string}\"},\"query-input\":{\"@type\":\"PropertyValueSpecification\",\"valueRequired\":true,\"valueName\":\"search_term_string\"}}],\"inLanguage\":\"en-US\"},{\"@type\":[\"Person\",\"Organization\"],\"@id\":\"https:\\\/\\\/www.apfelpatient.de\\\/#\\\/schema\\\/person\\\/35b3ddba5832f2bfc7fff5206d4f6b7b\",\"name\":\"Milan\",\"logo\":{\"@id\":\"https:\\\/\\\/www.apfelpatient.de\\\/#\\\/schema\\\/person\\\/image\\\/\"},\"description\":\"Hallo und herzlich willkommen auf meinem Technik-Blog! Als gro\u00dfer Apple-Fan berichte ich hier \u00fcber alles, was mit Apple zu tun hat: von den neuesten News und spannenden Ger\u00fcchten \u00fcber hilfreiche Tipps und Tricks bis hin zu ausf\u00fchrlichen Produkttests. Wenn du genauso technikbegeistert bist wie ich, bist du hier genau richtig!\",\"sameAs\":[\"https:\\\/\\\/www.facebook.com\\\/apfelpatientOfficial\",\"https:\\\/\\\/www.linkedin.com\\\/in\\\/milan-jovicic-42aa0231b\"],\"url\":\"https:\\\/\\\/www.apfelpatient.de\\\/en\\\/author\\\/apfeladmin\"}]}<\/script>\n<!-- \/ Yoast SEO Premium plugin. -->","yoast_head_json":{"title":"It&#039;s show time: Insider reveals content of Apple Keynote Apfelpatient","description":"- On March 25th, the time has finally come. The long-awaited and first keynote of the new year will take place as usual in the Steve Jobs Theater. An insider reveals what Apple will present on that day.","robots":{"index":"index","follow":"follow","max-snippet":"max-snippet:-1","max-image-preview":"max-image-preview:large","max-video-preview":"max-video-preview:-1"},"canonical":"https:\/\/www.apfelpatient.de\/en\/rumors\/its-show-time-insider-reveals-content-of-the-apple-keynote","og_locale":"en_US","og_type":"article","og_title":"Its show time: Insider verr\u00e4t Inhalt der Apple Keynote","og_description":"- Am 25. M\u00e4rz ist es endlich soweit. Die langersehnte und erste Keynote des jungen Jahres findet wie gewohnt im Steve Jobs Theatre statt. Was Apple an dem Tag vorstellen wird verr\u00e4t ein Insider.","og_url":"https:\/\/www.apfelpatient.de\/en\/rumors\/its-show-time-insider-reveals-content-of-the-apple-keynote","og_site_name":"Apfelpatient","article_publisher":"https:\/\/www.facebook.com\/apfelpatientOfficial","article_author":"https:\/\/www.facebook.com\/apfelpatientOfficial","article_published_time":"2019-03-19T15:38:27+00:00","article_modified_time":"2025-02-06T06:09:38+00:00","og_image":[{"width":2400,"height":1476,"url":"https:\/\/www.apfelpatient.de\/wp-content\/uploads\/2019\/03\/Apple-iMac-gets-2x-more-performance-home-office-03192019.jpg","type":"image\/jpeg"}],"author":"Milan","twitter_card":"summary_large_image","twitter_misc":{"Written by":"Milan","Est. reading time":"2 minutes"},"schema":{"@context":"https:\/\/schema.org","@graph":[{"@type":"NewsArticle","@id":"https:\/\/www.apfelpatient.de\/rumors\/its-show-time-insider-verraet-inhalt-der-apple-keynote#article","isPartOf":{"@id":"https:\/\/www.apfelpatient.de\/rumors\/its-show-time-insider-verraet-inhalt-der-apple-keynote"},"author":{"@type":"Organization","@id":"https:\/\/www.apfelpatient.de\/en\/#organization","name":"Apfelpatient","url":"https:\/\/www.apfelpatient.de\/en\/"},"headline":"Its show time: Insider verr\u00e4t Inhalt der Apple Keynote","datePublished":"2019-03-19T15:38:27+00:00","dateModified":"2025-02-06T06:09:38+00:00","mainEntityOfPage":{"@id":"https:\/\/www.apfelpatient.de\/rumors\/its-show-time-insider-verraet-inhalt-der-apple-keynote"},"wordCount":445,"publisher":{"@type":"Organization","@id":"https:\/\/www.apfelpatient.de\/en\/#organization","name":"Apfelpatient","url":"https:\/\/www.apfelpatient.de\/en\/"},"image":{"@id":"https:\/\/www.apfelpatient.de\/rumors\/its-show-time-insider-verraet-inhalt-der-apple-keynote#primaryimage"},"thumbnailUrl":"https:\/\/www.apfelpatient.de\/wp-content\/uploads\/2019\/03\/Apple-iMac-gets-2x-more-performance-home-office-03192019.jpg","keywords":["Abonnement","Apple Dienste","Apple Keynote","Streaming"],"articleSection":"Rumors","inLanguage":"en-US","copyrightYear":"2019","copyrightHolder":{"@id":"https:\/\/www.apfelpatient.de\/en\/#organization"}},{"@type":"WebPage","@id":"https:\/\/www.apfelpatient.de\/rumors\/its-show-time-insider-verraet-inhalt-der-apple-keynote","url":"https:\/\/www.apfelpatient.de\/rumors\/its-show-time-insider-verraet-inhalt-der-apple-keynote","name":"It&#039;s show time: Insider reveals content of Apple Keynote Apfelpatient","isPartOf":{"@id":"https:\/\/www.apfelpatient.de\/#website"},"primaryImageOfPage":{"@id":"https:\/\/www.apfelpatient.de\/rumors\/its-show-time-insider-verraet-inhalt-der-apple-keynote#primaryimage"},"image":{"@id":"https:\/\/www.apfelpatient.de\/rumors\/its-show-time-insider-verraet-inhalt-der-apple-keynote#primaryimage"},"thumbnailUrl":"https:\/\/www.apfelpatient.de\/wp-content\/uploads\/2019\/03\/Apple-iMac-gets-2x-more-performance-home-office-03192019.jpg","datePublished":"2019-03-19T15:38:27+00:00","dateModified":"2025-02-06T06:09:38+00:00","description":"- On March 25th, the time has finally come. The long-awaited and first keynote of the new year will take place as usual in the Steve Jobs Theater. An insider reveals what Apple will present on that day.","breadcrumb":{"@id":"https:\/\/www.apfelpatient.de\/rumors\/its-show-time-insider-verraet-inhalt-der-apple-keynote#breadcrumb"},"inLanguage":"en-US","potentialAction":[{"@type":"ReadAction","target":["https:\/\/www.apfelpatient.de\/rumors\/its-show-time-insider-verraet-inhalt-der-apple-keynote"]}]},{"@type":"ImageObject","inLanguage":"en-US","@id":"https:\/\/www.apfelpatient.de\/rumors\/its-show-time-insider-verraet-inhalt-der-apple-keynote#primaryimage","url":"https:\/\/www.apfelpatient.de\/wp-content\/uploads\/2019\/03\/Apple-iMac-gets-2x-more-performance-home-office-03192019.jpg","contentUrl":"https:\/\/www.apfelpatient.de\/wp-content\/uploads\/2019\/03\/Apple-iMac-gets-2x-more-performance-home-office-03192019.jpg","width":2400,"height":1476,"caption":"Bild: Apple"},{"@type":"BreadcrumbList","@id":"https:\/\/www.apfelpatient.de\/rumors\/its-show-time-insider-verraet-inhalt-der-apple-keynote#breadcrumb","itemListElement":[{"@type":"ListItem","position":1,"name":"Startseite","item":"https:\/\/www.apfelpatient.de\/"},{"@type":"ListItem","position":2,"name":"Its show time: Insider verr\u00e4t Inhalt der Apple Keynote"}]},{"@type":"WebSite","@id":"https:\/\/www.apfelpatient.de\/#website","url":"https:\/\/www.apfelpatient.de\/","name":"apple patient","description":"Everything about Apple!","publisher":{"@type":"Organization","@id":"https:\/\/www.apfelpatient.de\/en\/#organization","name":"Apfelpatient","url":"https:\/\/www.apfelpatient.de\/en\/"},"alternateName":"Apfelpatient","potentialAction":[{"@type":"SearchAction","target":{"@type":"EntryPoint","urlTemplate":"https:\/\/www.apfelpatient.de\/?s={search_term_string}"},"query-input":{"@type":"PropertyValueSpecification","valueRequired":true,"valueName":"search_term_string"}}],"inLanguage":"en-US"},{"@type":["Person","Organization"],"@id":"https:\/\/www.apfelpatient.de\/#\/schema\/person\/35b3ddba5832f2bfc7fff5206d4f6b7b","name":"Milan","logo":{"@id":"https:\/\/www.apfelpatient.de\/#\/schema\/person\/image\/"},"description":"Hello and welcome to my technology blog! As a big Apple fan, I report on everything to do with Apple: from the latest news and exciting rumors to helpful tips and tricks and detailed product tests. If you are as enthusiastic about technology as I am, you have come to the right place!","sameAs":["https:\/\/www.facebook.com\/apfelpatientOfficial","https:\/\/www.linkedin.com\/in\/milan-jovicic-42aa0231b"],"url":"https:\/\/www.apfelpatient.de\/en\/author\/apfeladmin"}]}},"_links":{"self":[{"href":"https:\/\/www.apfelpatient.de\/en\/wp-json\/wp\/v2\/posts\/3773","targetHints":{"allow":["GET"]}}],"collection":[{"href":"https:\/\/www.apfelpatient.de\/en\/wp-json\/wp\/v2\/posts"}],"about":[{"href":"https:\/\/www.apfelpatient.de\/en\/wp-json\/wp\/v2\/types\/post"}],"author":[{"embeddable":true,"href":"https:\/\/www.apfelpatient.de\/en\/wp-json\/wp\/v2\/users\/2"}],"replies":[{"embeddable":true,"href":"https:\/\/www.apfelpatient.de\/en\/wp-json\/wp\/v2\/comments?post=3773"}],"version-history":[{"count":0,"href":"https:\/\/www.apfelpatient.de\/en\/wp-json\/wp\/v2\/posts\/3773\/revisions"}],"wp:featuredmedia":[{"embeddable":true,"href":"https:\/\/www.apfelpatient.de\/en\/wp-json\/wp\/v2\/media\/3774"}],"wp:attachment":[{"href":"https:\/\/www.apfelpatient.de\/en\/wp-json\/wp\/v2\/media?parent=3773"}],"wp:term":[{"taxonomy":"category","embeddable":true,"href":"https:\/\/www.apfelpatient.de\/en\/wp-json\/wp\/v2\/categories?post=3773"},{"taxonomy":"post_tag","embeddable":true,"href":"https:\/\/www.apfelpatient.de\/en\/wp-json\/wp\/v2\/tags?post=3773"}],"curies":[{"name":"wp","href":"https:\/\/api.w.org\/{rel}","templated":true}]}}