{"id":37719,"date":"2023-03-12T18:51:03","date_gmt":"2023-03-12T17:51:03","guid":{"rendered":"https:\/\/www.apfelpatient.de\/?p=37719"},"modified":"2023-03-12T18:51:04","modified_gmt":"2023-03-12T17:51:04","slug":"apple-ar-vr-headset-tim-cook-pushes-for-presentation","status":"publish","type":"post","link":"https:\/\/www.apfelpatient.de\/en\/rumors\/apple-ar-vr-headset-tim-cook-draengt-auf-praesentation","title":{"rendered":"Apple AR\/VR headset: Tim Cook pushes for presentation"},"content":{"rendered":"<p class=\"has-drop-cap\"><strong>The expected 2023 launch of Apple&#039;s AR\/VR headset is a management decision against the advice of the company&#039;s design team, which preferred to wait to launch AR glasses, according to a report.<\/strong><\/p>\n\n\n\n<p>Apple&#039;s AR\/VR headset has been speculated about for years, but it has not yet been unveiled. While current speculation suggests that Apple will unveil the headset at WWDC this summer, some at the company would have preferred to wait a little longer. In a Financial Times report on the project <a href=\"https:\/\/www.ft.com\" target=\"_blank\" rel=\"noreferrer noopener\">is called<\/a> it said the launch was delayed because of &quot;tremendous pressure,&quot; according to a former engineer who worked on the headset. &quot;They&#039;ve been postponing the launch over and over again for the past few years.&quot; It&#039;s unclear why the launch keeps being delayed, but several people familiar with the project point to tensions between the operations team and the famed industrial design team.<\/p>\n\n\n\n<h3 class=\"wp-block-heading\" id=\"h-apple-ar-vr-headset-tim-cook-stellt-sich-auf-die-seite-von-jeff-williams\">Apple AR\/VR headset: Tim Cook sides with Jeff Williams<\/h3>\n\n\n\n<p>The operations team is keen to release the &quot;version one&quot; product, the ski goggle design that is currently being speculated about and that would enable typical VR features. The design team, on the other hand, wants to wait until lightweight AR goggles are technically feasible, but that may still take years.<\/p>\n\n\n\n<figure class=\"wp-block-image size-large\"><img decoding=\"async\" width=\"1024\" height=\"631\" src=\"https:\/\/www.apfelpatient.de\/wp-content\/uploads\/2021\/12\/AppleView-hero2-transparent-1024x631.png\" alt=\"Apple AR\/VR headset\" class=\"wp-image-29190\" srcset=\"https:\/\/www.apfelpatient.de\/wp-content\/uploads\/2021\/12\/AppleView-hero2-transparent-1024x631.png 1024w, https:\/\/www.apfelpatient.de\/wp-content\/uploads\/2021\/12\/AppleView-hero2-transparent-300x185.png 300w, https:\/\/www.apfelpatient.de\/wp-content\/uploads\/2021\/12\/AppleView-hero2-transparent-768x473.png 768w, https:\/\/www.apfelpatient.de\/wp-content\/uploads\/2021\/12\/AppleView-hero2-transparent-1536x947.png 1536w, https:\/\/www.apfelpatient.de\/wp-content\/uploads\/2021\/12\/AppleView-hero2-transparent-750x462.png 750w, https:\/\/www.apfelpatient.de\/wp-content\/uploads\/2021\/12\/AppleView-hero2-transparent-1140x703.png 1140w, https:\/\/www.apfelpatient.de\/wp-content\/uploads\/2021\/12\/AppleView-hero2-transparent.png 1600w\" sizes=\"(max-width: 1024px) 100vw, 1024px\" \/><figcaption class=\"wp-element-caption\">Image: Rendersbyjan \u2013 Apple View \u2013 Apple AR\/VR headset<\/figcaption><\/figure>\n\n\n\n<p>Apple CEO Tim Cook apparently sided with chief operating officer Jeff Williams on the decision, overruling the designers who had a lot of influence over future products under Jony Ive. With the design team reporting to Williams and staff turnover increasing, the design team appears to have lost much of its influence. One former engineer said the move to an operations-focused approach was a &quot;logical evolution&quot; for the company under Cook&#039;s leadership. They also said the best part of working at Apple was coming up with engineering solutions to the design team&#039;s &quot;crazy requests,&quot; but that feeling has worsened over the years.<\/p>\n\n\n\n<h3 class=\"wp-block-heading\">The first version could serve as a growth catalyst for later generations<\/h3>\n\n\n\n\n\n\n\n<p>This initial offering is also expected to be a rather small sales success, with around one million units expected to be sold within 12 months at a price of $3,000 apiece. This may seem small to observers given the size of the company, but the historical growth in product sales for other milestone products such as the iPhone and Apple Watch could also apply to the headset. Analysts also expect the first version to be sold to loyal users and to show the developer community something to create apps for. With 34 million registered developers working in the Apple ecosystem and potentially developing applications for the platform, the first device could serve as a growth catalyst for the second generation and beyond. (Image: Rendersbyjan)<\/p>\n\n\n\n<ul class=\"wp-block-list\">\n<li><a href=\"https:\/\/www.apfelpatient.de\/en\/rumors\/ar-vr-headset-technology-apple-wants-to-help-people-with-eye-diseases\">AR\/VR headset technology: Apple wants to help people with eye diseases<\/a><\/li>\n<\/ul>\n\n\n\n<h6 class=\"wp-block-heading translation-block\" id=\"h-kennt-ihr-schon-unsere-amazon-storefront-dort-findet-ihr-eine-handverlesene-auswahl-von-diversen-produkten-f-r-euer-iphone-und-co-viel-spa-beim-st-bern\"><em>Have you already visited our Amazon Storefront? There you&#039;ll find a hand-picked selection of various products for your iPhone and other devices \u2013 <span class=\"has-inline-color has-vivid-red-color\"><a href=\"https:\/\/www.amazon.de\/shop\/apfelpatientofficial\" class=\"ek-link\" data-wpel-link=\"exclude\" rel=\"follow noopener\" target=\"_self\"><span style=\"text-decoration: underline\" class=\"ek-underline\">enjoy browsing<\/span><\/a> !<\/span><\/em><\/h6>\n\n\n\n<h6 class=\"wp-block-heading translation-block\" id=\"h-der-beitrag-enthalt-partnerlinks\">This post contains <a data-type=\"URL\" data-id=\"https:\/\/www.apfelpatient.de\/partnerprogramm\" href=\"https:\/\/www.apfelpatient.de\/en\/partner-program\" data-wpel-link=\"internal\" target=\"_self\">affiliate links<\/a>.<\/h6>","protected":false},"excerpt":{"rendered":"<p>Tim Cook sides with Jeff Williams: Apple&#039;s AR\/VR headset has been the subject of speculation for years.<\/p>","protected":false},"author":2,"featured_media":29191,"comment_status":"closed","ping_status":"closed","sticky":false,"template":"","format":"standard","meta":{"jnews-multi-image_gallery":[],"jnews_single_post":{"subtitle":"","format":"standard","video":"","gallery":"","source_name":"","source_url":"","via_name":"","via_url":"","override":[{"single_blog_custom":"","sidebar":"","second_sidebar":"","share_position":"","share_float_style":"","post_date_format":"","post_date_format_custom":"","post_reading_time_wpm":"","zoom_button_out_step":"1","zoom_button_in_step":"1","number_popup_post":"1"}],"image_override":[{"single_post_thumbnail_size":"","single_post_gallery_size":""}],"trending_post_position":"","trending_post_label":"","sponsored_post_label":"","sponsored_post_name":"","sponsored_post_url":"","sponsored_post_logo":"","sponsored_post_desc":""},"jnews_primary_category":{"id":"25"},"footnotes":""},"categories":[25],"tags":[609],"class_list":["post-37719","post","type-post","status-publish","format-standard","has-post-thumbnail","hentry","category-rumors","tag-apple-vr-ar"],"yoast_head":"<!-- This site is optimized with the Yoast SEO Premium plugin v27.5 (Yoast SEO v27.5) - https:\/\/yoast.com\/product\/yoast-seo-premium-wordpress\/ -->\n<title>Apple AR\/VR-Headset: Tim Cook dr\u00e4ngt auf Pr\u00e4sentation<\/title>\n<meta name=\"description\" content=\"Tim Cook stellt sich auf die Seite von Jeff Williams: \u00dcber das AR\/VR-Headset von Apple wird seit Jahren spekuliert.\" \/>\n<meta name=\"robots\" content=\"index, follow, max-snippet:-1, max-image-preview:large, max-video-preview:-1\" \/>\n<link rel=\"canonical\" href=\"https:\/\/www.apfelpatient.de\/en\/rumors\/apple-ar-vr-headset-tim-cook-pushes-for-presentation\" \/>\n<meta property=\"og:locale\" content=\"en_US\" \/>\n<meta property=\"og:type\" content=\"article\" \/>\n<meta property=\"og:title\" content=\"Apple AR\/VR-Headset: Tim Cook dr\u00e4ngt auf Pr\u00e4sentation\" \/>\n<meta property=\"og:description\" content=\"Tim Cook stellt sich auf die Seite von Jeff Williams: \u00dcber das AR\/VR-Headset von Apple wird seit Jahren spekuliert.\" \/>\n<meta property=\"og:url\" content=\"https:\/\/www.apfelpatient.de\/en\/rumors\/apple-ar-vr-headset-tim-cook-pushes-for-presentation\" \/>\n<meta property=\"og:site_name\" content=\"Apfelpatient\" \/>\n<meta property=\"article:publisher\" content=\"https:\/\/www.facebook.com\/apfelpatientOfficial\" \/>\n<meta property=\"article:author\" content=\"https:\/\/www.facebook.com\/apfelpatientOfficial\" \/>\n<meta property=\"article:published_time\" content=\"2023-03-12T17:51:03+00:00\" \/>\n<meta property=\"article:modified_time\" content=\"2023-03-12T17:51:04+00:00\" \/>\n<meta property=\"og:image\" content=\"https:\/\/www.apfelpatient.de\/wp-content\/uploads\/2021\/12\/AppleView-hero2.png\" \/>\n\t<meta property=\"og:image:width\" content=\"1600\" \/>\n\t<meta property=\"og:image:height\" content=\"986\" \/>\n\t<meta property=\"og:image:type\" content=\"image\/png\" \/>\n<meta name=\"author\" content=\"Milan\" \/>\n<meta name=\"twitter:card\" content=\"summary_large_image\" \/>\n<meta name=\"twitter:description\" content=\"Tim Cook stellt sich auf die Seite von Jeff Williams: \u00dcber das AR\/VR-Headset von Apple wird seit Jahren spekuliert.\" \/>\n<meta name=\"twitter:label1\" content=\"Written by\" \/>\n\t<meta name=\"twitter:data1\" content=\"Milan\" \/>\n\t<meta name=\"twitter:label2\" content=\"Est. reading time\" \/>\n\t<meta name=\"twitter:data2\" content=\"3 minutes\" \/>\n<script type=\"application\/ld+json\" class=\"yoast-schema-graph\">{\"@context\":\"https:\\\/\\\/schema.org\",\"@graph\":[{\"@type\":\"NewsArticle\",\"@id\":\"https:\\\/\\\/www.apfelpatient.de\\\/rumors\\\/apple-ar-vr-headset-tim-cook-draengt-auf-praesentation#article\",\"isPartOf\":{\"@id\":\"https:\\\/\\\/www.apfelpatient.de\\\/rumors\\\/apple-ar-vr-headset-tim-cook-draengt-auf-praesentation\"},\"author\":{\"@type\":\"Organization\",\"@id\":\"https:\\\/\\\/www.apfelpatient.de\\\/en\\\/#organization\",\"name\":\"Apfelpatient\",\"url\":\"https:\\\/\\\/www.apfelpatient.de\\\/en\\\/\"},\"headline\":\"Apple AR\\\/VR-Headset: Tim Cook dr\u00e4ngt auf Pr\u00e4sentation\",\"datePublished\":\"2023-03-12T17:51:03+00:00\",\"dateModified\":\"2023-03-12T17:51:04+00:00\",\"mainEntityOfPage\":{\"@id\":\"https:\\\/\\\/www.apfelpatient.de\\\/rumors\\\/apple-ar-vr-headset-tim-cook-draengt-auf-praesentation\"},\"wordCount\":518,\"publisher\":{\"@type\":\"Organization\",\"@id\":\"https:\\\/\\\/www.apfelpatient.de\\\/en\\\/#organization\",\"name\":\"Apfelpatient\",\"url\":\"https:\\\/\\\/www.apfelpatient.de\\\/en\\\/\"},\"image\":{\"@id\":\"https:\\\/\\\/www.apfelpatient.de\\\/rumors\\\/apple-ar-vr-headset-tim-cook-draengt-auf-praesentation#primaryimage\"},\"thumbnailUrl\":\"https:\\\/\\\/www.apfelpatient.de\\\/wp-content\\\/uploads\\\/2021\\\/12\\\/AppleView-hero2.png\",\"keywords\":[\"Apple VR\\\/AR\"],\"articleSection\":\"Rumors\",\"inLanguage\":\"en-US\",\"copyrightYear\":\"2023\",\"copyrightHolder\":{\"@id\":\"https:\\\/\\\/www.apfelpatient.de\\\/en\\\/#organization\"}},{\"@type\":\"WebPage\",\"@id\":\"https:\\\/\\\/www.apfelpatient.de\\\/rumors\\\/apple-ar-vr-headset-tim-cook-draengt-auf-praesentation\",\"url\":\"https:\\\/\\\/www.apfelpatient.de\\\/rumors\\\/apple-ar-vr-headset-tim-cook-draengt-auf-praesentation\",\"name\":\"Apple AR\\\/VR-Headset: Tim Cook dr\u00e4ngt auf Pr\u00e4sentation\",\"isPartOf\":{\"@id\":\"https:\\\/\\\/www.apfelpatient.de\\\/#website\"},\"primaryImageOfPage\":{\"@id\":\"https:\\\/\\\/www.apfelpatient.de\\\/rumors\\\/apple-ar-vr-headset-tim-cook-draengt-auf-praesentation#primaryimage\"},\"image\":{\"@id\":\"https:\\\/\\\/www.apfelpatient.de\\\/rumors\\\/apple-ar-vr-headset-tim-cook-draengt-auf-praesentation#primaryimage\"},\"thumbnailUrl\":\"https:\\\/\\\/www.apfelpatient.de\\\/wp-content\\\/uploads\\\/2021\\\/12\\\/AppleView-hero2.png\",\"datePublished\":\"2023-03-12T17:51:03+00:00\",\"dateModified\":\"2023-03-12T17:51:04+00:00\",\"description\":\"Tim Cook stellt sich auf die Seite von Jeff Williams: \u00dcber das AR\\\/VR-Headset von Apple wird seit Jahren spekuliert.\",\"breadcrumb\":{\"@id\":\"https:\\\/\\\/www.apfelpatient.de\\\/rumors\\\/apple-ar-vr-headset-tim-cook-draengt-auf-praesentation#breadcrumb\"},\"inLanguage\":\"en-US\",\"potentialAction\":[{\"@type\":\"ReadAction\",\"target\":[\"https:\\\/\\\/www.apfelpatient.de\\\/rumors\\\/apple-ar-vr-headset-tim-cook-draengt-auf-praesentation\"]}]},{\"@type\":\"ImageObject\",\"inLanguage\":\"en-US\",\"@id\":\"https:\\\/\\\/www.apfelpatient.de\\\/rumors\\\/apple-ar-vr-headset-tim-cook-draengt-auf-praesentation#primaryimage\",\"url\":\"https:\\\/\\\/www.apfelpatient.de\\\/wp-content\\\/uploads\\\/2021\\\/12\\\/AppleView-hero2.png\",\"contentUrl\":\"https:\\\/\\\/www.apfelpatient.de\\\/wp-content\\\/uploads\\\/2021\\\/12\\\/AppleView-hero2.png\",\"width\":1600,\"height\":986,\"caption\":\"Bild: Rendersbyjan - Apple View - Apple AR\\\/VR-Headset\"},{\"@type\":\"BreadcrumbList\",\"@id\":\"https:\\\/\\\/www.apfelpatient.de\\\/rumors\\\/apple-ar-vr-headset-tim-cook-draengt-auf-praesentation#breadcrumb\",\"itemListElement\":[{\"@type\":\"ListItem\",\"position\":1,\"name\":\"Startseite\",\"item\":\"https:\\\/\\\/www.apfelpatient.de\\\/\"},{\"@type\":\"ListItem\",\"position\":2,\"name\":\"Apple AR\\\/VR-Headset: Tim Cook dr\u00e4ngt auf Pr\u00e4sentation\"}]},{\"@type\":\"WebSite\",\"@id\":\"https:\\\/\\\/www.apfelpatient.de\\\/#website\",\"url\":\"https:\\\/\\\/www.apfelpatient.de\\\/\",\"name\":\"Apfelpatient\",\"description\":\"Alles rund um Apple!\",\"publisher\":{\"@type\":\"Organization\",\"@id\":\"https:\\\/\\\/www.apfelpatient.de\\\/en\\\/#organization\",\"name\":\"Apfelpatient\",\"url\":\"https:\\\/\\\/www.apfelpatient.de\\\/en\\\/\"},\"alternateName\":\"Apfelpatient\",\"potentialAction\":[{\"@type\":\"SearchAction\",\"target\":{\"@type\":\"EntryPoint\",\"urlTemplate\":\"https:\\\/\\\/www.apfelpatient.de\\\/?s={search_term_string}\"},\"query-input\":{\"@type\":\"PropertyValueSpecification\",\"valueRequired\":true,\"valueName\":\"search_term_string\"}}],\"inLanguage\":\"en-US\"},{\"@type\":[\"Person\",\"Organization\"],\"@id\":\"https:\\\/\\\/www.apfelpatient.de\\\/#\\\/schema\\\/person\\\/35b3ddba5832f2bfc7fff5206d4f6b7b\",\"name\":\"Milan\",\"logo\":{\"@id\":\"https:\\\/\\\/www.apfelpatient.de\\\/#\\\/schema\\\/person\\\/image\\\/\"},\"description\":\"Hallo und herzlich willkommen auf meinem Technik-Blog! Als gro\u00dfer Apple-Fan berichte ich hier \u00fcber alles, was mit Apple zu tun hat: von den neuesten News und spannenden Ger\u00fcchten \u00fcber hilfreiche Tipps und Tricks bis hin zu ausf\u00fchrlichen Produkttests. Wenn du genauso technikbegeistert bist wie ich, bist du hier genau richtig!\",\"sameAs\":[\"https:\\\/\\\/www.facebook.com\\\/apfelpatientOfficial\",\"https:\\\/\\\/www.linkedin.com\\\/in\\\/milan-jovicic-42aa0231b\"],\"url\":\"https:\\\/\\\/www.apfelpatient.de\\\/en\\\/author\\\/apfeladmin\"}]}<\/script>\n<!-- \/ Yoast SEO Premium plugin. -->","yoast_head_json":{"title":"Apple AR\/VR headset: Tim Cook pushes for presentation","description":"Tim Cook sides with Jeff Williams: Apple&#039;s AR\/VR headset has been the subject of speculation for years.","robots":{"index":"index","follow":"follow","max-snippet":"max-snippet:-1","max-image-preview":"max-image-preview:large","max-video-preview":"max-video-preview:-1"},"canonical":"https:\/\/www.apfelpatient.de\/en\/rumors\/apple-ar-vr-headset-tim-cook-pushes-for-presentation","og_locale":"en_US","og_type":"article","og_title":"Apple AR\/VR-Headset: Tim Cook dr\u00e4ngt auf Pr\u00e4sentation","og_description":"Tim Cook stellt sich auf die Seite von Jeff Williams: \u00dcber das AR\/VR-Headset von Apple wird seit Jahren spekuliert.","og_url":"https:\/\/www.apfelpatient.de\/en\/rumors\/apple-ar-vr-headset-tim-cook-pushes-for-presentation","og_site_name":"Apfelpatient","article_publisher":"https:\/\/www.facebook.com\/apfelpatientOfficial","article_author":"https:\/\/www.facebook.com\/apfelpatientOfficial","article_published_time":"2023-03-12T17:51:03+00:00","article_modified_time":"2023-03-12T17:51:04+00:00","og_image":[{"width":1600,"height":986,"url":"https:\/\/www.apfelpatient.de\/wp-content\/uploads\/2021\/12\/AppleView-hero2.png","type":"image\/png"}],"author":"Milan","twitter_card":"summary_large_image","twitter_description":"Tim Cook stellt sich auf die Seite von Jeff Williams: \u00dcber das AR\/VR-Headset von Apple wird seit Jahren spekuliert.","twitter_misc":{"Written by":"Milan","Est. reading time":"3 minutes"},"schema":{"@context":"https:\/\/schema.org","@graph":[{"@type":"NewsArticle","@id":"https:\/\/www.apfelpatient.de\/rumors\/apple-ar-vr-headset-tim-cook-draengt-auf-praesentation#article","isPartOf":{"@id":"https:\/\/www.apfelpatient.de\/rumors\/apple-ar-vr-headset-tim-cook-draengt-auf-praesentation"},"author":{"@type":"Organization","@id":"https:\/\/www.apfelpatient.de\/en\/#organization","name":"Apfelpatient","url":"https:\/\/www.apfelpatient.de\/en\/"},"headline":"Apple AR\/VR-Headset: Tim Cook dr\u00e4ngt auf Pr\u00e4sentation","datePublished":"2023-03-12T17:51:03+00:00","dateModified":"2023-03-12T17:51:04+00:00","mainEntityOfPage":{"@id":"https:\/\/www.apfelpatient.de\/rumors\/apple-ar-vr-headset-tim-cook-draengt-auf-praesentation"},"wordCount":518,"publisher":{"@type":"Organization","@id":"https:\/\/www.apfelpatient.de\/en\/#organization","name":"Apfelpatient","url":"https:\/\/www.apfelpatient.de\/en\/"},"image":{"@id":"https:\/\/www.apfelpatient.de\/rumors\/apple-ar-vr-headset-tim-cook-draengt-auf-praesentation#primaryimage"},"thumbnailUrl":"https:\/\/www.apfelpatient.de\/wp-content\/uploads\/2021\/12\/AppleView-hero2.png","keywords":["Apple VR\/AR"],"articleSection":"Rumors","inLanguage":"en-US","copyrightYear":"2023","copyrightHolder":{"@id":"https:\/\/www.apfelpatient.de\/en\/#organization"}},{"@type":"WebPage","@id":"https:\/\/www.apfelpatient.de\/rumors\/apple-ar-vr-headset-tim-cook-draengt-auf-praesentation","url":"https:\/\/www.apfelpatient.de\/rumors\/apple-ar-vr-headset-tim-cook-draengt-auf-praesentation","name":"Apple AR\/VR headset: Tim Cook pushes for presentation","isPartOf":{"@id":"https:\/\/www.apfelpatient.de\/#website"},"primaryImageOfPage":{"@id":"https:\/\/www.apfelpatient.de\/rumors\/apple-ar-vr-headset-tim-cook-draengt-auf-praesentation#primaryimage"},"image":{"@id":"https:\/\/www.apfelpatient.de\/rumors\/apple-ar-vr-headset-tim-cook-draengt-auf-praesentation#primaryimage"},"thumbnailUrl":"https:\/\/www.apfelpatient.de\/wp-content\/uploads\/2021\/12\/AppleView-hero2.png","datePublished":"2023-03-12T17:51:03+00:00","dateModified":"2023-03-12T17:51:04+00:00","description":"Tim Cook sides with Jeff Williams: Apple&#039;s AR\/VR headset has been the subject of speculation for years.","breadcrumb":{"@id":"https:\/\/www.apfelpatient.de\/rumors\/apple-ar-vr-headset-tim-cook-draengt-auf-praesentation#breadcrumb"},"inLanguage":"en-US","potentialAction":[{"@type":"ReadAction","target":["https:\/\/www.apfelpatient.de\/rumors\/apple-ar-vr-headset-tim-cook-draengt-auf-praesentation"]}]},{"@type":"ImageObject","inLanguage":"en-US","@id":"https:\/\/www.apfelpatient.de\/rumors\/apple-ar-vr-headset-tim-cook-draengt-auf-praesentation#primaryimage","url":"https:\/\/www.apfelpatient.de\/wp-content\/uploads\/2021\/12\/AppleView-hero2.png","contentUrl":"https:\/\/www.apfelpatient.de\/wp-content\/uploads\/2021\/12\/AppleView-hero2.png","width":1600,"height":986,"caption":"Bild: Rendersbyjan - Apple View - Apple AR\/VR-Headset"},{"@type":"BreadcrumbList","@id":"https:\/\/www.apfelpatient.de\/rumors\/apple-ar-vr-headset-tim-cook-draengt-auf-praesentation#breadcrumb","itemListElement":[{"@type":"ListItem","position":1,"name":"Startseite","item":"https:\/\/www.apfelpatient.de\/"},{"@type":"ListItem","position":2,"name":"Apple AR\/VR-Headset: Tim Cook dr\u00e4ngt auf Pr\u00e4sentation"}]},{"@type":"WebSite","@id":"https:\/\/www.apfelpatient.de\/#website","url":"https:\/\/www.apfelpatient.de\/","name":"apple patient","description":"Everything about Apple!","publisher":{"@type":"Organization","@id":"https:\/\/www.apfelpatient.de\/en\/#organization","name":"Apfelpatient","url":"https:\/\/www.apfelpatient.de\/en\/"},"alternateName":"Apfelpatient","potentialAction":[{"@type":"SearchAction","target":{"@type":"EntryPoint","urlTemplate":"https:\/\/www.apfelpatient.de\/?s={search_term_string}"},"query-input":{"@type":"PropertyValueSpecification","valueRequired":true,"valueName":"search_term_string"}}],"inLanguage":"en-US"},{"@type":["Person","Organization"],"@id":"https:\/\/www.apfelpatient.de\/#\/schema\/person\/35b3ddba5832f2bfc7fff5206d4f6b7b","name":"Milan","logo":{"@id":"https:\/\/www.apfelpatient.de\/#\/schema\/person\/image\/"},"description":"Hello and welcome to my technology blog! As a big Apple fan, I report on everything to do with Apple: from the latest news and exciting rumors to helpful tips and tricks and detailed product tests. If you are as enthusiastic about technology as I am, you have come to the right place!","sameAs":["https:\/\/www.facebook.com\/apfelpatientOfficial","https:\/\/www.linkedin.com\/in\/milan-jovicic-42aa0231b"],"url":"https:\/\/www.apfelpatient.de\/en\/author\/apfeladmin"}]}},"_links":{"self":[{"href":"https:\/\/www.apfelpatient.de\/en\/wp-json\/wp\/v2\/posts\/37719","targetHints":{"allow":["GET"]}}],"collection":[{"href":"https:\/\/www.apfelpatient.de\/en\/wp-json\/wp\/v2\/posts"}],"about":[{"href":"https:\/\/www.apfelpatient.de\/en\/wp-json\/wp\/v2\/types\/post"}],"author":[{"embeddable":true,"href":"https:\/\/www.apfelpatient.de\/en\/wp-json\/wp\/v2\/users\/2"}],"replies":[{"embeddable":true,"href":"https:\/\/www.apfelpatient.de\/en\/wp-json\/wp\/v2\/comments?post=37719"}],"version-history":[{"count":0,"href":"https:\/\/www.apfelpatient.de\/en\/wp-json\/wp\/v2\/posts\/37719\/revisions"}],"wp:featuredmedia":[{"embeddable":true,"href":"https:\/\/www.apfelpatient.de\/en\/wp-json\/wp\/v2\/media\/29191"}],"wp:attachment":[{"href":"https:\/\/www.apfelpatient.de\/en\/wp-json\/wp\/v2\/media?parent=37719"}],"wp:term":[{"taxonomy":"category","embeddable":true,"href":"https:\/\/www.apfelpatient.de\/en\/wp-json\/wp\/v2\/categories?post=37719"},{"taxonomy":"post_tag","embeddable":true,"href":"https:\/\/www.apfelpatient.de\/en\/wp-json\/wp\/v2\/tags?post=37719"}],"curies":[{"name":"wp","href":"https:\/\/api.w.org\/{rel}","templated":true}]}}