{"id":37662,"date":"2023-03-07T16:32:41","date_gmt":"2023-03-07T15:32:41","guid":{"rendered":"https:\/\/www.apfelpatient.de\/?p=37662"},"modified":"2023-03-07T16:32:42","modified_gmt":"2023-03-07T15:32:42","slug":"new-macbook-air-models-are-said-to-be-equipped-with-m3-chip","status":"publish","type":"post","link":"https:\/\/www.apfelpatient.de\/en\/rumors\/neue-macbook-air-modelle-sollen-mit-m3-chip-ausgestattet-sein","title":{"rendered":"New MacBook Air models are said to be equipped with M3 chip"},"content":{"rendered":"<p class=\"has-drop-cap\"><strong>The next generation of Apple&#039;s 13- and 15-inch MacBook Air models will feature an M3 chip, it is now reported. In addition, it is claimed that Apple is also planning an updated version of the 13-inch MacBook Pro with an M3 chip.<\/strong><\/p>\n\n\n\n<p>The unannounced M3 chip is reported to US blog 9to5Mac <a href=\"https:\/\/9to5mac.com\/2023\/03\/06\/13-15-inch-macbook-air-m3-macbook-pro\/\" target=\"_blank\" rel=\"noreferrer noopener\">according to<\/a> like the M2 chip, will be equipped with an 8-core CPU. However, the chip is expected to be manufactured on TSMC&#039;s latest 3nm process to further improve performance and power efficiency. The M2 chip and its higher-end Pro and Max variants will be manufactured using TSMC&#039;s second-generation 5nm process. The report leaves open when the MacBook trio will be announced, but speculates that WWDC 2023 in June would be an ideal time for Apple to announce the M3 chip and the first Macs with that chip. Last year, Apple unveiled the current MacBook Air and 13-inch MacBook Pro with the M2 chip at WWDC 2022.<\/p>\n\n\n\n<h3 class=\"wp-block-heading\" id=\"h-widerspruchliche-berichte-wann-wird-apple-die-neuen-macbook-air-modelle-vorstellen\">Conflicting reports: When will Apple introduce the new MacBook Air models?<\/h3>\n\n\n\n\n\n\n\n<p>On Sunday, Bloomberg&#039;s Mark Gurman said it was &quot;plausible&quot; that at least the new 13-inch MacBook Air would feature the M3 chip. He said Apple would likely launch both the 13-inch and 15-inch models &quot;between late spring and summer.&quot; There are conflicting reports about whether the new MacBook Airs will feature the M2 or M3 chip and when they will launch. Just a few hours ago, analyst Ross Young reiterated his expectation that the 15-inch MacBook Air will launch in April. (Image: Apple)<\/p>\n\n\n\n<ul class=\"wp-block-list\">\n<li><a href=\"https:\/\/www.apfelpatient.de\/en\/rumors\/new-imac-allegedly-in-advanced-development-stage\">New iMac reportedly in advanced development stage<\/a><\/li>\n<\/ul>\n\n\n\n<h6 class=\"wp-block-heading translation-block\" id=\"h-kennt-ihr-schon-unsere-amazon-storefront-dort-findet-ihr-eine-handverlesene-auswahl-von-diversen-produkten-f-r-euer-iphone-und-co-viel-spa-beim-st-bern\"><em>Have you already visited our Amazon Storefront? There you&#039;ll find a hand-picked selection of various products for your iPhone and other devices \u2013 <span class=\"has-inline-color has-vivid-red-color\"><a href=\"https:\/\/www.amazon.de\/shop\/apfelpatientofficial\" class=\"ek-link\" data-wpel-link=\"exclude\" rel=\"follow noopener\" target=\"_self\"><span style=\"text-decoration: underline\" class=\"ek-underline\">enjoy browsing<\/span><\/a> !<\/span><\/em><\/h6>\n\n\n\n<h6 class=\"wp-block-heading translation-block\" id=\"h-der-beitrag-enthalt-partnerlinks\">This post contains <a data-type=\"URL\" data-id=\"https:\/\/www.apfelpatient.de\/partnerprogramm\" href=\"https:\/\/www.apfelpatient.de\/en\/partner-program\" data-wpel-link=\"internal\" target=\"_self\">affiliate links<\/a>.<\/h6>","protected":false},"excerpt":{"rendered":"<p>The next generation of Apple&#039;s 13- and 15-inch MacBook Air models will be equipped with an M3 chip, it is now reported.<\/p>","protected":false},"author":2,"featured_media":32076,"comment_status":"closed","ping_status":"closed","sticky":false,"template":"","format":"standard","meta":{"jnews-multi-image_gallery":[],"jnews_single_post":{"subtitle":"","format":"standard","video":"","gallery":"","source_name":"","source_url":"","via_name":"","via_url":"","override":[{"single_blog_custom":"","sidebar":"","second_sidebar":"","share_position":"","share_float_style":"","post_date_format":"","post_date_format_custom":"","post_reading_time_wpm":"","zoom_button_out_step":"1","zoom_button_in_step":"1","number_popup_post":"1"}],"image_override":[{"single_post_thumbnail_size":"","single_post_gallery_size":""}],"trending_post_position":"","trending_post_label":"","sponsored_post_label":"","sponsored_post_name":"","sponsored_post_url":"","sponsored_post_logo":"","sponsored_post_desc":""},"jnews_primary_category":{"id":"25"},"footnotes":""},"categories":[25],"tags":[40,41,50],"class_list":["post-37662","post","type-post","status-publish","format-standard","has-post-thumbnail","hentry","category-rumors","tag-mac","tag-macbook-air","tag-macbook-pro"],"yoast_head":"<!-- This site is optimized with the Yoast SEO Premium plugin v27.5 (Yoast SEO v27.5) - https:\/\/yoast.com\/product\/yoast-seo-premium-wordpress\/ -->\n<title>Neue MacBook Air Modelle sollen mit M3-Chip ausgestattet sein<\/title>\n<meta name=\"description\" content=\"Die n\u00e4chste Generation der 13- und 15-Zoll MacBook Air Modelle von Apple wird mit einem M3-Chip ausgestattet sein, wie nun berichtet wird.\" \/>\n<meta name=\"robots\" content=\"index, follow, max-snippet:-1, max-image-preview:large, max-video-preview:-1\" \/>\n<link rel=\"canonical\" href=\"https:\/\/www.apfelpatient.de\/en\/rumors\/new-macbook-air-models-are-said-to-be-equipped-with-m3-chip\" \/>\n<meta property=\"og:locale\" content=\"en_US\" \/>\n<meta property=\"og:type\" content=\"article\" \/>\n<meta property=\"og:title\" content=\"Neue MacBook Air Modelle sollen mit M3-Chip ausgestattet sein\" \/>\n<meta property=\"og:description\" content=\"Die n\u00e4chste Generation der 13- und 15-Zoll MacBook Air Modelle von Apple wird mit einem M3-Chip ausgestattet sein, wie nun berichtet wird.\" \/>\n<meta property=\"og:url\" content=\"https:\/\/www.apfelpatient.de\/en\/rumors\/new-macbook-air-models-are-said-to-be-equipped-with-m3-chip\" \/>\n<meta property=\"og:site_name\" content=\"Apfelpatient\" \/>\n<meta property=\"article:publisher\" content=\"https:\/\/www.facebook.com\/apfelpatientOfficial\" \/>\n<meta property=\"article:author\" content=\"https:\/\/www.facebook.com\/apfelpatientOfficial\" \/>\n<meta property=\"article:published_time\" content=\"2023-03-07T15:32:41+00:00\" \/>\n<meta property=\"article:modified_time\" content=\"2023-03-07T15:32:42+00:00\" \/>\n<meta property=\"og:image\" content=\"https:\/\/www.apfelpatient.de\/wp-content\/uploads\/2022\/06\/Apple-WWDC22-MacBook-Air-headphone-jack-220606.jpg\" \/>\n\t<meta property=\"og:image:width\" content=\"1600\" \/>\n\t<meta property=\"og:image:height\" content=\"1066\" \/>\n\t<meta property=\"og:image:type\" content=\"image\/jpeg\" \/>\n<meta name=\"author\" content=\"Milan\" \/>\n<meta name=\"twitter:card\" content=\"summary_large_image\" \/>\n<meta name=\"twitter:description\" content=\"Die n\u00e4chste Generation der 13- und 15-Zoll MacBook Air Modelle von Apple wird mit einem M3-Chip ausgestattet sein, wie nun berichtet wird.\" \/>\n<meta name=\"twitter:label1\" content=\"Written by\" \/>\n\t<meta name=\"twitter:data1\" content=\"Milan\" \/>\n\t<meta name=\"twitter:label2\" content=\"Est. reading time\" \/>\n\t<meta name=\"twitter:data2\" content=\"2 minutes\" \/>\n<script type=\"application\/ld+json\" class=\"yoast-schema-graph\">{\"@context\":\"https:\\\/\\\/schema.org\",\"@graph\":[{\"@type\":\"NewsArticle\",\"@id\":\"https:\\\/\\\/www.apfelpatient.de\\\/rumors\\\/neue-macbook-air-modelle-sollen-mit-m3-chip-ausgestattet-sein#article\",\"isPartOf\":{\"@id\":\"https:\\\/\\\/www.apfelpatient.de\\\/rumors\\\/neue-macbook-air-modelle-sollen-mit-m3-chip-ausgestattet-sein\"},\"author\":{\"@type\":\"Organization\",\"@id\":\"https:\\\/\\\/www.apfelpatient.de\\\/en\\\/#organization\",\"name\":\"Apfelpatient\",\"url\":\"https:\\\/\\\/www.apfelpatient.de\\\/en\\\/\"},\"headline\":\"Neue MacBook Air Modelle sollen mit M3-Chip ausgestattet sein\",\"datePublished\":\"2023-03-07T15:32:41+00:00\",\"dateModified\":\"2023-03-07T15:32:42+00:00\",\"mainEntityOfPage\":{\"@id\":\"https:\\\/\\\/www.apfelpatient.de\\\/rumors\\\/neue-macbook-air-modelle-sollen-mit-m3-chip-ausgestattet-sein\"},\"wordCount\":303,\"publisher\":{\"@type\":\"Organization\",\"@id\":\"https:\\\/\\\/www.apfelpatient.de\\\/en\\\/#organization\",\"name\":\"Apfelpatient\",\"url\":\"https:\\\/\\\/www.apfelpatient.de\\\/en\\\/\"},\"image\":{\"@id\":\"https:\\\/\\\/www.apfelpatient.de\\\/rumors\\\/neue-macbook-air-modelle-sollen-mit-m3-chip-ausgestattet-sein#primaryimage\"},\"thumbnailUrl\":\"https:\\\/\\\/www.apfelpatient.de\\\/wp-content\\\/uploads\\\/2022\\\/06\\\/Apple-WWDC22-MacBook-Air-headphone-jack-220606.jpg\",\"keywords\":[\"Mac\",\"MacBook Air\",\"MacBook Pro\"],\"articleSection\":\"Rumors\",\"inLanguage\":\"en-US\",\"copyrightYear\":\"2023\",\"copyrightHolder\":{\"@id\":\"https:\\\/\\\/www.apfelpatient.de\\\/en\\\/#organization\"}},{\"@type\":\"WebPage\",\"@id\":\"https:\\\/\\\/www.apfelpatient.de\\\/rumors\\\/neue-macbook-air-modelle-sollen-mit-m3-chip-ausgestattet-sein\",\"url\":\"https:\\\/\\\/www.apfelpatient.de\\\/rumors\\\/neue-macbook-air-modelle-sollen-mit-m3-chip-ausgestattet-sein\",\"name\":\"Neue MacBook Air Modelle sollen mit M3-Chip ausgestattet sein\",\"isPartOf\":{\"@id\":\"https:\\\/\\\/www.apfelpatient.de\\\/#website\"},\"primaryImageOfPage\":{\"@id\":\"https:\\\/\\\/www.apfelpatient.de\\\/rumors\\\/neue-macbook-air-modelle-sollen-mit-m3-chip-ausgestattet-sein#primaryimage\"},\"image\":{\"@id\":\"https:\\\/\\\/www.apfelpatient.de\\\/rumors\\\/neue-macbook-air-modelle-sollen-mit-m3-chip-ausgestattet-sein#primaryimage\"},\"thumbnailUrl\":\"https:\\\/\\\/www.apfelpatient.de\\\/wp-content\\\/uploads\\\/2022\\\/06\\\/Apple-WWDC22-MacBook-Air-headphone-jack-220606.jpg\",\"datePublished\":\"2023-03-07T15:32:41+00:00\",\"dateModified\":\"2023-03-07T15:32:42+00:00\",\"description\":\"Die n\u00e4chste Generation der 13- und 15-Zoll MacBook Air Modelle von Apple wird mit einem M3-Chip ausgestattet sein, wie nun berichtet wird.\",\"breadcrumb\":{\"@id\":\"https:\\\/\\\/www.apfelpatient.de\\\/rumors\\\/neue-macbook-air-modelle-sollen-mit-m3-chip-ausgestattet-sein#breadcrumb\"},\"inLanguage\":\"en-US\",\"potentialAction\":[{\"@type\":\"ReadAction\",\"target\":[\"https:\\\/\\\/www.apfelpatient.de\\\/rumors\\\/neue-macbook-air-modelle-sollen-mit-m3-chip-ausgestattet-sein\"]}]},{\"@type\":\"ImageObject\",\"inLanguage\":\"en-US\",\"@id\":\"https:\\\/\\\/www.apfelpatient.de\\\/rumors\\\/neue-macbook-air-modelle-sollen-mit-m3-chip-ausgestattet-sein#primaryimage\",\"url\":\"https:\\\/\\\/www.apfelpatient.de\\\/wp-content\\\/uploads\\\/2022\\\/06\\\/Apple-WWDC22-MacBook-Air-headphone-jack-220606.jpg\",\"contentUrl\":\"https:\\\/\\\/www.apfelpatient.de\\\/wp-content\\\/uploads\\\/2022\\\/06\\\/Apple-WWDC22-MacBook-Air-headphone-jack-220606.jpg\",\"width\":1600,\"height\":1066,\"caption\":\"Bild: Apple\"},{\"@type\":\"BreadcrumbList\",\"@id\":\"https:\\\/\\\/www.apfelpatient.de\\\/rumors\\\/neue-macbook-air-modelle-sollen-mit-m3-chip-ausgestattet-sein#breadcrumb\",\"itemListElement\":[{\"@type\":\"ListItem\",\"position\":1,\"name\":\"Startseite\",\"item\":\"https:\\\/\\\/www.apfelpatient.de\\\/\"},{\"@type\":\"ListItem\",\"position\":2,\"name\":\"Neue MacBook Air Modelle sollen mit M3-Chip ausgestattet sein\"}]},{\"@type\":\"WebSite\",\"@id\":\"https:\\\/\\\/www.apfelpatient.de\\\/#website\",\"url\":\"https:\\\/\\\/www.apfelpatient.de\\\/\",\"name\":\"Apfelpatient\",\"description\":\"Alles rund um Apple!\",\"publisher\":{\"@type\":\"Organization\",\"@id\":\"https:\\\/\\\/www.apfelpatient.de\\\/en\\\/#organization\",\"name\":\"Apfelpatient\",\"url\":\"https:\\\/\\\/www.apfelpatient.de\\\/en\\\/\"},\"alternateName\":\"Apfelpatient\",\"potentialAction\":[{\"@type\":\"SearchAction\",\"target\":{\"@type\":\"EntryPoint\",\"urlTemplate\":\"https:\\\/\\\/www.apfelpatient.de\\\/?s={search_term_string}\"},\"query-input\":{\"@type\":\"PropertyValueSpecification\",\"valueRequired\":true,\"valueName\":\"search_term_string\"}}],\"inLanguage\":\"en-US\"},{\"@type\":[\"Person\",\"Organization\"],\"@id\":\"https:\\\/\\\/www.apfelpatient.de\\\/#\\\/schema\\\/person\\\/7dc56ad6c8e9824b76d2c08d4c140e13\",\"name\":\"Milan\",\"logo\":{\"@id\":\"https:\\\/\\\/www.apfelpatient.de\\\/#\\\/schema\\\/person\\\/image\\\/\"},\"description\":\"Hallo und herzlich willkommen auf meinem Technik-Blog! Als gro\u00dfer Apple-Fan berichte ich hier \u00fcber alles, was mit Apple zu tun hat: von den neuesten News und spannenden Ger\u00fcchten \u00fcber hilfreiche Tipps und Tricks bis hin zu ausf\u00fchrlichen Produkttests. Wenn du genauso technikbegeistert bist wie ich, bist du hier genau richtig!\",\"sameAs\":[\"https:\\\/\\\/www.facebook.com\\\/apfelpatientOfficial\",\"https:\\\/\\\/www.linkedin.com\\\/in\\\/milan-jovicic-42aa0231b\"],\"url\":\"https:\\\/\\\/www.apfelpatient.de\\\/en\\\/author\\\/apfeladmin\"}]}<\/script>\n<!-- \/ Yoast SEO Premium plugin. -->","yoast_head_json":{"title":"New MacBook Air models are said to be equipped with M3 chip","description":"The next generation of Apple&#039;s 13- and 15-inch MacBook Air models will be equipped with an M3 chip, it is now reported.","robots":{"index":"index","follow":"follow","max-snippet":"max-snippet:-1","max-image-preview":"max-image-preview:large","max-video-preview":"max-video-preview:-1"},"canonical":"https:\/\/www.apfelpatient.de\/en\/rumors\/new-macbook-air-models-are-said-to-be-equipped-with-m3-chip","og_locale":"en_US","og_type":"article","og_title":"Neue MacBook Air Modelle sollen mit M3-Chip ausgestattet sein","og_description":"Die n\u00e4chste Generation der 13- und 15-Zoll MacBook Air Modelle von Apple wird mit einem M3-Chip ausgestattet sein, wie nun berichtet wird.","og_url":"https:\/\/www.apfelpatient.de\/en\/rumors\/new-macbook-air-models-are-said-to-be-equipped-with-m3-chip","og_site_name":"Apfelpatient","article_publisher":"https:\/\/www.facebook.com\/apfelpatientOfficial","article_author":"https:\/\/www.facebook.com\/apfelpatientOfficial","article_published_time":"2023-03-07T15:32:41+00:00","article_modified_time":"2023-03-07T15:32:42+00:00","og_image":[{"width":1600,"height":1066,"url":"https:\/\/www.apfelpatient.de\/wp-content\/uploads\/2022\/06\/Apple-WWDC22-MacBook-Air-headphone-jack-220606.jpg","type":"image\/jpeg"}],"author":"Milan","twitter_card":"summary_large_image","twitter_description":"Die n\u00e4chste Generation der 13- und 15-Zoll MacBook Air Modelle von Apple wird mit einem M3-Chip ausgestattet sein, wie nun berichtet wird.","twitter_misc":{"Written by":"Milan","Est. reading time":"2 minutes"},"schema":{"@context":"https:\/\/schema.org","@graph":[{"@type":"NewsArticle","@id":"https:\/\/www.apfelpatient.de\/rumors\/neue-macbook-air-modelle-sollen-mit-m3-chip-ausgestattet-sein#article","isPartOf":{"@id":"https:\/\/www.apfelpatient.de\/rumors\/neue-macbook-air-modelle-sollen-mit-m3-chip-ausgestattet-sein"},"author":{"@type":"Organization","@id":"https:\/\/www.apfelpatient.de\/en\/#organization","name":"Apfelpatient","url":"https:\/\/www.apfelpatient.de\/en\/"},"headline":"Neue MacBook Air Modelle sollen mit M3-Chip ausgestattet sein","datePublished":"2023-03-07T15:32:41+00:00","dateModified":"2023-03-07T15:32:42+00:00","mainEntityOfPage":{"@id":"https:\/\/www.apfelpatient.de\/rumors\/neue-macbook-air-modelle-sollen-mit-m3-chip-ausgestattet-sein"},"wordCount":303,"publisher":{"@type":"Organization","@id":"https:\/\/www.apfelpatient.de\/en\/#organization","name":"Apfelpatient","url":"https:\/\/www.apfelpatient.de\/en\/"},"image":{"@id":"https:\/\/www.apfelpatient.de\/rumors\/neue-macbook-air-modelle-sollen-mit-m3-chip-ausgestattet-sein#primaryimage"},"thumbnailUrl":"https:\/\/www.apfelpatient.de\/wp-content\/uploads\/2022\/06\/Apple-WWDC22-MacBook-Air-headphone-jack-220606.jpg","keywords":["Mac","MacBook Air","MacBook Pro"],"articleSection":"Rumors","inLanguage":"en-US","copyrightYear":"2023","copyrightHolder":{"@id":"https:\/\/www.apfelpatient.de\/en\/#organization"}},{"@type":"WebPage","@id":"https:\/\/www.apfelpatient.de\/rumors\/neue-macbook-air-modelle-sollen-mit-m3-chip-ausgestattet-sein","url":"https:\/\/www.apfelpatient.de\/rumors\/neue-macbook-air-modelle-sollen-mit-m3-chip-ausgestattet-sein","name":"New MacBook Air models are said to be equipped with M3 chip","isPartOf":{"@id":"https:\/\/www.apfelpatient.de\/#website"},"primaryImageOfPage":{"@id":"https:\/\/www.apfelpatient.de\/rumors\/neue-macbook-air-modelle-sollen-mit-m3-chip-ausgestattet-sein#primaryimage"},"image":{"@id":"https:\/\/www.apfelpatient.de\/rumors\/neue-macbook-air-modelle-sollen-mit-m3-chip-ausgestattet-sein#primaryimage"},"thumbnailUrl":"https:\/\/www.apfelpatient.de\/wp-content\/uploads\/2022\/06\/Apple-WWDC22-MacBook-Air-headphone-jack-220606.jpg","datePublished":"2023-03-07T15:32:41+00:00","dateModified":"2023-03-07T15:32:42+00:00","description":"The next generation of Apple&#039;s 13- and 15-inch MacBook Air models will be equipped with an M3 chip, it is now reported.","breadcrumb":{"@id":"https:\/\/www.apfelpatient.de\/rumors\/neue-macbook-air-modelle-sollen-mit-m3-chip-ausgestattet-sein#breadcrumb"},"inLanguage":"en-US","potentialAction":[{"@type":"ReadAction","target":["https:\/\/www.apfelpatient.de\/rumors\/neue-macbook-air-modelle-sollen-mit-m3-chip-ausgestattet-sein"]}]},{"@type":"ImageObject","inLanguage":"en-US","@id":"https:\/\/www.apfelpatient.de\/rumors\/neue-macbook-air-modelle-sollen-mit-m3-chip-ausgestattet-sein#primaryimage","url":"https:\/\/www.apfelpatient.de\/wp-content\/uploads\/2022\/06\/Apple-WWDC22-MacBook-Air-headphone-jack-220606.jpg","contentUrl":"https:\/\/www.apfelpatient.de\/wp-content\/uploads\/2022\/06\/Apple-WWDC22-MacBook-Air-headphone-jack-220606.jpg","width":1600,"height":1066,"caption":"Bild: Apple"},{"@type":"BreadcrumbList","@id":"https:\/\/www.apfelpatient.de\/rumors\/neue-macbook-air-modelle-sollen-mit-m3-chip-ausgestattet-sein#breadcrumb","itemListElement":[{"@type":"ListItem","position":1,"name":"Startseite","item":"https:\/\/www.apfelpatient.de\/"},{"@type":"ListItem","position":2,"name":"Neue MacBook Air Modelle sollen mit M3-Chip ausgestattet sein"}]},{"@type":"WebSite","@id":"https:\/\/www.apfelpatient.de\/#website","url":"https:\/\/www.apfelpatient.de\/","name":"apple patient","description":"Everything about Apple!","publisher":{"@type":"Organization","@id":"https:\/\/www.apfelpatient.de\/en\/#organization","name":"Apfelpatient","url":"https:\/\/www.apfelpatient.de\/en\/"},"alternateName":"Apfelpatient","potentialAction":[{"@type":"SearchAction","target":{"@type":"EntryPoint","urlTemplate":"https:\/\/www.apfelpatient.de\/?s={search_term_string}"},"query-input":{"@type":"PropertyValueSpecification","valueRequired":true,"valueName":"search_term_string"}}],"inLanguage":"en-US"},{"@type":["Person","Organization"],"@id":"https:\/\/www.apfelpatient.de\/#\/schema\/person\/7dc56ad6c8e9824b76d2c08d4c140e13","name":"Milan","logo":{"@id":"https:\/\/www.apfelpatient.de\/#\/schema\/person\/image\/"},"description":"Hello and welcome to my technology blog! As a big Apple fan, I report on everything to do with Apple: from the latest news and exciting rumors to helpful tips and tricks and detailed product tests. If you are as enthusiastic about technology as I am, you have come to the right place!","sameAs":["https:\/\/www.facebook.com\/apfelpatientOfficial","https:\/\/www.linkedin.com\/in\/milan-jovicic-42aa0231b"],"url":"https:\/\/www.apfelpatient.de\/en\/author\/apfeladmin"}]}},"_links":{"self":[{"href":"https:\/\/www.apfelpatient.de\/en\/wp-json\/wp\/v2\/posts\/37662","targetHints":{"allow":["GET"]}}],"collection":[{"href":"https:\/\/www.apfelpatient.de\/en\/wp-json\/wp\/v2\/posts"}],"about":[{"href":"https:\/\/www.apfelpatient.de\/en\/wp-json\/wp\/v2\/types\/post"}],"author":[{"embeddable":true,"href":"https:\/\/www.apfelpatient.de\/en\/wp-json\/wp\/v2\/users\/2"}],"replies":[{"embeddable":true,"href":"https:\/\/www.apfelpatient.de\/en\/wp-json\/wp\/v2\/comments?post=37662"}],"version-history":[{"count":0,"href":"https:\/\/www.apfelpatient.de\/en\/wp-json\/wp\/v2\/posts\/37662\/revisions"}],"wp:featuredmedia":[{"embeddable":true,"href":"https:\/\/www.apfelpatient.de\/en\/wp-json\/wp\/v2\/media\/32076"}],"wp:attachment":[{"href":"https:\/\/www.apfelpatient.de\/en\/wp-json\/wp\/v2\/media?parent=37662"}],"wp:term":[{"taxonomy":"category","embeddable":true,"href":"https:\/\/www.apfelpatient.de\/en\/wp-json\/wp\/v2\/categories?post=37662"},{"taxonomy":"post_tag","embeddable":true,"href":"https:\/\/www.apfelpatient.de\/en\/wp-json\/wp\/v2\/tags?post=37662"}],"curies":[{"name":"wp","href":"https:\/\/api.w.org\/{rel}","templated":true}]}}