{"id":37611,"date":"2023-03-05T17:58:17","date_gmt":"2023-03-05T16:58:17","guid":{"rendered":"https:\/\/www.apfelpatient.de\/?p=37611"},"modified":"2023-03-05T17:58:18","modified_gmt":"2023-03-05T16:58:18","slug":"new-imac-allegedly-in-advanced-development-stage","status":"publish","type":"post","link":"https:\/\/www.apfelpatient.de\/en\/rumors\/neuer-imac-angeblich-in-fortgeschrittenem-entwicklungsstadium","title":{"rendered":"New iMac reportedly in advanced development stage"},"content":{"rendered":"<p class=\"has-drop-cap\"><strong>Apple&#039;s next iMac has reached an &quot;advanced stage of development,&quot; according to a new report. The new iMac will have the same 24-inch screen size and the same color options as the current model.<\/strong><\/p>\n\n\n\n<p>In the latest edition of his newsletter \u201cPower On\u201d <a href=\"https:\/\/www.bloomberg.com\/news\/newsletters\/2023-03-05\/when-is-apple-aapl-releasing-new-mac-pro-15-inch-macbook-air-new-imac-m3-levgn4yc\" target=\"_blank\" rel=\"noreferrer noopener\">reported<\/a> Bloomberg&#039;s Mark Gurman said the new iMac is likely to get Apple&#039;s upcoming M3 chip, internal design changes, and a new manufacturing process for the chassis. The M3 chip is said to be manufactured on Apple&#039;s chipmaking partner TSMC&#039;s latest 3nm process to further improve performance and power efficiency.<\/p>\n\n\n\n<h3 class=\"wp-block-heading\" id=\"h-neuer-imac-konnte-fruhestens-ende-2023-erscheinen\">New iMac could be released in late 2023 at the earliest<\/h3>\n\n\n\n\n\n\n\n<p>Apple last updated the iMac in April 2021 with the M1 chip and an ultra-thin chassis that comes in seven colors, including green, yellow, orange, rose, purple, blue, and silver. It is currently the only iMac in Apple&#039;s lineup, as the Intel-based 27-inch iMac and iMac Pro were discontinued over the past two years. Gurman had previously said that a larger iMac could return but he did not reveal any new information about that possibility today. Gurman expects the new iMac to launch in the second half of 2023 at the earliest. (Image: Apple)<\/p>\n\n\n\n<ul class=\"wp-block-list\">\n<li><a href=\"https:\/\/www.apfelpatient.de\/en\/rumors\/new-13-15-macbook-air-models-will-be-released-in-summer\">Will new 13\u2033 &amp; 15\u2033 MacBook Air models be released this summer?<\/a><\/li>\n<\/ul>\n\n\n\n<h6 class=\"wp-block-heading translation-block\" id=\"h-kennt-ihr-schon-unsere-amazon-storefront-dort-findet-ihr-eine-handverlesene-auswahl-von-diversen-produkten-f-r-euer-iphone-und-co-viel-spa-beim-st-bern\"><em>Have you already visited our Amazon Storefront? There you&#039;ll find a hand-picked selection of various products for your iPhone and other devices \u2013 <span class=\"has-inline-color has-vivid-red-color\"><a href=\"https:\/\/www.amazon.de\/shop\/apfelpatientofficial\" class=\"ek-link\" data-wpel-link=\"exclude\" rel=\"follow noopener\" target=\"_self\"><span style=\"text-decoration: underline\" class=\"ek-underline\">enjoy browsing<\/span><\/a> !<\/span><\/em><\/h6>\n\n\n\n<h6 class=\"wp-block-heading translation-block\" id=\"h-der-beitrag-enthalt-partnerlinks\">This post contains <a data-type=\"URL\" data-id=\"https:\/\/www.apfelpatient.de\/partnerprogramm\" href=\"https:\/\/www.apfelpatient.de\/en\/partner-program\" data-wpel-link=\"internal\" target=\"_self\">affiliate links<\/a>.<\/h6>","protected":false},"excerpt":{"rendered":"<p>A new iMac could be released no earlier than the end of 2023: Apple&#039;s next iMac has reached an &quot;advanced stage of development&quot;.<\/p>","protected":false},"author":2,"featured_media":24866,"comment_status":"closed","ping_status":"closed","sticky":false,"template":"","format":"standard","meta":{"jnews-multi-image_gallery":[],"jnews_single_post":{"subtitle":"","format":"standard","video":"","gallery":"","source_name":"","source_url":"","via_name":"","via_url":"","override":[{"single_blog_custom":"","sidebar":"","second_sidebar":"","share_position":"","share_float_style":"","post_date_format":"","post_date_format_custom":"","post_reading_time_wpm":"","zoom_button_out_step":"1","zoom_button_in_step":"1","number_popup_post":"1"}],"image_override":[{"single_post_thumbnail_size":"","single_post_gallery_size":""}],"trending_post_position":"","trending_post_label":"","sponsored_post_label":"","sponsored_post_name":"","sponsored_post_url":"","sponsored_post_logo":"","sponsored_post_desc":""},"jnews_primary_category":{"id":"25"},"footnotes":""},"categories":[25],"tags":[72,40],"class_list":["post-37611","post","type-post","status-publish","format-standard","has-post-thumbnail","hentry","category-rumors","tag-imac","tag-mac"],"yoast_head":"<!-- This site is optimized with the Yoast SEO Premium plugin v27.5 (Yoast SEO v27.5) - https:\/\/yoast.com\/product\/yoast-seo-premium-wordpress\/ -->\n<title>Neuer iMac angeblich in fortgeschrittenem Entwicklungsstadium<\/title>\n<meta name=\"description\" content=\"Neuer iMac k\u00f6nnte fr\u00fchestens Ende 2023 erscheinen: Apples n\u00e4chster iMac hat ein &quot;fortgeschrittenes Entwicklungsstadium&quot; erreicht.\" \/>\n<meta name=\"robots\" content=\"index, follow, max-snippet:-1, max-image-preview:large, max-video-preview:-1\" \/>\n<link rel=\"canonical\" href=\"https:\/\/www.apfelpatient.de\/en\/rumors\/new-imac-allegedly-in-advanced-development-stage\" \/>\n<meta property=\"og:locale\" content=\"en_US\" \/>\n<meta property=\"og:type\" content=\"article\" \/>\n<meta property=\"og:title\" content=\"Neuer iMac angeblich in fortgeschrittenem Entwicklungsstadium\" \/>\n<meta property=\"og:description\" content=\"Neuer iMac k\u00f6nnte fr\u00fchestens Ende 2023 erscheinen: Apples n\u00e4chster iMac hat ein &quot;fortgeschrittenes Entwicklungsstadium&quot; erreicht.\" \/>\n<meta property=\"og:url\" content=\"https:\/\/www.apfelpatient.de\/en\/rumors\/new-imac-allegedly-in-advanced-development-stage\" \/>\n<meta property=\"og:site_name\" content=\"Apfelpatient\" \/>\n<meta property=\"article:publisher\" content=\"https:\/\/www.facebook.com\/apfelpatientOfficial\" \/>\n<meta property=\"article:author\" content=\"https:\/\/www.facebook.com\/apfelpatientOfficial\" \/>\n<meta property=\"article:published_time\" content=\"2023-03-05T16:58:17+00:00\" \/>\n<meta property=\"article:modified_time\" content=\"2023-03-05T16:58:18+00:00\" \/>\n<meta property=\"og:image\" content=\"https:\/\/www.apfelpatient.de\/wp-content\/uploads\/2021\/07\/apple_new-imac-spring21_hero_04202021-scaled-1.jpg\" \/>\n\t<meta property=\"og:image:width\" content=\"1600\" \/>\n\t<meta property=\"og:image:height\" content=\"901\" \/>\n\t<meta property=\"og:image:type\" content=\"image\/jpeg\" \/>\n<meta name=\"author\" content=\"Milan\" \/>\n<meta name=\"twitter:card\" content=\"summary_large_image\" \/>\n<meta name=\"twitter:description\" content=\"Neuer iMac k\u00f6nnte fr\u00fchestens Ende 2023 erscheinen: Apples n\u00e4chster iMac hat ein &quot;fortgeschrittenes Entwicklungsstadium&quot; erreicht.\" \/>\n<meta name=\"twitter:label1\" content=\"Written by\" \/>\n\t<meta name=\"twitter:data1\" content=\"Milan\" \/>\n\t<meta name=\"twitter:label2\" content=\"Est. reading time\" \/>\n\t<meta name=\"twitter:data2\" content=\"2 minutes\" \/>\n<script type=\"application\/ld+json\" class=\"yoast-schema-graph\">{\"@context\":\"https:\\\/\\\/schema.org\",\"@graph\":[{\"@type\":\"NewsArticle\",\"@id\":\"https:\\\/\\\/www.apfelpatient.de\\\/rumors\\\/neuer-imac-angeblich-in-fortgeschrittenem-entwicklungsstadium#article\",\"isPartOf\":{\"@id\":\"https:\\\/\\\/www.apfelpatient.de\\\/rumors\\\/neuer-imac-angeblich-in-fortgeschrittenem-entwicklungsstadium\"},\"author\":{\"@type\":\"Organization\",\"@id\":\"https:\\\/\\\/www.apfelpatient.de\\\/en\\\/#organization\",\"name\":\"Apfelpatient\",\"url\":\"https:\\\/\\\/www.apfelpatient.de\\\/en\\\/\"},\"headline\":\"Neuer iMac angeblich in fortgeschrittenem Entwicklungsstadium\",\"datePublished\":\"2023-03-05T16:58:17+00:00\",\"dateModified\":\"2023-03-05T16:58:18+00:00\",\"mainEntityOfPage\":{\"@id\":\"https:\\\/\\\/www.apfelpatient.de\\\/rumors\\\/neuer-imac-angeblich-in-fortgeschrittenem-entwicklungsstadium\"},\"wordCount\":223,\"publisher\":{\"@type\":\"Organization\",\"@id\":\"https:\\\/\\\/www.apfelpatient.de\\\/en\\\/#organization\",\"name\":\"Apfelpatient\",\"url\":\"https:\\\/\\\/www.apfelpatient.de\\\/en\\\/\"},\"image\":{\"@id\":\"https:\\\/\\\/www.apfelpatient.de\\\/rumors\\\/neuer-imac-angeblich-in-fortgeschrittenem-entwicklungsstadium#primaryimage\"},\"thumbnailUrl\":\"https:\\\/\\\/www.apfelpatient.de\\\/wp-content\\\/uploads\\\/2021\\\/07\\\/apple_new-imac-spring21_hero_04202021-scaled-1.jpg\",\"keywords\":[\"iMac\",\"Mac\"],\"articleSection\":\"Rumors\",\"inLanguage\":\"en-US\",\"copyrightYear\":\"2023\",\"copyrightHolder\":{\"@id\":\"https:\\\/\\\/www.apfelpatient.de\\\/en\\\/#organization\"}},{\"@type\":\"WebPage\",\"@id\":\"https:\\\/\\\/www.apfelpatient.de\\\/rumors\\\/neuer-imac-angeblich-in-fortgeschrittenem-entwicklungsstadium\",\"url\":\"https:\\\/\\\/www.apfelpatient.de\\\/rumors\\\/neuer-imac-angeblich-in-fortgeschrittenem-entwicklungsstadium\",\"name\":\"Neuer iMac angeblich in fortgeschrittenem Entwicklungsstadium\",\"isPartOf\":{\"@id\":\"https:\\\/\\\/www.apfelpatient.de\\\/#website\"},\"primaryImageOfPage\":{\"@id\":\"https:\\\/\\\/www.apfelpatient.de\\\/rumors\\\/neuer-imac-angeblich-in-fortgeschrittenem-entwicklungsstadium#primaryimage\"},\"image\":{\"@id\":\"https:\\\/\\\/www.apfelpatient.de\\\/rumors\\\/neuer-imac-angeblich-in-fortgeschrittenem-entwicklungsstadium#primaryimage\"},\"thumbnailUrl\":\"https:\\\/\\\/www.apfelpatient.de\\\/wp-content\\\/uploads\\\/2021\\\/07\\\/apple_new-imac-spring21_hero_04202021-scaled-1.jpg\",\"datePublished\":\"2023-03-05T16:58:17+00:00\",\"dateModified\":\"2023-03-05T16:58:18+00:00\",\"description\":\"Neuer iMac k\u00f6nnte fr\u00fchestens Ende 2023 erscheinen: Apples n\u00e4chster iMac hat ein \\\"fortgeschrittenes Entwicklungsstadium\\\" erreicht.\",\"breadcrumb\":{\"@id\":\"https:\\\/\\\/www.apfelpatient.de\\\/rumors\\\/neuer-imac-angeblich-in-fortgeschrittenem-entwicklungsstadium#breadcrumb\"},\"inLanguage\":\"en-US\",\"potentialAction\":[{\"@type\":\"ReadAction\",\"target\":[\"https:\\\/\\\/www.apfelpatient.de\\\/rumors\\\/neuer-imac-angeblich-in-fortgeschrittenem-entwicklungsstadium\"]}]},{\"@type\":\"ImageObject\",\"inLanguage\":\"en-US\",\"@id\":\"https:\\\/\\\/www.apfelpatient.de\\\/rumors\\\/neuer-imac-angeblich-in-fortgeschrittenem-entwicklungsstadium#primaryimage\",\"url\":\"https:\\\/\\\/www.apfelpatient.de\\\/wp-content\\\/uploads\\\/2021\\\/07\\\/apple_new-imac-spring21_hero_04202021-scaled-1.jpg\",\"contentUrl\":\"https:\\\/\\\/www.apfelpatient.de\\\/wp-content\\\/uploads\\\/2021\\\/07\\\/apple_new-imac-spring21_hero_04202021-scaled-1.jpg\",\"width\":1600,\"height\":901,\"caption\":\"Bild: Apple\"},{\"@type\":\"BreadcrumbList\",\"@id\":\"https:\\\/\\\/www.apfelpatient.de\\\/rumors\\\/neuer-imac-angeblich-in-fortgeschrittenem-entwicklungsstadium#breadcrumb\",\"itemListElement\":[{\"@type\":\"ListItem\",\"position\":1,\"name\":\"Startseite\",\"item\":\"https:\\\/\\\/www.apfelpatient.de\\\/\"},{\"@type\":\"ListItem\",\"position\":2,\"name\":\"Neuer iMac angeblich in fortgeschrittenem Entwicklungsstadium\"}]},{\"@type\":\"WebSite\",\"@id\":\"https:\\\/\\\/www.apfelpatient.de\\\/#website\",\"url\":\"https:\\\/\\\/www.apfelpatient.de\\\/\",\"name\":\"Apfelpatient\",\"description\":\"Alles rund um Apple!\",\"publisher\":{\"@type\":\"Organization\",\"@id\":\"https:\\\/\\\/www.apfelpatient.de\\\/en\\\/#organization\",\"name\":\"Apfelpatient\",\"url\":\"https:\\\/\\\/www.apfelpatient.de\\\/en\\\/\"},\"alternateName\":\"Apfelpatient\",\"potentialAction\":[{\"@type\":\"SearchAction\",\"target\":{\"@type\":\"EntryPoint\",\"urlTemplate\":\"https:\\\/\\\/www.apfelpatient.de\\\/?s={search_term_string}\"},\"query-input\":{\"@type\":\"PropertyValueSpecification\",\"valueRequired\":true,\"valueName\":\"search_term_string\"}}],\"inLanguage\":\"en-US\"},{\"@type\":[\"Person\",\"Organization\"],\"@id\":\"https:\\\/\\\/www.apfelpatient.de\\\/#\\\/schema\\\/person\\\/35b3ddba5832f2bfc7fff5206d4f6b7b\",\"name\":\"Milan\",\"logo\":{\"@id\":\"https:\\\/\\\/www.apfelpatient.de\\\/#\\\/schema\\\/person\\\/image\\\/\"},\"description\":\"Hallo und herzlich willkommen auf meinem Technik-Blog! Als gro\u00dfer Apple-Fan berichte ich hier \u00fcber alles, was mit Apple zu tun hat: von den neuesten News und spannenden Ger\u00fcchten \u00fcber hilfreiche Tipps und Tricks bis hin zu ausf\u00fchrlichen Produkttests. Wenn du genauso technikbegeistert bist wie ich, bist du hier genau richtig!\",\"sameAs\":[\"https:\\\/\\\/www.facebook.com\\\/apfelpatientOfficial\",\"https:\\\/\\\/www.linkedin.com\\\/in\\\/milan-jovicic-42aa0231b\"],\"url\":\"https:\\\/\\\/www.apfelpatient.de\\\/en\\\/author\\\/apfeladmin\"}]}<\/script>\n<!-- \/ Yoast SEO Premium plugin. -->","yoast_head_json":{"title":"New iMac reportedly in advanced development stage","description":"New iMac could be released in late 2023 at the earliest: Apple&#039;s next iMac has reached an &quot;advanced stage of development&quot;.","robots":{"index":"index","follow":"follow","max-snippet":"max-snippet:-1","max-image-preview":"max-image-preview:large","max-video-preview":"max-video-preview:-1"},"canonical":"https:\/\/www.apfelpatient.de\/en\/rumors\/new-imac-allegedly-in-advanced-development-stage","og_locale":"en_US","og_type":"article","og_title":"Neuer iMac angeblich in fortgeschrittenem Entwicklungsstadium","og_description":"Neuer iMac k\u00f6nnte fr\u00fchestens Ende 2023 erscheinen: Apples n\u00e4chster iMac hat ein \"fortgeschrittenes Entwicklungsstadium\" erreicht.","og_url":"https:\/\/www.apfelpatient.de\/en\/rumors\/new-imac-allegedly-in-advanced-development-stage","og_site_name":"Apfelpatient","article_publisher":"https:\/\/www.facebook.com\/apfelpatientOfficial","article_author":"https:\/\/www.facebook.com\/apfelpatientOfficial","article_published_time":"2023-03-05T16:58:17+00:00","article_modified_time":"2023-03-05T16:58:18+00:00","og_image":[{"width":1600,"height":901,"url":"https:\/\/www.apfelpatient.de\/wp-content\/uploads\/2021\/07\/apple_new-imac-spring21_hero_04202021-scaled-1.jpg","type":"image\/jpeg"}],"author":"Milan","twitter_card":"summary_large_image","twitter_description":"Neuer iMac k\u00f6nnte fr\u00fchestens Ende 2023 erscheinen: Apples n\u00e4chster iMac hat ein \"fortgeschrittenes Entwicklungsstadium\" erreicht.","twitter_misc":{"Written by":"Milan","Est. reading time":"2 minutes"},"schema":{"@context":"https:\/\/schema.org","@graph":[{"@type":"NewsArticle","@id":"https:\/\/www.apfelpatient.de\/rumors\/neuer-imac-angeblich-in-fortgeschrittenem-entwicklungsstadium#article","isPartOf":{"@id":"https:\/\/www.apfelpatient.de\/rumors\/neuer-imac-angeblich-in-fortgeschrittenem-entwicklungsstadium"},"author":{"@type":"Organization","@id":"https:\/\/www.apfelpatient.de\/en\/#organization","name":"Apfelpatient","url":"https:\/\/www.apfelpatient.de\/en\/"},"headline":"Neuer iMac angeblich in fortgeschrittenem Entwicklungsstadium","datePublished":"2023-03-05T16:58:17+00:00","dateModified":"2023-03-05T16:58:18+00:00","mainEntityOfPage":{"@id":"https:\/\/www.apfelpatient.de\/rumors\/neuer-imac-angeblich-in-fortgeschrittenem-entwicklungsstadium"},"wordCount":223,"publisher":{"@type":"Organization","@id":"https:\/\/www.apfelpatient.de\/en\/#organization","name":"Apfelpatient","url":"https:\/\/www.apfelpatient.de\/en\/"},"image":{"@id":"https:\/\/www.apfelpatient.de\/rumors\/neuer-imac-angeblich-in-fortgeschrittenem-entwicklungsstadium#primaryimage"},"thumbnailUrl":"https:\/\/www.apfelpatient.de\/wp-content\/uploads\/2021\/07\/apple_new-imac-spring21_hero_04202021-scaled-1.jpg","keywords":["iMac","Mac"],"articleSection":"Rumors","inLanguage":"en-US","copyrightYear":"2023","copyrightHolder":{"@id":"https:\/\/www.apfelpatient.de\/en\/#organization"}},{"@type":"WebPage","@id":"https:\/\/www.apfelpatient.de\/rumors\/neuer-imac-angeblich-in-fortgeschrittenem-entwicklungsstadium","url":"https:\/\/www.apfelpatient.de\/rumors\/neuer-imac-angeblich-in-fortgeschrittenem-entwicklungsstadium","name":"New iMac reportedly in advanced development stage","isPartOf":{"@id":"https:\/\/www.apfelpatient.de\/#website"},"primaryImageOfPage":{"@id":"https:\/\/www.apfelpatient.de\/rumors\/neuer-imac-angeblich-in-fortgeschrittenem-entwicklungsstadium#primaryimage"},"image":{"@id":"https:\/\/www.apfelpatient.de\/rumors\/neuer-imac-angeblich-in-fortgeschrittenem-entwicklungsstadium#primaryimage"},"thumbnailUrl":"https:\/\/www.apfelpatient.de\/wp-content\/uploads\/2021\/07\/apple_new-imac-spring21_hero_04202021-scaled-1.jpg","datePublished":"2023-03-05T16:58:17+00:00","dateModified":"2023-03-05T16:58:18+00:00","description":"New iMac could be released in late 2023 at the earliest: Apple&#039;s next iMac has reached an &quot;advanced stage of development&quot;.","breadcrumb":{"@id":"https:\/\/www.apfelpatient.de\/rumors\/neuer-imac-angeblich-in-fortgeschrittenem-entwicklungsstadium#breadcrumb"},"inLanguage":"en-US","potentialAction":[{"@type":"ReadAction","target":["https:\/\/www.apfelpatient.de\/rumors\/neuer-imac-angeblich-in-fortgeschrittenem-entwicklungsstadium"]}]},{"@type":"ImageObject","inLanguage":"en-US","@id":"https:\/\/www.apfelpatient.de\/rumors\/neuer-imac-angeblich-in-fortgeschrittenem-entwicklungsstadium#primaryimage","url":"https:\/\/www.apfelpatient.de\/wp-content\/uploads\/2021\/07\/apple_new-imac-spring21_hero_04202021-scaled-1.jpg","contentUrl":"https:\/\/www.apfelpatient.de\/wp-content\/uploads\/2021\/07\/apple_new-imac-spring21_hero_04202021-scaled-1.jpg","width":1600,"height":901,"caption":"Bild: Apple"},{"@type":"BreadcrumbList","@id":"https:\/\/www.apfelpatient.de\/rumors\/neuer-imac-angeblich-in-fortgeschrittenem-entwicklungsstadium#breadcrumb","itemListElement":[{"@type":"ListItem","position":1,"name":"Startseite","item":"https:\/\/www.apfelpatient.de\/"},{"@type":"ListItem","position":2,"name":"Neuer iMac angeblich in fortgeschrittenem Entwicklungsstadium"}]},{"@type":"WebSite","@id":"https:\/\/www.apfelpatient.de\/#website","url":"https:\/\/www.apfelpatient.de\/","name":"apple patient","description":"Everything about Apple!","publisher":{"@type":"Organization","@id":"https:\/\/www.apfelpatient.de\/en\/#organization","name":"Apfelpatient","url":"https:\/\/www.apfelpatient.de\/en\/"},"alternateName":"Apfelpatient","potentialAction":[{"@type":"SearchAction","target":{"@type":"EntryPoint","urlTemplate":"https:\/\/www.apfelpatient.de\/?s={search_term_string}"},"query-input":{"@type":"PropertyValueSpecification","valueRequired":true,"valueName":"search_term_string"}}],"inLanguage":"en-US"},{"@type":["Person","Organization"],"@id":"https:\/\/www.apfelpatient.de\/#\/schema\/person\/35b3ddba5832f2bfc7fff5206d4f6b7b","name":"Milan","logo":{"@id":"https:\/\/www.apfelpatient.de\/#\/schema\/person\/image\/"},"description":"Hello and welcome to my technology blog! As a big Apple fan, I report on everything to do with Apple: from the latest news and exciting rumors to helpful tips and tricks and detailed product tests. If you are as enthusiastic about technology as I am, you have come to the right place!","sameAs":["https:\/\/www.facebook.com\/apfelpatientOfficial","https:\/\/www.linkedin.com\/in\/milan-jovicic-42aa0231b"],"url":"https:\/\/www.apfelpatient.de\/en\/author\/apfeladmin"}]}},"_links":{"self":[{"href":"https:\/\/www.apfelpatient.de\/en\/wp-json\/wp\/v2\/posts\/37611","targetHints":{"allow":["GET"]}}],"collection":[{"href":"https:\/\/www.apfelpatient.de\/en\/wp-json\/wp\/v2\/posts"}],"about":[{"href":"https:\/\/www.apfelpatient.de\/en\/wp-json\/wp\/v2\/types\/post"}],"author":[{"embeddable":true,"href":"https:\/\/www.apfelpatient.de\/en\/wp-json\/wp\/v2\/users\/2"}],"replies":[{"embeddable":true,"href":"https:\/\/www.apfelpatient.de\/en\/wp-json\/wp\/v2\/comments?post=37611"}],"version-history":[{"count":0,"href":"https:\/\/www.apfelpatient.de\/en\/wp-json\/wp\/v2\/posts\/37611\/revisions"}],"wp:featuredmedia":[{"embeddable":true,"href":"https:\/\/www.apfelpatient.de\/en\/wp-json\/wp\/v2\/media\/24866"}],"wp:attachment":[{"href":"https:\/\/www.apfelpatient.de\/en\/wp-json\/wp\/v2\/media?parent=37611"}],"wp:term":[{"taxonomy":"category","embeddable":true,"href":"https:\/\/www.apfelpatient.de\/en\/wp-json\/wp\/v2\/categories?post=37611"},{"taxonomy":"post_tag","embeddable":true,"href":"https:\/\/www.apfelpatient.de\/en\/wp-json\/wp\/v2\/tags?post=37611"}],"curies":[{"name":"wp","href":"https:\/\/api.w.org\/{rel}","templated":true}]}}