{"id":37607,"date":"2023-03-05T17:54:19","date_gmt":"2023-03-05T16:54:19","guid":{"rendered":"https:\/\/www.apfelpatient.de\/?p=37607"},"modified":"2023-03-05T17:54:19","modified_gmt":"2023-03-05T16:54:19","slug":"new-13-15-macbook-air-models-will-be-released-in-summer","status":"publish","type":"post","link":"https:\/\/www.apfelpatient.de\/en\/rumors\/erscheinen-neue-13-15-macbook-air-modelle-im-sommer","title":{"rendered":"Will new 13\u2033 &amp; 15\u2033 MacBook Air models be released this summer?"},"content":{"rendered":"<p class=\"has-drop-cap\"><strong>According to a report, Apple will likely launch both an updated 13-inch MacBook Air and a larger 15-inch MacBook Air &quot;between late spring and summer.&quot; However, the question of which chips will be used in these models is still open.<\/strong><\/p>\n\n\n\n<p>In the latest edition of his newsletter \u201cPower On\u201d <a href=\"https:\/\/www.bloomberg.com\/news\/newsletters\/2023-03-05\/when-is-apple-aapl-releasing-new-mac-pro-15-inch-macbook-air-new-imac-m3-levgn4yc\" target=\"_blank\" rel=\"noreferrer noopener\">reported<\/a> Bloomberg&#039;s Mark Gurman said that at least the next 13-inch MacBook Air will feature the yet-to-be-announced M3 chip, which will reportedly be manufactured on TSMC&#039;s latest 3nm process to improve performance. The current 13-inch model, which launched in July 2022, was equipped with the M2 chip, which is based on the 5nm process. Gurman left open whether the 15-inch MacBook Air will also feature the M3 chip. He said that a 15-inch model with an M2 chip &quot;can still excite consumers&quot; but &quot;will quickly become outdated&quot; given the switch to the upcoming M3 chip. Last month, Taiwanese publication DigiTimes claimed that the 15-inch MacBook Air will feature the M2 chip.<\/p>\n\n\n\n<h3 class=\"wp-block-heading\" id=\"h-auf-welchen-chipsatz-werden-die-neuen-macbook-air-modelle-setzen\">Which chipset will the new MacBook Air models use?<\/h3>\n\n\n\n\n\n\n\n<p>But the website has a mediocre track record when it comes to Apple rumors. Apple&#039;s supply chain began producing display panels for a new 15.5-inch MacBook Air in February, according to analyst Ross Young, who has a solid track record when it comes to display rumors. That model would be the largest MacBook Air ever, as the notebook has only been offered in 13- and 11-inch sizes so far. All in all, there is still a lot of uncertainty about the new MacBook Air models. But it&#039;s notable that Gurman expects both the 13-inch and 15-inch models to launch in the summer. He also expects a new Mac Pro desktop tower with the M2 Ultra chip and the same design as the 2019 model to launch in the summer, and an updated 24-inch iMac in the second half of the year at the earliest. (Image: Apple)<\/p>\n\n\n\n<ul class=\"wp-block-list\">\n<li><a href=\"https:\/\/www.apfelpatient.de\/en\/news\/bluetooth-database-entry-indicates-new-mac-device\">Bluetooth database entry indicates new Mac device<\/a><\/li>\n<\/ul>\n\n\n\n<h6 class=\"wp-block-heading translation-block\" id=\"h-kennt-ihr-schon-unsere-amazon-storefront-dort-findet-ihr-eine-handverlesene-auswahl-von-diversen-produkten-f-r-euer-iphone-und-co-viel-spa-beim-st-bern\"><em>Have you already visited our Amazon Storefront? There you&#039;ll find a hand-picked selection of various products for your iPhone and other devices \u2013 <span class=\"has-inline-color has-vivid-red-color\"><a href=\"https:\/\/www.amazon.de\/shop\/apfelpatientofficial\" class=\"ek-link\" data-wpel-link=\"exclude\" rel=\"follow noopener\" target=\"_self\"><span style=\"text-decoration: underline\" class=\"ek-underline\">enjoy browsing<\/span><\/a> !<\/span><\/em><\/h6>\n\n\n\n<h6 class=\"wp-block-heading translation-block\" id=\"h-der-beitrag-enthalt-partnerlinks\">This post contains <a data-type=\"URL\" data-id=\"https:\/\/www.apfelpatient.de\/partnerprogramm\" href=\"https:\/\/www.apfelpatient.de\/en\/partner-program\" data-wpel-link=\"internal\" target=\"_self\">affiliate links<\/a>.<\/h6>","protected":false},"excerpt":{"rendered":"<p>According to a report, Apple will likely introduce two new MacBook Air models \u201cbetween late spring and summer.\u201d<\/p>","protected":false},"author":2,"featured_media":32195,"comment_status":"closed","ping_status":"closed","sticky":false,"template":"","format":"standard","meta":{"jnews-multi-image_gallery":[],"jnews_single_post":{"subtitle":"","format":"standard","video":"","gallery":"","source_name":"","source_url":"","via_name":"","via_url":"","override":[{"single_blog_custom":"","sidebar":"","second_sidebar":"","share_position":"","share_float_style":"","post_date_format":"","post_date_format_custom":"","post_reading_time_wpm":"","zoom_button_out_step":"1","zoom_button_in_step":"1","number_popup_post":"1"}],"image_override":[{"single_post_thumbnail_size":"","single_post_gallery_size":""}],"trending_post_position":"","trending_post_label":"","sponsored_post_label":"","sponsored_post_name":"","sponsored_post_url":"","sponsored_post_logo":"","sponsored_post_desc":""},"jnews_primary_category":{"id":"25"},"footnotes":""},"categories":[25],"tags":[40,41],"class_list":["post-37607","post","type-post","status-publish","format-standard","has-post-thumbnail","hentry","category-rumors","tag-mac","tag-macbook-air"],"yoast_head":"<!-- This site is optimized with the Yoast SEO Premium plugin v27.5 (Yoast SEO v27.5) - https:\/\/yoast.com\/product\/yoast-seo-premium-wordpress\/ -->\n<title>Erscheinen neue 13&quot; &amp; 15&quot; MacBook Air Modelle im Sommer?<\/title>\n<meta name=\"description\" content=\"Laut einem Bericht wird Apple wahrscheinlich &quot;zwischen dem sp\u00e4ten Fr\u00fchjahr und dem Sommer&quot; zwei neue MacBook Air Modelle vorstellen.\" \/>\n<meta name=\"robots\" content=\"index, follow, max-snippet:-1, max-image-preview:large, max-video-preview:-1\" \/>\n<link rel=\"canonical\" href=\"https:\/\/www.apfelpatient.de\/en\/rumors\/new-13-15-macbook-air-models-will-be-released-in-summer\" \/>\n<meta property=\"og:locale\" content=\"en_US\" \/>\n<meta property=\"og:type\" content=\"article\" \/>\n<meta property=\"og:title\" content=\"Erscheinen neue 13&quot; &amp; 15&quot; MacBook Air Modelle im Sommer?\" \/>\n<meta property=\"og:description\" content=\"Laut einem Bericht wird Apple wahrscheinlich &quot;zwischen dem sp\u00e4ten Fr\u00fchjahr und dem Sommer&quot; zwei neue MacBook Air Modelle vorstellen.\" \/>\n<meta property=\"og:url\" content=\"https:\/\/www.apfelpatient.de\/en\/rumors\/new-13-15-macbook-air-models-will-be-released-in-summer\" \/>\n<meta property=\"og:site_name\" content=\"Apfelpatient\" \/>\n<meta property=\"article:publisher\" content=\"https:\/\/www.facebook.com\/apfelpatientOfficial\" \/>\n<meta property=\"article:author\" content=\"https:\/\/www.facebook.com\/apfelpatientOfficial\" \/>\n<meta property=\"article:published_time\" content=\"2023-03-05T16:54:19+00:00\" \/>\n<meta property=\"og:image\" content=\"https:\/\/www.apfelpatient.de\/wp-content\/uploads\/2022\/06\/Apple-WWDC22-hands-on-area-MacBook-Air-Tim-Cook-Steve-Jobs-Theater-Apple-Park-220606-1024x682.png\" \/>\n\t<meta property=\"og:image:width\" content=\"1024\" \/>\n\t<meta property=\"og:image:height\" content=\"682\" \/>\n\t<meta property=\"og:image:type\" content=\"image\/png\" \/>\n<meta name=\"author\" content=\"Milan\" \/>\n<meta name=\"twitter:card\" content=\"summary_large_image\" \/>\n<meta name=\"twitter:description\" content=\"Laut einem Bericht wird Apple wahrscheinlich &quot;zwischen dem sp\u00e4ten Fr\u00fchjahr und dem Sommer&quot; zwei neue MacBook Air Modelle vorstellen.\" \/>\n<meta name=\"twitter:label1\" content=\"Written by\" \/>\n\t<meta name=\"twitter:data1\" content=\"Milan\" \/>\n\t<meta name=\"twitter:label2\" content=\"Est. reading time\" \/>\n\t<meta name=\"twitter:data2\" content=\"2 minutes\" \/>\n<script type=\"application\/ld+json\" class=\"yoast-schema-graph\">{\"@context\":\"https:\\\/\\\/schema.org\",\"@graph\":[{\"@type\":\"NewsArticle\",\"@id\":\"https:\\\/\\\/www.apfelpatient.de\\\/rumors\\\/erscheinen-neue-13-15-macbook-air-modelle-im-sommer#article\",\"isPartOf\":{\"@id\":\"https:\\\/\\\/www.apfelpatient.de\\\/rumors\\\/erscheinen-neue-13-15-macbook-air-modelle-im-sommer\"},\"author\":{\"@type\":\"Organization\",\"@id\":\"https:\\\/\\\/www.apfelpatient.de\\\/en\\\/#organization\",\"name\":\"Apfelpatient\",\"url\":\"https:\\\/\\\/www.apfelpatient.de\\\/en\\\/\"},\"headline\":\"Erscheinen neue 13&#8243; &amp; 15&#8243; MacBook Air Modelle im Sommer?\",\"datePublished\":\"2023-03-05T16:54:19+00:00\",\"mainEntityOfPage\":{\"@id\":\"https:\\\/\\\/www.apfelpatient.de\\\/rumors\\\/erscheinen-neue-13-15-macbook-air-modelle-im-sommer\"},\"wordCount\":346,\"publisher\":{\"@type\":\"Organization\",\"@id\":\"https:\\\/\\\/www.apfelpatient.de\\\/en\\\/#organization\",\"name\":\"Apfelpatient\",\"url\":\"https:\\\/\\\/www.apfelpatient.de\\\/en\\\/\"},\"image\":{\"@id\":\"https:\\\/\\\/www.apfelpatient.de\\\/rumors\\\/erscheinen-neue-13-15-macbook-air-modelle-im-sommer#primaryimage\"},\"thumbnailUrl\":\"https:\\\/\\\/www.apfelpatient.de\\\/wp-content\\\/uploads\\\/2022\\\/06\\\/Apple-WWDC22-hands-on-area-MacBook-Air-Tim-Cook-Steve-Jobs-Theater-Apple-Park-220606.png\",\"keywords\":[\"Mac\",\"MacBook Air\"],\"articleSection\":\"Rumors\",\"inLanguage\":\"en-US\",\"copyrightYear\":\"2023\",\"copyrightHolder\":{\"@id\":\"https:\\\/\\\/www.apfelpatient.de\\\/en\\\/#organization\"}},{\"@type\":\"WebPage\",\"@id\":\"https:\\\/\\\/www.apfelpatient.de\\\/rumors\\\/erscheinen-neue-13-15-macbook-air-modelle-im-sommer\",\"url\":\"https:\\\/\\\/www.apfelpatient.de\\\/rumors\\\/erscheinen-neue-13-15-macbook-air-modelle-im-sommer\",\"name\":\"Erscheinen neue 13\\\" &amp; 15\\\" MacBook Air Modelle im Sommer?\",\"isPartOf\":{\"@id\":\"https:\\\/\\\/www.apfelpatient.de\\\/#website\"},\"primaryImageOfPage\":{\"@id\":\"https:\\\/\\\/www.apfelpatient.de\\\/rumors\\\/erscheinen-neue-13-15-macbook-air-modelle-im-sommer#primaryimage\"},\"image\":{\"@id\":\"https:\\\/\\\/www.apfelpatient.de\\\/rumors\\\/erscheinen-neue-13-15-macbook-air-modelle-im-sommer#primaryimage\"},\"thumbnailUrl\":\"https:\\\/\\\/www.apfelpatient.de\\\/wp-content\\\/uploads\\\/2022\\\/06\\\/Apple-WWDC22-hands-on-area-MacBook-Air-Tim-Cook-Steve-Jobs-Theater-Apple-Park-220606.png\",\"datePublished\":\"2023-03-05T16:54:19+00:00\",\"description\":\"Laut einem Bericht wird Apple wahrscheinlich \\\"zwischen dem sp\u00e4ten Fr\u00fchjahr und dem Sommer\\\" zwei neue MacBook Air Modelle vorstellen.\",\"breadcrumb\":{\"@id\":\"https:\\\/\\\/www.apfelpatient.de\\\/rumors\\\/erscheinen-neue-13-15-macbook-air-modelle-im-sommer#breadcrumb\"},\"inLanguage\":\"en-US\",\"potentialAction\":[{\"@type\":\"ReadAction\",\"target\":[\"https:\\\/\\\/www.apfelpatient.de\\\/rumors\\\/erscheinen-neue-13-15-macbook-air-modelle-im-sommer\"]}]},{\"@type\":\"ImageObject\",\"inLanguage\":\"en-US\",\"@id\":\"https:\\\/\\\/www.apfelpatient.de\\\/rumors\\\/erscheinen-neue-13-15-macbook-air-modelle-im-sommer#primaryimage\",\"url\":\"https:\\\/\\\/www.apfelpatient.de\\\/wp-content\\\/uploads\\\/2022\\\/06\\\/Apple-WWDC22-hands-on-area-MacBook-Air-Tim-Cook-Steve-Jobs-Theater-Apple-Park-220606.png\",\"contentUrl\":\"https:\\\/\\\/www.apfelpatient.de\\\/wp-content\\\/uploads\\\/2022\\\/06\\\/Apple-WWDC22-hands-on-area-MacBook-Air-Tim-Cook-Steve-Jobs-Theater-Apple-Park-220606.png\",\"width\":1600,\"height\":1066,\"caption\":\"Tim Cook\"},{\"@type\":\"BreadcrumbList\",\"@id\":\"https:\\\/\\\/www.apfelpatient.de\\\/rumors\\\/erscheinen-neue-13-15-macbook-air-modelle-im-sommer#breadcrumb\",\"itemListElement\":[{\"@type\":\"ListItem\",\"position\":1,\"name\":\"Startseite\",\"item\":\"https:\\\/\\\/www.apfelpatient.de\\\/\"},{\"@type\":\"ListItem\",\"position\":2,\"name\":\"Erscheinen neue 13&#8243; &amp; 15&#8243; MacBook Air Modelle im Sommer?\"}]},{\"@type\":\"WebSite\",\"@id\":\"https:\\\/\\\/www.apfelpatient.de\\\/#website\",\"url\":\"https:\\\/\\\/www.apfelpatient.de\\\/\",\"name\":\"Apfelpatient\",\"description\":\"Alles rund um Apple!\",\"publisher\":{\"@type\":\"Organization\",\"@id\":\"https:\\\/\\\/www.apfelpatient.de\\\/en\\\/#organization\",\"name\":\"Apfelpatient\",\"url\":\"https:\\\/\\\/www.apfelpatient.de\\\/en\\\/\"},\"alternateName\":\"Apfelpatient\",\"potentialAction\":[{\"@type\":\"SearchAction\",\"target\":{\"@type\":\"EntryPoint\",\"urlTemplate\":\"https:\\\/\\\/www.apfelpatient.de\\\/?s={search_term_string}\"},\"query-input\":{\"@type\":\"PropertyValueSpecification\",\"valueRequired\":true,\"valueName\":\"search_term_string\"}}],\"inLanguage\":\"en-US\"},{\"@type\":[\"Person\",\"Organization\"],\"@id\":\"https:\\\/\\\/www.apfelpatient.de\\\/#\\\/schema\\\/person\\\/35b3ddba5832f2bfc7fff5206d4f6b7b\",\"name\":\"Milan\",\"logo\":{\"@id\":\"https:\\\/\\\/www.apfelpatient.de\\\/#\\\/schema\\\/person\\\/image\\\/\"},\"description\":\"Hallo und herzlich willkommen auf meinem Technik-Blog! Als gro\u00dfer Apple-Fan berichte ich hier \u00fcber alles, was mit Apple zu tun hat: von den neuesten News und spannenden Ger\u00fcchten \u00fcber hilfreiche Tipps und Tricks bis hin zu ausf\u00fchrlichen Produkttests. Wenn du genauso technikbegeistert bist wie ich, bist du hier genau richtig!\",\"sameAs\":[\"https:\\\/\\\/www.facebook.com\\\/apfelpatientOfficial\",\"https:\\\/\\\/www.linkedin.com\\\/in\\\/milan-jovicic-42aa0231b\"],\"url\":\"https:\\\/\\\/www.apfelpatient.de\\\/en\\\/author\\\/apfeladmin\"}]}<\/script>\n<!-- \/ Yoast SEO Premium plugin. -->","yoast_head_json":{"title":"Will new 13&quot; &amp; 15&quot; MacBook Air models be released this summer?","description":"According to a report, Apple will likely introduce two new MacBook Air models &quot;between late spring and summer.&quot;","robots":{"index":"index","follow":"follow","max-snippet":"max-snippet:-1","max-image-preview":"max-image-preview:large","max-video-preview":"max-video-preview:-1"},"canonical":"https:\/\/www.apfelpatient.de\/en\/rumors\/new-13-15-macbook-air-models-will-be-released-in-summer","og_locale":"en_US","og_type":"article","og_title":"Erscheinen neue 13\" &amp; 15\" MacBook Air Modelle im Sommer?","og_description":"Laut einem Bericht wird Apple wahrscheinlich \"zwischen dem sp\u00e4ten Fr\u00fchjahr und dem Sommer\" zwei neue MacBook Air Modelle vorstellen.","og_url":"https:\/\/www.apfelpatient.de\/en\/rumors\/new-13-15-macbook-air-models-will-be-released-in-summer","og_site_name":"Apfelpatient","article_publisher":"https:\/\/www.facebook.com\/apfelpatientOfficial","article_author":"https:\/\/www.facebook.com\/apfelpatientOfficial","article_published_time":"2023-03-05T16:54:19+00:00","og_image":[{"width":1024,"height":682,"url":"https:\/\/www.apfelpatient.de\/wp-content\/uploads\/2022\/06\/Apple-WWDC22-hands-on-area-MacBook-Air-Tim-Cook-Steve-Jobs-Theater-Apple-Park-220606-1024x682.png","type":"image\/png"}],"author":"Milan","twitter_card":"summary_large_image","twitter_description":"Laut einem Bericht wird Apple wahrscheinlich \"zwischen dem sp\u00e4ten Fr\u00fchjahr und dem Sommer\" zwei neue MacBook Air Modelle vorstellen.","twitter_misc":{"Written by":"Milan","Est. reading time":"2 minutes"},"schema":{"@context":"https:\/\/schema.org","@graph":[{"@type":"NewsArticle","@id":"https:\/\/www.apfelpatient.de\/rumors\/erscheinen-neue-13-15-macbook-air-modelle-im-sommer#article","isPartOf":{"@id":"https:\/\/www.apfelpatient.de\/rumors\/erscheinen-neue-13-15-macbook-air-modelle-im-sommer"},"author":{"@type":"Organization","@id":"https:\/\/www.apfelpatient.de\/en\/#organization","name":"Apfelpatient","url":"https:\/\/www.apfelpatient.de\/en\/"},"headline":"Erscheinen neue 13&#8243; &amp; 15&#8243; MacBook Air Modelle im Sommer?","datePublished":"2023-03-05T16:54:19+00:00","mainEntityOfPage":{"@id":"https:\/\/www.apfelpatient.de\/rumors\/erscheinen-neue-13-15-macbook-air-modelle-im-sommer"},"wordCount":346,"publisher":{"@type":"Organization","@id":"https:\/\/www.apfelpatient.de\/en\/#organization","name":"Apfelpatient","url":"https:\/\/www.apfelpatient.de\/en\/"},"image":{"@id":"https:\/\/www.apfelpatient.de\/rumors\/erscheinen-neue-13-15-macbook-air-modelle-im-sommer#primaryimage"},"thumbnailUrl":"https:\/\/www.apfelpatient.de\/wp-content\/uploads\/2022\/06\/Apple-WWDC22-hands-on-area-MacBook-Air-Tim-Cook-Steve-Jobs-Theater-Apple-Park-220606.png","keywords":["Mac","MacBook Air"],"articleSection":"Rumors","inLanguage":"en-US","copyrightYear":"2023","copyrightHolder":{"@id":"https:\/\/www.apfelpatient.de\/en\/#organization"}},{"@type":"WebPage","@id":"https:\/\/www.apfelpatient.de\/rumors\/erscheinen-neue-13-15-macbook-air-modelle-im-sommer","url":"https:\/\/www.apfelpatient.de\/rumors\/erscheinen-neue-13-15-macbook-air-modelle-im-sommer","name":"Will new 13&quot; &amp; 15&quot; MacBook Air models be released this summer?","isPartOf":{"@id":"https:\/\/www.apfelpatient.de\/#website"},"primaryImageOfPage":{"@id":"https:\/\/www.apfelpatient.de\/rumors\/erscheinen-neue-13-15-macbook-air-modelle-im-sommer#primaryimage"},"image":{"@id":"https:\/\/www.apfelpatient.de\/rumors\/erscheinen-neue-13-15-macbook-air-modelle-im-sommer#primaryimage"},"thumbnailUrl":"https:\/\/www.apfelpatient.de\/wp-content\/uploads\/2022\/06\/Apple-WWDC22-hands-on-area-MacBook-Air-Tim-Cook-Steve-Jobs-Theater-Apple-Park-220606.png","datePublished":"2023-03-05T16:54:19+00:00","description":"According to a report, Apple will likely introduce two new MacBook Air models &quot;between late spring and summer.&quot;","breadcrumb":{"@id":"https:\/\/www.apfelpatient.de\/rumors\/erscheinen-neue-13-15-macbook-air-modelle-im-sommer#breadcrumb"},"inLanguage":"en-US","potentialAction":[{"@type":"ReadAction","target":["https:\/\/www.apfelpatient.de\/rumors\/erscheinen-neue-13-15-macbook-air-modelle-im-sommer"]}]},{"@type":"ImageObject","inLanguage":"en-US","@id":"https:\/\/www.apfelpatient.de\/rumors\/erscheinen-neue-13-15-macbook-air-modelle-im-sommer#primaryimage","url":"https:\/\/www.apfelpatient.de\/wp-content\/uploads\/2022\/06\/Apple-WWDC22-hands-on-area-MacBook-Air-Tim-Cook-Steve-Jobs-Theater-Apple-Park-220606.png","contentUrl":"https:\/\/www.apfelpatient.de\/wp-content\/uploads\/2022\/06\/Apple-WWDC22-hands-on-area-MacBook-Air-Tim-Cook-Steve-Jobs-Theater-Apple-Park-220606.png","width":1600,"height":1066,"caption":"Tim Cook"},{"@type":"BreadcrumbList","@id":"https:\/\/www.apfelpatient.de\/rumors\/erscheinen-neue-13-15-macbook-air-modelle-im-sommer#breadcrumb","itemListElement":[{"@type":"ListItem","position":1,"name":"Startseite","item":"https:\/\/www.apfelpatient.de\/"},{"@type":"ListItem","position":2,"name":"Erscheinen neue 13&#8243; &amp; 15&#8243; MacBook Air Modelle im Sommer?"}]},{"@type":"WebSite","@id":"https:\/\/www.apfelpatient.de\/#website","url":"https:\/\/www.apfelpatient.de\/","name":"apple patient","description":"Everything about Apple!","publisher":{"@type":"Organization","@id":"https:\/\/www.apfelpatient.de\/en\/#organization","name":"Apfelpatient","url":"https:\/\/www.apfelpatient.de\/en\/"},"alternateName":"Apfelpatient","potentialAction":[{"@type":"SearchAction","target":{"@type":"EntryPoint","urlTemplate":"https:\/\/www.apfelpatient.de\/?s={search_term_string}"},"query-input":{"@type":"PropertyValueSpecification","valueRequired":true,"valueName":"search_term_string"}}],"inLanguage":"en-US"},{"@type":["Person","Organization"],"@id":"https:\/\/www.apfelpatient.de\/#\/schema\/person\/35b3ddba5832f2bfc7fff5206d4f6b7b","name":"Milan","logo":{"@id":"https:\/\/www.apfelpatient.de\/#\/schema\/person\/image\/"},"description":"Hello and welcome to my technology blog! As a big Apple fan, I report on everything to do with Apple: from the latest news and exciting rumors to helpful tips and tricks and detailed product tests. If you are as enthusiastic about technology as I am, you have come to the right place!","sameAs":["https:\/\/www.facebook.com\/apfelpatientOfficial","https:\/\/www.linkedin.com\/in\/milan-jovicic-42aa0231b"],"url":"https:\/\/www.apfelpatient.de\/en\/author\/apfeladmin"}]}},"_links":{"self":[{"href":"https:\/\/www.apfelpatient.de\/en\/wp-json\/wp\/v2\/posts\/37607","targetHints":{"allow":["GET"]}}],"collection":[{"href":"https:\/\/www.apfelpatient.de\/en\/wp-json\/wp\/v2\/posts"}],"about":[{"href":"https:\/\/www.apfelpatient.de\/en\/wp-json\/wp\/v2\/types\/post"}],"author":[{"embeddable":true,"href":"https:\/\/www.apfelpatient.de\/en\/wp-json\/wp\/v2\/users\/2"}],"replies":[{"embeddable":true,"href":"https:\/\/www.apfelpatient.de\/en\/wp-json\/wp\/v2\/comments?post=37607"}],"version-history":[{"count":0,"href":"https:\/\/www.apfelpatient.de\/en\/wp-json\/wp\/v2\/posts\/37607\/revisions"}],"wp:featuredmedia":[{"embeddable":true,"href":"https:\/\/www.apfelpatient.de\/en\/wp-json\/wp\/v2\/media\/32195"}],"wp:attachment":[{"href":"https:\/\/www.apfelpatient.de\/en\/wp-json\/wp\/v2\/media?parent=37607"}],"wp:term":[{"taxonomy":"category","embeddable":true,"href":"https:\/\/www.apfelpatient.de\/en\/wp-json\/wp\/v2\/categories?post=37607"},{"taxonomy":"post_tag","embeddable":true,"href":"https:\/\/www.apfelpatient.de\/en\/wp-json\/wp\/v2\/tags?post=37607"}],"curies":[{"name":"wp","href":"https:\/\/api.w.org\/{rel}","templated":true}]}}