{"id":37599,"date":"2023-03-03T18:08:47","date_gmt":"2023-03-03T17:08:47","guid":{"rendered":"https:\/\/www.apfelpatient.de\/?p=37599"},"modified":"2023-03-03T18:08:48","modified_gmt":"2023-03-03T17:08:48","slug":"will-apple-soon-introduce-an-iphone-14-in-a-new-color","status":"publish","type":"post","link":"https:\/\/www.apfelpatient.de\/en\/rumors\/wird-apple-in-kuerze-ein-iphone-14-in-neuer-farbe-vorstellen","title":{"rendered":"Will Apple soon introduce an iPhone 14 in a new color?"},"content":{"rendered":"<p class=\"has-drop-cap\"><strong>According to a post on Chinese social media, this year&#039;s mid-cycle color update for the iPhone 14 will be yellow, but the source is unclear.<\/strong><\/p>\n\n\n\n<p>It is now common for Apple to introduce a new color variant of its current iPhone about six months after its launch. In March 2022, for example, the iPhone 13 and iPhone 13 Pro received different shades of green. In 2021, the iPhone 12 and iPhone 12 mini received a new purple color, about halfway between the first launch of these models and the iPhone 13 series. Now a very short blog on the Japanese <a href=\"https:\/\/www.macotakara.jp\/rumor\/entry-44415.html\" target=\"_blank\" rel=\"noreferrer noopener\">website<\/a> Macotakara on an even shorter comment on Weibo about the new color this year.<\/p>\n\n\n\n<h3 class=\"wp-block-heading\" id=\"h-iphone-14-wird-apple-eine-neue-farbvariante-bereits-nachste-woche-ankundigen\">iPhone 14: Will Apple announce a new color variant next week?<\/h3>\n\n\n\n\n\n\n\n<p>The word &quot;yellow&quot; is the sum of the alleged leak. Even if it is true, it remains unclear which iPhone 14 models will receive the new color. It is also not known whether there will be two or more different shades of yellow or what official name Apple will give the color. The original source does not seem to be known for accurately relaying information from Apple. However, the source adds that the yellow iPhone will be announced in the week of March 6, 2023, so not long to go. (Image: Apple)<\/p>\n\n\n\n<ul class=\"wp-block-list\">\n<li><a href=\"https:\/\/www.apfelpatient.de\/en\/rumors\/iphone-16-pro-will-apple-eliminate-the-dynamic-island-in-2024\">iPhone 16 Pro: Will Apple eliminate the Dynamic Island in 2024?<\/a><\/li>\n<\/ul>\n\n\n\n<h6 class=\"wp-block-heading translation-block\" id=\"h-kennt-ihr-schon-unsere-amazon-storefront-dort-findet-ihr-eine-handverlesene-auswahl-von-diversen-produkten-f-r-euer-iphone-und-co-viel-spa-beim-st-bern\"><em>Have you already visited our Amazon Storefront? There you&#039;ll find a hand-picked selection of various products for your iPhone and other devices \u2013 <span class=\"has-inline-color has-vivid-red-color\"><a href=\"https:\/\/www.amazon.de\/shop\/apfelpatientofficial\" class=\"ek-link\" data-wpel-link=\"exclude\" rel=\"follow noopener\" target=\"_self\"><span style=\"text-decoration: underline\" class=\"ek-underline\">enjoy browsing<\/span><\/a> !<\/span><\/em><\/h6>\n\n\n\n<h6 class=\"wp-block-heading translation-block\" id=\"h-der-beitrag-enthalt-partnerlinks\">This post contains <a data-type=\"URL\" data-id=\"https:\/\/www.apfelpatient.de\/partnerprogramm\" href=\"https:\/\/www.apfelpatient.de\/en\/partner-program\" data-wpel-link=\"internal\" target=\"_self\">affiliate links<\/a>.<\/h6>","protected":false},"excerpt":{"rendered":"<p>According to one post, this year&#039;s mid-cycle color update for the iPhone 14 will be yellow, but the source is unclear.<\/p>","protected":false},"author":2,"featured_media":33693,"comment_status":"closed","ping_status":"closed","sticky":false,"template":"","format":"standard","meta":{"jnews-multi-image_gallery":[],"jnews_single_post":{"subtitle":"","format":"standard","video":"","gallery":"","source_name":"","source_url":"","via_name":"","via_url":"","override":[{"single_blog_custom":"","sidebar":"","second_sidebar":"","share_position":"","share_float_style":"","post_date_format":"","post_date_format_custom":"","post_reading_time_wpm":"","zoom_button_out_step":"1","zoom_button_in_step":"1","number_popup_post":"1"}],"image_override":[{"single_post_thumbnail_size":"","single_post_gallery_size":""}],"trending_post_position":"","trending_post_label":"","sponsored_post_label":"","sponsored_post_name":"","sponsored_post_url":"","sponsored_post_logo":"","sponsored_post_desc":""},"jnews_primary_category":{"id":"25"},"footnotes":""},"categories":[25],"tags":[8,683],"class_list":["post-37599","post","type-post","status-publish","format-standard","has-post-thumbnail","hentry","category-rumors","tag-iphone","tag-iphone-14"],"yoast_head":"<!-- This site is optimized with the Yoast SEO Premium plugin v27.5 (Yoast SEO v27.5) - https:\/\/yoast.com\/product\/yoast-seo-premium-wordpress\/ -->\n<title>Wird Apple in K\u00fcrze ein iPhone 14 in neuer Farbe vorstellen?<\/title>\n<meta name=\"description\" content=\"Einem Beitrag zufolge wird das diesj\u00e4hrige Farbupdate f\u00fcr das iPhone 14 zur Mitte des Zyklus gelb sein, die Quelle ist jedoch nicht eindeutig.\" \/>\n<meta name=\"robots\" content=\"index, follow, max-snippet:-1, max-image-preview:large, max-video-preview:-1\" \/>\n<link rel=\"canonical\" href=\"https:\/\/www.apfelpatient.de\/en\/rumors\/will-apple-soon-introduce-an-iphone-14-in-a-new-color\" \/>\n<meta property=\"og:locale\" content=\"en_US\" \/>\n<meta property=\"og:type\" content=\"article\" \/>\n<meta property=\"og:title\" content=\"Wird Apple in K\u00fcrze ein iPhone 14 in neuer Farbe vorstellen?\" \/>\n<meta property=\"og:description\" content=\"Einem Beitrag zufolge wird das diesj\u00e4hrige Farbupdate f\u00fcr das iPhone 14 zur Mitte des Zyklus gelb sein, die Quelle ist jedoch nicht eindeutig.\" \/>\n<meta property=\"og:url\" content=\"https:\/\/www.apfelpatient.de\/en\/rumors\/will-apple-soon-introduce-an-iphone-14-in-a-new-color\" \/>\n<meta property=\"og:site_name\" content=\"Apfelpatient\" \/>\n<meta property=\"article:publisher\" content=\"https:\/\/www.facebook.com\/apfelpatientOfficial\" \/>\n<meta property=\"article:author\" content=\"https:\/\/www.facebook.com\/apfelpatientOfficial\" \/>\n<meta property=\"article:published_time\" content=\"2023-03-03T17:08:47+00:00\" \/>\n<meta property=\"article:modified_time\" content=\"2023-03-03T17:08:48+00:00\" \/>\n<meta property=\"og:image\" content=\"https:\/\/www.apfelpatient.de\/wp-content\/uploads\/2022\/09\/Apple-iPhone-14-iPhone-14-Plus-5up-hero-220907.jpg\" \/>\n\t<meta property=\"og:image:width\" content=\"1600\" \/>\n\t<meta property=\"og:image:height\" content=\"900\" \/>\n\t<meta property=\"og:image:type\" content=\"image\/jpeg\" \/>\n<meta name=\"author\" content=\"Milan\" \/>\n<meta name=\"twitter:card\" content=\"summary_large_image\" \/>\n<meta name=\"twitter:description\" content=\"Einem Beitrag zufolge wird das diesj\u00e4hrige Farbupdate f\u00fcr das iPhone 14 zur Mitte des Zyklus gelb sein, die Quelle ist jedoch nicht eindeutig.\" \/>\n<meta name=\"twitter:label1\" content=\"Written by\" \/>\n\t<meta name=\"twitter:data1\" content=\"Milan\" \/>\n\t<meta name=\"twitter:label2\" content=\"Est. reading time\" \/>\n\t<meta name=\"twitter:data2\" content=\"2 minutes\" \/>\n<script type=\"application\/ld+json\" class=\"yoast-schema-graph\">{\"@context\":\"https:\\\/\\\/schema.org\",\"@graph\":[{\"@type\":\"NewsArticle\",\"@id\":\"https:\\\/\\\/www.apfelpatient.de\\\/rumors\\\/wird-apple-in-kuerze-ein-iphone-14-in-neuer-farbe-vorstellen#article\",\"isPartOf\":{\"@id\":\"https:\\\/\\\/www.apfelpatient.de\\\/rumors\\\/wird-apple-in-kuerze-ein-iphone-14-in-neuer-farbe-vorstellen\"},\"author\":{\"@type\":\"Organization\",\"@id\":\"https:\\\/\\\/www.apfelpatient.de\\\/en\\\/#organization\",\"name\":\"Apfelpatient\",\"url\":\"https:\\\/\\\/www.apfelpatient.de\\\/en\\\/\"},\"headline\":\"Wird Apple in K\u00fcrze ein iPhone 14 in neuer Farbe vorstellen?\",\"datePublished\":\"2023-03-03T17:08:47+00:00\",\"dateModified\":\"2023-03-03T17:08:48+00:00\",\"mainEntityOfPage\":{\"@id\":\"https:\\\/\\\/www.apfelpatient.de\\\/rumors\\\/wird-apple-in-kuerze-ein-iphone-14-in-neuer-farbe-vorstellen\"},\"wordCount\":241,\"publisher\":{\"@type\":\"Organization\",\"@id\":\"https:\\\/\\\/www.apfelpatient.de\\\/en\\\/#organization\",\"name\":\"Apfelpatient\",\"url\":\"https:\\\/\\\/www.apfelpatient.de\\\/en\\\/\"},\"image\":{\"@id\":\"https:\\\/\\\/www.apfelpatient.de\\\/rumors\\\/wird-apple-in-kuerze-ein-iphone-14-in-neuer-farbe-vorstellen#primaryimage\"},\"thumbnailUrl\":\"https:\\\/\\\/www.apfelpatient.de\\\/wp-content\\\/uploads\\\/2022\\\/09\\\/Apple-iPhone-14-iPhone-14-Plus-5up-hero-220907.jpg\",\"keywords\":[\"iPhone\",\"iPhone 14\"],\"articleSection\":\"Rumors\",\"inLanguage\":\"en-US\",\"copyrightYear\":\"2023\",\"copyrightHolder\":{\"@id\":\"https:\\\/\\\/www.apfelpatient.de\\\/en\\\/#organization\"}},{\"@type\":\"WebPage\",\"@id\":\"https:\\\/\\\/www.apfelpatient.de\\\/rumors\\\/wird-apple-in-kuerze-ein-iphone-14-in-neuer-farbe-vorstellen\",\"url\":\"https:\\\/\\\/www.apfelpatient.de\\\/rumors\\\/wird-apple-in-kuerze-ein-iphone-14-in-neuer-farbe-vorstellen\",\"name\":\"Wird Apple in K\u00fcrze ein iPhone 14 in neuer Farbe vorstellen?\",\"isPartOf\":{\"@id\":\"https:\\\/\\\/www.apfelpatient.de\\\/#website\"},\"primaryImageOfPage\":{\"@id\":\"https:\\\/\\\/www.apfelpatient.de\\\/rumors\\\/wird-apple-in-kuerze-ein-iphone-14-in-neuer-farbe-vorstellen#primaryimage\"},\"image\":{\"@id\":\"https:\\\/\\\/www.apfelpatient.de\\\/rumors\\\/wird-apple-in-kuerze-ein-iphone-14-in-neuer-farbe-vorstellen#primaryimage\"},\"thumbnailUrl\":\"https:\\\/\\\/www.apfelpatient.de\\\/wp-content\\\/uploads\\\/2022\\\/09\\\/Apple-iPhone-14-iPhone-14-Plus-5up-hero-220907.jpg\",\"datePublished\":\"2023-03-03T17:08:47+00:00\",\"dateModified\":\"2023-03-03T17:08:48+00:00\",\"description\":\"Einem Beitrag zufolge wird das diesj\u00e4hrige Farbupdate f\u00fcr das iPhone 14 zur Mitte des Zyklus gelb sein, die Quelle ist jedoch nicht eindeutig.\",\"breadcrumb\":{\"@id\":\"https:\\\/\\\/www.apfelpatient.de\\\/rumors\\\/wird-apple-in-kuerze-ein-iphone-14-in-neuer-farbe-vorstellen#breadcrumb\"},\"inLanguage\":\"en-US\",\"potentialAction\":[{\"@type\":\"ReadAction\",\"target\":[\"https:\\\/\\\/www.apfelpatient.de\\\/rumors\\\/wird-apple-in-kuerze-ein-iphone-14-in-neuer-farbe-vorstellen\"]}]},{\"@type\":\"ImageObject\",\"inLanguage\":\"en-US\",\"@id\":\"https:\\\/\\\/www.apfelpatient.de\\\/rumors\\\/wird-apple-in-kuerze-ein-iphone-14-in-neuer-farbe-vorstellen#primaryimage\",\"url\":\"https:\\\/\\\/www.apfelpatient.de\\\/wp-content\\\/uploads\\\/2022\\\/09\\\/Apple-iPhone-14-iPhone-14-Plus-5up-hero-220907.jpg\",\"contentUrl\":\"https:\\\/\\\/www.apfelpatient.de\\\/wp-content\\\/uploads\\\/2022\\\/09\\\/Apple-iPhone-14-iPhone-14-Plus-5up-hero-220907.jpg\",\"width\":1600,\"height\":900,\"caption\":\"Bild: Apple - iPhone 14\"},{\"@type\":\"BreadcrumbList\",\"@id\":\"https:\\\/\\\/www.apfelpatient.de\\\/rumors\\\/wird-apple-in-kuerze-ein-iphone-14-in-neuer-farbe-vorstellen#breadcrumb\",\"itemListElement\":[{\"@type\":\"ListItem\",\"position\":1,\"name\":\"Startseite\",\"item\":\"https:\\\/\\\/www.apfelpatient.de\\\/\"},{\"@type\":\"ListItem\",\"position\":2,\"name\":\"Wird Apple in K\u00fcrze ein iPhone 14 in neuer Farbe vorstellen?\"}]},{\"@type\":\"WebSite\",\"@id\":\"https:\\\/\\\/www.apfelpatient.de\\\/#website\",\"url\":\"https:\\\/\\\/www.apfelpatient.de\\\/\",\"name\":\"Apfelpatient\",\"description\":\"Alles rund um Apple!\",\"publisher\":{\"@type\":\"Organization\",\"@id\":\"https:\\\/\\\/www.apfelpatient.de\\\/en\\\/#organization\",\"name\":\"Apfelpatient\",\"url\":\"https:\\\/\\\/www.apfelpatient.de\\\/en\\\/\"},\"alternateName\":\"Apfelpatient\",\"potentialAction\":[{\"@type\":\"SearchAction\",\"target\":{\"@type\":\"EntryPoint\",\"urlTemplate\":\"https:\\\/\\\/www.apfelpatient.de\\\/?s={search_term_string}\"},\"query-input\":{\"@type\":\"PropertyValueSpecification\",\"valueRequired\":true,\"valueName\":\"search_term_string\"}}],\"inLanguage\":\"en-US\"},{\"@type\":[\"Person\",\"Organization\"],\"@id\":\"https:\\\/\\\/www.apfelpatient.de\\\/#\\\/schema\\\/person\\\/35b3ddba5832f2bfc7fff5206d4f6b7b\",\"name\":\"Milan\",\"logo\":{\"@id\":\"https:\\\/\\\/www.apfelpatient.de\\\/#\\\/schema\\\/person\\\/image\\\/\"},\"description\":\"Hallo und herzlich willkommen auf meinem Technik-Blog! Als gro\u00dfer Apple-Fan berichte ich hier \u00fcber alles, was mit Apple zu tun hat: von den neuesten News und spannenden Ger\u00fcchten \u00fcber hilfreiche Tipps und Tricks bis hin zu ausf\u00fchrlichen Produkttests. Wenn du genauso technikbegeistert bist wie ich, bist du hier genau richtig!\",\"sameAs\":[\"https:\\\/\\\/www.facebook.com\\\/apfelpatientOfficial\",\"https:\\\/\\\/www.linkedin.com\\\/in\\\/milan-jovicic-42aa0231b\"],\"url\":\"https:\\\/\\\/www.apfelpatient.de\\\/en\\\/author\\\/apfeladmin\"}]}<\/script>\n<!-- \/ Yoast SEO Premium plugin. -->","yoast_head_json":{"title":"Will Apple soon introduce an iPhone 14 in a new color?","description":"According to one post, this year&#039;s mid-cycle color update for the iPhone 14 will be yellow, but the source is unclear.","robots":{"index":"index","follow":"follow","max-snippet":"max-snippet:-1","max-image-preview":"max-image-preview:large","max-video-preview":"max-video-preview:-1"},"canonical":"https:\/\/www.apfelpatient.de\/en\/rumors\/will-apple-soon-introduce-an-iphone-14-in-a-new-color","og_locale":"en_US","og_type":"article","og_title":"Wird Apple in K\u00fcrze ein iPhone 14 in neuer Farbe vorstellen?","og_description":"Einem Beitrag zufolge wird das diesj\u00e4hrige Farbupdate f\u00fcr das iPhone 14 zur Mitte des Zyklus gelb sein, die Quelle ist jedoch nicht eindeutig.","og_url":"https:\/\/www.apfelpatient.de\/en\/rumors\/will-apple-soon-introduce-an-iphone-14-in-a-new-color","og_site_name":"Apfelpatient","article_publisher":"https:\/\/www.facebook.com\/apfelpatientOfficial","article_author":"https:\/\/www.facebook.com\/apfelpatientOfficial","article_published_time":"2023-03-03T17:08:47+00:00","article_modified_time":"2023-03-03T17:08:48+00:00","og_image":[{"width":1600,"height":900,"url":"https:\/\/www.apfelpatient.de\/wp-content\/uploads\/2022\/09\/Apple-iPhone-14-iPhone-14-Plus-5up-hero-220907.jpg","type":"image\/jpeg"}],"author":"Milan","twitter_card":"summary_large_image","twitter_description":"Einem Beitrag zufolge wird das diesj\u00e4hrige Farbupdate f\u00fcr das iPhone 14 zur Mitte des Zyklus gelb sein, die Quelle ist jedoch nicht eindeutig.","twitter_misc":{"Written by":"Milan","Est. reading time":"2 minutes"},"schema":{"@context":"https:\/\/schema.org","@graph":[{"@type":"NewsArticle","@id":"https:\/\/www.apfelpatient.de\/rumors\/wird-apple-in-kuerze-ein-iphone-14-in-neuer-farbe-vorstellen#article","isPartOf":{"@id":"https:\/\/www.apfelpatient.de\/rumors\/wird-apple-in-kuerze-ein-iphone-14-in-neuer-farbe-vorstellen"},"author":{"@type":"Organization","@id":"https:\/\/www.apfelpatient.de\/en\/#organization","name":"Apfelpatient","url":"https:\/\/www.apfelpatient.de\/en\/"},"headline":"Wird Apple in K\u00fcrze ein iPhone 14 in neuer Farbe vorstellen?","datePublished":"2023-03-03T17:08:47+00:00","dateModified":"2023-03-03T17:08:48+00:00","mainEntityOfPage":{"@id":"https:\/\/www.apfelpatient.de\/rumors\/wird-apple-in-kuerze-ein-iphone-14-in-neuer-farbe-vorstellen"},"wordCount":241,"publisher":{"@type":"Organization","@id":"https:\/\/www.apfelpatient.de\/en\/#organization","name":"Apfelpatient","url":"https:\/\/www.apfelpatient.de\/en\/"},"image":{"@id":"https:\/\/www.apfelpatient.de\/rumors\/wird-apple-in-kuerze-ein-iphone-14-in-neuer-farbe-vorstellen#primaryimage"},"thumbnailUrl":"https:\/\/www.apfelpatient.de\/wp-content\/uploads\/2022\/09\/Apple-iPhone-14-iPhone-14-Plus-5up-hero-220907.jpg","keywords":["iPhone","iPhone 14"],"articleSection":"Rumors","inLanguage":"en-US","copyrightYear":"2023","copyrightHolder":{"@id":"https:\/\/www.apfelpatient.de\/en\/#organization"}},{"@type":"WebPage","@id":"https:\/\/www.apfelpatient.de\/rumors\/wird-apple-in-kuerze-ein-iphone-14-in-neuer-farbe-vorstellen","url":"https:\/\/www.apfelpatient.de\/rumors\/wird-apple-in-kuerze-ein-iphone-14-in-neuer-farbe-vorstellen","name":"Will Apple soon introduce an iPhone 14 in a new color?","isPartOf":{"@id":"https:\/\/www.apfelpatient.de\/#website"},"primaryImageOfPage":{"@id":"https:\/\/www.apfelpatient.de\/rumors\/wird-apple-in-kuerze-ein-iphone-14-in-neuer-farbe-vorstellen#primaryimage"},"image":{"@id":"https:\/\/www.apfelpatient.de\/rumors\/wird-apple-in-kuerze-ein-iphone-14-in-neuer-farbe-vorstellen#primaryimage"},"thumbnailUrl":"https:\/\/www.apfelpatient.de\/wp-content\/uploads\/2022\/09\/Apple-iPhone-14-iPhone-14-Plus-5up-hero-220907.jpg","datePublished":"2023-03-03T17:08:47+00:00","dateModified":"2023-03-03T17:08:48+00:00","description":"According to one post, this year&#039;s mid-cycle color update for the iPhone 14 will be yellow, but the source is unclear.","breadcrumb":{"@id":"https:\/\/www.apfelpatient.de\/rumors\/wird-apple-in-kuerze-ein-iphone-14-in-neuer-farbe-vorstellen#breadcrumb"},"inLanguage":"en-US","potentialAction":[{"@type":"ReadAction","target":["https:\/\/www.apfelpatient.de\/rumors\/wird-apple-in-kuerze-ein-iphone-14-in-neuer-farbe-vorstellen"]}]},{"@type":"ImageObject","inLanguage":"en-US","@id":"https:\/\/www.apfelpatient.de\/rumors\/wird-apple-in-kuerze-ein-iphone-14-in-neuer-farbe-vorstellen#primaryimage","url":"https:\/\/www.apfelpatient.de\/wp-content\/uploads\/2022\/09\/Apple-iPhone-14-iPhone-14-Plus-5up-hero-220907.jpg","contentUrl":"https:\/\/www.apfelpatient.de\/wp-content\/uploads\/2022\/09\/Apple-iPhone-14-iPhone-14-Plus-5up-hero-220907.jpg","width":1600,"height":900,"caption":"Bild: Apple - iPhone 14"},{"@type":"BreadcrumbList","@id":"https:\/\/www.apfelpatient.de\/rumors\/wird-apple-in-kuerze-ein-iphone-14-in-neuer-farbe-vorstellen#breadcrumb","itemListElement":[{"@type":"ListItem","position":1,"name":"Startseite","item":"https:\/\/www.apfelpatient.de\/"},{"@type":"ListItem","position":2,"name":"Wird Apple in K\u00fcrze ein iPhone 14 in neuer Farbe vorstellen?"}]},{"@type":"WebSite","@id":"https:\/\/www.apfelpatient.de\/#website","url":"https:\/\/www.apfelpatient.de\/","name":"apple patient","description":"Everything about Apple!","publisher":{"@type":"Organization","@id":"https:\/\/www.apfelpatient.de\/en\/#organization","name":"Apfelpatient","url":"https:\/\/www.apfelpatient.de\/en\/"},"alternateName":"Apfelpatient","potentialAction":[{"@type":"SearchAction","target":{"@type":"EntryPoint","urlTemplate":"https:\/\/www.apfelpatient.de\/?s={search_term_string}"},"query-input":{"@type":"PropertyValueSpecification","valueRequired":true,"valueName":"search_term_string"}}],"inLanguage":"en-US"},{"@type":["Person","Organization"],"@id":"https:\/\/www.apfelpatient.de\/#\/schema\/person\/35b3ddba5832f2bfc7fff5206d4f6b7b","name":"Milan","logo":{"@id":"https:\/\/www.apfelpatient.de\/#\/schema\/person\/image\/"},"description":"Hello and welcome to my technology blog! As a big Apple fan, I report on everything to do with Apple: from the latest news and exciting rumors to helpful tips and tricks and detailed product tests. If you are as enthusiastic about technology as I am, you have come to the right place!","sameAs":["https:\/\/www.facebook.com\/apfelpatientOfficial","https:\/\/www.linkedin.com\/in\/milan-jovicic-42aa0231b"],"url":"https:\/\/www.apfelpatient.de\/en\/author\/apfeladmin"}]}},"_links":{"self":[{"href":"https:\/\/www.apfelpatient.de\/en\/wp-json\/wp\/v2\/posts\/37599","targetHints":{"allow":["GET"]}}],"collection":[{"href":"https:\/\/www.apfelpatient.de\/en\/wp-json\/wp\/v2\/posts"}],"about":[{"href":"https:\/\/www.apfelpatient.de\/en\/wp-json\/wp\/v2\/types\/post"}],"author":[{"embeddable":true,"href":"https:\/\/www.apfelpatient.de\/en\/wp-json\/wp\/v2\/users\/2"}],"replies":[{"embeddable":true,"href":"https:\/\/www.apfelpatient.de\/en\/wp-json\/wp\/v2\/comments?post=37599"}],"version-history":[{"count":0,"href":"https:\/\/www.apfelpatient.de\/en\/wp-json\/wp\/v2\/posts\/37599\/revisions"}],"wp:featuredmedia":[{"embeddable":true,"href":"https:\/\/www.apfelpatient.de\/en\/wp-json\/wp\/v2\/media\/33693"}],"wp:attachment":[{"href":"https:\/\/www.apfelpatient.de\/en\/wp-json\/wp\/v2\/media?parent=37599"}],"wp:term":[{"taxonomy":"category","embeddable":true,"href":"https:\/\/www.apfelpatient.de\/en\/wp-json\/wp\/v2\/categories?post=37599"},{"taxonomy":"post_tag","embeddable":true,"href":"https:\/\/www.apfelpatient.de\/en\/wp-json\/wp\/v2\/tags?post=37599"}],"curies":[{"name":"wp","href":"https:\/\/api.w.org\/{rel}","templated":true}]}}