{"id":37578,"date":"2023-03-02T19:32:47","date_gmt":"2023-03-02T18:32:47","guid":{"rendered":"https:\/\/www.apfelpatient.de\/?p=37578"},"modified":"2023-03-02T19:32:48","modified_gmt":"2023-03-02T18:32:48","slug":"silicon-design-center-muenchen-apple-doubles-investments","status":"publish","type":"post","link":"https:\/\/www.apfelpatient.de\/en\/news\/silicon-design-center-muenchen-apple-verdoppelt-die-investitionen","title":{"rendered":"Silicon Design Center Munich: Apple doubles investments"},"content":{"rendered":"<p class=\"has-drop-cap\"><strong>Apple has announced that it will invest an additional one billion euros in Germany as a development location over the next six years to expand its Silicon Design Center in downtown Munich.<\/strong><\/p>\n\n\n\n<p>Apple says the investment will go towards the design and construction of a &quot;state-of-the-art research facility&quot; on Seidlstrasse, where Apple&#039;s research and development teams can &quot;come together in new ways to enhance collaboration and innovation.&quot; Johny Srouji, Apple&#039;s senior vice president of hardware technologies, <a href=\"https:\/\/www.apple.com\/de\/newsroom\/2023\/03\/apple-accelerates-investment-in-germany-to-expand-silicon-design-center\/\" target=\"_blank\" rel=\"noreferrer noopener\">expressed<\/a> as follows:<\/p>\n\n\n\n<blockquote class=\"wp-block-quote is-layout-flow wp-block-quote-is-layout-flow\">\n<p>Our research and development teams in Munich are critical to our efforts to develop products that are more powerful, more efficient and more energy-efficient. The expansion of our European silicon design center will enable even closer collaboration between our more than 2,000 engineers in Bavaria working on groundbreaking innovations such as custom silicon design, energy management chips and future wireless technologies.<\/p>\n<\/blockquote>\n\n\n\n<h3 class=\"wp-block-heading\" id=\"h-silicon-design-center-munchen-apple-beschleunigt-den-ausbau\">Silicon Design Center Munich: Apple accelerates expansion<\/h3>\n\n\n\n\n\n\n\n<p>In addition to the new Apple location on Seidlstrasse, the teams will move into several additional research and development rooms on Denisstrasse and Marsstrasse as part of the expansion of the Silicon Design Center. The three new locations are located opposite Apple&#039;s recently opened research and development center on Karlstrasse.<\/p>\n\n\n\n<figure class=\"wp-block-image size-large\"><img decoding=\"async\" width=\"1024\" height=\"576\" src=\"https:\/\/www.apfelpatient.de\/wp-content\/uploads\/2023\/03\/Apple-investment-in-Munich-Silicon-Design-Center-map-DE-1024x576.jpg\" alt=\"\" class=\"wp-image-37576\" srcset=\"https:\/\/www.apfelpatient.de\/wp-content\/uploads\/2023\/03\/Apple-investment-in-Munich-Silicon-Design-Center-map-DE-1024x576.jpg 1024w, https:\/\/www.apfelpatient.de\/wp-content\/uploads\/2023\/03\/Apple-investment-in-Munich-Silicon-Design-Center-map-DE-300x169.jpg 300w, https:\/\/www.apfelpatient.de\/wp-content\/uploads\/2023\/03\/Apple-investment-in-Munich-Silicon-Design-Center-map-DE-768x432.jpg 768w, https:\/\/www.apfelpatient.de\/wp-content\/uploads\/2023\/03\/Apple-investment-in-Munich-Silicon-Design-Center-map-DE-1536x864.jpg 1536w, https:\/\/www.apfelpatient.de\/wp-content\/uploads\/2023\/03\/Apple-investment-in-Munich-Silicon-Design-Center-map-DE-750x422.jpg 750w, https:\/\/www.apfelpatient.de\/wp-content\/uploads\/2023\/03\/Apple-investment-in-Munich-Silicon-Design-Center-map-DE-1140x641.jpg 1140w, https:\/\/www.apfelpatient.de\/wp-content\/uploads\/2023\/03\/Apple-investment-in-Munich-Silicon-Design-Center-map-DE.jpg 1600w\" sizes=\"(max-width: 1024px) 100vw, 1024px\" \/><figcaption class=\"wp-element-caption\">Image: Apple<\/figcaption><\/figure>\n\n\n\n<p>Together with the development sites in Arnulfstra\u00dfe and at Hackerbr\u00fccke, the new facilities form Apple&#039;s European Silicon Design Center, which is centrally located in Munich&#039;s Maxvorstadt district. <a href=\"https:\/\/www.apfelpatient.de\/en\/news\/silicon-design-center-apple-invests-one-billion-in-munich\">announcement<\/a> follows an earlier investment commitment from Apple of \u20ac1 billion in 2021, when Apple made Munich the headquarters of its European Silicon Design Center. Apple says it has invested more than \u20ac18 billion in over 800 German companies over the past five years, supporting job creation, community development and workforce development across Germany. (Image: Apple)<\/p>\n\n\n\n<ul class=\"wp-block-list\">\n<li><a href=\"https:\/\/www.apfelpatient.de\/en\/rumors\/apples-mysterious-exploratory-design-group-in-focus\">Apple&#039;s mysterious Exploratory Design Group in focus<\/a><\/li>\n<\/ul>\n\n\n\n<h6 class=\"wp-block-heading translation-block\" id=\"h-kennt-ihr-schon-unsere-amazon-storefront-dort-findet-ihr-eine-handverlesene-auswahl-von-diversen-produkten-f-r-euer-iphone-und-co-viel-spa-beim-st-bern\"><em>Have you already visited our Amazon Storefront? There you&#039;ll find a hand-picked selection of various products for your iPhone and other devices \u2013 <span class=\"has-inline-color has-vivid-red-color\"><a href=\"https:\/\/www.amazon.de\/shop\/apfelpatientofficial\" class=\"ek-link\" data-wpel-link=\"exclude\" rel=\"follow noopener\" target=\"_self\"><span style=\"text-decoration: underline\" class=\"ek-underline\">enjoy browsing<\/span><\/a> !<\/span><\/em><\/h6>\n\n\n\n<h6 class=\"wp-block-heading translation-block\" id=\"h-der-beitrag-enthalt-partnerlinks\">This post contains <a data-type=\"URL\" data-id=\"https:\/\/www.apfelpatient.de\/partnerprogramm\" href=\"https:\/\/www.apfelpatient.de\/en\/partner-program\" data-wpel-link=\"internal\" target=\"_self\">affiliate links<\/a>.<\/h6>","protected":false},"excerpt":{"rendered":"<p>Silicon Design Center Munich: Apple has announced that it will invest an additional one billion euros in its development location in Germany.<\/p>","protected":false},"author":2,"featured_media":37577,"comment_status":"closed","ping_status":"closed","sticky":false,"template":"","format":"standard","meta":{"jnews-multi-image_gallery":[],"jnews_single_post":{"subtitle":"","format":"standard","video":"","gallery":"","source_name":"","source_url":"","via_name":"","via_url":"","override":[{"single_blog_custom":"","sidebar":"","second_sidebar":"","share_position":"","share_float_style":"","post_date_format":"","post_date_format_custom":"","post_reading_time_wpm":"","zoom_button_out_step":"1","zoom_button_in_step":"1","number_popup_post":"1"}],"image_override":[{"single_post_thumbnail_size":"","single_post_gallery_size":""}],"trending_post_position":"","trending_post_label":"","sponsored_post_label":"","sponsored_post_name":"","sponsored_post_url":"","sponsored_post_logo":"","sponsored_post_desc":""},"jnews_primary_category":{"id":"9"},"footnotes":""},"categories":[9],"tags":[14,18,8,40],"class_list":["post-37578","post","type-post","status-publish","format-standard","has-post-thumbnail","hentry","category-news","tag-apple-watch","tag-ipad","tag-iphone","tag-mac"],"yoast_head":"<!-- This site is optimized with the Yoast SEO Premium plugin v27.5 (Yoast SEO v27.5) - https:\/\/yoast.com\/product\/yoast-seo-premium-wordpress\/ -->\n<title>Silicon Design Center M\u00fcnchen: Apple verdoppelt die Investitionen<\/title>\n<meta name=\"description\" content=\"Silicon Design Center M\u00fcnchen: Apple hat angek\u00fcndigt, zus\u00e4tzlich eine Milliarde Euro in den Entwicklungsstandort Deutschland zu investieren.\" \/>\n<meta name=\"robots\" content=\"index, follow, max-snippet:-1, max-image-preview:large, max-video-preview:-1\" \/>\n<link rel=\"canonical\" href=\"https:\/\/www.apfelpatient.de\/en\/news\/silicon-design-center-muenchen-apple-doubles-investments\" \/>\n<meta property=\"og:locale\" content=\"en_US\" \/>\n<meta property=\"og:type\" content=\"article\" \/>\n<meta property=\"og:title\" content=\"Silicon Design Center M\u00fcnchen: Apple verdoppelt die Investitionen\" \/>\n<meta property=\"og:description\" content=\"Silicon Design Center M\u00fcnchen: Apple hat angek\u00fcndigt, zus\u00e4tzlich eine Milliarde Euro in den Entwicklungsstandort Deutschland zu investieren.\" \/>\n<meta property=\"og:url\" content=\"https:\/\/www.apfelpatient.de\/en\/news\/silicon-design-center-muenchen-apple-doubles-investments\" \/>\n<meta property=\"og:site_name\" content=\"Apfelpatient\" \/>\n<meta property=\"article:publisher\" content=\"https:\/\/www.facebook.com\/apfelpatientOfficial\" \/>\n<meta property=\"article:author\" content=\"https:\/\/www.facebook.com\/apfelpatientOfficial\" \/>\n<meta property=\"article:published_time\" content=\"2023-03-02T18:32:47+00:00\" \/>\n<meta property=\"article:modified_time\" content=\"2023-03-02T18:32:48+00:00\" \/>\n<meta property=\"og:image\" content=\"https:\/\/www.apfelpatient.de\/wp-content\/uploads\/2023\/03\/Apple-investment-in-Munich-Silicon-Design-Center-office.jpg\" \/>\n\t<meta property=\"og:image:width\" content=\"1600\" \/>\n\t<meta property=\"og:image:height\" content=\"1067\" \/>\n\t<meta property=\"og:image:type\" content=\"image\/jpeg\" \/>\n<meta name=\"author\" content=\"Milan\" \/>\n<meta name=\"twitter:card\" content=\"summary_large_image\" \/>\n<meta name=\"twitter:description\" content=\"Silicon Design Center M\u00fcnchen: Apple hat angek\u00fcndigt, zus\u00e4tzlich eine Milliarde Euro in den Entwicklungsstandort Deutschland zu investieren.\" \/>\n<meta name=\"twitter:label1\" content=\"Written by\" \/>\n\t<meta name=\"twitter:data1\" content=\"Milan\" \/>\n\t<meta name=\"twitter:label2\" content=\"Est. reading time\" \/>\n\t<meta name=\"twitter:data2\" content=\"2 minutes\" \/>\n<script type=\"application\/ld+json\" class=\"yoast-schema-graph\">{\"@context\":\"https:\\\/\\\/schema.org\",\"@graph\":[{\"@type\":\"NewsArticle\",\"@id\":\"https:\\\/\\\/www.apfelpatient.de\\\/news\\\/silicon-design-center-muenchen-apple-verdoppelt-die-investitionen#article\",\"isPartOf\":{\"@id\":\"https:\\\/\\\/www.apfelpatient.de\\\/news\\\/silicon-design-center-muenchen-apple-verdoppelt-die-investitionen\"},\"author\":{\"@type\":\"Organization\",\"@id\":\"https:\\\/\\\/www.apfelpatient.de\\\/en\\\/#organization\",\"name\":\"Apfelpatient\",\"url\":\"https:\\\/\\\/www.apfelpatient.de\\\/en\\\/\"},\"headline\":\"Silicon Design Center M\u00fcnchen: Apple verdoppelt die Investitionen\",\"datePublished\":\"2023-03-02T18:32:47+00:00\",\"dateModified\":\"2023-03-02T18:32:48+00:00\",\"mainEntityOfPage\":{\"@id\":\"https:\\\/\\\/www.apfelpatient.de\\\/news\\\/silicon-design-center-muenchen-apple-verdoppelt-die-investitionen\"},\"wordCount\":347,\"publisher\":{\"@type\":\"Organization\",\"@id\":\"https:\\\/\\\/www.apfelpatient.de\\\/en\\\/#organization\",\"name\":\"Apfelpatient\",\"url\":\"https:\\\/\\\/www.apfelpatient.de\\\/en\\\/\"},\"image\":{\"@id\":\"https:\\\/\\\/www.apfelpatient.de\\\/news\\\/silicon-design-center-muenchen-apple-verdoppelt-die-investitionen#primaryimage\"},\"thumbnailUrl\":\"https:\\\/\\\/www.apfelpatient.de\\\/wp-content\\\/uploads\\\/2023\\\/03\\\/Apple-investment-in-Munich-Silicon-Design-Center-office.jpg\",\"keywords\":[\"Apple Watch\",\"iPad\",\"iPhone\",\"Mac\"],\"articleSection\":\"News\",\"inLanguage\":\"en-US\",\"copyrightYear\":\"2023\",\"copyrightHolder\":{\"@id\":\"https:\\\/\\\/www.apfelpatient.de\\\/en\\\/#organization\"}},{\"@type\":\"WebPage\",\"@id\":\"https:\\\/\\\/www.apfelpatient.de\\\/news\\\/silicon-design-center-muenchen-apple-verdoppelt-die-investitionen\",\"url\":\"https:\\\/\\\/www.apfelpatient.de\\\/news\\\/silicon-design-center-muenchen-apple-verdoppelt-die-investitionen\",\"name\":\"Silicon Design Center M\u00fcnchen: Apple verdoppelt die Investitionen\",\"isPartOf\":{\"@id\":\"https:\\\/\\\/www.apfelpatient.de\\\/#website\"},\"primaryImageOfPage\":{\"@id\":\"https:\\\/\\\/www.apfelpatient.de\\\/news\\\/silicon-design-center-muenchen-apple-verdoppelt-die-investitionen#primaryimage\"},\"image\":{\"@id\":\"https:\\\/\\\/www.apfelpatient.de\\\/news\\\/silicon-design-center-muenchen-apple-verdoppelt-die-investitionen#primaryimage\"},\"thumbnailUrl\":\"https:\\\/\\\/www.apfelpatient.de\\\/wp-content\\\/uploads\\\/2023\\\/03\\\/Apple-investment-in-Munich-Silicon-Design-Center-office.jpg\",\"datePublished\":\"2023-03-02T18:32:47+00:00\",\"dateModified\":\"2023-03-02T18:32:48+00:00\",\"description\":\"Silicon Design Center M\u00fcnchen: Apple hat angek\u00fcndigt, zus\u00e4tzlich eine Milliarde Euro in den Entwicklungsstandort Deutschland zu investieren.\",\"breadcrumb\":{\"@id\":\"https:\\\/\\\/www.apfelpatient.de\\\/news\\\/silicon-design-center-muenchen-apple-verdoppelt-die-investitionen#breadcrumb\"},\"inLanguage\":\"en-US\",\"potentialAction\":[{\"@type\":\"ReadAction\",\"target\":[\"https:\\\/\\\/www.apfelpatient.de\\\/news\\\/silicon-design-center-muenchen-apple-verdoppelt-die-investitionen\"]}]},{\"@type\":\"ImageObject\",\"inLanguage\":\"en-US\",\"@id\":\"https:\\\/\\\/www.apfelpatient.de\\\/news\\\/silicon-design-center-muenchen-apple-verdoppelt-die-investitionen#primaryimage\",\"url\":\"https:\\\/\\\/www.apfelpatient.de\\\/wp-content\\\/uploads\\\/2023\\\/03\\\/Apple-investment-in-Munich-Silicon-Design-Center-office.jpg\",\"contentUrl\":\"https:\\\/\\\/www.apfelpatient.de\\\/wp-content\\\/uploads\\\/2023\\\/03\\\/Apple-investment-in-Munich-Silicon-Design-Center-office.jpg\",\"width\":1600,\"height\":1067,\"caption\":\"Bild: Apple - Silicon Design Center M\u00fcnchen\"},{\"@type\":\"BreadcrumbList\",\"@id\":\"https:\\\/\\\/www.apfelpatient.de\\\/news\\\/silicon-design-center-muenchen-apple-verdoppelt-die-investitionen#breadcrumb\",\"itemListElement\":[{\"@type\":\"ListItem\",\"position\":1,\"name\":\"Startseite\",\"item\":\"https:\\\/\\\/www.apfelpatient.de\\\/\"},{\"@type\":\"ListItem\",\"position\":2,\"name\":\"Silicon Design Center M\u00fcnchen: Apple verdoppelt die Investitionen\"}]},{\"@type\":\"WebSite\",\"@id\":\"https:\\\/\\\/www.apfelpatient.de\\\/#website\",\"url\":\"https:\\\/\\\/www.apfelpatient.de\\\/\",\"name\":\"Apfelpatient\",\"description\":\"Alles rund um Apple!\",\"publisher\":{\"@type\":\"Organization\",\"@id\":\"https:\\\/\\\/www.apfelpatient.de\\\/en\\\/#organization\",\"name\":\"Apfelpatient\",\"url\":\"https:\\\/\\\/www.apfelpatient.de\\\/en\\\/\"},\"alternateName\":\"Apfelpatient\",\"potentialAction\":[{\"@type\":\"SearchAction\",\"target\":{\"@type\":\"EntryPoint\",\"urlTemplate\":\"https:\\\/\\\/www.apfelpatient.de\\\/?s={search_term_string}\"},\"query-input\":{\"@type\":\"PropertyValueSpecification\",\"valueRequired\":true,\"valueName\":\"search_term_string\"}}],\"inLanguage\":\"en-US\"},{\"@type\":[\"Person\",\"Organization\"],\"@id\":\"https:\\\/\\\/www.apfelpatient.de\\\/#\\\/schema\\\/person\\\/35b3ddba5832f2bfc7fff5206d4f6b7b\",\"name\":\"Milan\",\"logo\":{\"@id\":\"https:\\\/\\\/www.apfelpatient.de\\\/#\\\/schema\\\/person\\\/image\\\/\"},\"description\":\"Hallo und herzlich willkommen auf meinem Technik-Blog! Als gro\u00dfer Apple-Fan berichte ich hier \u00fcber alles, was mit Apple zu tun hat: von den neuesten News und spannenden Ger\u00fcchten \u00fcber hilfreiche Tipps und Tricks bis hin zu ausf\u00fchrlichen Produkttests. Wenn du genauso technikbegeistert bist wie ich, bist du hier genau richtig!\",\"sameAs\":[\"https:\\\/\\\/www.facebook.com\\\/apfelpatientOfficial\",\"https:\\\/\\\/www.linkedin.com\\\/in\\\/milan-jovicic-42aa0231b\"],\"url\":\"https:\\\/\\\/www.apfelpatient.de\\\/en\\\/author\\\/apfeladmin\"}]}<\/script>\n<!-- \/ Yoast SEO Premium plugin. -->","yoast_head_json":{"title":"Silicon Design Center Munich: Apple doubles investments","description":"Silicon Design Center Munich: Apple has announced that it will invest an additional one billion euros in its development location in Germany.","robots":{"index":"index","follow":"follow","max-snippet":"max-snippet:-1","max-image-preview":"max-image-preview:large","max-video-preview":"max-video-preview:-1"},"canonical":"https:\/\/www.apfelpatient.de\/en\/news\/silicon-design-center-muenchen-apple-doubles-investments","og_locale":"en_US","og_type":"article","og_title":"Silicon Design Center M\u00fcnchen: Apple verdoppelt die Investitionen","og_description":"Silicon Design Center M\u00fcnchen: Apple hat angek\u00fcndigt, zus\u00e4tzlich eine Milliarde Euro in den Entwicklungsstandort Deutschland zu investieren.","og_url":"https:\/\/www.apfelpatient.de\/en\/news\/silicon-design-center-muenchen-apple-doubles-investments","og_site_name":"Apfelpatient","article_publisher":"https:\/\/www.facebook.com\/apfelpatientOfficial","article_author":"https:\/\/www.facebook.com\/apfelpatientOfficial","article_published_time":"2023-03-02T18:32:47+00:00","article_modified_time":"2023-03-02T18:32:48+00:00","og_image":[{"width":1600,"height":1067,"url":"https:\/\/www.apfelpatient.de\/wp-content\/uploads\/2023\/03\/Apple-investment-in-Munich-Silicon-Design-Center-office.jpg","type":"image\/jpeg"}],"author":"Milan","twitter_card":"summary_large_image","twitter_description":"Silicon Design Center M\u00fcnchen: Apple hat angek\u00fcndigt, zus\u00e4tzlich eine Milliarde Euro in den Entwicklungsstandort Deutschland zu investieren.","twitter_misc":{"Written by":"Milan","Est. reading time":"2 minutes"},"schema":{"@context":"https:\/\/schema.org","@graph":[{"@type":"NewsArticle","@id":"https:\/\/www.apfelpatient.de\/news\/silicon-design-center-muenchen-apple-verdoppelt-die-investitionen#article","isPartOf":{"@id":"https:\/\/www.apfelpatient.de\/news\/silicon-design-center-muenchen-apple-verdoppelt-die-investitionen"},"author":{"@type":"Organization","@id":"https:\/\/www.apfelpatient.de\/en\/#organization","name":"Apfelpatient","url":"https:\/\/www.apfelpatient.de\/en\/"},"headline":"Silicon Design Center M\u00fcnchen: Apple verdoppelt die Investitionen","datePublished":"2023-03-02T18:32:47+00:00","dateModified":"2023-03-02T18:32:48+00:00","mainEntityOfPage":{"@id":"https:\/\/www.apfelpatient.de\/news\/silicon-design-center-muenchen-apple-verdoppelt-die-investitionen"},"wordCount":347,"publisher":{"@type":"Organization","@id":"https:\/\/www.apfelpatient.de\/en\/#organization","name":"Apfelpatient","url":"https:\/\/www.apfelpatient.de\/en\/"},"image":{"@id":"https:\/\/www.apfelpatient.de\/news\/silicon-design-center-muenchen-apple-verdoppelt-die-investitionen#primaryimage"},"thumbnailUrl":"https:\/\/www.apfelpatient.de\/wp-content\/uploads\/2023\/03\/Apple-investment-in-Munich-Silicon-Design-Center-office.jpg","keywords":["Apple Watch","iPad","iPhone","Mac"],"articleSection":"News","inLanguage":"en-US","copyrightYear":"2023","copyrightHolder":{"@id":"https:\/\/www.apfelpatient.de\/en\/#organization"}},{"@type":"WebPage","@id":"https:\/\/www.apfelpatient.de\/news\/silicon-design-center-muenchen-apple-verdoppelt-die-investitionen","url":"https:\/\/www.apfelpatient.de\/news\/silicon-design-center-muenchen-apple-verdoppelt-die-investitionen","name":"Silicon Design Center Munich: Apple doubles investments","isPartOf":{"@id":"https:\/\/www.apfelpatient.de\/#website"},"primaryImageOfPage":{"@id":"https:\/\/www.apfelpatient.de\/news\/silicon-design-center-muenchen-apple-verdoppelt-die-investitionen#primaryimage"},"image":{"@id":"https:\/\/www.apfelpatient.de\/news\/silicon-design-center-muenchen-apple-verdoppelt-die-investitionen#primaryimage"},"thumbnailUrl":"https:\/\/www.apfelpatient.de\/wp-content\/uploads\/2023\/03\/Apple-investment-in-Munich-Silicon-Design-Center-office.jpg","datePublished":"2023-03-02T18:32:47+00:00","dateModified":"2023-03-02T18:32:48+00:00","description":"Silicon Design Center Munich: Apple has announced that it will invest an additional one billion euros in its development location in Germany.","breadcrumb":{"@id":"https:\/\/www.apfelpatient.de\/news\/silicon-design-center-muenchen-apple-verdoppelt-die-investitionen#breadcrumb"},"inLanguage":"en-US","potentialAction":[{"@type":"ReadAction","target":["https:\/\/www.apfelpatient.de\/news\/silicon-design-center-muenchen-apple-verdoppelt-die-investitionen"]}]},{"@type":"ImageObject","inLanguage":"en-US","@id":"https:\/\/www.apfelpatient.de\/news\/silicon-design-center-muenchen-apple-verdoppelt-die-investitionen#primaryimage","url":"https:\/\/www.apfelpatient.de\/wp-content\/uploads\/2023\/03\/Apple-investment-in-Munich-Silicon-Design-Center-office.jpg","contentUrl":"https:\/\/www.apfelpatient.de\/wp-content\/uploads\/2023\/03\/Apple-investment-in-Munich-Silicon-Design-Center-office.jpg","width":1600,"height":1067,"caption":"Bild: Apple - Silicon Design Center M\u00fcnchen"},{"@type":"BreadcrumbList","@id":"https:\/\/www.apfelpatient.de\/news\/silicon-design-center-muenchen-apple-verdoppelt-die-investitionen#breadcrumb","itemListElement":[{"@type":"ListItem","position":1,"name":"Startseite","item":"https:\/\/www.apfelpatient.de\/"},{"@type":"ListItem","position":2,"name":"Silicon Design Center M\u00fcnchen: Apple verdoppelt die Investitionen"}]},{"@type":"WebSite","@id":"https:\/\/www.apfelpatient.de\/#website","url":"https:\/\/www.apfelpatient.de\/","name":"apple patient","description":"Everything about Apple!","publisher":{"@type":"Organization","@id":"https:\/\/www.apfelpatient.de\/en\/#organization","name":"Apfelpatient","url":"https:\/\/www.apfelpatient.de\/en\/"},"alternateName":"Apfelpatient","potentialAction":[{"@type":"SearchAction","target":{"@type":"EntryPoint","urlTemplate":"https:\/\/www.apfelpatient.de\/?s={search_term_string}"},"query-input":{"@type":"PropertyValueSpecification","valueRequired":true,"valueName":"search_term_string"}}],"inLanguage":"en-US"},{"@type":["Person","Organization"],"@id":"https:\/\/www.apfelpatient.de\/#\/schema\/person\/35b3ddba5832f2bfc7fff5206d4f6b7b","name":"Milan","logo":{"@id":"https:\/\/www.apfelpatient.de\/#\/schema\/person\/image\/"},"description":"Hello and welcome to my technology blog! As a big Apple fan, I report on everything to do with Apple: from the latest news and exciting rumors to helpful tips and tricks and detailed product tests. If you are as enthusiastic about technology as I am, you have come to the right place!","sameAs":["https:\/\/www.facebook.com\/apfelpatientOfficial","https:\/\/www.linkedin.com\/in\/milan-jovicic-42aa0231b"],"url":"https:\/\/www.apfelpatient.de\/en\/author\/apfeladmin"}]}},"_links":{"self":[{"href":"https:\/\/www.apfelpatient.de\/en\/wp-json\/wp\/v2\/posts\/37578","targetHints":{"allow":["GET"]}}],"collection":[{"href":"https:\/\/www.apfelpatient.de\/en\/wp-json\/wp\/v2\/posts"}],"about":[{"href":"https:\/\/www.apfelpatient.de\/en\/wp-json\/wp\/v2\/types\/post"}],"author":[{"embeddable":true,"href":"https:\/\/www.apfelpatient.de\/en\/wp-json\/wp\/v2\/users\/2"}],"replies":[{"embeddable":true,"href":"https:\/\/www.apfelpatient.de\/en\/wp-json\/wp\/v2\/comments?post=37578"}],"version-history":[{"count":0,"href":"https:\/\/www.apfelpatient.de\/en\/wp-json\/wp\/v2\/posts\/37578\/revisions"}],"wp:featuredmedia":[{"embeddable":true,"href":"https:\/\/www.apfelpatient.de\/en\/wp-json\/wp\/v2\/media\/37577"}],"wp:attachment":[{"href":"https:\/\/www.apfelpatient.de\/en\/wp-json\/wp\/v2\/media?parent=37578"}],"wp:term":[{"taxonomy":"category","embeddable":true,"href":"https:\/\/www.apfelpatient.de\/en\/wp-json\/wp\/v2\/categories?post=37578"},{"taxonomy":"post_tag","embeddable":true,"href":"https:\/\/www.apfelpatient.de\/en\/wp-json\/wp\/v2\/tags?post=37578"}],"curies":[{"name":"wp","href":"https:\/\/api.w.org\/{rel}","templated":true}]}}