{"id":37550,"date":"2023-02-28T18:03:15","date_gmt":"2023-02-28T17:03:15","guid":{"rendered":"https:\/\/www.apfelpatient.de\/?p=37550"},"modified":"2023-02-28T18:03:16","modified_gmt":"2023-02-28T17:03:16","slug":"iphone-16-pro-will-apple-eliminate-the-dynamic-island-in-2024","status":"publish","type":"post","link":"https:\/\/www.apfelpatient.de\/en\/rumors\/iphone-16-pro-wird-apple-2024-die-dynamic-island-eliminieren","title":{"rendered":"iPhone 16 Pro: Will Apple eliminate the Dynamic Island in 2024?"},"content":{"rendered":"<p class=\"has-drop-cap\"><strong>Apple could completely do away with the Dynamic Island in 2024. Display manufacturers are reportedly working on making Face ID for the iPhone 16 Pro work entirely under the display.<\/strong><\/p>\n\n\n\n<p>The infamous notch and the criticism surrounding it prompted Apple to develop the Dynamic Island concept for the iPhone 14 Pro. But the company is working to make the screen elements less problematic in the future. Rumors say that Apple will equip the iPhone 16 Pro with a full screen. It is believed that suppliers are actively working on some elements.<\/p>\n\n\n\n<h3 class=\"wp-block-heading\" id=\"h-face-id-unter-dem-display-die-umsetzung-stosst-auf-probleme\">Face ID under the display: The implementation encounters problems<\/h3>\n\n\n\n<p>According to a report by The Elec <a href=\"https:\/\/www.thelec.kr\/news\/articleView.html?idxno=19990\" target=\"_blank\" rel=\"noreferrer noopener\">according to<\/a> the difficulty of creating a display that hides the camera sensors and elements behind the display itself without blocking the incoming light should not be a problem for the production of the iPhone 16 Pro. The reason for this is that Face ID under the display runs into the same problems that Samsung Display uses for the Galaxy Z Fold series display with an under-display camera. In this case, a front camera module is placed under the display and the opening for the camera lens is not visible during use. Since the technology exists for this purpose, it should be possible to extend it for Face ID.<\/p>\n\n\n\n<h3 class=\"wp-block-heading\">iPhone 16 Pro: The Face ID rumors are not new<\/h3>\n\n\n\n\n\n\n\n<p>However, the specifications of the camera module capable of working with UPC are currently only enough for 4 million pixels, as the space is divided between supporting the display function and capturing external light sources. This is far from the 12 megapixels of the current TrueDepth camera array, but the situation is improving and by 2026 the resolution could be enough for Apple&#039;s purposes. The Elec is usually very accurate when it comes to rumors about the supply chain rather than product features. But in this case, the logic behind the report seems to be pretty good. Previous rumors also hinted at a hidden Face ID system. Analyst Ming-Chi Kuo of TF Securities and analyst Ross Young of DSCC have already commented on this. (Photo by SashaMagic \/ Bigstockphoto)<\/p>\n\n\n\n<ul class=\"wp-block-list\">\n<li><a href=\"https:\/\/www.apfelpatient.de\/en\/rumors\/iphone-15-requires-usb-c-cable-with-mfi-certification\">iPhone 15 requires USB-C cable with MFi certification<\/a><\/li>\n<\/ul>\n\n\n\n<h6 class=\"wp-block-heading translation-block\" id=\"h-kennt-ihr-schon-unsere-amazon-storefront-dort-findet-ihr-eine-handverlesene-auswahl-von-diversen-produkten-f-r-euer-iphone-und-co-viel-spa-beim-st-bern\"><em>Have you already visited our Amazon Storefront? There you&#039;ll find a hand-picked selection of various products for your iPhone and other devices \u2013 <span class=\"has-inline-color has-vivid-red-color\"><a href=\"https:\/\/www.amazon.de\/shop\/apfelpatientofficial\" class=\"ek-link\" data-wpel-link=\"exclude\" rel=\"follow noopener\" target=\"_self\"><span style=\"text-decoration: underline\" class=\"ek-underline\">enjoy browsing<\/span><\/a> !<\/span><\/em><\/h6>\n\n\n\n<h6 class=\"wp-block-heading translation-block\" id=\"h-der-beitrag-enthalt-partnerlinks\">This post contains <a data-type=\"URL\" data-id=\"https:\/\/www.apfelpatient.de\/partnerprogramm\" href=\"https:\/\/www.apfelpatient.de\/en\/partner-program\" data-wpel-link=\"internal\" target=\"_self\">affiliate links<\/a>.<\/h6>","protected":false},"excerpt":{"rendered":"<p>Display manufacturers are reportedly working on making Face ID for the iPhone 16 Pro work completely under the display.<\/p>","protected":false},"author":2,"featured_media":36504,"comment_status":"closed","ping_status":"closed","sticky":false,"template":"","format":"standard","meta":{"jnews-multi-image_gallery":[],"jnews_single_post":{"subtitle":"","format":"standard","video":"","gallery":"","source_name":"","source_url":"","via_name":"","via_url":"","override":[{"single_blog_custom":"","sidebar":"","second_sidebar":"","share_position":"","share_float_style":"","post_date_format":"","post_date_format_custom":"","post_reading_time_wpm":"","zoom_button_out_step":"1","zoom_button_in_step":"1","number_popup_post":"1"}],"image_override":[{"single_post_thumbnail_size":"","single_post_gallery_size":""}],"trending_post_position":"","trending_post_label":"","sponsored_post_label":"","sponsored_post_name":"","sponsored_post_url":"","sponsored_post_logo":"","sponsored_post_desc":""},"jnews_primary_category":{"id":"25"},"footnotes":""},"categories":[25],"tags":[8,705,657],"class_list":["post-37550","post","type-post","status-publish","format-standard","has-post-thumbnail","hentry","category-rumors","tag-iphone","tag-iphone-16","tag-iphone-2024"],"yoast_head":"<!-- This site is optimized with the Yoast SEO Premium plugin v27.5 (Yoast SEO v27.5) - https:\/\/yoast.com\/product\/yoast-seo-premium-wordpress\/ -->\n<title>iPhone 16 Pro: Wird Apple 2024 die Dynamic Island eliminieren?<\/title>\n<meta name=\"description\" content=\"Berichten zufolge arbeiten Display-Hersteller daran, dass Face ID f\u00fcr das iPhone 16 Pro komplett unter dem Display funktioniert.\" \/>\n<meta name=\"robots\" content=\"index, follow, max-snippet:-1, max-image-preview:large, max-video-preview:-1\" \/>\n<link rel=\"canonical\" href=\"https:\/\/www.apfelpatient.de\/en\/rumors\/iphone-16-pro-will-apple-eliminate-the-dynamic-island-in-2024\" \/>\n<meta property=\"og:locale\" content=\"en_US\" \/>\n<meta property=\"og:type\" content=\"article\" \/>\n<meta property=\"og:title\" content=\"iPhone 16 Pro: Wird Apple 2024 die Dynamic Island eliminieren?\" \/>\n<meta property=\"og:description\" content=\"Berichten zufolge arbeiten Display-Hersteller daran, dass Face ID f\u00fcr das iPhone 16 Pro komplett unter dem Display funktioniert.\" \/>\n<meta property=\"og:url\" content=\"https:\/\/www.apfelpatient.de\/en\/rumors\/iphone-16-pro-will-apple-eliminate-the-dynamic-island-in-2024\" \/>\n<meta property=\"og:site_name\" content=\"Apfelpatient\" \/>\n<meta property=\"article:publisher\" content=\"https:\/\/www.facebook.com\/apfelpatientOfficial\" \/>\n<meta property=\"article:author\" content=\"https:\/\/www.facebook.com\/apfelpatientOfficial\" \/>\n<meta property=\"article:published_time\" content=\"2023-02-28T17:03:15+00:00\" \/>\n<meta property=\"article:modified_time\" content=\"2023-02-28T17:03:16+00:00\" \/>\n<meta property=\"og:image\" content=\"https:\/\/www.apfelpatient.de\/wp-content\/uploads\/2022\/12\/bigstock-Ukraine-Dnepr-July-461169805.jpg\" \/>\n\t<meta property=\"og:image:width\" content=\"1600\" \/>\n\t<meta property=\"og:image:height\" content=\"1067\" \/>\n\t<meta property=\"og:image:type\" content=\"image\/jpeg\" \/>\n<meta name=\"author\" content=\"Milan\" \/>\n<meta name=\"twitter:card\" content=\"summary_large_image\" \/>\n<meta name=\"twitter:description\" content=\"Berichten zufolge arbeiten Display-Hersteller daran, dass Face ID f\u00fcr das iPhone 16 Pro komplett unter dem Display funktioniert.\" \/>\n<meta name=\"twitter:label1\" content=\"Written by\" \/>\n\t<meta name=\"twitter:data1\" content=\"Milan\" \/>\n\t<meta name=\"twitter:label2\" content=\"Est. reading time\" \/>\n\t<meta name=\"twitter:data2\" content=\"2 minutes\" \/>\n<script type=\"application\/ld+json\" class=\"yoast-schema-graph\">{\"@context\":\"https:\\\/\\\/schema.org\",\"@graph\":[{\"@type\":\"NewsArticle\",\"@id\":\"https:\\\/\\\/www.apfelpatient.de\\\/rumors\\\/iphone-16-pro-wird-apple-2024-die-dynamic-island-eliminieren#article\",\"isPartOf\":{\"@id\":\"https:\\\/\\\/www.apfelpatient.de\\\/rumors\\\/iphone-16-pro-wird-apple-2024-die-dynamic-island-eliminieren\"},\"author\":{\"@type\":\"Organization\",\"@id\":\"https:\\\/\\\/www.apfelpatient.de\\\/en\\\/#organization\",\"name\":\"Apfelpatient\",\"url\":\"https:\\\/\\\/www.apfelpatient.de\\\/en\\\/\"},\"headline\":\"iPhone 16 Pro: Wird Apple 2024 die Dynamic Island eliminieren?\",\"datePublished\":\"2023-02-28T17:03:15+00:00\",\"dateModified\":\"2023-02-28T17:03:16+00:00\",\"mainEntityOfPage\":{\"@id\":\"https:\\\/\\\/www.apfelpatient.de\\\/rumors\\\/iphone-16-pro-wird-apple-2024-die-dynamic-island-eliminieren\"},\"wordCount\":372,\"publisher\":{\"@type\":\"Organization\",\"@id\":\"https:\\\/\\\/www.apfelpatient.de\\\/en\\\/#organization\",\"name\":\"Apfelpatient\",\"url\":\"https:\\\/\\\/www.apfelpatient.de\\\/en\\\/\"},\"image\":{\"@id\":\"https:\\\/\\\/www.apfelpatient.de\\\/rumors\\\/iphone-16-pro-wird-apple-2024-die-dynamic-island-eliminieren#primaryimage\"},\"thumbnailUrl\":\"https:\\\/\\\/www.apfelpatient.de\\\/wp-content\\\/uploads\\\/2022\\\/12\\\/bigstock-Ukraine-Dnepr-July-461169805.jpg\",\"keywords\":[\"iPhone\",\"iPhone 16\",\"iPhone 2024\"],\"articleSection\":\"Rumors\",\"inLanguage\":\"en-US\",\"copyrightYear\":\"2023\",\"copyrightHolder\":{\"@id\":\"https:\\\/\\\/www.apfelpatient.de\\\/en\\\/#organization\"}},{\"@type\":\"WebPage\",\"@id\":\"https:\\\/\\\/www.apfelpatient.de\\\/rumors\\\/iphone-16-pro-wird-apple-2024-die-dynamic-island-eliminieren\",\"url\":\"https:\\\/\\\/www.apfelpatient.de\\\/rumors\\\/iphone-16-pro-wird-apple-2024-die-dynamic-island-eliminieren\",\"name\":\"iPhone 16 Pro: Wird Apple 2024 die Dynamic Island eliminieren?\",\"isPartOf\":{\"@id\":\"https:\\\/\\\/www.apfelpatient.de\\\/#website\"},\"primaryImageOfPage\":{\"@id\":\"https:\\\/\\\/www.apfelpatient.de\\\/rumors\\\/iphone-16-pro-wird-apple-2024-die-dynamic-island-eliminieren#primaryimage\"},\"image\":{\"@id\":\"https:\\\/\\\/www.apfelpatient.de\\\/rumors\\\/iphone-16-pro-wird-apple-2024-die-dynamic-island-eliminieren#primaryimage\"},\"thumbnailUrl\":\"https:\\\/\\\/www.apfelpatient.de\\\/wp-content\\\/uploads\\\/2022\\\/12\\\/bigstock-Ukraine-Dnepr-July-461169805.jpg\",\"datePublished\":\"2023-02-28T17:03:15+00:00\",\"dateModified\":\"2023-02-28T17:03:16+00:00\",\"description\":\"Berichten zufolge arbeiten Display-Hersteller daran, dass Face ID f\u00fcr das iPhone 16 Pro komplett unter dem Display funktioniert.\",\"breadcrumb\":{\"@id\":\"https:\\\/\\\/www.apfelpatient.de\\\/rumors\\\/iphone-16-pro-wird-apple-2024-die-dynamic-island-eliminieren#breadcrumb\"},\"inLanguage\":\"en-US\",\"potentialAction\":[{\"@type\":\"ReadAction\",\"target\":[\"https:\\\/\\\/www.apfelpatient.de\\\/rumors\\\/iphone-16-pro-wird-apple-2024-die-dynamic-island-eliminieren\"]}]},{\"@type\":\"ImageObject\",\"inLanguage\":\"en-US\",\"@id\":\"https:\\\/\\\/www.apfelpatient.de\\\/rumors\\\/iphone-16-pro-wird-apple-2024-die-dynamic-island-eliminieren#primaryimage\",\"url\":\"https:\\\/\\\/www.apfelpatient.de\\\/wp-content\\\/uploads\\\/2022\\\/12\\\/bigstock-Ukraine-Dnepr-July-461169805.jpg\",\"contentUrl\":\"https:\\\/\\\/www.apfelpatient.de\\\/wp-content\\\/uploads\\\/2022\\\/12\\\/bigstock-Ukraine-Dnepr-July-461169805.jpg\",\"width\":1600,\"height\":1067,\"caption\":\"Photo by SashaMagic \\\/ Bigstockphoto\"},{\"@type\":\"BreadcrumbList\",\"@id\":\"https:\\\/\\\/www.apfelpatient.de\\\/rumors\\\/iphone-16-pro-wird-apple-2024-die-dynamic-island-eliminieren#breadcrumb\",\"itemListElement\":[{\"@type\":\"ListItem\",\"position\":1,\"name\":\"Startseite\",\"item\":\"https:\\\/\\\/www.apfelpatient.de\\\/\"},{\"@type\":\"ListItem\",\"position\":2,\"name\":\"iPhone 16 Pro: Wird Apple 2024 die Dynamic Island eliminieren?\"}]},{\"@type\":\"WebSite\",\"@id\":\"https:\\\/\\\/www.apfelpatient.de\\\/#website\",\"url\":\"https:\\\/\\\/www.apfelpatient.de\\\/\",\"name\":\"Apfelpatient\",\"description\":\"Alles rund um Apple!\",\"publisher\":{\"@type\":\"Organization\",\"@id\":\"https:\\\/\\\/www.apfelpatient.de\\\/en\\\/#organization\",\"name\":\"Apfelpatient\",\"url\":\"https:\\\/\\\/www.apfelpatient.de\\\/en\\\/\"},\"alternateName\":\"Apfelpatient\",\"potentialAction\":[{\"@type\":\"SearchAction\",\"target\":{\"@type\":\"EntryPoint\",\"urlTemplate\":\"https:\\\/\\\/www.apfelpatient.de\\\/?s={search_term_string}\"},\"query-input\":{\"@type\":\"PropertyValueSpecification\",\"valueRequired\":true,\"valueName\":\"search_term_string\"}}],\"inLanguage\":\"en-US\"},{\"@type\":[\"Person\",\"Organization\"],\"@id\":\"https:\\\/\\\/www.apfelpatient.de\\\/#\\\/schema\\\/person\\\/35b3ddba5832f2bfc7fff5206d4f6b7b\",\"name\":\"Milan\",\"logo\":{\"@id\":\"https:\\\/\\\/www.apfelpatient.de\\\/#\\\/schema\\\/person\\\/image\\\/\"},\"description\":\"Hallo und herzlich willkommen auf meinem Technik-Blog! Als gro\u00dfer Apple-Fan berichte ich hier \u00fcber alles, was mit Apple zu tun hat: von den neuesten News und spannenden Ger\u00fcchten \u00fcber hilfreiche Tipps und Tricks bis hin zu ausf\u00fchrlichen Produkttests. Wenn du genauso technikbegeistert bist wie ich, bist du hier genau richtig!\",\"sameAs\":[\"https:\\\/\\\/www.facebook.com\\\/apfelpatientOfficial\",\"https:\\\/\\\/www.linkedin.com\\\/in\\\/milan-jovicic-42aa0231b\"],\"url\":\"https:\\\/\\\/www.apfelpatient.de\\\/en\\\/author\\\/apfeladmin\"}]}<\/script>\n<!-- \/ Yoast SEO Premium plugin. -->","yoast_head_json":{"title":"iPhone 16 Pro: Will Apple eliminate the Dynamic Island in 2024?","description":"Display manufacturers are reportedly working on making Face ID for the iPhone 16 Pro work completely under the display.","robots":{"index":"index","follow":"follow","max-snippet":"max-snippet:-1","max-image-preview":"max-image-preview:large","max-video-preview":"max-video-preview:-1"},"canonical":"https:\/\/www.apfelpatient.de\/en\/rumors\/iphone-16-pro-will-apple-eliminate-the-dynamic-island-in-2024","og_locale":"en_US","og_type":"article","og_title":"iPhone 16 Pro: Wird Apple 2024 die Dynamic Island eliminieren?","og_description":"Berichten zufolge arbeiten Display-Hersteller daran, dass Face ID f\u00fcr das iPhone 16 Pro komplett unter dem Display funktioniert.","og_url":"https:\/\/www.apfelpatient.de\/en\/rumors\/iphone-16-pro-will-apple-eliminate-the-dynamic-island-in-2024","og_site_name":"Apfelpatient","article_publisher":"https:\/\/www.facebook.com\/apfelpatientOfficial","article_author":"https:\/\/www.facebook.com\/apfelpatientOfficial","article_published_time":"2023-02-28T17:03:15+00:00","article_modified_time":"2023-02-28T17:03:16+00:00","og_image":[{"width":1600,"height":1067,"url":"https:\/\/www.apfelpatient.de\/wp-content\/uploads\/2022\/12\/bigstock-Ukraine-Dnepr-July-461169805.jpg","type":"image\/jpeg"}],"author":"Milan","twitter_card":"summary_large_image","twitter_description":"Berichten zufolge arbeiten Display-Hersteller daran, dass Face ID f\u00fcr das iPhone 16 Pro komplett unter dem Display funktioniert.","twitter_misc":{"Written by":"Milan","Est. reading time":"2 minutes"},"schema":{"@context":"https:\/\/schema.org","@graph":[{"@type":"NewsArticle","@id":"https:\/\/www.apfelpatient.de\/rumors\/iphone-16-pro-wird-apple-2024-die-dynamic-island-eliminieren#article","isPartOf":{"@id":"https:\/\/www.apfelpatient.de\/rumors\/iphone-16-pro-wird-apple-2024-die-dynamic-island-eliminieren"},"author":{"@type":"Organization","@id":"https:\/\/www.apfelpatient.de\/en\/#organization","name":"Apfelpatient","url":"https:\/\/www.apfelpatient.de\/en\/"},"headline":"iPhone 16 Pro: Wird Apple 2024 die Dynamic Island eliminieren?","datePublished":"2023-02-28T17:03:15+00:00","dateModified":"2023-02-28T17:03:16+00:00","mainEntityOfPage":{"@id":"https:\/\/www.apfelpatient.de\/rumors\/iphone-16-pro-wird-apple-2024-die-dynamic-island-eliminieren"},"wordCount":372,"publisher":{"@type":"Organization","@id":"https:\/\/www.apfelpatient.de\/en\/#organization","name":"Apfelpatient","url":"https:\/\/www.apfelpatient.de\/en\/"},"image":{"@id":"https:\/\/www.apfelpatient.de\/rumors\/iphone-16-pro-wird-apple-2024-die-dynamic-island-eliminieren#primaryimage"},"thumbnailUrl":"https:\/\/www.apfelpatient.de\/wp-content\/uploads\/2022\/12\/bigstock-Ukraine-Dnepr-July-461169805.jpg","keywords":["iPhone","iPhone 16","iPhone 2024"],"articleSection":"Rumors","inLanguage":"en-US","copyrightYear":"2023","copyrightHolder":{"@id":"https:\/\/www.apfelpatient.de\/en\/#organization"}},{"@type":"WebPage","@id":"https:\/\/www.apfelpatient.de\/rumors\/iphone-16-pro-wird-apple-2024-die-dynamic-island-eliminieren","url":"https:\/\/www.apfelpatient.de\/rumors\/iphone-16-pro-wird-apple-2024-die-dynamic-island-eliminieren","name":"iPhone 16 Pro: Will Apple eliminate the Dynamic Island in 2024?","isPartOf":{"@id":"https:\/\/www.apfelpatient.de\/#website"},"primaryImageOfPage":{"@id":"https:\/\/www.apfelpatient.de\/rumors\/iphone-16-pro-wird-apple-2024-die-dynamic-island-eliminieren#primaryimage"},"image":{"@id":"https:\/\/www.apfelpatient.de\/rumors\/iphone-16-pro-wird-apple-2024-die-dynamic-island-eliminieren#primaryimage"},"thumbnailUrl":"https:\/\/www.apfelpatient.de\/wp-content\/uploads\/2022\/12\/bigstock-Ukraine-Dnepr-July-461169805.jpg","datePublished":"2023-02-28T17:03:15+00:00","dateModified":"2023-02-28T17:03:16+00:00","description":"Display manufacturers are reportedly working on making Face ID for the iPhone 16 Pro work completely under the display.","breadcrumb":{"@id":"https:\/\/www.apfelpatient.de\/rumors\/iphone-16-pro-wird-apple-2024-die-dynamic-island-eliminieren#breadcrumb"},"inLanguage":"en-US","potentialAction":[{"@type":"ReadAction","target":["https:\/\/www.apfelpatient.de\/rumors\/iphone-16-pro-wird-apple-2024-die-dynamic-island-eliminieren"]}]},{"@type":"ImageObject","inLanguage":"en-US","@id":"https:\/\/www.apfelpatient.de\/rumors\/iphone-16-pro-wird-apple-2024-die-dynamic-island-eliminieren#primaryimage","url":"https:\/\/www.apfelpatient.de\/wp-content\/uploads\/2022\/12\/bigstock-Ukraine-Dnepr-July-461169805.jpg","contentUrl":"https:\/\/www.apfelpatient.de\/wp-content\/uploads\/2022\/12\/bigstock-Ukraine-Dnepr-July-461169805.jpg","width":1600,"height":1067,"caption":"Photo by SashaMagic \/ Bigstockphoto"},{"@type":"BreadcrumbList","@id":"https:\/\/www.apfelpatient.de\/rumors\/iphone-16-pro-wird-apple-2024-die-dynamic-island-eliminieren#breadcrumb","itemListElement":[{"@type":"ListItem","position":1,"name":"Startseite","item":"https:\/\/www.apfelpatient.de\/"},{"@type":"ListItem","position":2,"name":"iPhone 16 Pro: Wird Apple 2024 die Dynamic Island eliminieren?"}]},{"@type":"WebSite","@id":"https:\/\/www.apfelpatient.de\/#website","url":"https:\/\/www.apfelpatient.de\/","name":"apple patient","description":"Everything about Apple!","publisher":{"@type":"Organization","@id":"https:\/\/www.apfelpatient.de\/en\/#organization","name":"Apfelpatient","url":"https:\/\/www.apfelpatient.de\/en\/"},"alternateName":"Apfelpatient","potentialAction":[{"@type":"SearchAction","target":{"@type":"EntryPoint","urlTemplate":"https:\/\/www.apfelpatient.de\/?s={search_term_string}"},"query-input":{"@type":"PropertyValueSpecification","valueRequired":true,"valueName":"search_term_string"}}],"inLanguage":"en-US"},{"@type":["Person","Organization"],"@id":"https:\/\/www.apfelpatient.de\/#\/schema\/person\/35b3ddba5832f2bfc7fff5206d4f6b7b","name":"Milan","logo":{"@id":"https:\/\/www.apfelpatient.de\/#\/schema\/person\/image\/"},"description":"Hello and welcome to my technology blog! As a big Apple fan, I report on everything to do with Apple: from the latest news and exciting rumors to helpful tips and tricks and detailed product tests. If you are as enthusiastic about technology as I am, you have come to the right place!","sameAs":["https:\/\/www.facebook.com\/apfelpatientOfficial","https:\/\/www.linkedin.com\/in\/milan-jovicic-42aa0231b"],"url":"https:\/\/www.apfelpatient.de\/en\/author\/apfeladmin"}]}},"_links":{"self":[{"href":"https:\/\/www.apfelpatient.de\/en\/wp-json\/wp\/v2\/posts\/37550","targetHints":{"allow":["GET"]}}],"collection":[{"href":"https:\/\/www.apfelpatient.de\/en\/wp-json\/wp\/v2\/posts"}],"about":[{"href":"https:\/\/www.apfelpatient.de\/en\/wp-json\/wp\/v2\/types\/post"}],"author":[{"embeddable":true,"href":"https:\/\/www.apfelpatient.de\/en\/wp-json\/wp\/v2\/users\/2"}],"replies":[{"embeddable":true,"href":"https:\/\/www.apfelpatient.de\/en\/wp-json\/wp\/v2\/comments?post=37550"}],"version-history":[{"count":0,"href":"https:\/\/www.apfelpatient.de\/en\/wp-json\/wp\/v2\/posts\/37550\/revisions"}],"wp:featuredmedia":[{"embeddable":true,"href":"https:\/\/www.apfelpatient.de\/en\/wp-json\/wp\/v2\/media\/36504"}],"wp:attachment":[{"href":"https:\/\/www.apfelpatient.de\/en\/wp-json\/wp\/v2\/media?parent=37550"}],"wp:term":[{"taxonomy":"category","embeddable":true,"href":"https:\/\/www.apfelpatient.de\/en\/wp-json\/wp\/v2\/categories?post=37550"},{"taxonomy":"post_tag","embeddable":true,"href":"https:\/\/www.apfelpatient.de\/en\/wp-json\/wp\/v2\/tags?post=37550"}],"curies":[{"name":"wp","href":"https:\/\/api.w.org\/{rel}","templated":true}]}}