{"id":37518,"date":"2023-02-24T16:50:47","date_gmt":"2023-02-24T15:50:47","guid":{"rendered":"https:\/\/www.apfelpatient.de\/?p=37518"},"modified":"2023-02-24T16:50:48","modified_gmt":"2023-02-24T15:50:48","slug":"apple-is-reportedly-already-working-with-foxconn-on-a-cheaper-ar-headset","status":"publish","type":"post","link":"https:\/\/www.apfelpatient.de\/en\/rumors\/apple-arbeitet-angeblich-bereits-mit-foxconn-an-guenstigerem-ar-headset","title":{"rendered":"Apple is reportedly already working with Foxconn on a cheaper AR headset"},"content":{"rendered":"<p class=\"has-drop-cap\"><strong>Observers currently assume that Apple will present the first generation of its AR\/VR headset at the WWDC in June.<\/strong><\/p>\n\n\n\n<p>The first generation device is expected to be equipped with cutting edge technology such as high resolution displays, many cameras and sensors \u2013 and all these high quality components come at a price. Rumours suggest that the brand new product, called the \u201cApple Reality Pro\u201d, will cost between $2,000 and $3,000. However, the rumor mill assumes that Apple is aiming for a cheaper \u2013 more consumer-friendly \u2013 device for the second generation. <a href=\"https:\/\/asia.nikkei.com\/Spotlight\/Supply-Chain\/Apple-taps-China-s-Luxshare-to-develop-augmented-reality-device\" target=\"_blank\" rel=\"noreferrer noopener\">report<\/a> According to Nikkei today, Apple is already working with Foxconn to plan production for the cheaper headset. According to Nikkei, Apple is having Luxshare build the first-generation AR\/VR headset, which is notable because Apple rarely uses manufacturers outside of Foxconn for version 1 products.<\/p>\n\n\n\n<h3 class=\"wp-block-heading\" id=\"h-das-ar-headset-der-zweiten-generation-soll-eine-breitere-kundenbasis-ansprechen\">The second generation AR headset is intended to appeal to a broader customer base<\/h3>\n\n\n\n<p>Luxshare is already involved in assembling the iPhones, Apple Watch and AirPods. One of the most expensive parts on the first headset&#039;s materials list will be the display. Apple is believed to be using high-resolution micro-OLED panels and will require two displays per headset unit - one for each eye. According to today&#039;s Nikkei report, each panel could cost around $150 to manufacture, with the high price tag attributed to the fact that yield is still relatively low. Apple is aiming for a lower price for the second-generation model, with some of the cost savings coming from more efficient production. Nikkei reports that Apple has hired Foxconn to increase the level of automation in the assembly of the headphones to reduce production costs.<\/p>\n\n\n\n<h3 class=\"wp-block-heading\">Apple Reality Pro could be followed by Apple Reality One<\/h3>\n\n\n\n\n\n\n\n<p>The work is running in parallel with the launch of the Reality Pro. This is not the first time we&#039;ve heard about the idea of a cheaper headset. On the one hand, it&#039;s logical that Apple needs to cut costs to make the product attractive to more people - after all, a $3,000 price tag is too high to appeal to a broad customer base. In January, The Information reported that the second-generation Apple headset will have cheaper materials, fewer sensors, and possibly lower-resolution displays. Trademark filings suggest that the cheaper headset could be called the &quot;Apple Reality One.&quot; We expect the Reality Pro to launch later this year, with the Reality One possibly following next year or in early 2025. <\/p>\n\n\n\n<ul class=\"wp-block-list\">\n<li><a href=\"https:\/\/www.apfelpatient.de\/en\/rumors\/apples-ar-vr-headset-report-reveals-many-new-details\">Apple&#039;s AR\/VR headset: Report reveals many new details<\/a><\/li>\n<\/ul>\n\n\n\n<h6 class=\"wp-block-heading translation-block\" id=\"h-kennt-ihr-schon-unsere-amazon-storefront-dort-findet-ihr-eine-handverlesene-auswahl-von-diversen-produkten-f-r-euer-iphone-und-co-viel-spa-beim-st-bern\"><em>Have you already visited our Amazon Storefront? There you&#039;ll find a hand-picked selection of various products for your iPhone and other devices \u2013 <span class=\"has-inline-color has-vivid-red-color\"><a href=\"https:\/\/www.amazon.de\/shop\/apfelpatientofficial\" class=\"ek-link\" data-wpel-link=\"exclude\" rel=\"follow noopener\" target=\"_self\"><span style=\"text-decoration: underline\" class=\"ek-underline\">enjoy browsing<\/span><\/a> !<\/span><\/em><\/h6>\n\n\n\n<h6 class=\"wp-block-heading translation-block\" id=\"h-der-beitrag-enthalt-partnerlinks\">This post contains <a data-type=\"URL\" data-id=\"https:\/\/www.apfelpatient.de\/partnerprogramm\" href=\"https:\/\/www.apfelpatient.de\/en\/partner-program\" data-wpel-link=\"internal\" target=\"_self\">affiliate links<\/a>.<\/h6>","protected":false},"excerpt":{"rendered":"<p>Observers currently assume that Apple will present the first generation of its AR\/VR headset at the WWDC in June.<\/p>","protected":false},"author":2,"featured_media":29192,"comment_status":"closed","ping_status":"closed","sticky":false,"template":"","format":"standard","meta":{"jnews-multi-image_gallery":[],"jnews_single_post":{"subtitle":"","format":"standard","video":"","gallery":"","source_name":"","source_url":"","via_name":"","via_url":"","override":[{"single_blog_custom":"","sidebar":"","second_sidebar":"","share_position":"","share_float_style":"","post_date_format":"","post_date_format_custom":"","post_reading_time_wpm":"","zoom_button_out_step":"1","zoom_button_in_step":"1","number_popup_post":"1"}],"image_override":[{"single_post_thumbnail_size":"","single_post_gallery_size":""}],"trending_post_position":"","trending_post_label":"","sponsored_post_label":"","sponsored_post_name":"","sponsored_post_url":"","sponsored_post_logo":"","sponsored_post_desc":""},"jnews_primary_category":{"id":"25"},"footnotes":""},"categories":[25],"tags":[609],"class_list":["post-37518","post","type-post","status-publish","format-standard","has-post-thumbnail","hentry","category-rumors","tag-apple-vr-ar"],"yoast_head":"<!-- This site is optimized with the Yoast SEO Premium plugin v27.5 (Yoast SEO v27.5) - https:\/\/yoast.com\/product\/yoast-seo-premium-wordpress\/ -->\n<title>Apple arbeitet angeblich bereits mit Foxconn an g\u00fcnstigerem AR-Headset<\/title>\n<meta name=\"description\" content=\"Derzeit gehen Beobachter davon aus, dass Apple bereits im Rahmen der WWDC im Juni die erste Generation seines AR\/VR-Headsets vorstellen wird.\" \/>\n<meta name=\"robots\" content=\"index, follow, max-snippet:-1, max-image-preview:large, max-video-preview:-1\" \/>\n<link rel=\"canonical\" href=\"https:\/\/www.apfelpatient.de\/en\/rumors\/apple-is-reportedly-already-working-with-foxconn-on-a-cheaper-ar-headset\" \/>\n<meta property=\"og:locale\" content=\"en_US\" \/>\n<meta property=\"og:type\" content=\"article\" \/>\n<meta property=\"og:title\" content=\"Apple arbeitet angeblich bereits mit Foxconn an g\u00fcnstigerem AR-Headset\" \/>\n<meta property=\"og:description\" content=\"Derzeit gehen Beobachter davon aus, dass Apple bereits im Rahmen der WWDC im Juni die erste Generation seines AR\/VR-Headsets vorstellen wird.\" \/>\n<meta property=\"og:url\" content=\"https:\/\/www.apfelpatient.de\/en\/rumors\/apple-is-reportedly-already-working-with-foxconn-on-a-cheaper-ar-headset\" \/>\n<meta property=\"og:site_name\" content=\"Apfelpatient\" \/>\n<meta property=\"article:publisher\" content=\"https:\/\/www.facebook.com\/apfelpatientOfficial\" \/>\n<meta property=\"article:author\" content=\"https:\/\/www.facebook.com\/apfelpatientOfficial\" \/>\n<meta property=\"article:published_time\" content=\"2023-02-24T15:50:47+00:00\" \/>\n<meta property=\"article:modified_time\" content=\"2023-02-24T15:50:48+00:00\" \/>\n<meta property=\"og:image\" content=\"https:\/\/www.apfelpatient.de\/wp-content\/uploads\/2021\/12\/AppleView-side.png\" \/>\n\t<meta property=\"og:image:width\" content=\"1600\" \/>\n\t<meta property=\"og:image:height\" content=\"1000\" \/>\n\t<meta property=\"og:image:type\" content=\"image\/png\" \/>\n<meta name=\"author\" content=\"Milan\" \/>\n<meta name=\"twitter:card\" content=\"summary_large_image\" \/>\n<meta name=\"twitter:description\" content=\"Derzeit gehen Beobachter davon aus, dass Apple bereits im Rahmen der WWDC im Juni die erste Generation seines AR\/VR-Headsets vorstellen wird.\" \/>\n<meta name=\"twitter:label1\" content=\"Written by\" \/>\n\t<meta name=\"twitter:data1\" content=\"Milan\" \/>\n\t<meta name=\"twitter:label2\" content=\"Est. reading time\" \/>\n\t<meta name=\"twitter:data2\" content=\"3 minutes\" \/>\n<script type=\"application\/ld+json\" class=\"yoast-schema-graph\">{\"@context\":\"https:\\\/\\\/schema.org\",\"@graph\":[{\"@type\":\"NewsArticle\",\"@id\":\"https:\\\/\\\/www.apfelpatient.de\\\/rumors\\\/apple-arbeitet-angeblich-bereits-mit-foxconn-an-guenstigerem-ar-headset#article\",\"isPartOf\":{\"@id\":\"https:\\\/\\\/www.apfelpatient.de\\\/rumors\\\/apple-arbeitet-angeblich-bereits-mit-foxconn-an-guenstigerem-ar-headset\"},\"author\":{\"@type\":\"Organization\",\"@id\":\"https:\\\/\\\/www.apfelpatient.de\\\/en\\\/#organization\",\"name\":\"Apfelpatient\",\"url\":\"https:\\\/\\\/www.apfelpatient.de\\\/en\\\/\"},\"headline\":\"Apple arbeitet angeblich bereits mit Foxconn an g\u00fcnstigerem AR-Headset\",\"datePublished\":\"2023-02-24T15:50:47+00:00\",\"dateModified\":\"2023-02-24T15:50:48+00:00\",\"mainEntityOfPage\":{\"@id\":\"https:\\\/\\\/www.apfelpatient.de\\\/rumors\\\/apple-arbeitet-angeblich-bereits-mit-foxconn-an-guenstigerem-ar-headset\"},\"wordCount\":447,\"publisher\":{\"@type\":\"Organization\",\"@id\":\"https:\\\/\\\/www.apfelpatient.de\\\/en\\\/#organization\",\"name\":\"Apfelpatient\",\"url\":\"https:\\\/\\\/www.apfelpatient.de\\\/en\\\/\"},\"image\":{\"@id\":\"https:\\\/\\\/www.apfelpatient.de\\\/rumors\\\/apple-arbeitet-angeblich-bereits-mit-foxconn-an-guenstigerem-ar-headset#primaryimage\"},\"thumbnailUrl\":\"https:\\\/\\\/www.apfelpatient.de\\\/wp-content\\\/uploads\\\/2021\\\/12\\\/AppleView-side.png\",\"keywords\":[\"Apple VR\\\/AR\"],\"articleSection\":\"Rumors\",\"inLanguage\":\"en-US\",\"copyrightYear\":\"2023\",\"copyrightHolder\":{\"@id\":\"https:\\\/\\\/www.apfelpatient.de\\\/en\\\/#organization\"}},{\"@type\":\"WebPage\",\"@id\":\"https:\\\/\\\/www.apfelpatient.de\\\/rumors\\\/apple-arbeitet-angeblich-bereits-mit-foxconn-an-guenstigerem-ar-headset\",\"url\":\"https:\\\/\\\/www.apfelpatient.de\\\/rumors\\\/apple-arbeitet-angeblich-bereits-mit-foxconn-an-guenstigerem-ar-headset\",\"name\":\"Apple arbeitet angeblich bereits mit Foxconn an g\u00fcnstigerem AR-Headset\",\"isPartOf\":{\"@id\":\"https:\\\/\\\/www.apfelpatient.de\\\/#website\"},\"primaryImageOfPage\":{\"@id\":\"https:\\\/\\\/www.apfelpatient.de\\\/rumors\\\/apple-arbeitet-angeblich-bereits-mit-foxconn-an-guenstigerem-ar-headset#primaryimage\"},\"image\":{\"@id\":\"https:\\\/\\\/www.apfelpatient.de\\\/rumors\\\/apple-arbeitet-angeblich-bereits-mit-foxconn-an-guenstigerem-ar-headset#primaryimage\"},\"thumbnailUrl\":\"https:\\\/\\\/www.apfelpatient.de\\\/wp-content\\\/uploads\\\/2021\\\/12\\\/AppleView-side.png\",\"datePublished\":\"2023-02-24T15:50:47+00:00\",\"dateModified\":\"2023-02-24T15:50:48+00:00\",\"description\":\"Derzeit gehen Beobachter davon aus, dass Apple bereits im Rahmen der WWDC im Juni die erste Generation seines AR\\\/VR-Headsets vorstellen wird.\",\"breadcrumb\":{\"@id\":\"https:\\\/\\\/www.apfelpatient.de\\\/rumors\\\/apple-arbeitet-angeblich-bereits-mit-foxconn-an-guenstigerem-ar-headset#breadcrumb\"},\"inLanguage\":\"en-US\",\"potentialAction\":[{\"@type\":\"ReadAction\",\"target\":[\"https:\\\/\\\/www.apfelpatient.de\\\/rumors\\\/apple-arbeitet-angeblich-bereits-mit-foxconn-an-guenstigerem-ar-headset\"]}]},{\"@type\":\"ImageObject\",\"inLanguage\":\"en-US\",\"@id\":\"https:\\\/\\\/www.apfelpatient.de\\\/rumors\\\/apple-arbeitet-angeblich-bereits-mit-foxconn-an-guenstigerem-ar-headset#primaryimage\",\"url\":\"https:\\\/\\\/www.apfelpatient.de\\\/wp-content\\\/uploads\\\/2021\\\/12\\\/AppleView-side.png\",\"contentUrl\":\"https:\\\/\\\/www.apfelpatient.de\\\/wp-content\\\/uploads\\\/2021\\\/12\\\/AppleView-side.png\",\"width\":1600,\"height\":1000,\"caption\":\"Bild: Rendersbyjan - Apple View - Apple AR\\\/VR-Headset\"},{\"@type\":\"BreadcrumbList\",\"@id\":\"https:\\\/\\\/www.apfelpatient.de\\\/rumors\\\/apple-arbeitet-angeblich-bereits-mit-foxconn-an-guenstigerem-ar-headset#breadcrumb\",\"itemListElement\":[{\"@type\":\"ListItem\",\"position\":1,\"name\":\"Startseite\",\"item\":\"https:\\\/\\\/www.apfelpatient.de\\\/\"},{\"@type\":\"ListItem\",\"position\":2,\"name\":\"Apple arbeitet angeblich bereits mit Foxconn an g\u00fcnstigerem AR-Headset\"}]},{\"@type\":\"WebSite\",\"@id\":\"https:\\\/\\\/www.apfelpatient.de\\\/#website\",\"url\":\"https:\\\/\\\/www.apfelpatient.de\\\/\",\"name\":\"Apfelpatient\",\"description\":\"Alles rund um Apple!\",\"publisher\":{\"@type\":\"Organization\",\"@id\":\"https:\\\/\\\/www.apfelpatient.de\\\/en\\\/#organization\",\"name\":\"Apfelpatient\",\"url\":\"https:\\\/\\\/www.apfelpatient.de\\\/en\\\/\"},\"alternateName\":\"Apfelpatient\",\"potentialAction\":[{\"@type\":\"SearchAction\",\"target\":{\"@type\":\"EntryPoint\",\"urlTemplate\":\"https:\\\/\\\/www.apfelpatient.de\\\/?s={search_term_string}\"},\"query-input\":{\"@type\":\"PropertyValueSpecification\",\"valueRequired\":true,\"valueName\":\"search_term_string\"}}],\"inLanguage\":\"en-US\"},{\"@type\":[\"Person\",\"Organization\"],\"@id\":\"https:\\\/\\\/www.apfelpatient.de\\\/#\\\/schema\\\/person\\\/7dc56ad6c8e9824b76d2c08d4c140e13\",\"name\":\"Milan\",\"logo\":{\"@id\":\"https:\\\/\\\/www.apfelpatient.de\\\/#\\\/schema\\\/person\\\/image\\\/\"},\"description\":\"Hallo und herzlich willkommen auf meinem Technik-Blog! Als gro\u00dfer Apple-Fan berichte ich hier \u00fcber alles, was mit Apple zu tun hat: von den neuesten News und spannenden Ger\u00fcchten \u00fcber hilfreiche Tipps und Tricks bis hin zu ausf\u00fchrlichen Produkttests. Wenn du genauso technikbegeistert bist wie ich, bist du hier genau richtig!\",\"sameAs\":[\"https:\\\/\\\/www.facebook.com\\\/apfelpatientOfficial\",\"https:\\\/\\\/www.linkedin.com\\\/in\\\/milan-jovicic-42aa0231b\"],\"url\":\"https:\\\/\\\/www.apfelpatient.de\\\/en\\\/author\\\/apfeladmin\"}]}<\/script>\n<!-- \/ Yoast SEO Premium plugin. -->","yoast_head_json":{"title":"Apple is reportedly already working with Foxconn on a cheaper AR headset","description":"Observers currently assume that Apple will present the first generation of its AR\/VR headset at the WWDC in June.","robots":{"index":"index","follow":"follow","max-snippet":"max-snippet:-1","max-image-preview":"max-image-preview:large","max-video-preview":"max-video-preview:-1"},"canonical":"https:\/\/www.apfelpatient.de\/en\/rumors\/apple-is-reportedly-already-working-with-foxconn-on-a-cheaper-ar-headset","og_locale":"en_US","og_type":"article","og_title":"Apple arbeitet angeblich bereits mit Foxconn an g\u00fcnstigerem AR-Headset","og_description":"Derzeit gehen Beobachter davon aus, dass Apple bereits im Rahmen der WWDC im Juni die erste Generation seines AR\/VR-Headsets vorstellen wird.","og_url":"https:\/\/www.apfelpatient.de\/en\/rumors\/apple-is-reportedly-already-working-with-foxconn-on-a-cheaper-ar-headset","og_site_name":"Apfelpatient","article_publisher":"https:\/\/www.facebook.com\/apfelpatientOfficial","article_author":"https:\/\/www.facebook.com\/apfelpatientOfficial","article_published_time":"2023-02-24T15:50:47+00:00","article_modified_time":"2023-02-24T15:50:48+00:00","og_image":[{"width":1600,"height":1000,"url":"https:\/\/www.apfelpatient.de\/wp-content\/uploads\/2021\/12\/AppleView-side.png","type":"image\/png"}],"author":"Milan","twitter_card":"summary_large_image","twitter_description":"Derzeit gehen Beobachter davon aus, dass Apple bereits im Rahmen der WWDC im Juni die erste Generation seines AR\/VR-Headsets vorstellen wird.","twitter_misc":{"Written by":"Milan","Est. reading time":"3 minutes"},"schema":{"@context":"https:\/\/schema.org","@graph":[{"@type":"NewsArticle","@id":"https:\/\/www.apfelpatient.de\/rumors\/apple-arbeitet-angeblich-bereits-mit-foxconn-an-guenstigerem-ar-headset#article","isPartOf":{"@id":"https:\/\/www.apfelpatient.de\/rumors\/apple-arbeitet-angeblich-bereits-mit-foxconn-an-guenstigerem-ar-headset"},"author":{"@type":"Organization","@id":"https:\/\/www.apfelpatient.de\/en\/#organization","name":"Apfelpatient","url":"https:\/\/www.apfelpatient.de\/en\/"},"headline":"Apple arbeitet angeblich bereits mit Foxconn an g\u00fcnstigerem AR-Headset","datePublished":"2023-02-24T15:50:47+00:00","dateModified":"2023-02-24T15:50:48+00:00","mainEntityOfPage":{"@id":"https:\/\/www.apfelpatient.de\/rumors\/apple-arbeitet-angeblich-bereits-mit-foxconn-an-guenstigerem-ar-headset"},"wordCount":447,"publisher":{"@type":"Organization","@id":"https:\/\/www.apfelpatient.de\/en\/#organization","name":"Apfelpatient","url":"https:\/\/www.apfelpatient.de\/en\/"},"image":{"@id":"https:\/\/www.apfelpatient.de\/rumors\/apple-arbeitet-angeblich-bereits-mit-foxconn-an-guenstigerem-ar-headset#primaryimage"},"thumbnailUrl":"https:\/\/www.apfelpatient.de\/wp-content\/uploads\/2021\/12\/AppleView-side.png","keywords":["Apple VR\/AR"],"articleSection":"Rumors","inLanguage":"en-US","copyrightYear":"2023","copyrightHolder":{"@id":"https:\/\/www.apfelpatient.de\/en\/#organization"}},{"@type":"WebPage","@id":"https:\/\/www.apfelpatient.de\/rumors\/apple-arbeitet-angeblich-bereits-mit-foxconn-an-guenstigerem-ar-headset","url":"https:\/\/www.apfelpatient.de\/rumors\/apple-arbeitet-angeblich-bereits-mit-foxconn-an-guenstigerem-ar-headset","name":"Apple is reportedly already working with Foxconn on a cheaper AR headset","isPartOf":{"@id":"https:\/\/www.apfelpatient.de\/#website"},"primaryImageOfPage":{"@id":"https:\/\/www.apfelpatient.de\/rumors\/apple-arbeitet-angeblich-bereits-mit-foxconn-an-guenstigerem-ar-headset#primaryimage"},"image":{"@id":"https:\/\/www.apfelpatient.de\/rumors\/apple-arbeitet-angeblich-bereits-mit-foxconn-an-guenstigerem-ar-headset#primaryimage"},"thumbnailUrl":"https:\/\/www.apfelpatient.de\/wp-content\/uploads\/2021\/12\/AppleView-side.png","datePublished":"2023-02-24T15:50:47+00:00","dateModified":"2023-02-24T15:50:48+00:00","description":"Observers currently assume that Apple will present the first generation of its AR\/VR headset at the WWDC in June.","breadcrumb":{"@id":"https:\/\/www.apfelpatient.de\/rumors\/apple-arbeitet-angeblich-bereits-mit-foxconn-an-guenstigerem-ar-headset#breadcrumb"},"inLanguage":"en-US","potentialAction":[{"@type":"ReadAction","target":["https:\/\/www.apfelpatient.de\/rumors\/apple-arbeitet-angeblich-bereits-mit-foxconn-an-guenstigerem-ar-headset"]}]},{"@type":"ImageObject","inLanguage":"en-US","@id":"https:\/\/www.apfelpatient.de\/rumors\/apple-arbeitet-angeblich-bereits-mit-foxconn-an-guenstigerem-ar-headset#primaryimage","url":"https:\/\/www.apfelpatient.de\/wp-content\/uploads\/2021\/12\/AppleView-side.png","contentUrl":"https:\/\/www.apfelpatient.de\/wp-content\/uploads\/2021\/12\/AppleView-side.png","width":1600,"height":1000,"caption":"Bild: Rendersbyjan - Apple View - Apple AR\/VR-Headset"},{"@type":"BreadcrumbList","@id":"https:\/\/www.apfelpatient.de\/rumors\/apple-arbeitet-angeblich-bereits-mit-foxconn-an-guenstigerem-ar-headset#breadcrumb","itemListElement":[{"@type":"ListItem","position":1,"name":"Startseite","item":"https:\/\/www.apfelpatient.de\/"},{"@type":"ListItem","position":2,"name":"Apple arbeitet angeblich bereits mit Foxconn an g\u00fcnstigerem AR-Headset"}]},{"@type":"WebSite","@id":"https:\/\/www.apfelpatient.de\/#website","url":"https:\/\/www.apfelpatient.de\/","name":"apple patient","description":"Everything about Apple!","publisher":{"@type":"Organization","@id":"https:\/\/www.apfelpatient.de\/en\/#organization","name":"Apfelpatient","url":"https:\/\/www.apfelpatient.de\/en\/"},"alternateName":"Apfelpatient","potentialAction":[{"@type":"SearchAction","target":{"@type":"EntryPoint","urlTemplate":"https:\/\/www.apfelpatient.de\/?s={search_term_string}"},"query-input":{"@type":"PropertyValueSpecification","valueRequired":true,"valueName":"search_term_string"}}],"inLanguage":"en-US"},{"@type":["Person","Organization"],"@id":"https:\/\/www.apfelpatient.de\/#\/schema\/person\/7dc56ad6c8e9824b76d2c08d4c140e13","name":"Milan","logo":{"@id":"https:\/\/www.apfelpatient.de\/#\/schema\/person\/image\/"},"description":"Hello and welcome to my technology blog! As a big Apple fan, I report on everything to do with Apple: from the latest news and exciting rumors to helpful tips and tricks and detailed product tests. If you are as enthusiastic about technology as I am, you have come to the right place!","sameAs":["https:\/\/www.facebook.com\/apfelpatientOfficial","https:\/\/www.linkedin.com\/in\/milan-jovicic-42aa0231b"],"url":"https:\/\/www.apfelpatient.de\/en\/author\/apfeladmin"}]}},"_links":{"self":[{"href":"https:\/\/www.apfelpatient.de\/en\/wp-json\/wp\/v2\/posts\/37518","targetHints":{"allow":["GET"]}}],"collection":[{"href":"https:\/\/www.apfelpatient.de\/en\/wp-json\/wp\/v2\/posts"}],"about":[{"href":"https:\/\/www.apfelpatient.de\/en\/wp-json\/wp\/v2\/types\/post"}],"author":[{"embeddable":true,"href":"https:\/\/www.apfelpatient.de\/en\/wp-json\/wp\/v2\/users\/2"}],"replies":[{"embeddable":true,"href":"https:\/\/www.apfelpatient.de\/en\/wp-json\/wp\/v2\/comments?post=37518"}],"version-history":[{"count":0,"href":"https:\/\/www.apfelpatient.de\/en\/wp-json\/wp\/v2\/posts\/37518\/revisions"}],"wp:featuredmedia":[{"embeddable":true,"href":"https:\/\/www.apfelpatient.de\/en\/wp-json\/wp\/v2\/media\/29192"}],"wp:attachment":[{"href":"https:\/\/www.apfelpatient.de\/en\/wp-json\/wp\/v2\/media?parent=37518"}],"wp:term":[{"taxonomy":"category","embeddable":true,"href":"https:\/\/www.apfelpatient.de\/en\/wp-json\/wp\/v2\/categories?post=37518"},{"taxonomy":"post_tag","embeddable":true,"href":"https:\/\/www.apfelpatient.de\/en\/wp-json\/wp\/v2\/tags?post=37518"}],"curies":[{"name":"wp","href":"https:\/\/api.w.org\/{rel}","templated":true}]}}