{"id":37459,"date":"2023-02-17T17:32:47","date_gmt":"2023-02-17T16:32:47","guid":{"rendered":"https:\/\/www.apfelpatient.de\/?p=37459"},"modified":"2023-02-17T17:32:48","modified_gmt":"2023-02-17T16:32:48","slug":"iphone-15-pro-leaked-image-shows-the-usb-c-port","status":"publish","type":"post","link":"https:\/\/www.apfelpatient.de\/en\/rumors\/iphone-15-pro-geleaktes-bild-zeigt-den-usb-c-anschluss","title":{"rendered":"iPhone 15 Pro: Leaked image shows the USB-C port"},"content":{"rendered":"<p class=\"has-drop-cap\"><strong>With the iPhone 15 series, Apple plans to use a USB-C port instead of the Lightning port to comply with regulatory changes introduced in Europe.<\/strong><\/p>\n\n\n\n<p>There have already been numerous rumors about the USB-C port. But now a first picture of the iPhone 15 Pro case with USB-C port has been released <a href=\"https:\/\/www.macrumors.com\/2023\/02\/16\/iphone-15-pro-usb-c-port\/\" target=\"_blank\" rel=\"noreferrer noopener\">MacRumors<\/a> and later by the leaker <a href=\"https:\/\/twitter.com\/URedditor\/status\/1626355192726712320?s=20\" target=\"_blank\" rel=\"noreferrer noopener\">Unknownz21<\/a> shared on Twitter. It&#039;s not hard to imagine what a USB-C port on an iPhone looks like as a replacement for a Lightning port, as Apple already uses USB-C ports on iPads and Macs. Still, it&#039;s always interesting to take a look at leaked components. The image not only confirms a USB-C port for the iPhone 15 Pro but also offers a first look at the changed curves that are suspected for the device.<\/p>\n\n\n\n<h3 class=\"wp-block-heading\" id=\"h-die-designverbesserungen-sind-auf-die-iphone-15-pro-modelle-beschrankt\">The design improvements are limited to the iPhone 15 Pro models<\/h3>\n\n\n\n\n\n\n\n<p>Apple is expected to add a deeper curve to the iPhone 15 Pro&#039;s body, as seen in the leaked image. It is also rumored that the company will switch from stainless steel to titanium. The brushed metal of the device actually looks like titanium.<\/p>\n\n\n\n<figure class=\"wp-block-image size-large\"><img decoding=\"async\" width=\"1024\" height=\"768\" src=\"https:\/\/www.apfelpatient.de\/wp-content\/uploads\/2023\/02\/0E1015B2-B816-46D8-8203-8B6FACB49528-1024x768.png\" alt=\"\" class=\"wp-image-37458\" srcset=\"https:\/\/www.apfelpatient.de\/wp-content\/uploads\/2023\/02\/0E1015B2-B816-46D8-8203-8B6FACB49528-1024x768.png 1024w, https:\/\/www.apfelpatient.de\/wp-content\/uploads\/2023\/02\/0E1015B2-B816-46D8-8203-8B6FACB49528-300x225.png 300w, https:\/\/www.apfelpatient.de\/wp-content\/uploads\/2023\/02\/0E1015B2-B816-46D8-8203-8B6FACB49528-768x576.png 768w, https:\/\/www.apfelpatient.de\/wp-content\/uploads\/2023\/02\/0E1015B2-B816-46D8-8203-8B6FACB49528-1536x1152.png 1536w, https:\/\/www.apfelpatient.de\/wp-content\/uploads\/2023\/02\/0E1015B2-B816-46D8-8203-8B6FACB49528-750x563.png 750w, https:\/\/www.apfelpatient.de\/wp-content\/uploads\/2023\/02\/0E1015B2-B816-46D8-8203-8B6FACB49528-1140x855.png 1140w, https:\/\/www.apfelpatient.de\/wp-content\/uploads\/2023\/02\/0E1015B2-B816-46D8-8203-8B6FACB49528.png 1600w\" sizes=\"(max-width: 1024px) 100vw, 1024px\" \/><figcaption class=\"wp-element-caption\">via MacRumors \/ Unknownz21<\/figcaption><\/figure>\n\n\n\n<p>With the switch to USB-C, Apple plans to replace the E75 Lightning Controller with the E85 Port Controller, according to Unknownz21. Note that while the iPhone 15 Pro is shown with a USB-C port, the port update applies to the entire iPhone 15 range, including the regular iPhone 15 and iPhone 15 Plus, as well as the iPhone 15 Pro Max. The design improvements are limited to the iPhone 15 Pro models, however. (Photo by New Africa \/ Bigstockphoto)<\/p>\n\n\n\n<ul class=\"wp-block-list\">\n<li><a href=\"https:\/\/www.apfelpatient.de\/en\/rumors\/thinner-edges-and-more-this-is-what-the-iphone-15-pro-could-look-like\">Thinner bezels and more: This is what the iPhone 15 Pro could look like<\/a><\/li>\n<\/ul>\n\n\n\n<h6 class=\"wp-block-heading translation-block\" id=\"h-kennt-ihr-schon-unsere-amazon-storefront-dort-findet-ihr-eine-handverlesene-auswahl-von-diversen-produkten-f-r-euer-iphone-und-co-viel-spa-beim-st-bern\"><em>Have you already visited our Amazon Storefront? There you&#039;ll find a hand-picked selection of various products for your iPhone and other devices \u2013 <span class=\"has-inline-color has-vivid-red-color\"><a href=\"https:\/\/www.amazon.de\/shop\/apfelpatientofficial\" class=\"ek-link\" data-wpel-link=\"exclude\" rel=\"follow noopener\" target=\"_self\"><span style=\"text-decoration: underline\" class=\"ek-underline\">enjoy browsing<\/span><\/a> !<\/span><\/em><\/h6>\n\n\n\n<h6 class=\"wp-block-heading translation-block\" id=\"h-der-beitrag-enthalt-partnerlinks\">This post contains <a data-type=\"URL\" data-id=\"https:\/\/www.apfelpatient.de\/partnerprogramm\" href=\"https:\/\/www.apfelpatient.de\/en\/partner-program\" data-wpel-link=\"internal\" target=\"_self\">affiliate links<\/a>.<\/h6>","protected":false},"excerpt":{"rendered":"<p>With the iPhone 15, Apple plans to use a USB-C port instead of the Lightning port to comply with regulatory changes in Europe.<\/p>","protected":false},"author":2,"featured_media":37457,"comment_status":"closed","ping_status":"closed","sticky":false,"template":"","format":"standard","meta":{"jnews-multi-image_gallery":[],"jnews_single_post":{"subtitle":"","format":"standard","video":"","gallery":"","source_name":"","source_url":"","via_name":"","via_url":"","override":[{"single_blog_custom":"","sidebar":"","second_sidebar":"","share_position":"","share_float_style":"","post_date_format":"","post_date_format_custom":"","post_reading_time_wpm":"","zoom_button_out_step":"1","zoom_button_in_step":"1","number_popup_post":"1"}],"image_override":[{"single_post_thumbnail_size":"","single_post_gallery_size":""}],"trending_post_position":"","trending_post_label":"","sponsored_post_label":"","sponsored_post_name":"","sponsored_post_url":"","sponsored_post_logo":"","sponsored_post_desc":""},"jnews_primary_category":{"id":"25"},"footnotes":""},"categories":[25],"tags":[8,689,579],"class_list":["post-37459","post","type-post","status-publish","format-standard","has-post-thumbnail","hentry","category-rumors","tag-iphone","tag-iphone-15","tag-iphone-2023"],"yoast_head":"<!-- This site is optimized with the Yoast SEO Premium plugin v27.5 (Yoast SEO v27.5) - https:\/\/yoast.com\/product\/yoast-seo-premium-wordpress\/ -->\n<title>iPhone 15 Pro: Geleaktes Bild zeigt den USB-C-Anschluss<\/title>\n<meta name=\"description\" content=\"Mit dem iPhone 15 plant Apple einen USB-C-Anschluss anstelle des Lightning-Ports, um die in Europa regulatorischen \u00c4nderungen zu erf\u00fcllen.\" \/>\n<meta name=\"robots\" content=\"index, follow, max-snippet:-1, max-image-preview:large, max-video-preview:-1\" \/>\n<link rel=\"canonical\" href=\"https:\/\/www.apfelpatient.de\/en\/rumors\/iphone-15-pro-leaked-image-shows-the-usb-c-port\" \/>\n<meta property=\"og:locale\" content=\"en_US\" \/>\n<meta property=\"og:type\" content=\"article\" \/>\n<meta property=\"og:title\" content=\"iPhone 15 Pro: Geleaktes Bild zeigt den USB-C-Anschluss\" \/>\n<meta property=\"og:description\" content=\"Mit dem iPhone 15 plant Apple einen USB-C-Anschluss anstelle des Lightning-Ports, um die in Europa regulatorischen \u00c4nderungen zu erf\u00fcllen.\" \/>\n<meta property=\"og:url\" content=\"https:\/\/www.apfelpatient.de\/en\/rumors\/iphone-15-pro-leaked-image-shows-the-usb-c-port\" \/>\n<meta property=\"og:site_name\" content=\"Apfelpatient\" \/>\n<meta property=\"article:publisher\" content=\"https:\/\/www.facebook.com\/apfelpatientOfficial\" \/>\n<meta property=\"article:author\" content=\"https:\/\/www.facebook.com\/apfelpatientOfficial\" \/>\n<meta property=\"article:published_time\" content=\"2023-02-17T16:32:47+00:00\" \/>\n<meta property=\"article:modified_time\" content=\"2023-02-17T16:32:48+00:00\" \/>\n<meta property=\"og:image\" content=\"https:\/\/www.apfelpatient.de\/wp-content\/uploads\/2023\/02\/bigstock-Usb-Type-C-Cable-Isolated-On-W-468426273.jpg\" \/>\n\t<meta property=\"og:image:width\" content=\"1600\" \/>\n\t<meta property=\"og:image:height\" content=\"1082\" \/>\n\t<meta property=\"og:image:type\" content=\"image\/jpeg\" \/>\n<meta name=\"author\" content=\"Milan\" \/>\n<meta name=\"twitter:card\" content=\"summary_large_image\" \/>\n<meta name=\"twitter:description\" content=\"Mit dem iPhone 15 plant Apple einen USB-C-Anschluss anstelle des Lightning-Ports, um die in Europa regulatorischen \u00c4nderungen zu erf\u00fcllen.\" \/>\n<meta name=\"twitter:label1\" content=\"Written by\" \/>\n\t<meta name=\"twitter:data1\" content=\"Milan\" \/>\n\t<meta name=\"twitter:label2\" content=\"Est. reading time\" \/>\n\t<meta name=\"twitter:data2\" content=\"2 minutes\" \/>\n<script type=\"application\/ld+json\" class=\"yoast-schema-graph\">{\"@context\":\"https:\\\/\\\/schema.org\",\"@graph\":[{\"@type\":\"NewsArticle\",\"@id\":\"https:\\\/\\\/www.apfelpatient.de\\\/rumors\\\/iphone-15-pro-geleaktes-bild-zeigt-den-usb-c-anschluss#article\",\"isPartOf\":{\"@id\":\"https:\\\/\\\/www.apfelpatient.de\\\/rumors\\\/iphone-15-pro-geleaktes-bild-zeigt-den-usb-c-anschluss\"},\"author\":{\"@type\":\"Organization\",\"@id\":\"https:\\\/\\\/www.apfelpatient.de\\\/en\\\/#organization\",\"name\":\"Apfelpatient\",\"url\":\"https:\\\/\\\/www.apfelpatient.de\\\/en\\\/\"},\"headline\":\"iPhone 15 Pro: Geleaktes Bild zeigt den USB-C-Anschluss\",\"datePublished\":\"2023-02-17T16:32:47+00:00\",\"dateModified\":\"2023-02-17T16:32:48+00:00\",\"mainEntityOfPage\":{\"@id\":\"https:\\\/\\\/www.apfelpatient.de\\\/rumors\\\/iphone-15-pro-geleaktes-bild-zeigt-den-usb-c-anschluss\"},\"wordCount\":285,\"publisher\":{\"@type\":\"Organization\",\"@id\":\"https:\\\/\\\/www.apfelpatient.de\\\/en\\\/#organization\",\"name\":\"Apfelpatient\",\"url\":\"https:\\\/\\\/www.apfelpatient.de\\\/en\\\/\"},\"image\":{\"@id\":\"https:\\\/\\\/www.apfelpatient.de\\\/rumors\\\/iphone-15-pro-geleaktes-bild-zeigt-den-usb-c-anschluss#primaryimage\"},\"thumbnailUrl\":\"https:\\\/\\\/www.apfelpatient.de\\\/wp-content\\\/uploads\\\/2023\\\/02\\\/bigstock-Usb-Type-C-Cable-Isolated-On-W-468426273.jpg\",\"keywords\":[\"iPhone\",\"iPhone 15\",\"iPhone 2023\"],\"articleSection\":\"Rumors\",\"inLanguage\":\"en-US\",\"copyrightYear\":\"2023\",\"copyrightHolder\":{\"@id\":\"https:\\\/\\\/www.apfelpatient.de\\\/en\\\/#organization\"}},{\"@type\":\"WebPage\",\"@id\":\"https:\\\/\\\/www.apfelpatient.de\\\/rumors\\\/iphone-15-pro-geleaktes-bild-zeigt-den-usb-c-anschluss\",\"url\":\"https:\\\/\\\/www.apfelpatient.de\\\/rumors\\\/iphone-15-pro-geleaktes-bild-zeigt-den-usb-c-anschluss\",\"name\":\"iPhone 15 Pro: Geleaktes Bild zeigt den USB-C-Anschluss\",\"isPartOf\":{\"@id\":\"https:\\\/\\\/www.apfelpatient.de\\\/#website\"},\"primaryImageOfPage\":{\"@id\":\"https:\\\/\\\/www.apfelpatient.de\\\/rumors\\\/iphone-15-pro-geleaktes-bild-zeigt-den-usb-c-anschluss#primaryimage\"},\"image\":{\"@id\":\"https:\\\/\\\/www.apfelpatient.de\\\/rumors\\\/iphone-15-pro-geleaktes-bild-zeigt-den-usb-c-anschluss#primaryimage\"},\"thumbnailUrl\":\"https:\\\/\\\/www.apfelpatient.de\\\/wp-content\\\/uploads\\\/2023\\\/02\\\/bigstock-Usb-Type-C-Cable-Isolated-On-W-468426273.jpg\",\"datePublished\":\"2023-02-17T16:32:47+00:00\",\"dateModified\":\"2023-02-17T16:32:48+00:00\",\"description\":\"Mit dem iPhone 15 plant Apple einen USB-C-Anschluss anstelle des Lightning-Ports, um die in Europa regulatorischen \u00c4nderungen zu erf\u00fcllen.\",\"breadcrumb\":{\"@id\":\"https:\\\/\\\/www.apfelpatient.de\\\/rumors\\\/iphone-15-pro-geleaktes-bild-zeigt-den-usb-c-anschluss#breadcrumb\"},\"inLanguage\":\"en-US\",\"potentialAction\":[{\"@type\":\"ReadAction\",\"target\":[\"https:\\\/\\\/www.apfelpatient.de\\\/rumors\\\/iphone-15-pro-geleaktes-bild-zeigt-den-usb-c-anschluss\"]}]},{\"@type\":\"ImageObject\",\"inLanguage\":\"en-US\",\"@id\":\"https:\\\/\\\/www.apfelpatient.de\\\/rumors\\\/iphone-15-pro-geleaktes-bild-zeigt-den-usb-c-anschluss#primaryimage\",\"url\":\"https:\\\/\\\/www.apfelpatient.de\\\/wp-content\\\/uploads\\\/2023\\\/02\\\/bigstock-Usb-Type-C-Cable-Isolated-On-W-468426273.jpg\",\"contentUrl\":\"https:\\\/\\\/www.apfelpatient.de\\\/wp-content\\\/uploads\\\/2023\\\/02\\\/bigstock-Usb-Type-C-Cable-Isolated-On-W-468426273.jpg\",\"width\":1600,\"height\":1082,\"caption\":\"USB type C cable isolated on white. Modern technology\"},{\"@type\":\"BreadcrumbList\",\"@id\":\"https:\\\/\\\/www.apfelpatient.de\\\/rumors\\\/iphone-15-pro-geleaktes-bild-zeigt-den-usb-c-anschluss#breadcrumb\",\"itemListElement\":[{\"@type\":\"ListItem\",\"position\":1,\"name\":\"Startseite\",\"item\":\"https:\\\/\\\/www.apfelpatient.de\\\/\"},{\"@type\":\"ListItem\",\"position\":2,\"name\":\"iPhone 15 Pro: Geleaktes Bild zeigt den USB-C-Anschluss\"}]},{\"@type\":\"WebSite\",\"@id\":\"https:\\\/\\\/www.apfelpatient.de\\\/#website\",\"url\":\"https:\\\/\\\/www.apfelpatient.de\\\/\",\"name\":\"Apfelpatient\",\"description\":\"Alles rund um Apple!\",\"publisher\":{\"@type\":\"Organization\",\"@id\":\"https:\\\/\\\/www.apfelpatient.de\\\/en\\\/#organization\",\"name\":\"Apfelpatient\",\"url\":\"https:\\\/\\\/www.apfelpatient.de\\\/en\\\/\"},\"alternateName\":\"Apfelpatient\",\"potentialAction\":[{\"@type\":\"SearchAction\",\"target\":{\"@type\":\"EntryPoint\",\"urlTemplate\":\"https:\\\/\\\/www.apfelpatient.de\\\/?s={search_term_string}\"},\"query-input\":{\"@type\":\"PropertyValueSpecification\",\"valueRequired\":true,\"valueName\":\"search_term_string\"}}],\"inLanguage\":\"en-US\"},{\"@type\":[\"Person\",\"Organization\"],\"@id\":\"https:\\\/\\\/www.apfelpatient.de\\\/#\\\/schema\\\/person\\\/35b3ddba5832f2bfc7fff5206d4f6b7b\",\"name\":\"Milan\",\"logo\":{\"@id\":\"https:\\\/\\\/www.apfelpatient.de\\\/#\\\/schema\\\/person\\\/image\\\/\"},\"description\":\"Hallo und herzlich willkommen auf meinem Technik-Blog! Als gro\u00dfer Apple-Fan berichte ich hier \u00fcber alles, was mit Apple zu tun hat: von den neuesten News und spannenden Ger\u00fcchten \u00fcber hilfreiche Tipps und Tricks bis hin zu ausf\u00fchrlichen Produkttests. Wenn du genauso technikbegeistert bist wie ich, bist du hier genau richtig!\",\"sameAs\":[\"https:\\\/\\\/www.facebook.com\\\/apfelpatientOfficial\",\"https:\\\/\\\/www.linkedin.com\\\/in\\\/milan-jovicic-42aa0231b\"],\"url\":\"https:\\\/\\\/www.apfelpatient.de\\\/en\\\/author\\\/apfeladmin\"}]}<\/script>\n<!-- \/ Yoast SEO Premium plugin. -->","yoast_head_json":{"title":"iPhone 15 Pro: Leaked image shows the USB-C port","description":"With the iPhone 15, Apple plans to use a USB-C port instead of the Lightning port to comply with regulatory changes in Europe.","robots":{"index":"index","follow":"follow","max-snippet":"max-snippet:-1","max-image-preview":"max-image-preview:large","max-video-preview":"max-video-preview:-1"},"canonical":"https:\/\/www.apfelpatient.de\/en\/rumors\/iphone-15-pro-leaked-image-shows-the-usb-c-port","og_locale":"en_US","og_type":"article","og_title":"iPhone 15 Pro: Geleaktes Bild zeigt den USB-C-Anschluss","og_description":"Mit dem iPhone 15 plant Apple einen USB-C-Anschluss anstelle des Lightning-Ports, um die in Europa regulatorischen \u00c4nderungen zu erf\u00fcllen.","og_url":"https:\/\/www.apfelpatient.de\/en\/rumors\/iphone-15-pro-leaked-image-shows-the-usb-c-port","og_site_name":"Apfelpatient","article_publisher":"https:\/\/www.facebook.com\/apfelpatientOfficial","article_author":"https:\/\/www.facebook.com\/apfelpatientOfficial","article_published_time":"2023-02-17T16:32:47+00:00","article_modified_time":"2023-02-17T16:32:48+00:00","og_image":[{"width":1600,"height":1082,"url":"https:\/\/www.apfelpatient.de\/wp-content\/uploads\/2023\/02\/bigstock-Usb-Type-C-Cable-Isolated-On-W-468426273.jpg","type":"image\/jpeg"}],"author":"Milan","twitter_card":"summary_large_image","twitter_description":"Mit dem iPhone 15 plant Apple einen USB-C-Anschluss anstelle des Lightning-Ports, um die in Europa regulatorischen \u00c4nderungen zu erf\u00fcllen.","twitter_misc":{"Written by":"Milan","Est. reading time":"2 minutes"},"schema":{"@context":"https:\/\/schema.org","@graph":[{"@type":"NewsArticle","@id":"https:\/\/www.apfelpatient.de\/rumors\/iphone-15-pro-geleaktes-bild-zeigt-den-usb-c-anschluss#article","isPartOf":{"@id":"https:\/\/www.apfelpatient.de\/rumors\/iphone-15-pro-geleaktes-bild-zeigt-den-usb-c-anschluss"},"author":{"@type":"Organization","@id":"https:\/\/www.apfelpatient.de\/en\/#organization","name":"Apfelpatient","url":"https:\/\/www.apfelpatient.de\/en\/"},"headline":"iPhone 15 Pro: Geleaktes Bild zeigt den USB-C-Anschluss","datePublished":"2023-02-17T16:32:47+00:00","dateModified":"2023-02-17T16:32:48+00:00","mainEntityOfPage":{"@id":"https:\/\/www.apfelpatient.de\/rumors\/iphone-15-pro-geleaktes-bild-zeigt-den-usb-c-anschluss"},"wordCount":285,"publisher":{"@type":"Organization","@id":"https:\/\/www.apfelpatient.de\/en\/#organization","name":"Apfelpatient","url":"https:\/\/www.apfelpatient.de\/en\/"},"image":{"@id":"https:\/\/www.apfelpatient.de\/rumors\/iphone-15-pro-geleaktes-bild-zeigt-den-usb-c-anschluss#primaryimage"},"thumbnailUrl":"https:\/\/www.apfelpatient.de\/wp-content\/uploads\/2023\/02\/bigstock-Usb-Type-C-Cable-Isolated-On-W-468426273.jpg","keywords":["iPhone","iPhone 15","iPhone 2023"],"articleSection":"Rumors","inLanguage":"en-US","copyrightYear":"2023","copyrightHolder":{"@id":"https:\/\/www.apfelpatient.de\/en\/#organization"}},{"@type":"WebPage","@id":"https:\/\/www.apfelpatient.de\/rumors\/iphone-15-pro-geleaktes-bild-zeigt-den-usb-c-anschluss","url":"https:\/\/www.apfelpatient.de\/rumors\/iphone-15-pro-geleaktes-bild-zeigt-den-usb-c-anschluss","name":"iPhone 15 Pro: Leaked image shows the USB-C port","isPartOf":{"@id":"https:\/\/www.apfelpatient.de\/#website"},"primaryImageOfPage":{"@id":"https:\/\/www.apfelpatient.de\/rumors\/iphone-15-pro-geleaktes-bild-zeigt-den-usb-c-anschluss#primaryimage"},"image":{"@id":"https:\/\/www.apfelpatient.de\/rumors\/iphone-15-pro-geleaktes-bild-zeigt-den-usb-c-anschluss#primaryimage"},"thumbnailUrl":"https:\/\/www.apfelpatient.de\/wp-content\/uploads\/2023\/02\/bigstock-Usb-Type-C-Cable-Isolated-On-W-468426273.jpg","datePublished":"2023-02-17T16:32:47+00:00","dateModified":"2023-02-17T16:32:48+00:00","description":"With the iPhone 15, Apple plans to use a USB-C port instead of the Lightning port to comply with regulatory changes in Europe.","breadcrumb":{"@id":"https:\/\/www.apfelpatient.de\/rumors\/iphone-15-pro-geleaktes-bild-zeigt-den-usb-c-anschluss#breadcrumb"},"inLanguage":"en-US","potentialAction":[{"@type":"ReadAction","target":["https:\/\/www.apfelpatient.de\/rumors\/iphone-15-pro-geleaktes-bild-zeigt-den-usb-c-anschluss"]}]},{"@type":"ImageObject","inLanguage":"en-US","@id":"https:\/\/www.apfelpatient.de\/rumors\/iphone-15-pro-geleaktes-bild-zeigt-den-usb-c-anschluss#primaryimage","url":"https:\/\/www.apfelpatient.de\/wp-content\/uploads\/2023\/02\/bigstock-Usb-Type-C-Cable-Isolated-On-W-468426273.jpg","contentUrl":"https:\/\/www.apfelpatient.de\/wp-content\/uploads\/2023\/02\/bigstock-Usb-Type-C-Cable-Isolated-On-W-468426273.jpg","width":1600,"height":1082,"caption":"USB type C cable isolated on white. Modern technology"},{"@type":"BreadcrumbList","@id":"https:\/\/www.apfelpatient.de\/rumors\/iphone-15-pro-geleaktes-bild-zeigt-den-usb-c-anschluss#breadcrumb","itemListElement":[{"@type":"ListItem","position":1,"name":"Startseite","item":"https:\/\/www.apfelpatient.de\/"},{"@type":"ListItem","position":2,"name":"iPhone 15 Pro: Geleaktes Bild zeigt den USB-C-Anschluss"}]},{"@type":"WebSite","@id":"https:\/\/www.apfelpatient.de\/#website","url":"https:\/\/www.apfelpatient.de\/","name":"apple patient","description":"Everything about Apple!","publisher":{"@type":"Organization","@id":"https:\/\/www.apfelpatient.de\/en\/#organization","name":"Apfelpatient","url":"https:\/\/www.apfelpatient.de\/en\/"},"alternateName":"Apfelpatient","potentialAction":[{"@type":"SearchAction","target":{"@type":"EntryPoint","urlTemplate":"https:\/\/www.apfelpatient.de\/?s={search_term_string}"},"query-input":{"@type":"PropertyValueSpecification","valueRequired":true,"valueName":"search_term_string"}}],"inLanguage":"en-US"},{"@type":["Person","Organization"],"@id":"https:\/\/www.apfelpatient.de\/#\/schema\/person\/35b3ddba5832f2bfc7fff5206d4f6b7b","name":"Milan","logo":{"@id":"https:\/\/www.apfelpatient.de\/#\/schema\/person\/image\/"},"description":"Hello and welcome to my technology blog! As a big Apple fan, I report on everything to do with Apple: from the latest news and exciting rumors to helpful tips and tricks and detailed product tests. If you are as enthusiastic about technology as I am, you have come to the right place!","sameAs":["https:\/\/www.facebook.com\/apfelpatientOfficial","https:\/\/www.linkedin.com\/in\/milan-jovicic-42aa0231b"],"url":"https:\/\/www.apfelpatient.de\/en\/author\/apfeladmin"}]}},"_links":{"self":[{"href":"https:\/\/www.apfelpatient.de\/en\/wp-json\/wp\/v2\/posts\/37459","targetHints":{"allow":["GET"]}}],"collection":[{"href":"https:\/\/www.apfelpatient.de\/en\/wp-json\/wp\/v2\/posts"}],"about":[{"href":"https:\/\/www.apfelpatient.de\/en\/wp-json\/wp\/v2\/types\/post"}],"author":[{"embeddable":true,"href":"https:\/\/www.apfelpatient.de\/en\/wp-json\/wp\/v2\/users\/2"}],"replies":[{"embeddable":true,"href":"https:\/\/www.apfelpatient.de\/en\/wp-json\/wp\/v2\/comments?post=37459"}],"version-history":[{"count":0,"href":"https:\/\/www.apfelpatient.de\/en\/wp-json\/wp\/v2\/posts\/37459\/revisions"}],"wp:featuredmedia":[{"embeddable":true,"href":"https:\/\/www.apfelpatient.de\/en\/wp-json\/wp\/v2\/media\/37457"}],"wp:attachment":[{"href":"https:\/\/www.apfelpatient.de\/en\/wp-json\/wp\/v2\/media?parent=37459"}],"wp:term":[{"taxonomy":"category","embeddable":true,"href":"https:\/\/www.apfelpatient.de\/en\/wp-json\/wp\/v2\/categories?post=37459"},{"taxonomy":"post_tag","embeddable":true,"href":"https:\/\/www.apfelpatient.de\/en\/wp-json\/wp\/v2\/tags?post=37459"}],"curies":[{"name":"wp","href":"https:\/\/api.w.org\/{rel}","templated":true}]}}