{"id":37447,"date":"2023-02-17T16:28:57","date_gmt":"2023-02-17T15:28:57","guid":{"rendered":"https:\/\/www.apfelpatient.de\/?p=37447"},"modified":"2023-02-17T16:28:58","modified_gmt":"2023-02-17T15:28:58","slug":"thinner-edges-and-more-this-is-what-the-iphone-15-pro-could-look-like","status":"publish","type":"post","link":"https:\/\/www.apfelpatient.de\/en\/rumors\/duennere-raender-und-mehr-so-koennte-das-iphone-15-pro-aussehen","title":{"rendered":"Thinner bezels and more: This is what the iPhone 15 Pro could look like"},"content":{"rendered":"<p class=\"has-drop-cap\"><strong>Several rumors suggest that the iPhone 15 Pro and iPhone 15 Pro Max will undergo a number of design changes. To show what we might see, Ian Zelbo has created a series of renders on behalf of 9to5Mac.<\/strong><\/p>\n\n\n\n<p>With the iPhone 15 lineup, all iPhone 15 models will get a USB-C port instead of the Lightning port. The renderings (via <a href=\"https:\/\/9to5mac.com\/2023\/02\/16\/exclusive-this-is-iphone-15-pro-thinner-bezels-thicker-curve-design-no-lightning-port-more\/\" target=\"_blank\" rel=\"noreferrer noopener\">9to5Mac<\/a>) says the connector won&#039;t change much. However, the speaker holes on the bottom might change.<\/p>\n\n\n\n<figure class=\"wp-block-image size-large\"><img decoding=\"async\" width=\"1024\" height=\"512\" src=\"https:\/\/www.apfelpatient.de\/wp-content\/uploads\/2023\/02\/2E119734-0E71-4A9D-A0A5-1008423A91BE-1024x512.png\" alt=\"\" class=\"wp-image-37445\" srcset=\"https:\/\/www.apfelpatient.de\/wp-content\/uploads\/2023\/02\/2E119734-0E71-4A9D-A0A5-1008423A91BE-1024x512.png 1024w, https:\/\/www.apfelpatient.de\/wp-content\/uploads\/2023\/02\/2E119734-0E71-4A9D-A0A5-1008423A91BE-300x150.png 300w, https:\/\/www.apfelpatient.de\/wp-content\/uploads\/2023\/02\/2E119734-0E71-4A9D-A0A5-1008423A91BE-768x384.png 768w, https:\/\/www.apfelpatient.de\/wp-content\/uploads\/2023\/02\/2E119734-0E71-4A9D-A0A5-1008423A91BE-1536x768.png 1536w, https:\/\/www.apfelpatient.de\/wp-content\/uploads\/2023\/02\/2E119734-0E71-4A9D-A0A5-1008423A91BE-360x180.png 360w, https:\/\/www.apfelpatient.de\/wp-content\/uploads\/2023\/02\/2E119734-0E71-4A9D-A0A5-1008423A91BE-750x375.png 750w, https:\/\/www.apfelpatient.de\/wp-content\/uploads\/2023\/02\/2E119734-0E71-4A9D-A0A5-1008423A91BE-1140x570.png 1140w, https:\/\/www.apfelpatient.de\/wp-content\/uploads\/2023\/02\/2E119734-0E71-4A9D-A0A5-1008423A91BE.png 1600w\" sizes=\"(max-width: 1024px) 100vw, 1024px\" \/><figcaption class=\"wp-element-caption\">Image via 9to5mac<\/figcaption><\/figure>\n\n\n\n<p>The iPhone 15 Pro models are expected to have slightly thinner bezels than the iPhone 14 Pro models, and there will be a slight change in the curvature of the edges. The frame is slightly more curved and the glass blends into the edges - a subtle but noticeable change. Zelbo&#039;s renders suggest that the iPhone 15 Pro&#039;s camera bump will be thicker than that of the iPhone 14 Pro, and that the lenses will be thicker too.<\/p>\n\n\n\n<h3 class=\"wp-block-heading\" id=\"h-iphone-15-pro-max-die-designanderungen-werden-das-aussehen-der-gerate-verfeinern\">iPhone 15 Pro (Max): The design changes will refine the look of the devices<\/h3>\n\n\n\n\n\n\n\n<p>The layout is largely the same and it&#039;s worth noting that the iPhone 15 Pro Max will likely have a unique periscope lens that won&#039;t be available on the other iPhone 15 models.<\/p>\n\n\n\n<figure class=\"wp-block-image size-large\"><img decoding=\"async\" width=\"1024\" height=\"512\" src=\"https:\/\/www.apfelpatient.de\/wp-content\/uploads\/2023\/02\/0C510F8D-ACB1-46F3-8A30-E8C55B9A1B94-1024x512.png\" alt=\"\" class=\"wp-image-37444\" srcset=\"https:\/\/www.apfelpatient.de\/wp-content\/uploads\/2023\/02\/0C510F8D-ACB1-46F3-8A30-E8C55B9A1B94-1024x512.png 1024w, https:\/\/www.apfelpatient.de\/wp-content\/uploads\/2023\/02\/0C510F8D-ACB1-46F3-8A30-E8C55B9A1B94-300x150.png 300w, https:\/\/www.apfelpatient.de\/wp-content\/uploads\/2023\/02\/0C510F8D-ACB1-46F3-8A30-E8C55B9A1B94-768x384.png 768w, https:\/\/www.apfelpatient.de\/wp-content\/uploads\/2023\/02\/0C510F8D-ACB1-46F3-8A30-E8C55B9A1B94-1536x768.png 1536w, https:\/\/www.apfelpatient.de\/wp-content\/uploads\/2023\/02\/0C510F8D-ACB1-46F3-8A30-E8C55B9A1B94-360x180.png 360w, https:\/\/www.apfelpatient.de\/wp-content\/uploads\/2023\/02\/0C510F8D-ACB1-46F3-8A30-E8C55B9A1B94-750x375.png 750w, https:\/\/www.apfelpatient.de\/wp-content\/uploads\/2023\/02\/0C510F8D-ACB1-46F3-8A30-E8C55B9A1B94-1140x570.png 1140w, https:\/\/www.apfelpatient.de\/wp-content\/uploads\/2023\/02\/0C510F8D-ACB1-46F3-8A30-E8C55B9A1B94.png 1600w\" sizes=\"(max-width: 1024px) 100vw, 1024px\" \/><figcaption class=\"wp-element-caption\">Image via 9to5mac<\/figcaption><\/figure>\n\n\n\n<p>Since there are rumors that the iPhone 15 Pro models will have solid-state buttons instead of physical buttons for the volume and power buttons, we can expect some design changes. The renders don&#039;t seem to show the finished buttons, as they are based on &quot;early CAD drawings&quot; likely from Apple&#039;s suppliers. By and large, the iPhone 15 Pro models will be similar to the iPhone 14 Pro models. But there will be some notable design changes that will refine the look of the devices. If you want to see all the pictures, you can find the full article <a href=\"https:\/\/9to5mac.com\/2023\/02\/16\/exclusive-this-is-iphone-15-pro-thinner-bezels-thicker-curve-design-no-lightning-port-more\/\" target=\"_blank\" rel=\"noreferrer noopener\">here<\/a>. (Photo by hadrian \/ Bigstockphoto)<\/p>\n\n\n\n<ul class=\"wp-block-list\">\n<li><a href=\"https:\/\/www.apfelpatient.de\/en\/rumors\/apples-top-smartphone-this-is-what-the-iphone-ultra-could-look-like\">Apple&#039;s top smartphone: This is what the iPhone Ultra could look like<\/a><\/li>\n<\/ul>\n\n\n\n<h6 class=\"wp-block-heading translation-block\" id=\"h-kennt-ihr-schon-unsere-amazon-storefront-dort-findet-ihr-eine-handverlesene-auswahl-von-diversen-produkten-f-r-euer-iphone-und-co-viel-spa-beim-st-bern\"><em>Have you already visited our Amazon Storefront? There you&#039;ll find a hand-picked selection of various products for your iPhone and other devices \u2013 <span class=\"has-inline-color has-vivid-red-color\"><a href=\"https:\/\/www.amazon.de\/shop\/apfelpatientofficial\" class=\"ek-link\" data-wpel-link=\"exclude\" rel=\"follow noopener\" target=\"_self\"><span style=\"text-decoration: underline\" class=\"ek-underline\">enjoy browsing<\/span><\/a> !<\/span><\/em><\/h6>\n\n\n\n<h6 class=\"wp-block-heading translation-block\" id=\"h-der-beitrag-enthalt-partnerlinks\">This post contains <a data-type=\"URL\" data-id=\"https:\/\/www.apfelpatient.de\/partnerprogramm\" href=\"https:\/\/www.apfelpatient.de\/en\/partner-program\" data-wpel-link=\"internal\" target=\"_self\">affiliate links<\/a>.<\/h6>","protected":false},"excerpt":{"rendered":"<p>Several rumors suggest that the iPhone 15 Pro and iPhone 15 Pro Max will undergo a number of design changes.<\/p>","protected":false},"author":2,"featured_media":34997,"comment_status":"closed","ping_status":"closed","sticky":false,"template":"","format":"standard","meta":{"jnews-multi-image_gallery":[],"jnews_single_post":{"subtitle":"","format":"standard","video":"","gallery":"","source_name":"","source_url":"","via_name":"","via_url":"","override":[{"single_blog_custom":"","sidebar":"","second_sidebar":"","share_position":"","share_float_style":"","post_date_format":"","post_date_format_custom":"","post_reading_time_wpm":"","zoom_button_out_step":"1","zoom_button_in_step":"1","number_popup_post":"1"}],"image_override":[{"single_post_thumbnail_size":"","single_post_gallery_size":""}],"trending_post_position":"","trending_post_label":"","sponsored_post_label":"","sponsored_post_name":"","sponsored_post_url":"","sponsored_post_logo":"","sponsored_post_desc":""},"jnews_primary_category":{"id":"25"},"footnotes":""},"categories":[25],"tags":[8,689,579],"class_list":["post-37447","post","type-post","status-publish","format-standard","has-post-thumbnail","hentry","category-rumors","tag-iphone","tag-iphone-15","tag-iphone-2023"],"yoast_head":"<!-- This site is optimized with the Yoast SEO Premium plugin v27.5 (Yoast SEO v27.5) - https:\/\/yoast.com\/product\/yoast-seo-premium-wordpress\/ -->\n<title>D\u00fcnnere R\u00e4nder und mehr: So k\u00f6nnte das iPhone 15 Pro aussehen<\/title>\n<meta name=\"description\" content=\"Mehrere Ger\u00fcchte deuten darauf hin, dass das iPhone 15 Pro und das iPhone 15 Pro Max eine Reihe von Design\u00e4nderungen erfahren werden.\" \/>\n<meta name=\"robots\" content=\"index, follow, max-snippet:-1, max-image-preview:large, max-video-preview:-1\" \/>\n<link rel=\"canonical\" href=\"https:\/\/www.apfelpatient.de\/en\/rumors\/thinner-edges-and-more-this-is-what-the-iphone-15-pro-could-look-like\" \/>\n<meta property=\"og:locale\" content=\"en_US\" \/>\n<meta property=\"og:type\" content=\"article\" \/>\n<meta property=\"og:title\" content=\"D\u00fcnnere R\u00e4nder und mehr: So k\u00f6nnte das iPhone 15 Pro aussehen\" \/>\n<meta property=\"og:description\" content=\"Mehrere Ger\u00fcchte deuten darauf hin, dass das iPhone 15 Pro und das iPhone 15 Pro Max eine Reihe von Design\u00e4nderungen erfahren werden.\" \/>\n<meta property=\"og:url\" content=\"https:\/\/www.apfelpatient.de\/en\/rumors\/thinner-edges-and-more-this-is-what-the-iphone-15-pro-could-look-like\" \/>\n<meta property=\"og:site_name\" content=\"Apfelpatient\" \/>\n<meta property=\"article:publisher\" content=\"https:\/\/www.facebook.com\/apfelpatientOfficial\" \/>\n<meta property=\"article:author\" content=\"https:\/\/www.facebook.com\/apfelpatientOfficial\" \/>\n<meta property=\"article:published_time\" content=\"2023-02-17T15:28:57+00:00\" \/>\n<meta property=\"article:modified_time\" content=\"2023-02-17T15:28:58+00:00\" \/>\n<meta property=\"og:image\" content=\"https:\/\/www.apfelpatient.de\/wp-content\/uploads\/2022\/10\/bigstock-Paris-France-Oct-391849715.jpg\" \/>\n\t<meta property=\"og:image:width\" content=\"1600\" \/>\n\t<meta property=\"og:image:height\" content=\"1067\" \/>\n\t<meta property=\"og:image:type\" content=\"image\/jpeg\" \/>\n<meta name=\"author\" content=\"Milan\" \/>\n<meta name=\"twitter:card\" content=\"summary_large_image\" \/>\n<meta name=\"twitter:description\" content=\"Mehrere Ger\u00fcchte deuten darauf hin, dass das iPhone 15 Pro und das iPhone 15 Pro Max eine Reihe von Design\u00e4nderungen erfahren werden.\" \/>\n<meta name=\"twitter:label1\" content=\"Written by\" \/>\n\t<meta name=\"twitter:data1\" content=\"Milan\" \/>\n\t<meta name=\"twitter:label2\" content=\"Est. reading time\" \/>\n\t<meta name=\"twitter:data2\" content=\"3 minutes\" \/>\n<script type=\"application\/ld+json\" class=\"yoast-schema-graph\">{\"@context\":\"https:\\\/\\\/schema.org\",\"@graph\":[{\"@type\":\"NewsArticle\",\"@id\":\"https:\\\/\\\/www.apfelpatient.de\\\/rumors\\\/duennere-raender-und-mehr-so-koennte-das-iphone-15-pro-aussehen#article\",\"isPartOf\":{\"@id\":\"https:\\\/\\\/www.apfelpatient.de\\\/rumors\\\/duennere-raender-und-mehr-so-koennte-das-iphone-15-pro-aussehen\"},\"author\":{\"@type\":\"Organization\",\"@id\":\"https:\\\/\\\/www.apfelpatient.de\\\/en\\\/#organization\",\"name\":\"Apfelpatient\",\"url\":\"https:\\\/\\\/www.apfelpatient.de\\\/en\\\/\"},\"headline\":\"D\u00fcnnere R\u00e4nder und mehr: So k\u00f6nnte das iPhone 15 Pro aussehen\",\"datePublished\":\"2023-02-17T15:28:57+00:00\",\"dateModified\":\"2023-02-17T15:28:58+00:00\",\"mainEntityOfPage\":{\"@id\":\"https:\\\/\\\/www.apfelpatient.de\\\/rumors\\\/duennere-raender-und-mehr-so-koennte-das-iphone-15-pro-aussehen\"},\"wordCount\":347,\"publisher\":{\"@type\":\"Organization\",\"@id\":\"https:\\\/\\\/www.apfelpatient.de\\\/en\\\/#organization\",\"name\":\"Apfelpatient\",\"url\":\"https:\\\/\\\/www.apfelpatient.de\\\/en\\\/\"},\"image\":{\"@id\":\"https:\\\/\\\/www.apfelpatient.de\\\/rumors\\\/duennere-raender-und-mehr-so-koennte-das-iphone-15-pro-aussehen#primaryimage\"},\"thumbnailUrl\":\"https:\\\/\\\/www.apfelpatient.de\\\/wp-content\\\/uploads\\\/2022\\\/10\\\/bigstock-Paris-France-Oct-391849715.jpg\",\"keywords\":[\"iPhone\",\"iPhone 15\",\"iPhone 2023\"],\"articleSection\":\"Rumors\",\"inLanguage\":\"en-US\",\"copyrightYear\":\"2023\",\"copyrightHolder\":{\"@id\":\"https:\\\/\\\/www.apfelpatient.de\\\/en\\\/#organization\"}},{\"@type\":\"WebPage\",\"@id\":\"https:\\\/\\\/www.apfelpatient.de\\\/rumors\\\/duennere-raender-und-mehr-so-koennte-das-iphone-15-pro-aussehen\",\"url\":\"https:\\\/\\\/www.apfelpatient.de\\\/rumors\\\/duennere-raender-und-mehr-so-koennte-das-iphone-15-pro-aussehen\",\"name\":\"D\u00fcnnere R\u00e4nder und mehr: So k\u00f6nnte das iPhone 15 Pro aussehen\",\"isPartOf\":{\"@id\":\"https:\\\/\\\/www.apfelpatient.de\\\/#website\"},\"primaryImageOfPage\":{\"@id\":\"https:\\\/\\\/www.apfelpatient.de\\\/rumors\\\/duennere-raender-und-mehr-so-koennte-das-iphone-15-pro-aussehen#primaryimage\"},\"image\":{\"@id\":\"https:\\\/\\\/www.apfelpatient.de\\\/rumors\\\/duennere-raender-und-mehr-so-koennte-das-iphone-15-pro-aussehen#primaryimage\"},\"thumbnailUrl\":\"https:\\\/\\\/www.apfelpatient.de\\\/wp-content\\\/uploads\\\/2022\\\/10\\\/bigstock-Paris-France-Oct-391849715.jpg\",\"datePublished\":\"2023-02-17T15:28:57+00:00\",\"dateModified\":\"2023-02-17T15:28:58+00:00\",\"description\":\"Mehrere Ger\u00fcchte deuten darauf hin, dass das iPhone 15 Pro und das iPhone 15 Pro Max eine Reihe von Design\u00e4nderungen erfahren werden.\",\"breadcrumb\":{\"@id\":\"https:\\\/\\\/www.apfelpatient.de\\\/rumors\\\/duennere-raender-und-mehr-so-koennte-das-iphone-15-pro-aussehen#breadcrumb\"},\"inLanguage\":\"en-US\",\"potentialAction\":[{\"@type\":\"ReadAction\",\"target\":[\"https:\\\/\\\/www.apfelpatient.de\\\/rumors\\\/duennere-raender-und-mehr-so-koennte-das-iphone-15-pro-aussehen\"]}]},{\"@type\":\"ImageObject\",\"inLanguage\":\"en-US\",\"@id\":\"https:\\\/\\\/www.apfelpatient.de\\\/rumors\\\/duennere-raender-und-mehr-so-koennte-das-iphone-15-pro-aussehen#primaryimage\",\"url\":\"https:\\\/\\\/www.apfelpatient.de\\\/wp-content\\\/uploads\\\/2022\\\/10\\\/bigstock-Paris-France-Oct-391849715.jpg\",\"contentUrl\":\"https:\\\/\\\/www.apfelpatient.de\\\/wp-content\\\/uploads\\\/2022\\\/10\\\/bigstock-Paris-France-Oct-391849715.jpg\",\"width\":1600,\"height\":1067,\"caption\":\"Paris, France - Oct 23, 2020: Black and white image of side button of new iPhone 12 Pro Max 5G smartphone model by Apple Computers close-up of Pacific Blue mobile phone device featuring\"},{\"@type\":\"BreadcrumbList\",\"@id\":\"https:\\\/\\\/www.apfelpatient.de\\\/rumors\\\/duennere-raender-und-mehr-so-koennte-das-iphone-15-pro-aussehen#breadcrumb\",\"itemListElement\":[{\"@type\":\"ListItem\",\"position\":1,\"name\":\"Startseite\",\"item\":\"https:\\\/\\\/www.apfelpatient.de\\\/\"},{\"@type\":\"ListItem\",\"position\":2,\"name\":\"D\u00fcnnere R\u00e4nder und mehr: So k\u00f6nnte das iPhone 15 Pro aussehen\"}]},{\"@type\":\"WebSite\",\"@id\":\"https:\\\/\\\/www.apfelpatient.de\\\/#website\",\"url\":\"https:\\\/\\\/www.apfelpatient.de\\\/\",\"name\":\"Apfelpatient\",\"description\":\"Alles rund um Apple!\",\"publisher\":{\"@type\":\"Organization\",\"@id\":\"https:\\\/\\\/www.apfelpatient.de\\\/en\\\/#organization\",\"name\":\"Apfelpatient\",\"url\":\"https:\\\/\\\/www.apfelpatient.de\\\/en\\\/\"},\"alternateName\":\"Apfelpatient\",\"potentialAction\":[{\"@type\":\"SearchAction\",\"target\":{\"@type\":\"EntryPoint\",\"urlTemplate\":\"https:\\\/\\\/www.apfelpatient.de\\\/?s={search_term_string}\"},\"query-input\":{\"@type\":\"PropertyValueSpecification\",\"valueRequired\":true,\"valueName\":\"search_term_string\"}}],\"inLanguage\":\"en-US\"},{\"@type\":[\"Person\",\"Organization\"],\"@id\":\"https:\\\/\\\/www.apfelpatient.de\\\/#\\\/schema\\\/person\\\/7dc56ad6c8e9824b76d2c08d4c140e13\",\"name\":\"Milan\",\"logo\":{\"@id\":\"https:\\\/\\\/www.apfelpatient.de\\\/#\\\/schema\\\/person\\\/image\\\/\"},\"description\":\"Hallo und herzlich willkommen auf meinem Technik-Blog! Als gro\u00dfer Apple-Fan berichte ich hier \u00fcber alles, was mit Apple zu tun hat: von den neuesten News und spannenden Ger\u00fcchten \u00fcber hilfreiche Tipps und Tricks bis hin zu ausf\u00fchrlichen Produkttests. Wenn du genauso technikbegeistert bist wie ich, bist du hier genau richtig!\",\"sameAs\":[\"https:\\\/\\\/www.facebook.com\\\/apfelpatientOfficial\",\"https:\\\/\\\/www.linkedin.com\\\/in\\\/milan-jovicic-42aa0231b\"],\"url\":\"https:\\\/\\\/www.apfelpatient.de\\\/en\\\/author\\\/apfeladmin\"}]}<\/script>\n<!-- \/ Yoast SEO Premium plugin. -->","yoast_head_json":{"title":"Thinner bezels and more: This is what the iPhone 15 Pro could look like","description":"Several rumors suggest that the iPhone 15 Pro and iPhone 15 Pro Max will undergo a number of design changes.","robots":{"index":"index","follow":"follow","max-snippet":"max-snippet:-1","max-image-preview":"max-image-preview:large","max-video-preview":"max-video-preview:-1"},"canonical":"https:\/\/www.apfelpatient.de\/en\/rumors\/thinner-edges-and-more-this-is-what-the-iphone-15-pro-could-look-like","og_locale":"en_US","og_type":"article","og_title":"D\u00fcnnere R\u00e4nder und mehr: So k\u00f6nnte das iPhone 15 Pro aussehen","og_description":"Mehrere Ger\u00fcchte deuten darauf hin, dass das iPhone 15 Pro und das iPhone 15 Pro Max eine Reihe von Design\u00e4nderungen erfahren werden.","og_url":"https:\/\/www.apfelpatient.de\/en\/rumors\/thinner-edges-and-more-this-is-what-the-iphone-15-pro-could-look-like","og_site_name":"Apfelpatient","article_publisher":"https:\/\/www.facebook.com\/apfelpatientOfficial","article_author":"https:\/\/www.facebook.com\/apfelpatientOfficial","article_published_time":"2023-02-17T15:28:57+00:00","article_modified_time":"2023-02-17T15:28:58+00:00","og_image":[{"width":1600,"height":1067,"url":"https:\/\/www.apfelpatient.de\/wp-content\/uploads\/2022\/10\/bigstock-Paris-France-Oct-391849715.jpg","type":"image\/jpeg"}],"author":"Milan","twitter_card":"summary_large_image","twitter_description":"Mehrere Ger\u00fcchte deuten darauf hin, dass das iPhone 15 Pro und das iPhone 15 Pro Max eine Reihe von Design\u00e4nderungen erfahren werden.","twitter_misc":{"Written by":"Milan","Est. reading time":"3 minutes"},"schema":{"@context":"https:\/\/schema.org","@graph":[{"@type":"NewsArticle","@id":"https:\/\/www.apfelpatient.de\/rumors\/duennere-raender-und-mehr-so-koennte-das-iphone-15-pro-aussehen#article","isPartOf":{"@id":"https:\/\/www.apfelpatient.de\/rumors\/duennere-raender-und-mehr-so-koennte-das-iphone-15-pro-aussehen"},"author":{"@type":"Organization","@id":"https:\/\/www.apfelpatient.de\/en\/#organization","name":"Apfelpatient","url":"https:\/\/www.apfelpatient.de\/en\/"},"headline":"D\u00fcnnere R\u00e4nder und mehr: So k\u00f6nnte das iPhone 15 Pro aussehen","datePublished":"2023-02-17T15:28:57+00:00","dateModified":"2023-02-17T15:28:58+00:00","mainEntityOfPage":{"@id":"https:\/\/www.apfelpatient.de\/rumors\/duennere-raender-und-mehr-so-koennte-das-iphone-15-pro-aussehen"},"wordCount":347,"publisher":{"@type":"Organization","@id":"https:\/\/www.apfelpatient.de\/en\/#organization","name":"Apfelpatient","url":"https:\/\/www.apfelpatient.de\/en\/"},"image":{"@id":"https:\/\/www.apfelpatient.de\/rumors\/duennere-raender-und-mehr-so-koennte-das-iphone-15-pro-aussehen#primaryimage"},"thumbnailUrl":"https:\/\/www.apfelpatient.de\/wp-content\/uploads\/2022\/10\/bigstock-Paris-France-Oct-391849715.jpg","keywords":["iPhone","iPhone 15","iPhone 2023"],"articleSection":"Rumors","inLanguage":"en-US","copyrightYear":"2023","copyrightHolder":{"@id":"https:\/\/www.apfelpatient.de\/en\/#organization"}},{"@type":"WebPage","@id":"https:\/\/www.apfelpatient.de\/rumors\/duennere-raender-und-mehr-so-koennte-das-iphone-15-pro-aussehen","url":"https:\/\/www.apfelpatient.de\/rumors\/duennere-raender-und-mehr-so-koennte-das-iphone-15-pro-aussehen","name":"Thinner bezels and more: This is what the iPhone 15 Pro could look like","isPartOf":{"@id":"https:\/\/www.apfelpatient.de\/#website"},"primaryImageOfPage":{"@id":"https:\/\/www.apfelpatient.de\/rumors\/duennere-raender-und-mehr-so-koennte-das-iphone-15-pro-aussehen#primaryimage"},"image":{"@id":"https:\/\/www.apfelpatient.de\/rumors\/duennere-raender-und-mehr-so-koennte-das-iphone-15-pro-aussehen#primaryimage"},"thumbnailUrl":"https:\/\/www.apfelpatient.de\/wp-content\/uploads\/2022\/10\/bigstock-Paris-France-Oct-391849715.jpg","datePublished":"2023-02-17T15:28:57+00:00","dateModified":"2023-02-17T15:28:58+00:00","description":"Several rumors suggest that the iPhone 15 Pro and iPhone 15 Pro Max will undergo a number of design changes.","breadcrumb":{"@id":"https:\/\/www.apfelpatient.de\/rumors\/duennere-raender-und-mehr-so-koennte-das-iphone-15-pro-aussehen#breadcrumb"},"inLanguage":"en-US","potentialAction":[{"@type":"ReadAction","target":["https:\/\/www.apfelpatient.de\/rumors\/duennere-raender-und-mehr-so-koennte-das-iphone-15-pro-aussehen"]}]},{"@type":"ImageObject","inLanguage":"en-US","@id":"https:\/\/www.apfelpatient.de\/rumors\/duennere-raender-und-mehr-so-koennte-das-iphone-15-pro-aussehen#primaryimage","url":"https:\/\/www.apfelpatient.de\/wp-content\/uploads\/2022\/10\/bigstock-Paris-France-Oct-391849715.jpg","contentUrl":"https:\/\/www.apfelpatient.de\/wp-content\/uploads\/2022\/10\/bigstock-Paris-France-Oct-391849715.jpg","width":1600,"height":1067,"caption":"Paris, France - Oct 23, 2020: Black and white image of side button of new iPhone 12 Pro Max 5G smartphone model by Apple Computers close-up of Pacific Blue mobile phone device featuring"},{"@type":"BreadcrumbList","@id":"https:\/\/www.apfelpatient.de\/rumors\/duennere-raender-und-mehr-so-koennte-das-iphone-15-pro-aussehen#breadcrumb","itemListElement":[{"@type":"ListItem","position":1,"name":"Startseite","item":"https:\/\/www.apfelpatient.de\/"},{"@type":"ListItem","position":2,"name":"D\u00fcnnere R\u00e4nder und mehr: So k\u00f6nnte das iPhone 15 Pro aussehen"}]},{"@type":"WebSite","@id":"https:\/\/www.apfelpatient.de\/#website","url":"https:\/\/www.apfelpatient.de\/","name":"apple patient","description":"Everything about Apple!","publisher":{"@type":"Organization","@id":"https:\/\/www.apfelpatient.de\/en\/#organization","name":"Apfelpatient","url":"https:\/\/www.apfelpatient.de\/en\/"},"alternateName":"Apfelpatient","potentialAction":[{"@type":"SearchAction","target":{"@type":"EntryPoint","urlTemplate":"https:\/\/www.apfelpatient.de\/?s={search_term_string}"},"query-input":{"@type":"PropertyValueSpecification","valueRequired":true,"valueName":"search_term_string"}}],"inLanguage":"en-US"},{"@type":["Person","Organization"],"@id":"https:\/\/www.apfelpatient.de\/#\/schema\/person\/7dc56ad6c8e9824b76d2c08d4c140e13","name":"Milan","logo":{"@id":"https:\/\/www.apfelpatient.de\/#\/schema\/person\/image\/"},"description":"Hello and welcome to my technology blog! As a big Apple fan, I report on everything to do with Apple: from the latest news and exciting rumors to helpful tips and tricks and detailed product tests. If you are as enthusiastic about technology as I am, you have come to the right place!","sameAs":["https:\/\/www.facebook.com\/apfelpatientOfficial","https:\/\/www.linkedin.com\/in\/milan-jovicic-42aa0231b"],"url":"https:\/\/www.apfelpatient.de\/en\/author\/apfeladmin"}]}},"_links":{"self":[{"href":"https:\/\/www.apfelpatient.de\/en\/wp-json\/wp\/v2\/posts\/37447","targetHints":{"allow":["GET"]}}],"collection":[{"href":"https:\/\/www.apfelpatient.de\/en\/wp-json\/wp\/v2\/posts"}],"about":[{"href":"https:\/\/www.apfelpatient.de\/en\/wp-json\/wp\/v2\/types\/post"}],"author":[{"embeddable":true,"href":"https:\/\/www.apfelpatient.de\/en\/wp-json\/wp\/v2\/users\/2"}],"replies":[{"embeddable":true,"href":"https:\/\/www.apfelpatient.de\/en\/wp-json\/wp\/v2\/comments?post=37447"}],"version-history":[{"count":0,"href":"https:\/\/www.apfelpatient.de\/en\/wp-json\/wp\/v2\/posts\/37447\/revisions"}],"wp:featuredmedia":[{"embeddable":true,"href":"https:\/\/www.apfelpatient.de\/en\/wp-json\/wp\/v2\/media\/34997"}],"wp:attachment":[{"href":"https:\/\/www.apfelpatient.de\/en\/wp-json\/wp\/v2\/media?parent=37447"}],"wp:term":[{"taxonomy":"category","embeddable":true,"href":"https:\/\/www.apfelpatient.de\/en\/wp-json\/wp\/v2\/categories?post=37447"},{"taxonomy":"post_tag","embeddable":true,"href":"https:\/\/www.apfelpatient.de\/en\/wp-json\/wp\/v2\/tags?post=37447"}],"curies":[{"name":"wp","href":"https:\/\/api.w.org\/{rel}","templated":true}]}}