{"id":37399,"date":"2023-02-15T21:55:00","date_gmt":"2023-02-15T20:55:00","guid":{"rendered":"https:\/\/www.apfelpatient.de\/?p=37399"},"modified":"2023-02-15T23:32:54","modified_gmt":"2023-02-15T22:32:54","slug":"apples-mixed-reality-headset-presentation-is-delayed","status":"publish","type":"post","link":"https:\/\/www.apfelpatient.de\/en\/rumors\/apples-mixed-reality-headset-praesentation-verzoegert-sich","title":{"rendered":"Apple&#039;s mixed reality headset presentation delayed"},"content":{"rendered":"<p class=\"has-drop-cap\"><strong>Rumor had it that Apple&#039;s mixed reality headset would be unveiled in spring 2023. But according to a new report, the presentation has now been postponed.<\/strong><\/p>\n\n\n\n<p>Apple&#039;s next product category is expected to be a wearable visor with mixed reality software, a home computer that can take the user to different places to work or play. <a href=\"https:\/\/www.bloomberg.com\/news\/articles\/2023-02-15\/apple-pushes-back-mixed-reality-headset-debut-two-months-to-june?srnd=premium#xj4y7vzkg\" target=\"_blank\" rel=\"noreferrer noopener\">report<\/a> According to Bloomberg, Apple will unveil the new headset at its Worldwide Developer Conference in June. The information comes from people familiar with the matter who asked to remain anonymous. That&#039;s a two-month delay if earlier reports of an April unveiling are correct. Analyst and leaker Ming-Chi Kuo had previously reported that the headset would not launch until the second half of 2023, which is consistent with a June presentation.<\/p>\n\n\n\n<h3 class=\"wp-block-heading\" id=\"h-das-apple-mixed-reality-headset-konnte-sprungbrett-zu-einem-tragbaren-ar-erlebnis-sein\">The Apple Mixed Reality Headset Could Be a Springboard to a Wearable AR Experience<\/h3>\n\n\n\n\n\n\n\n<p>Rumors about Apple&#039;s foray into virtual reality, or some form of mixed reality with augmented reality aspects, have been around for years. Apple CEO Tim Cook has regularly commented on Apple&#039;s interest in AR, likely in connection with the potential release of a Google Glass-like product called Apple Glass. The stepping stone to a wearable AR experience will likely be a virtual reality headset. It would run its own xrOS operating system and display information via high-performance displays that would be mounted above the user&#039;s eyes, blocking out the world around them. According to numerous rumors, the device is set to launch in 2023. It could cost as much as $3,000. (Photo by Antonio Solano \/ Bigstockphoto)<\/p>\n\n\n\n<ul class=\"wp-block-list\">\n<li><a href=\"https:\/\/www.apfelpatient.de\/en\/rumors\/apple-mixed-reality-headset-users-can-create-ar-apps-with-the-help-of-siri\">Apple Mixed Reality Headset: Users can create AR apps with the help of Siri<\/a><\/li>\n<\/ul>\n\n\n\n<h6 class=\"wp-block-heading translation-block\" id=\"h-kennt-ihr-schon-unsere-amazon-storefront-dort-findet-ihr-eine-handverlesene-auswahl-von-diversen-produkten-f-r-euer-iphone-und-co-viel-spa-beim-st-bern\"><em>Have you already visited our Amazon Storefront? There you&#039;ll find a hand-picked selection of various products for your iPhone and other devices \u2013 <span class=\"has-inline-color has-vivid-red-color\"><a href=\"https:\/\/www.amazon.de\/shop\/apfelpatientofficial\" class=\"ek-link\" data-wpel-link=\"exclude\" rel=\"follow noopener\" target=\"_self\"><span style=\"text-decoration: underline\" class=\"ek-underline\">enjoy browsing<\/span><\/a> !<\/span><\/em><\/h6>\n\n\n\n<h6 class=\"wp-block-heading translation-block\" id=\"h-der-beitrag-enthalt-partnerlinks\">This post contains <a data-type=\"URL\" data-id=\"https:\/\/www.apfelpatient.de\/partnerprogramm\" href=\"https:\/\/www.apfelpatient.de\/en\/partner-program\" data-wpel-link=\"internal\" target=\"_self\">affiliate links<\/a>.<\/h6>","protected":false},"excerpt":{"rendered":"<p>According to rumors, Apple&#039;s mixed reality headset was supposed to be unveiled in spring 2023. But now the presentation has been postponed.<\/p>","protected":false},"author":2,"featured_media":36745,"comment_status":"closed","ping_status":"closed","sticky":false,"template":"","format":"standard","meta":{"jnews-multi-image_gallery":[],"jnews_single_post":{"subtitle":"","format":"standard","video":"","gallery":"","source_name":"","source_url":"","via_name":"","via_url":"","override":[{"single_blog_custom":"","sidebar":"","second_sidebar":"","share_position":"","share_float_style":"","post_date_format":"","post_date_format_custom":"","post_reading_time_wpm":"","zoom_button_out_step":"1","zoom_button_in_step":"1","number_popup_post":"1"}],"image_override":[{"single_post_thumbnail_size":"","single_post_gallery_size":""}],"trending_post_position":"","trending_post_label":"","sponsored_post_label":"","sponsored_post_name":"","sponsored_post_url":"","sponsored_post_logo":"","sponsored_post_desc":""},"jnews_primary_category":{"id":"25"},"footnotes":""},"categories":[25],"tags":[609],"class_list":["post-37399","post","type-post","status-publish","format-standard","has-post-thumbnail","hentry","category-rumors","tag-apple-vr-ar"],"yoast_head":"<!-- This site is optimized with the Yoast SEO Premium plugin v27.5 (Yoast SEO v27.5) - https:\/\/yoast.com\/product\/yoast-seo-premium-wordpress\/ -->\n<title>Apples Mixed-Reality-Headset Pr\u00e4sentation verz\u00f6gert sich<\/title>\n<meta name=\"description\" content=\"Ger\u00fcchten zufolge sollte das Mixed-Reality-Headset von Apple im Fr\u00fchjahr 2023 vorgestellt werden. Doch nun wurde die Pr\u00e4sentation verschoben.\" \/>\n<meta name=\"robots\" content=\"index, follow, max-snippet:-1, max-image-preview:large, max-video-preview:-1\" \/>\n<link rel=\"canonical\" href=\"https:\/\/www.apfelpatient.de\/en\/rumors\/apples-mixed-reality-headset-presentation-is-delayed\" \/>\n<meta property=\"og:locale\" content=\"en_US\" \/>\n<meta property=\"og:type\" content=\"article\" \/>\n<meta property=\"og:title\" content=\"Apples Mixed-Reality-Headset Pr\u00e4sentation verz\u00f6gert sich\" \/>\n<meta property=\"og:description\" content=\"Ger\u00fcchten zufolge sollte das Mixed-Reality-Headset von Apple im Fr\u00fchjahr 2023 vorgestellt werden. Doch nun wurde die Pr\u00e4sentation verschoben.\" \/>\n<meta property=\"og:url\" content=\"https:\/\/www.apfelpatient.de\/en\/rumors\/apples-mixed-reality-headset-presentation-is-delayed\" \/>\n<meta property=\"og:site_name\" content=\"Apfelpatient\" \/>\n<meta property=\"article:publisher\" content=\"https:\/\/www.facebook.com\/apfelpatientOfficial\" \/>\n<meta property=\"article:author\" content=\"https:\/\/www.facebook.com\/apfelpatientOfficial\" \/>\n<meta property=\"article:published_time\" content=\"2023-02-15T20:55:00+00:00\" \/>\n<meta property=\"article:modified_time\" content=\"2023-02-15T22:32:54+00:00\" \/>\n<meta property=\"og:image\" content=\"https:\/\/www.apfelpatient.de\/wp-content\/uploads\/2023\/01\/bigstock-d-Rendering-Of-Futuristic-Fem-465143515.jpg\" \/>\n\t<meta property=\"og:image:width\" content=\"1600\" \/>\n\t<meta property=\"og:image:height\" content=\"985\" \/>\n\t<meta property=\"og:image:type\" content=\"image\/jpeg\" \/>\n<meta name=\"author\" content=\"Milan\" \/>\n<meta name=\"twitter:card\" content=\"summary_large_image\" \/>\n<meta name=\"twitter:description\" content=\"Ger\u00fcchten zufolge sollte das Mixed-Reality-Headset von Apple im Fr\u00fchjahr 2023 vorgestellt werden. Doch nun wurde die Pr\u00e4sentation verschoben.\" \/>\n<meta name=\"twitter:label1\" content=\"Written by\" \/>\n\t<meta name=\"twitter:data1\" content=\"Milan\" \/>\n\t<meta name=\"twitter:label2\" content=\"Est. reading time\" \/>\n\t<meta name=\"twitter:data2\" content=\"2 minutes\" \/>\n<script type=\"application\/ld+json\" class=\"yoast-schema-graph\">{\"@context\":\"https:\\\/\\\/schema.org\",\"@graph\":[{\"@type\":\"NewsArticle\",\"@id\":\"https:\\\/\\\/www.apfelpatient.de\\\/rumors\\\/apples-mixed-reality-headset-praesentation-verzoegert-sich#article\",\"isPartOf\":{\"@id\":\"https:\\\/\\\/www.apfelpatient.de\\\/rumors\\\/apples-mixed-reality-headset-praesentation-verzoegert-sich\"},\"author\":{\"@type\":\"Organization\",\"@id\":\"https:\\\/\\\/www.apfelpatient.de\\\/en\\\/#organization\",\"name\":\"Apfelpatient\",\"url\":\"https:\\\/\\\/www.apfelpatient.de\\\/en\\\/\"},\"headline\":\"Apples Mixed-Reality-Headset Pr\u00e4sentation verz\u00f6gert sich\",\"datePublished\":\"2023-02-15T20:55:00+00:00\",\"dateModified\":\"2023-02-15T22:32:54+00:00\",\"mainEntityOfPage\":{\"@id\":\"https:\\\/\\\/www.apfelpatient.de\\\/rumors\\\/apples-mixed-reality-headset-praesentation-verzoegert-sich\"},\"wordCount\":299,\"publisher\":{\"@type\":\"Organization\",\"@id\":\"https:\\\/\\\/www.apfelpatient.de\\\/en\\\/#organization\",\"name\":\"Apfelpatient\",\"url\":\"https:\\\/\\\/www.apfelpatient.de\\\/en\\\/\"},\"image\":{\"@id\":\"https:\\\/\\\/www.apfelpatient.de\\\/rumors\\\/apples-mixed-reality-headset-praesentation-verzoegert-sich#primaryimage\"},\"thumbnailUrl\":\"https:\\\/\\\/www.apfelpatient.de\\\/wp-content\\\/uploads\\\/2023\\\/01\\\/bigstock-d-Rendering-Of-Futuristic-Fem-465143515.jpg\",\"keywords\":[\"Apple VR\\\/AR\"],\"articleSection\":\"Rumors\",\"inLanguage\":\"en-US\",\"copyrightYear\":\"2023\",\"copyrightHolder\":{\"@id\":\"https:\\\/\\\/www.apfelpatient.de\\\/en\\\/#organization\"}},{\"@type\":\"WebPage\",\"@id\":\"https:\\\/\\\/www.apfelpatient.de\\\/rumors\\\/apples-mixed-reality-headset-praesentation-verzoegert-sich\",\"url\":\"https:\\\/\\\/www.apfelpatient.de\\\/rumors\\\/apples-mixed-reality-headset-praesentation-verzoegert-sich\",\"name\":\"Apples Mixed-Reality-Headset Pr\u00e4sentation verz\u00f6gert sich\",\"isPartOf\":{\"@id\":\"https:\\\/\\\/www.apfelpatient.de\\\/#website\"},\"primaryImageOfPage\":{\"@id\":\"https:\\\/\\\/www.apfelpatient.de\\\/rumors\\\/apples-mixed-reality-headset-praesentation-verzoegert-sich#primaryimage\"},\"image\":{\"@id\":\"https:\\\/\\\/www.apfelpatient.de\\\/rumors\\\/apples-mixed-reality-headset-praesentation-verzoegert-sich#primaryimage\"},\"thumbnailUrl\":\"https:\\\/\\\/www.apfelpatient.de\\\/wp-content\\\/uploads\\\/2023\\\/01\\\/bigstock-d-Rendering-Of-Futuristic-Fem-465143515.jpg\",\"datePublished\":\"2023-02-15T20:55:00+00:00\",\"dateModified\":\"2023-02-15T22:32:54+00:00\",\"description\":\"Ger\u00fcchten zufolge sollte das Mixed-Reality-Headset von Apple im Fr\u00fchjahr 2023 vorgestellt werden. Doch nun wurde die Pr\u00e4sentation verschoben.\",\"breadcrumb\":{\"@id\":\"https:\\\/\\\/www.apfelpatient.de\\\/rumors\\\/apples-mixed-reality-headset-praesentation-verzoegert-sich#breadcrumb\"},\"inLanguage\":\"en-US\",\"potentialAction\":[{\"@type\":\"ReadAction\",\"target\":[\"https:\\\/\\\/www.apfelpatient.de\\\/rumors\\\/apples-mixed-reality-headset-praesentation-verzoegert-sich\"]}]},{\"@type\":\"ImageObject\",\"inLanguage\":\"en-US\",\"@id\":\"https:\\\/\\\/www.apfelpatient.de\\\/rumors\\\/apples-mixed-reality-headset-praesentation-verzoegert-sich#primaryimage\",\"url\":\"https:\\\/\\\/www.apfelpatient.de\\\/wp-content\\\/uploads\\\/2023\\\/01\\\/bigstock-d-Rendering-Of-Futuristic-Fem-465143515.jpg\",\"contentUrl\":\"https:\\\/\\\/www.apfelpatient.de\\\/wp-content\\\/uploads\\\/2023\\\/01\\\/bigstock-d-Rendering-Of-Futuristic-Fem-465143515.jpg\",\"width\":1600,\"height\":985,\"caption\":\"3d rendering of futuristic female character wearing headset of virtual reality in immersive word of Internet on dark neon glowing background\"},{\"@type\":\"BreadcrumbList\",\"@id\":\"https:\\\/\\\/www.apfelpatient.de\\\/rumors\\\/apples-mixed-reality-headset-praesentation-verzoegert-sich#breadcrumb\",\"itemListElement\":[{\"@type\":\"ListItem\",\"position\":1,\"name\":\"Startseite\",\"item\":\"https:\\\/\\\/www.apfelpatient.de\\\/\"},{\"@type\":\"ListItem\",\"position\":2,\"name\":\"Apples Mixed-Reality-Headset Pr\u00e4sentation verz\u00f6gert sich\"}]},{\"@type\":\"WebSite\",\"@id\":\"https:\\\/\\\/www.apfelpatient.de\\\/#website\",\"url\":\"https:\\\/\\\/www.apfelpatient.de\\\/\",\"name\":\"Apfelpatient\",\"description\":\"Alles rund um Apple!\",\"publisher\":{\"@type\":\"Organization\",\"@id\":\"https:\\\/\\\/www.apfelpatient.de\\\/en\\\/#organization\",\"name\":\"Apfelpatient\",\"url\":\"https:\\\/\\\/www.apfelpatient.de\\\/en\\\/\"},\"alternateName\":\"Apfelpatient\",\"potentialAction\":[{\"@type\":\"SearchAction\",\"target\":{\"@type\":\"EntryPoint\",\"urlTemplate\":\"https:\\\/\\\/www.apfelpatient.de\\\/?s={search_term_string}\"},\"query-input\":{\"@type\":\"PropertyValueSpecification\",\"valueRequired\":true,\"valueName\":\"search_term_string\"}}],\"inLanguage\":\"en-US\"},{\"@type\":[\"Person\",\"Organization\"],\"@id\":\"https:\\\/\\\/www.apfelpatient.de\\\/#\\\/schema\\\/person\\\/7dc56ad6c8e9824b76d2c08d4c140e13\",\"name\":\"Milan\",\"logo\":{\"@id\":\"https:\\\/\\\/www.apfelpatient.de\\\/#\\\/schema\\\/person\\\/image\\\/\"},\"description\":\"Hallo und herzlich willkommen auf meinem Technik-Blog! Als gro\u00dfer Apple-Fan berichte ich hier \u00fcber alles, was mit Apple zu tun hat: von den neuesten News und spannenden Ger\u00fcchten \u00fcber hilfreiche Tipps und Tricks bis hin zu ausf\u00fchrlichen Produkttests. Wenn du genauso technikbegeistert bist wie ich, bist du hier genau richtig!\",\"sameAs\":[\"https:\\\/\\\/www.facebook.com\\\/apfelpatientOfficial\",\"https:\\\/\\\/www.linkedin.com\\\/in\\\/milan-jovicic-42aa0231b\"],\"url\":\"https:\\\/\\\/www.apfelpatient.de\\\/en\\\/author\\\/apfeladmin\"}]}<\/script>\n<!-- \/ Yoast SEO Premium plugin. -->","yoast_head_json":{"title":"Apple&#039;s mixed reality headset presentation delayed","description":"According to rumors, Apple&#039;s mixed reality headset was supposed to be unveiled in spring 2023. But now the presentation has been postponed.","robots":{"index":"index","follow":"follow","max-snippet":"max-snippet:-1","max-image-preview":"max-image-preview:large","max-video-preview":"max-video-preview:-1"},"canonical":"https:\/\/www.apfelpatient.de\/en\/rumors\/apples-mixed-reality-headset-presentation-is-delayed","og_locale":"en_US","og_type":"article","og_title":"Apples Mixed-Reality-Headset Pr\u00e4sentation verz\u00f6gert sich","og_description":"Ger\u00fcchten zufolge sollte das Mixed-Reality-Headset von Apple im Fr\u00fchjahr 2023 vorgestellt werden. Doch nun wurde die Pr\u00e4sentation verschoben.","og_url":"https:\/\/www.apfelpatient.de\/en\/rumors\/apples-mixed-reality-headset-presentation-is-delayed","og_site_name":"Apfelpatient","article_publisher":"https:\/\/www.facebook.com\/apfelpatientOfficial","article_author":"https:\/\/www.facebook.com\/apfelpatientOfficial","article_published_time":"2023-02-15T20:55:00+00:00","article_modified_time":"2023-02-15T22:32:54+00:00","og_image":[{"width":1600,"height":985,"url":"https:\/\/www.apfelpatient.de\/wp-content\/uploads\/2023\/01\/bigstock-d-Rendering-Of-Futuristic-Fem-465143515.jpg","type":"image\/jpeg"}],"author":"Milan","twitter_card":"summary_large_image","twitter_description":"Ger\u00fcchten zufolge sollte das Mixed-Reality-Headset von Apple im Fr\u00fchjahr 2023 vorgestellt werden. Doch nun wurde die Pr\u00e4sentation verschoben.","twitter_misc":{"Written by":"Milan","Est. reading time":"2 minutes"},"schema":{"@context":"https:\/\/schema.org","@graph":[{"@type":"NewsArticle","@id":"https:\/\/www.apfelpatient.de\/rumors\/apples-mixed-reality-headset-praesentation-verzoegert-sich#article","isPartOf":{"@id":"https:\/\/www.apfelpatient.de\/rumors\/apples-mixed-reality-headset-praesentation-verzoegert-sich"},"author":{"@type":"Organization","@id":"https:\/\/www.apfelpatient.de\/en\/#organization","name":"Apfelpatient","url":"https:\/\/www.apfelpatient.de\/en\/"},"headline":"Apples Mixed-Reality-Headset Pr\u00e4sentation verz\u00f6gert sich","datePublished":"2023-02-15T20:55:00+00:00","dateModified":"2023-02-15T22:32:54+00:00","mainEntityOfPage":{"@id":"https:\/\/www.apfelpatient.de\/rumors\/apples-mixed-reality-headset-praesentation-verzoegert-sich"},"wordCount":299,"publisher":{"@type":"Organization","@id":"https:\/\/www.apfelpatient.de\/en\/#organization","name":"Apfelpatient","url":"https:\/\/www.apfelpatient.de\/en\/"},"image":{"@id":"https:\/\/www.apfelpatient.de\/rumors\/apples-mixed-reality-headset-praesentation-verzoegert-sich#primaryimage"},"thumbnailUrl":"https:\/\/www.apfelpatient.de\/wp-content\/uploads\/2023\/01\/bigstock-d-Rendering-Of-Futuristic-Fem-465143515.jpg","keywords":["Apple VR\/AR"],"articleSection":"Rumors","inLanguage":"en-US","copyrightYear":"2023","copyrightHolder":{"@id":"https:\/\/www.apfelpatient.de\/en\/#organization"}},{"@type":"WebPage","@id":"https:\/\/www.apfelpatient.de\/rumors\/apples-mixed-reality-headset-praesentation-verzoegert-sich","url":"https:\/\/www.apfelpatient.de\/rumors\/apples-mixed-reality-headset-praesentation-verzoegert-sich","name":"Apple&#039;s mixed reality headset presentation delayed","isPartOf":{"@id":"https:\/\/www.apfelpatient.de\/#website"},"primaryImageOfPage":{"@id":"https:\/\/www.apfelpatient.de\/rumors\/apples-mixed-reality-headset-praesentation-verzoegert-sich#primaryimage"},"image":{"@id":"https:\/\/www.apfelpatient.de\/rumors\/apples-mixed-reality-headset-praesentation-verzoegert-sich#primaryimage"},"thumbnailUrl":"https:\/\/www.apfelpatient.de\/wp-content\/uploads\/2023\/01\/bigstock-d-Rendering-Of-Futuristic-Fem-465143515.jpg","datePublished":"2023-02-15T20:55:00+00:00","dateModified":"2023-02-15T22:32:54+00:00","description":"According to rumors, Apple&#039;s mixed reality headset was supposed to be unveiled in spring 2023. But now the presentation has been postponed.","breadcrumb":{"@id":"https:\/\/www.apfelpatient.de\/rumors\/apples-mixed-reality-headset-praesentation-verzoegert-sich#breadcrumb"},"inLanguage":"en-US","potentialAction":[{"@type":"ReadAction","target":["https:\/\/www.apfelpatient.de\/rumors\/apples-mixed-reality-headset-praesentation-verzoegert-sich"]}]},{"@type":"ImageObject","inLanguage":"en-US","@id":"https:\/\/www.apfelpatient.de\/rumors\/apples-mixed-reality-headset-praesentation-verzoegert-sich#primaryimage","url":"https:\/\/www.apfelpatient.de\/wp-content\/uploads\/2023\/01\/bigstock-d-Rendering-Of-Futuristic-Fem-465143515.jpg","contentUrl":"https:\/\/www.apfelpatient.de\/wp-content\/uploads\/2023\/01\/bigstock-d-Rendering-Of-Futuristic-Fem-465143515.jpg","width":1600,"height":985,"caption":"3d rendering of futuristic female character wearing headset of virtual reality in immersive word of Internet on dark neon glowing background"},{"@type":"BreadcrumbList","@id":"https:\/\/www.apfelpatient.de\/rumors\/apples-mixed-reality-headset-praesentation-verzoegert-sich#breadcrumb","itemListElement":[{"@type":"ListItem","position":1,"name":"Startseite","item":"https:\/\/www.apfelpatient.de\/"},{"@type":"ListItem","position":2,"name":"Apples Mixed-Reality-Headset Pr\u00e4sentation verz\u00f6gert sich"}]},{"@type":"WebSite","@id":"https:\/\/www.apfelpatient.de\/#website","url":"https:\/\/www.apfelpatient.de\/","name":"apple patient","description":"Everything about Apple!","publisher":{"@type":"Organization","@id":"https:\/\/www.apfelpatient.de\/en\/#organization","name":"Apfelpatient","url":"https:\/\/www.apfelpatient.de\/en\/"},"alternateName":"Apfelpatient","potentialAction":[{"@type":"SearchAction","target":{"@type":"EntryPoint","urlTemplate":"https:\/\/www.apfelpatient.de\/?s={search_term_string}"},"query-input":{"@type":"PropertyValueSpecification","valueRequired":true,"valueName":"search_term_string"}}],"inLanguage":"en-US"},{"@type":["Person","Organization"],"@id":"https:\/\/www.apfelpatient.de\/#\/schema\/person\/7dc56ad6c8e9824b76d2c08d4c140e13","name":"Milan","logo":{"@id":"https:\/\/www.apfelpatient.de\/#\/schema\/person\/image\/"},"description":"Hello and welcome to my technology blog! As a big Apple fan, I report on everything to do with Apple: from the latest news and exciting rumors to helpful tips and tricks and detailed product tests. If you are as enthusiastic about technology as I am, you have come to the right place!","sameAs":["https:\/\/www.facebook.com\/apfelpatientOfficial","https:\/\/www.linkedin.com\/in\/milan-jovicic-42aa0231b"],"url":"https:\/\/www.apfelpatient.de\/en\/author\/apfeladmin"}]}},"_links":{"self":[{"href":"https:\/\/www.apfelpatient.de\/en\/wp-json\/wp\/v2\/posts\/37399","targetHints":{"allow":["GET"]}}],"collection":[{"href":"https:\/\/www.apfelpatient.de\/en\/wp-json\/wp\/v2\/posts"}],"about":[{"href":"https:\/\/www.apfelpatient.de\/en\/wp-json\/wp\/v2\/types\/post"}],"author":[{"embeddable":true,"href":"https:\/\/www.apfelpatient.de\/en\/wp-json\/wp\/v2\/users\/2"}],"replies":[{"embeddable":true,"href":"https:\/\/www.apfelpatient.de\/en\/wp-json\/wp\/v2\/comments?post=37399"}],"version-history":[{"count":0,"href":"https:\/\/www.apfelpatient.de\/en\/wp-json\/wp\/v2\/posts\/37399\/revisions"}],"wp:featuredmedia":[{"embeddable":true,"href":"https:\/\/www.apfelpatient.de\/en\/wp-json\/wp\/v2\/media\/36745"}],"wp:attachment":[{"href":"https:\/\/www.apfelpatient.de\/en\/wp-json\/wp\/v2\/media?parent=37399"}],"wp:term":[{"taxonomy":"category","embeddable":true,"href":"https:\/\/www.apfelpatient.de\/en\/wp-json\/wp\/v2\/categories?post=37399"},{"taxonomy":"post_tag","embeddable":true,"href":"https:\/\/www.apfelpatient.de\/en\/wp-json\/wp\/v2\/tags?post=37399"}],"curies":[{"name":"wp","href":"https:\/\/api.w.org\/{rel}","templated":true}]}}