{"id":37386,"date":"2023-02-15T18:32:05","date_gmt":"2023-02-15T17:32:05","guid":{"rendered":"https:\/\/www.apfelpatient.de\/?p=37386"},"modified":"2023-02-15T18:32:06","modified_gmt":"2023-02-15T17:32:06","slug":"apple-plans-to-reintroduce-the-12-inch-macbook","status":"publish","type":"post","link":"https:\/\/www.apfelpatient.de\/en\/rumors\/plant-apple-die-wiedereinfuehrung-des-12-zoll-macbook","title":{"rendered":"Is Apple planning to reintroduce the 12-inch MacBook?"},"content":{"rendered":"<p class=\"has-drop-cap\"><strong>Apple may be planning to reintroduce the 12-inch MacBook after all, according to a rumor shared on Korean blog Naver.<\/strong><\/p>\n\n\n\n<p>The article comes from the <a href=\"https:\/\/m.blog.naver.com\/PostView.naver?blogId=yeux1122&amp;logNo=223015718327&amp;navType=by\" target=\"_blank\" rel=\"noreferrer noopener\">account<\/a> \u201cyeux1122,\u201d known for his mixed track record of collecting Apple rumors. According to an alleged source at one of Apple\u2019s Taiwanese suppliers, Apple is preparing to reintroduce the 12-inch MacBook. The company appears to be considering the future of the device\u2014a final decision is yet to be made. However, it is said that development of the device will continue. Apple apparently plans to confirm whether the device will go into mass production in the second half of this year. In 2022, Apple analyst Ming-Chi Kuo said he had not heard of any plans surrounding a new 12-inch MacBook model. Display analyst Ross Young also expressed \u201cskepticism\u201d that Apple would launch new MacBooks with screen sizes below 13 inches. The original 12-inch MacBook was introduced in March 2015 and was characterized by its thin and light design.<\/p>\n\n\n\n<h3 class=\"wp-block-heading\" id=\"h-apple-silicon-hat-das-interesse-am-12-zoll-macbook-wieder-geweckt\">Apple Silicon has rekindled interest in the 12-inch MacBook<\/h3>\n\n\n\n\n\n\n\n<p>It weighed just two pounds and was the first Apple notebook to feature a fanless design, USB-C port, and butterfly switch keyboard. Apple updated the 12-inch MacBook in June 2017 and discontinued the device in 2019. With Apple&#039;s announcement that it would switch to its own chips for the Mac, interest in a new 12-inch MacBook has revived. Bloomberg&#039;s Mark Gurman was the first to flesh out rumors of the reintroduction of a 12-inch MacBook model with Apple Silicon last year, saying the device could launch in late 2023 or early 2024. Last month, he said the new 12-inch MacBook was no longer on the company&#039;s short-term roadmap, but did not rule the device out entirely, meaning a delay to 2024 or later is still possible, which could line up with Naver&#039;s recent claims. (Photo by Unsplash \/ Laurent Peignault)<\/p>\n\n\n\n<ul class=\"wp-block-list\">\n<li><a href=\"https:\/\/www.apfelpatient.de\/en\/rumors\/new-macbook-air-to-be-released-in-the-next-quarter\">New MacBook Air to be released next quarter<\/a><\/li>\n<\/ul>\n\n\n\n<h6 class=\"wp-block-heading translation-block\" id=\"h-kennt-ihr-schon-unsere-amazon-storefront-dort-findet-ihr-eine-handverlesene-auswahl-von-diversen-produkten-f-r-euer-iphone-und-co-viel-spa-beim-st-bern\"><em>Have you already visited our Amazon Storefront? There you&#039;ll find a hand-picked selection of various products for your iPhone and other devices \u2013 <span class=\"has-inline-color has-vivid-red-color\"><a href=\"https:\/\/www.amazon.de\/shop\/apfelpatientofficial\" class=\"ek-link\" data-wpel-link=\"exclude\" rel=\"follow noopener\" target=\"_self\"><span style=\"text-decoration: underline\" class=\"ek-underline\">enjoy browsing<\/span><\/a> !<\/span><\/em><\/h6>","protected":false},"excerpt":{"rendered":"<p>Apple may be planning to reintroduce the 12-inch MacBook after all, according to a new rumor.<\/p>","protected":false},"author":2,"featured_media":37380,"comment_status":"closed","ping_status":"closed","sticky":false,"template":"","format":"standard","meta":{"jnews-multi-image_gallery":[],"jnews_single_post":{"subtitle":"","format":"standard","video":"","gallery":"","source_name":"","source_url":"","via_name":"","via_url":"","override":[{"single_blog_custom":"","sidebar":"","second_sidebar":"","share_position":"","share_float_style":"","post_date_format":"","post_date_format_custom":"","post_reading_time_wpm":"","zoom_button_out_step":"1","zoom_button_in_step":"1","number_popup_post":"1"}],"image_override":[{"single_post_thumbnail_size":"","single_post_gallery_size":""}],"trending_post_position":"","trending_post_label":"","sponsored_post_label":"","sponsored_post_name":"","sponsored_post_url":"","sponsored_post_logo":"","sponsored_post_desc":""},"jnews_primary_category":{"id":"25"},"footnotes":""},"categories":[25],"tags":[40],"class_list":["post-37386","post","type-post","status-publish","format-standard","has-post-thumbnail","hentry","category-rumors","tag-mac"],"yoast_head":"<!-- This site is optimized with the Yoast SEO Premium plugin v27.5 (Yoast SEO v27.5) - https:\/\/yoast.com\/product\/yoast-seo-premium-wordpress\/ -->\n<title>Plant Apple die Wiedereinf\u00fchrung des 12-Zoll MacBook?<\/title>\n<meta name=\"description\" content=\"Apple plant m\u00f6glicherweise doch die Wiedereinf\u00fchrung des 12-Zoll MacBook. Dies geht aus einem neuen Ger\u00fccht hervor.\" \/>\n<meta name=\"robots\" content=\"index, follow, max-snippet:-1, max-image-preview:large, max-video-preview:-1\" \/>\n<link rel=\"canonical\" href=\"https:\/\/www.apfelpatient.de\/en\/rumors\/apple-plans-to-reintroduce-the-12-inch-macbook\" \/>\n<meta property=\"og:locale\" content=\"en_US\" \/>\n<meta property=\"og:type\" content=\"article\" \/>\n<meta property=\"og:title\" content=\"Plant Apple die Wiedereinf\u00fchrung des 12-Zoll MacBook?\" \/>\n<meta property=\"og:description\" content=\"Apple plant m\u00f6glicherweise doch die Wiedereinf\u00fchrung des 12-Zoll MacBook. Dies geht aus einem neuen Ger\u00fccht hervor.\" \/>\n<meta property=\"og:url\" content=\"https:\/\/www.apfelpatient.de\/en\/rumors\/apple-plans-to-reintroduce-the-12-inch-macbook\" \/>\n<meta property=\"og:site_name\" content=\"Apfelpatient\" \/>\n<meta property=\"article:publisher\" content=\"https:\/\/www.facebook.com\/apfelpatientOfficial\" \/>\n<meta property=\"article:author\" content=\"https:\/\/www.facebook.com\/apfelpatientOfficial\" \/>\n<meta property=\"article:published_time\" content=\"2023-02-15T17:32:05+00:00\" \/>\n<meta property=\"article:modified_time\" content=\"2023-02-15T17:32:06+00:00\" \/>\n<meta property=\"og:image\" content=\"https:\/\/www.apfelpatient.de\/wp-content\/uploads\/2023\/02\/laurent-peignault-4KXuTvrdO8c-unsplash.jpg\" \/>\n\t<meta property=\"og:image:width\" content=\"1600\" \/>\n\t<meta property=\"og:image:height\" content=\"1067\" \/>\n\t<meta property=\"og:image:type\" content=\"image\/jpeg\" \/>\n<meta name=\"author\" content=\"Milan\" \/>\n<meta name=\"twitter:card\" content=\"summary_large_image\" \/>\n<meta name=\"twitter:description\" content=\"Apple plant m\u00f6glicherweise doch die Wiedereinf\u00fchrung des 12-Zoll MacBook. Dies geht aus einem neuen Ger\u00fccht hervor.\" \/>\n<meta name=\"twitter:label1\" content=\"Written by\" \/>\n\t<meta name=\"twitter:data1\" content=\"Milan\" \/>\n\t<meta name=\"twitter:label2\" content=\"Est. reading time\" \/>\n\t<meta name=\"twitter:data2\" content=\"2 minutes\" \/>\n<script type=\"application\/ld+json\" class=\"yoast-schema-graph\">{\"@context\":\"https:\\\/\\\/schema.org\",\"@graph\":[{\"@type\":\"NewsArticle\",\"@id\":\"https:\\\/\\\/www.apfelpatient.de\\\/rumors\\\/plant-apple-die-wiedereinfuehrung-des-12-zoll-macbook#article\",\"isPartOf\":{\"@id\":\"https:\\\/\\\/www.apfelpatient.de\\\/rumors\\\/plant-apple-die-wiedereinfuehrung-des-12-zoll-macbook\"},\"author\":{\"@type\":\"Organization\",\"@id\":\"https:\\\/\\\/www.apfelpatient.de\\\/en\\\/#organization\",\"name\":\"Apfelpatient\",\"url\":\"https:\\\/\\\/www.apfelpatient.de\\\/en\\\/\"},\"headline\":\"Plant Apple die Wiedereinf\u00fchrung des 12-Zoll MacBook?\",\"datePublished\":\"2023-02-15T17:32:05+00:00\",\"dateModified\":\"2023-02-15T17:32:06+00:00\",\"mainEntityOfPage\":{\"@id\":\"https:\\\/\\\/www.apfelpatient.de\\\/rumors\\\/plant-apple-die-wiedereinfuehrung-des-12-zoll-macbook\"},\"wordCount\":359,\"publisher\":{\"@type\":\"Organization\",\"@id\":\"https:\\\/\\\/www.apfelpatient.de\\\/en\\\/#organization\",\"name\":\"Apfelpatient\",\"url\":\"https:\\\/\\\/www.apfelpatient.de\\\/en\\\/\"},\"image\":{\"@id\":\"https:\\\/\\\/www.apfelpatient.de\\\/rumors\\\/plant-apple-die-wiedereinfuehrung-des-12-zoll-macbook#primaryimage\"},\"thumbnailUrl\":\"https:\\\/\\\/www.apfelpatient.de\\\/wp-content\\\/uploads\\\/2023\\\/02\\\/laurent-peignault-4KXuTvrdO8c-unsplash.jpg\",\"keywords\":[\"Mac\"],\"articleSection\":\"Rumors\",\"inLanguage\":\"en-US\",\"copyrightYear\":\"2023\",\"copyrightHolder\":{\"@id\":\"https:\\\/\\\/www.apfelpatient.de\\\/en\\\/#organization\"}},{\"@type\":\"WebPage\",\"@id\":\"https:\\\/\\\/www.apfelpatient.de\\\/rumors\\\/plant-apple-die-wiedereinfuehrung-des-12-zoll-macbook\",\"url\":\"https:\\\/\\\/www.apfelpatient.de\\\/rumors\\\/plant-apple-die-wiedereinfuehrung-des-12-zoll-macbook\",\"name\":\"Plant Apple die Wiedereinf\u00fchrung des 12-Zoll MacBook?\",\"isPartOf\":{\"@id\":\"https:\\\/\\\/www.apfelpatient.de\\\/#website\"},\"primaryImageOfPage\":{\"@id\":\"https:\\\/\\\/www.apfelpatient.de\\\/rumors\\\/plant-apple-die-wiedereinfuehrung-des-12-zoll-macbook#primaryimage\"},\"image\":{\"@id\":\"https:\\\/\\\/www.apfelpatient.de\\\/rumors\\\/plant-apple-die-wiedereinfuehrung-des-12-zoll-macbook#primaryimage\"},\"thumbnailUrl\":\"https:\\\/\\\/www.apfelpatient.de\\\/wp-content\\\/uploads\\\/2023\\\/02\\\/laurent-peignault-4KXuTvrdO8c-unsplash.jpg\",\"datePublished\":\"2023-02-15T17:32:05+00:00\",\"dateModified\":\"2023-02-15T17:32:06+00:00\",\"description\":\"Apple plant m\u00f6glicherweise doch die Wiedereinf\u00fchrung des 12-Zoll MacBook. Dies geht aus einem neuen Ger\u00fccht hervor.\",\"breadcrumb\":{\"@id\":\"https:\\\/\\\/www.apfelpatient.de\\\/rumors\\\/plant-apple-die-wiedereinfuehrung-des-12-zoll-macbook#breadcrumb\"},\"inLanguage\":\"en-US\",\"potentialAction\":[{\"@type\":\"ReadAction\",\"target\":[\"https:\\\/\\\/www.apfelpatient.de\\\/rumors\\\/plant-apple-die-wiedereinfuehrung-des-12-zoll-macbook\"]}]},{\"@type\":\"ImageObject\",\"inLanguage\":\"en-US\",\"@id\":\"https:\\\/\\\/www.apfelpatient.de\\\/rumors\\\/plant-apple-die-wiedereinfuehrung-des-12-zoll-macbook#primaryimage\",\"url\":\"https:\\\/\\\/www.apfelpatient.de\\\/wp-content\\\/uploads\\\/2023\\\/02\\\/laurent-peignault-4KXuTvrdO8c-unsplash.jpg\",\"contentUrl\":\"https:\\\/\\\/www.apfelpatient.de\\\/wp-content\\\/uploads\\\/2023\\\/02\\\/laurent-peignault-4KXuTvrdO8c-unsplash.jpg\",\"width\":1600,\"height\":1067,\"caption\":\"Photo by Unsplash \\\/ Laurent Peignault\"},{\"@type\":\"BreadcrumbList\",\"@id\":\"https:\\\/\\\/www.apfelpatient.de\\\/rumors\\\/plant-apple-die-wiedereinfuehrung-des-12-zoll-macbook#breadcrumb\",\"itemListElement\":[{\"@type\":\"ListItem\",\"position\":1,\"name\":\"Startseite\",\"item\":\"https:\\\/\\\/www.apfelpatient.de\\\/\"},{\"@type\":\"ListItem\",\"position\":2,\"name\":\"Plant Apple die Wiedereinf\u00fchrung des 12-Zoll MacBook?\"}]},{\"@type\":\"WebSite\",\"@id\":\"https:\\\/\\\/www.apfelpatient.de\\\/#website\",\"url\":\"https:\\\/\\\/www.apfelpatient.de\\\/\",\"name\":\"Apfelpatient\",\"description\":\"Alles rund um Apple!\",\"publisher\":{\"@type\":\"Organization\",\"@id\":\"https:\\\/\\\/www.apfelpatient.de\\\/en\\\/#organization\",\"name\":\"Apfelpatient\",\"url\":\"https:\\\/\\\/www.apfelpatient.de\\\/en\\\/\"},\"alternateName\":\"Apfelpatient\",\"potentialAction\":[{\"@type\":\"SearchAction\",\"target\":{\"@type\":\"EntryPoint\",\"urlTemplate\":\"https:\\\/\\\/www.apfelpatient.de\\\/?s={search_term_string}\"},\"query-input\":{\"@type\":\"PropertyValueSpecification\",\"valueRequired\":true,\"valueName\":\"search_term_string\"}}],\"inLanguage\":\"en-US\"},{\"@type\":[\"Person\",\"Organization\"],\"@id\":\"https:\\\/\\\/www.apfelpatient.de\\\/#\\\/schema\\\/person\\\/35b3ddba5832f2bfc7fff5206d4f6b7b\",\"name\":\"Milan\",\"logo\":{\"@id\":\"https:\\\/\\\/www.apfelpatient.de\\\/#\\\/schema\\\/person\\\/image\\\/\"},\"description\":\"Hallo und herzlich willkommen auf meinem Technik-Blog! Als gro\u00dfer Apple-Fan berichte ich hier \u00fcber alles, was mit Apple zu tun hat: von den neuesten News und spannenden Ger\u00fcchten \u00fcber hilfreiche Tipps und Tricks bis hin zu ausf\u00fchrlichen Produkttests. Wenn du genauso technikbegeistert bist wie ich, bist du hier genau richtig!\",\"sameAs\":[\"https:\\\/\\\/www.facebook.com\\\/apfelpatientOfficial\",\"https:\\\/\\\/www.linkedin.com\\\/in\\\/milan-jovicic-42aa0231b\"],\"url\":\"https:\\\/\\\/www.apfelpatient.de\\\/en\\\/author\\\/apfeladmin\"}]}<\/script>\n<!-- \/ Yoast SEO Premium plugin. -->","yoast_head_json":{"title":"Is Apple planning to reintroduce the 12-inch MacBook?","description":"Apple may be planning to reintroduce the 12-inch MacBook after all, according to a new rumor.","robots":{"index":"index","follow":"follow","max-snippet":"max-snippet:-1","max-image-preview":"max-image-preview:large","max-video-preview":"max-video-preview:-1"},"canonical":"https:\/\/www.apfelpatient.de\/en\/rumors\/apple-plans-to-reintroduce-the-12-inch-macbook","og_locale":"en_US","og_type":"article","og_title":"Plant Apple die Wiedereinf\u00fchrung des 12-Zoll MacBook?","og_description":"Apple plant m\u00f6glicherweise doch die Wiedereinf\u00fchrung des 12-Zoll MacBook. Dies geht aus einem neuen Ger\u00fccht hervor.","og_url":"https:\/\/www.apfelpatient.de\/en\/rumors\/apple-plans-to-reintroduce-the-12-inch-macbook","og_site_name":"Apfelpatient","article_publisher":"https:\/\/www.facebook.com\/apfelpatientOfficial","article_author":"https:\/\/www.facebook.com\/apfelpatientOfficial","article_published_time":"2023-02-15T17:32:05+00:00","article_modified_time":"2023-02-15T17:32:06+00:00","og_image":[{"width":1600,"height":1067,"url":"https:\/\/www.apfelpatient.de\/wp-content\/uploads\/2023\/02\/laurent-peignault-4KXuTvrdO8c-unsplash.jpg","type":"image\/jpeg"}],"author":"Milan","twitter_card":"summary_large_image","twitter_description":"Apple plant m\u00f6glicherweise doch die Wiedereinf\u00fchrung des 12-Zoll MacBook. Dies geht aus einem neuen Ger\u00fccht hervor.","twitter_misc":{"Written by":"Milan","Est. reading time":"2 minutes"},"schema":{"@context":"https:\/\/schema.org","@graph":[{"@type":"NewsArticle","@id":"https:\/\/www.apfelpatient.de\/rumors\/plant-apple-die-wiedereinfuehrung-des-12-zoll-macbook#article","isPartOf":{"@id":"https:\/\/www.apfelpatient.de\/rumors\/plant-apple-die-wiedereinfuehrung-des-12-zoll-macbook"},"author":{"@type":"Organization","@id":"https:\/\/www.apfelpatient.de\/en\/#organization","name":"Apfelpatient","url":"https:\/\/www.apfelpatient.de\/en\/"},"headline":"Plant Apple die Wiedereinf\u00fchrung des 12-Zoll MacBook?","datePublished":"2023-02-15T17:32:05+00:00","dateModified":"2023-02-15T17:32:06+00:00","mainEntityOfPage":{"@id":"https:\/\/www.apfelpatient.de\/rumors\/plant-apple-die-wiedereinfuehrung-des-12-zoll-macbook"},"wordCount":359,"publisher":{"@type":"Organization","@id":"https:\/\/www.apfelpatient.de\/en\/#organization","name":"Apfelpatient","url":"https:\/\/www.apfelpatient.de\/en\/"},"image":{"@id":"https:\/\/www.apfelpatient.de\/rumors\/plant-apple-die-wiedereinfuehrung-des-12-zoll-macbook#primaryimage"},"thumbnailUrl":"https:\/\/www.apfelpatient.de\/wp-content\/uploads\/2023\/02\/laurent-peignault-4KXuTvrdO8c-unsplash.jpg","keywords":["Mac"],"articleSection":"Rumors","inLanguage":"en-US","copyrightYear":"2023","copyrightHolder":{"@id":"https:\/\/www.apfelpatient.de\/en\/#organization"}},{"@type":"WebPage","@id":"https:\/\/www.apfelpatient.de\/rumors\/plant-apple-die-wiedereinfuehrung-des-12-zoll-macbook","url":"https:\/\/www.apfelpatient.de\/rumors\/plant-apple-die-wiedereinfuehrung-des-12-zoll-macbook","name":"Is Apple planning to reintroduce the 12-inch MacBook?","isPartOf":{"@id":"https:\/\/www.apfelpatient.de\/#website"},"primaryImageOfPage":{"@id":"https:\/\/www.apfelpatient.de\/rumors\/plant-apple-die-wiedereinfuehrung-des-12-zoll-macbook#primaryimage"},"image":{"@id":"https:\/\/www.apfelpatient.de\/rumors\/plant-apple-die-wiedereinfuehrung-des-12-zoll-macbook#primaryimage"},"thumbnailUrl":"https:\/\/www.apfelpatient.de\/wp-content\/uploads\/2023\/02\/laurent-peignault-4KXuTvrdO8c-unsplash.jpg","datePublished":"2023-02-15T17:32:05+00:00","dateModified":"2023-02-15T17:32:06+00:00","description":"Apple may be planning to reintroduce the 12-inch MacBook after all, according to a new rumor.","breadcrumb":{"@id":"https:\/\/www.apfelpatient.de\/rumors\/plant-apple-die-wiedereinfuehrung-des-12-zoll-macbook#breadcrumb"},"inLanguage":"en-US","potentialAction":[{"@type":"ReadAction","target":["https:\/\/www.apfelpatient.de\/rumors\/plant-apple-die-wiedereinfuehrung-des-12-zoll-macbook"]}]},{"@type":"ImageObject","inLanguage":"en-US","@id":"https:\/\/www.apfelpatient.de\/rumors\/plant-apple-die-wiedereinfuehrung-des-12-zoll-macbook#primaryimage","url":"https:\/\/www.apfelpatient.de\/wp-content\/uploads\/2023\/02\/laurent-peignault-4KXuTvrdO8c-unsplash.jpg","contentUrl":"https:\/\/www.apfelpatient.de\/wp-content\/uploads\/2023\/02\/laurent-peignault-4KXuTvrdO8c-unsplash.jpg","width":1600,"height":1067,"caption":"Photo by Unsplash \/ Laurent Peignault"},{"@type":"BreadcrumbList","@id":"https:\/\/www.apfelpatient.de\/rumors\/plant-apple-die-wiedereinfuehrung-des-12-zoll-macbook#breadcrumb","itemListElement":[{"@type":"ListItem","position":1,"name":"Startseite","item":"https:\/\/www.apfelpatient.de\/"},{"@type":"ListItem","position":2,"name":"Plant Apple die Wiedereinf\u00fchrung des 12-Zoll MacBook?"}]},{"@type":"WebSite","@id":"https:\/\/www.apfelpatient.de\/#website","url":"https:\/\/www.apfelpatient.de\/","name":"apple patient","description":"Everything about Apple!","publisher":{"@type":"Organization","@id":"https:\/\/www.apfelpatient.de\/en\/#organization","name":"Apfelpatient","url":"https:\/\/www.apfelpatient.de\/en\/"},"alternateName":"Apfelpatient","potentialAction":[{"@type":"SearchAction","target":{"@type":"EntryPoint","urlTemplate":"https:\/\/www.apfelpatient.de\/?s={search_term_string}"},"query-input":{"@type":"PropertyValueSpecification","valueRequired":true,"valueName":"search_term_string"}}],"inLanguage":"en-US"},{"@type":["Person","Organization"],"@id":"https:\/\/www.apfelpatient.de\/#\/schema\/person\/35b3ddba5832f2bfc7fff5206d4f6b7b","name":"Milan","logo":{"@id":"https:\/\/www.apfelpatient.de\/#\/schema\/person\/image\/"},"description":"Hello and welcome to my technology blog! As a big Apple fan, I report on everything to do with Apple: from the latest news and exciting rumors to helpful tips and tricks and detailed product tests. If you are as enthusiastic about technology as I am, you have come to the right place!","sameAs":["https:\/\/www.facebook.com\/apfelpatientOfficial","https:\/\/www.linkedin.com\/in\/milan-jovicic-42aa0231b"],"url":"https:\/\/www.apfelpatient.de\/en\/author\/apfeladmin"}]}},"_links":{"self":[{"href":"https:\/\/www.apfelpatient.de\/en\/wp-json\/wp\/v2\/posts\/37386","targetHints":{"allow":["GET"]}}],"collection":[{"href":"https:\/\/www.apfelpatient.de\/en\/wp-json\/wp\/v2\/posts"}],"about":[{"href":"https:\/\/www.apfelpatient.de\/en\/wp-json\/wp\/v2\/types\/post"}],"author":[{"embeddable":true,"href":"https:\/\/www.apfelpatient.de\/en\/wp-json\/wp\/v2\/users\/2"}],"replies":[{"embeddable":true,"href":"https:\/\/www.apfelpatient.de\/en\/wp-json\/wp\/v2\/comments?post=37386"}],"version-history":[{"count":0,"href":"https:\/\/www.apfelpatient.de\/en\/wp-json\/wp\/v2\/posts\/37386\/revisions"}],"wp:featuredmedia":[{"embeddable":true,"href":"https:\/\/www.apfelpatient.de\/en\/wp-json\/wp\/v2\/media\/37380"}],"wp:attachment":[{"href":"https:\/\/www.apfelpatient.de\/en\/wp-json\/wp\/v2\/media?parent=37386"}],"wp:term":[{"taxonomy":"category","embeddable":true,"href":"https:\/\/www.apfelpatient.de\/en\/wp-json\/wp\/v2\/categories?post=37386"},{"taxonomy":"post_tag","embeddable":true,"href":"https:\/\/www.apfelpatient.de\/en\/wp-json\/wp\/v2\/tags?post=37386"}],"curies":[{"name":"wp","href":"https:\/\/api.w.org\/{rel}","templated":true}]}}