{"id":37347,"date":"2023-02-13T19:53:04","date_gmt":"2023-02-13T18:53:04","guid":{"rendered":"https:\/\/www.apfelpatient.de\/?p=37347"},"modified":"2023-02-13T19:56:00","modified_gmt":"2023-02-13T18:56:00","slug":"15-5-macbook-air-to-be-released-in-early-april-2023","status":"publish","type":"post","link":"https:\/\/www.apfelpatient.de\/en\/rumors\/15-5-macbook-air-soll-anfang-april-2023-erscheinen","title":{"rendered":"15.5\u2033 MacBook Air to be released in early April 2023"},"content":{"rendered":"<p class=\"has-drop-cap\"><strong>According to a long-standing rumor, Apple has begun producing panels for a 15.5-inch MacBook Air and is aiming for an early April release.<\/strong><\/p>\n\n\n\n<p>Display analyst Ross Young said in December that the larger MacBook Air would be released in spring 2023. In a new tweet to his super followers <a href=\"https:\/\/twitter.com\/dsccross\" target=\"_blank\" rel=\"noreferrer noopener\">confirmed<\/a> he now reports that panel production for the larger MacBook Air began this month and the product is set to hit the market in April. Rumors of a 15-inch MacBook Air have been around since 2021. But apart from the larger screen size, not much is known about the device. However, it could be equipped with the next generation of Apple Silicon - for example, with an M3 chip. As a reminder, Apple supplier TSMC began mass production of a 3-nanometer chip process at the end of December.<\/p>\n\n\n\n<h3 class=\"wp-block-heading\" id=\"h-15-5-macbook-air-konnte-mit-der-nachsten-generation-von-apple-silicon-ausgestattet-sein\">15.5\u2033 MacBook Air could be equipped with the next generation of Apple Silicon<\/h3>\n\n\n\n\n\n\n\n<p>The new MacBook Air could also feature a MagSafe 3 port for charging, rather than just a USB-C port. Analyst Ming-Chi Kuo has also leaked details about a future 15-inch MacBook Air in the past. Kuo believes it will not enter production until late 2023 and will be called MacBook instead of MacBook Air. Ross Young has a good track record, especially when it comes to display production predictions. Several rumors from various sources could point to the actual release of the new device, although there is no guarantee of this until Apple actually announces the product. (Image: Apple)<\/p>\n\n\n\n<ul class=\"wp-block-list\">\n<li><a href=\"https:\/\/www.apfelpatient.de\/en\/rumors\/new-imac-will-be-released-at-the-end-of-2023-at-the-earliest\">New iMac will be released in late 2023 at the earliest<\/a><\/li>\n<\/ul>\n\n\n\n<h6 class=\"wp-block-heading translation-block\" id=\"h-kennt-ihr-schon-unsere-amazon-storefront-dort-findet-ihr-eine-handverlesene-auswahl-von-diversen-produkten-f-r-euer-iphone-und-co-viel-spa-beim-st-bern\"><em>Have you already visited our Amazon Storefront? There you&#039;ll find a hand-picked selection of various products for your iPhone and other devices \u2013 <span class=\"has-inline-color has-vivid-red-color\"><a href=\"https:\/\/www.amazon.de\/shop\/apfelpatientofficial\" class=\"ek-link\" data-wpel-link=\"exclude\" rel=\"follow noopener\" target=\"_self\"><span style=\"text-decoration: underline\" class=\"ek-underline\">enjoy browsing<\/span><\/a> !<\/span><\/em><\/h6>\n\n\n\n<h6 class=\"wp-block-heading translation-block\" id=\"h-der-beitrag-enthalt-partnerlinks\">This post contains <a data-type=\"URL\" data-id=\"https:\/\/www.apfelpatient.de\/partnerprogramm\" href=\"https:\/\/www.apfelpatient.de\/en\/partner-program\" data-wpel-link=\"internal\" target=\"_self\">affiliate links<\/a>.<\/h6>","protected":false},"excerpt":{"rendered":"<p>According to a long-standing rumor, Apple has started producing panels for a 15.5-inch MacBook Air.<\/p>","protected":false},"author":2,"featured_media":32195,"comment_status":"closed","ping_status":"closed","sticky":false,"template":"","format":"standard","meta":{"jnews-multi-image_gallery":[],"jnews_single_post":{"subtitle":"","format":"standard","video":"","gallery":"","source_name":"","source_url":"","via_name":"","via_url":"","override":[{"single_blog_custom":"","sidebar":"","second_sidebar":"","share_position":"","share_float_style":"","post_date_format":"","post_date_format_custom":"","post_reading_time_wpm":"","zoom_button_out_step":"1","zoom_button_in_step":"1","number_popup_post":"1"}],"image_override":[{"single_post_thumbnail_size":"","single_post_gallery_size":""}],"trending_post_position":"","trending_post_label":"","sponsored_post_label":"","sponsored_post_name":"","sponsored_post_url":"","sponsored_post_logo":"","sponsored_post_desc":""},"jnews_primary_category":{"id":"25"},"footnotes":""},"categories":[25],"tags":[40,41],"class_list":["post-37347","post","type-post","status-publish","format-standard","has-post-thumbnail","hentry","category-rumors","tag-mac","tag-macbook-air"],"yoast_head":"<!-- This site is optimized with the Yoast SEO Premium plugin v27.5 (Yoast SEO v27.5) - https:\/\/yoast.com\/product\/yoast-seo-premium-wordpress\/ -->\n<title>15.5&quot; MacBook Air soll Anfang April 2023 erscheinen Apfelpatient<\/title>\n<meta name=\"description\" content=\"Einem seit langem kursierenden Ger\u00fccht zufolge hat Apple mit der Produktion von Panels f\u00fcr ein 15.5-Zoll MacBook Air begonnen.\" \/>\n<meta name=\"robots\" content=\"index, follow, max-snippet:-1, max-image-preview:large, max-video-preview:-1\" \/>\n<link rel=\"canonical\" href=\"https:\/\/www.apfelpatient.de\/en\/rumors\/15-5-macbook-air-to-be-released-in-early-april-2023\" \/>\n<meta property=\"og:locale\" content=\"en_US\" \/>\n<meta property=\"og:type\" content=\"article\" \/>\n<meta property=\"og:title\" content=\"15.5&quot; MacBook Air soll Anfang April 2023 erscheinen\" \/>\n<meta property=\"og:description\" content=\"Einem seit langem kursierenden Ger\u00fccht zufolge hat Apple mit der Produktion von Panels f\u00fcr ein 15.5-Zoll MacBook Air begonnen.\" \/>\n<meta property=\"og:url\" content=\"https:\/\/www.apfelpatient.de\/en\/rumors\/15-5-macbook-air-to-be-released-in-early-april-2023\" \/>\n<meta property=\"og:site_name\" content=\"Apfelpatient\" \/>\n<meta property=\"article:publisher\" content=\"https:\/\/www.facebook.com\/apfelpatientOfficial\" \/>\n<meta property=\"article:author\" content=\"https:\/\/www.facebook.com\/apfelpatientOfficial\" \/>\n<meta property=\"article:published_time\" content=\"2023-02-13T18:53:04+00:00\" \/>\n<meta property=\"article:modified_time\" content=\"2023-02-13T18:56:00+00:00\" \/>\n<meta property=\"og:image\" content=\"https:\/\/www.apfelpatient.de\/wp-content\/uploads\/2022\/06\/Apple-WWDC22-hands-on-area-MacBook-Air-Tim-Cook-Steve-Jobs-Theater-Apple-Park-220606-1024x682.png\" \/>\n\t<meta property=\"og:image:width\" content=\"1024\" \/>\n\t<meta property=\"og:image:height\" content=\"682\" \/>\n\t<meta property=\"og:image:type\" content=\"image\/png\" \/>\n<meta name=\"author\" content=\"Milan\" \/>\n<meta name=\"twitter:card\" content=\"summary_large_image\" \/>\n<meta name=\"twitter:description\" content=\"Einem seit langem kursierenden Ger\u00fccht zufolge hat Apple mit der Produktion von Panels f\u00fcr ein 15.5-Zoll MacBook Air begonnen.\" \/>\n<meta name=\"twitter:label1\" content=\"Written by\" \/>\n\t<meta name=\"twitter:data1\" content=\"Milan\" \/>\n\t<meta name=\"twitter:label2\" content=\"Est. reading time\" \/>\n\t<meta name=\"twitter:data2\" content=\"2 minutes\" \/>\n<script type=\"application\/ld+json\" class=\"yoast-schema-graph\">{\"@context\":\"https:\\\/\\\/schema.org\",\"@graph\":[{\"@type\":\"NewsArticle\",\"@id\":\"https:\\\/\\\/www.apfelpatient.de\\\/rumors\\\/15-5-macbook-air-soll-anfang-april-2023-erscheinen#article\",\"isPartOf\":{\"@id\":\"https:\\\/\\\/www.apfelpatient.de\\\/rumors\\\/15-5-macbook-air-soll-anfang-april-2023-erscheinen\"},\"author\":{\"@type\":\"Organization\",\"@id\":\"https:\\\/\\\/www.apfelpatient.de\\\/en\\\/#organization\",\"name\":\"Apfelpatient\",\"url\":\"https:\\\/\\\/www.apfelpatient.de\\\/en\\\/\"},\"headline\":\"15.5&#8243; MacBook Air soll Anfang April 2023 erscheinen\",\"datePublished\":\"2023-02-13T18:53:04+00:00\",\"dateModified\":\"2023-02-13T18:56:00+00:00\",\"mainEntityOfPage\":{\"@id\":\"https:\\\/\\\/www.apfelpatient.de\\\/rumors\\\/15-5-macbook-air-soll-anfang-april-2023-erscheinen\"},\"wordCount\":283,\"publisher\":{\"@type\":\"Organization\",\"@id\":\"https:\\\/\\\/www.apfelpatient.de\\\/en\\\/#organization\",\"name\":\"Apfelpatient\",\"url\":\"https:\\\/\\\/www.apfelpatient.de\\\/en\\\/\"},\"image\":{\"@id\":\"https:\\\/\\\/www.apfelpatient.de\\\/rumors\\\/15-5-macbook-air-soll-anfang-april-2023-erscheinen#primaryimage\"},\"thumbnailUrl\":\"https:\\\/\\\/www.apfelpatient.de\\\/wp-content\\\/uploads\\\/2022\\\/06\\\/Apple-WWDC22-hands-on-area-MacBook-Air-Tim-Cook-Steve-Jobs-Theater-Apple-Park-220606.png\",\"keywords\":[\"Mac\",\"MacBook Air\"],\"articleSection\":\"Rumors\",\"inLanguage\":\"en-US\",\"copyrightYear\":\"2023\",\"copyrightHolder\":{\"@id\":\"https:\\\/\\\/www.apfelpatient.de\\\/en\\\/#organization\"}},{\"@type\":\"WebPage\",\"@id\":\"https:\\\/\\\/www.apfelpatient.de\\\/rumors\\\/15-5-macbook-air-soll-anfang-april-2023-erscheinen\",\"url\":\"https:\\\/\\\/www.apfelpatient.de\\\/rumors\\\/15-5-macbook-air-soll-anfang-april-2023-erscheinen\",\"name\":\"15.5\\\" MacBook Air soll Anfang April 2023 erscheinen Apfelpatient\",\"isPartOf\":{\"@id\":\"https:\\\/\\\/www.apfelpatient.de\\\/#website\"},\"primaryImageOfPage\":{\"@id\":\"https:\\\/\\\/www.apfelpatient.de\\\/rumors\\\/15-5-macbook-air-soll-anfang-april-2023-erscheinen#primaryimage\"},\"image\":{\"@id\":\"https:\\\/\\\/www.apfelpatient.de\\\/rumors\\\/15-5-macbook-air-soll-anfang-april-2023-erscheinen#primaryimage\"},\"thumbnailUrl\":\"https:\\\/\\\/www.apfelpatient.de\\\/wp-content\\\/uploads\\\/2022\\\/06\\\/Apple-WWDC22-hands-on-area-MacBook-Air-Tim-Cook-Steve-Jobs-Theater-Apple-Park-220606.png\",\"datePublished\":\"2023-02-13T18:53:04+00:00\",\"dateModified\":\"2023-02-13T18:56:00+00:00\",\"description\":\"Einem seit langem kursierenden Ger\u00fccht zufolge hat Apple mit der Produktion von Panels f\u00fcr ein 15.5-Zoll MacBook Air begonnen.\",\"breadcrumb\":{\"@id\":\"https:\\\/\\\/www.apfelpatient.de\\\/rumors\\\/15-5-macbook-air-soll-anfang-april-2023-erscheinen#breadcrumb\"},\"inLanguage\":\"en-US\",\"potentialAction\":[{\"@type\":\"ReadAction\",\"target\":[\"https:\\\/\\\/www.apfelpatient.de\\\/rumors\\\/15-5-macbook-air-soll-anfang-april-2023-erscheinen\"]}]},{\"@type\":\"ImageObject\",\"inLanguage\":\"en-US\",\"@id\":\"https:\\\/\\\/www.apfelpatient.de\\\/rumors\\\/15-5-macbook-air-soll-anfang-april-2023-erscheinen#primaryimage\",\"url\":\"https:\\\/\\\/www.apfelpatient.de\\\/wp-content\\\/uploads\\\/2022\\\/06\\\/Apple-WWDC22-hands-on-area-MacBook-Air-Tim-Cook-Steve-Jobs-Theater-Apple-Park-220606.png\",\"contentUrl\":\"https:\\\/\\\/www.apfelpatient.de\\\/wp-content\\\/uploads\\\/2022\\\/06\\\/Apple-WWDC22-hands-on-area-MacBook-Air-Tim-Cook-Steve-Jobs-Theater-Apple-Park-220606.png\",\"width\":1600,\"height\":1066,\"caption\":\"Tim Cook\"},{\"@type\":\"BreadcrumbList\",\"@id\":\"https:\\\/\\\/www.apfelpatient.de\\\/rumors\\\/15-5-macbook-air-soll-anfang-april-2023-erscheinen#breadcrumb\",\"itemListElement\":[{\"@type\":\"ListItem\",\"position\":1,\"name\":\"Startseite\",\"item\":\"https:\\\/\\\/www.apfelpatient.de\\\/\"},{\"@type\":\"ListItem\",\"position\":2,\"name\":\"15.5&#8243; MacBook Air soll Anfang April 2023 erscheinen\"}]},{\"@type\":\"WebSite\",\"@id\":\"https:\\\/\\\/www.apfelpatient.de\\\/#website\",\"url\":\"https:\\\/\\\/www.apfelpatient.de\\\/\",\"name\":\"Apfelpatient\",\"description\":\"Alles rund um Apple!\",\"publisher\":{\"@type\":\"Organization\",\"@id\":\"https:\\\/\\\/www.apfelpatient.de\\\/en\\\/#organization\",\"name\":\"Apfelpatient\",\"url\":\"https:\\\/\\\/www.apfelpatient.de\\\/en\\\/\"},\"alternateName\":\"Apfelpatient\",\"potentialAction\":[{\"@type\":\"SearchAction\",\"target\":{\"@type\":\"EntryPoint\",\"urlTemplate\":\"https:\\\/\\\/www.apfelpatient.de\\\/?s={search_term_string}\"},\"query-input\":{\"@type\":\"PropertyValueSpecification\",\"valueRequired\":true,\"valueName\":\"search_term_string\"}}],\"inLanguage\":\"en-US\"},{\"@type\":[\"Person\",\"Organization\"],\"@id\":\"https:\\\/\\\/www.apfelpatient.de\\\/#\\\/schema\\\/person\\\/35b3ddba5832f2bfc7fff5206d4f6b7b\",\"name\":\"Milan\",\"logo\":{\"@id\":\"https:\\\/\\\/www.apfelpatient.de\\\/#\\\/schema\\\/person\\\/image\\\/\"},\"description\":\"Hallo und herzlich willkommen auf meinem Technik-Blog! Als gro\u00dfer Apple-Fan berichte ich hier \u00fcber alles, was mit Apple zu tun hat: von den neuesten News und spannenden Ger\u00fcchten \u00fcber hilfreiche Tipps und Tricks bis hin zu ausf\u00fchrlichen Produkttests. Wenn du genauso technikbegeistert bist wie ich, bist du hier genau richtig!\",\"sameAs\":[\"https:\\\/\\\/www.facebook.com\\\/apfelpatientOfficial\",\"https:\\\/\\\/www.linkedin.com\\\/in\\\/milan-jovicic-42aa0231b\"],\"url\":\"https:\\\/\\\/www.apfelpatient.de\\\/en\\\/author\\\/apfeladmin\"}]}<\/script>\n<!-- \/ Yoast SEO Premium plugin. -->","yoast_head_json":{"title":"15.5&quot; MacBook Air to be released in early April 2023 Apfelpatient","description":"According to a long-standing rumor, Apple has started producing panels for a 15.5-inch MacBook Air.","robots":{"index":"index","follow":"follow","max-snippet":"max-snippet:-1","max-image-preview":"max-image-preview:large","max-video-preview":"max-video-preview:-1"},"canonical":"https:\/\/www.apfelpatient.de\/en\/rumors\/15-5-macbook-air-to-be-released-in-early-april-2023","og_locale":"en_US","og_type":"article","og_title":"15.5\" MacBook Air soll Anfang April 2023 erscheinen","og_description":"Einem seit langem kursierenden Ger\u00fccht zufolge hat Apple mit der Produktion von Panels f\u00fcr ein 15.5-Zoll MacBook Air begonnen.","og_url":"https:\/\/www.apfelpatient.de\/en\/rumors\/15-5-macbook-air-to-be-released-in-early-april-2023","og_site_name":"Apfelpatient","article_publisher":"https:\/\/www.facebook.com\/apfelpatientOfficial","article_author":"https:\/\/www.facebook.com\/apfelpatientOfficial","article_published_time":"2023-02-13T18:53:04+00:00","article_modified_time":"2023-02-13T18:56:00+00:00","og_image":[{"width":1024,"height":682,"url":"https:\/\/www.apfelpatient.de\/wp-content\/uploads\/2022\/06\/Apple-WWDC22-hands-on-area-MacBook-Air-Tim-Cook-Steve-Jobs-Theater-Apple-Park-220606-1024x682.png","type":"image\/png"}],"author":"Milan","twitter_card":"summary_large_image","twitter_description":"Einem seit langem kursierenden Ger\u00fccht zufolge hat Apple mit der Produktion von Panels f\u00fcr ein 15.5-Zoll MacBook Air begonnen.","twitter_misc":{"Written by":"Milan","Est. reading time":"2 minutes"},"schema":{"@context":"https:\/\/schema.org","@graph":[{"@type":"NewsArticle","@id":"https:\/\/www.apfelpatient.de\/rumors\/15-5-macbook-air-soll-anfang-april-2023-erscheinen#article","isPartOf":{"@id":"https:\/\/www.apfelpatient.de\/rumors\/15-5-macbook-air-soll-anfang-april-2023-erscheinen"},"author":{"@type":"Organization","@id":"https:\/\/www.apfelpatient.de\/en\/#organization","name":"Apfelpatient","url":"https:\/\/www.apfelpatient.de\/en\/"},"headline":"15.5&#8243; MacBook Air soll Anfang April 2023 erscheinen","datePublished":"2023-02-13T18:53:04+00:00","dateModified":"2023-02-13T18:56:00+00:00","mainEntityOfPage":{"@id":"https:\/\/www.apfelpatient.de\/rumors\/15-5-macbook-air-soll-anfang-april-2023-erscheinen"},"wordCount":283,"publisher":{"@type":"Organization","@id":"https:\/\/www.apfelpatient.de\/en\/#organization","name":"Apfelpatient","url":"https:\/\/www.apfelpatient.de\/en\/"},"image":{"@id":"https:\/\/www.apfelpatient.de\/rumors\/15-5-macbook-air-soll-anfang-april-2023-erscheinen#primaryimage"},"thumbnailUrl":"https:\/\/www.apfelpatient.de\/wp-content\/uploads\/2022\/06\/Apple-WWDC22-hands-on-area-MacBook-Air-Tim-Cook-Steve-Jobs-Theater-Apple-Park-220606.png","keywords":["Mac","MacBook Air"],"articleSection":"Rumors","inLanguage":"en-US","copyrightYear":"2023","copyrightHolder":{"@id":"https:\/\/www.apfelpatient.de\/en\/#organization"}},{"@type":"WebPage","@id":"https:\/\/www.apfelpatient.de\/rumors\/15-5-macbook-air-soll-anfang-april-2023-erscheinen","url":"https:\/\/www.apfelpatient.de\/rumors\/15-5-macbook-air-soll-anfang-april-2023-erscheinen","name":"15.5&quot; MacBook Air to be released in early April 2023 Apfelpatient","isPartOf":{"@id":"https:\/\/www.apfelpatient.de\/#website"},"primaryImageOfPage":{"@id":"https:\/\/www.apfelpatient.de\/rumors\/15-5-macbook-air-soll-anfang-april-2023-erscheinen#primaryimage"},"image":{"@id":"https:\/\/www.apfelpatient.de\/rumors\/15-5-macbook-air-soll-anfang-april-2023-erscheinen#primaryimage"},"thumbnailUrl":"https:\/\/www.apfelpatient.de\/wp-content\/uploads\/2022\/06\/Apple-WWDC22-hands-on-area-MacBook-Air-Tim-Cook-Steve-Jobs-Theater-Apple-Park-220606.png","datePublished":"2023-02-13T18:53:04+00:00","dateModified":"2023-02-13T18:56:00+00:00","description":"According to a long-standing rumor, Apple has started producing panels for a 15.5-inch MacBook Air.","breadcrumb":{"@id":"https:\/\/www.apfelpatient.de\/rumors\/15-5-macbook-air-soll-anfang-april-2023-erscheinen#breadcrumb"},"inLanguage":"en-US","potentialAction":[{"@type":"ReadAction","target":["https:\/\/www.apfelpatient.de\/rumors\/15-5-macbook-air-soll-anfang-april-2023-erscheinen"]}]},{"@type":"ImageObject","inLanguage":"en-US","@id":"https:\/\/www.apfelpatient.de\/rumors\/15-5-macbook-air-soll-anfang-april-2023-erscheinen#primaryimage","url":"https:\/\/www.apfelpatient.de\/wp-content\/uploads\/2022\/06\/Apple-WWDC22-hands-on-area-MacBook-Air-Tim-Cook-Steve-Jobs-Theater-Apple-Park-220606.png","contentUrl":"https:\/\/www.apfelpatient.de\/wp-content\/uploads\/2022\/06\/Apple-WWDC22-hands-on-area-MacBook-Air-Tim-Cook-Steve-Jobs-Theater-Apple-Park-220606.png","width":1600,"height":1066,"caption":"Tim Cook"},{"@type":"BreadcrumbList","@id":"https:\/\/www.apfelpatient.de\/rumors\/15-5-macbook-air-soll-anfang-april-2023-erscheinen#breadcrumb","itemListElement":[{"@type":"ListItem","position":1,"name":"Startseite","item":"https:\/\/www.apfelpatient.de\/"},{"@type":"ListItem","position":2,"name":"15.5&#8243; MacBook Air soll Anfang April 2023 erscheinen"}]},{"@type":"WebSite","@id":"https:\/\/www.apfelpatient.de\/#website","url":"https:\/\/www.apfelpatient.de\/","name":"apple patient","description":"Everything about Apple!","publisher":{"@type":"Organization","@id":"https:\/\/www.apfelpatient.de\/en\/#organization","name":"Apfelpatient","url":"https:\/\/www.apfelpatient.de\/en\/"},"alternateName":"Apfelpatient","potentialAction":[{"@type":"SearchAction","target":{"@type":"EntryPoint","urlTemplate":"https:\/\/www.apfelpatient.de\/?s={search_term_string}"},"query-input":{"@type":"PropertyValueSpecification","valueRequired":true,"valueName":"search_term_string"}}],"inLanguage":"en-US"},{"@type":["Person","Organization"],"@id":"https:\/\/www.apfelpatient.de\/#\/schema\/person\/35b3ddba5832f2bfc7fff5206d4f6b7b","name":"Milan","logo":{"@id":"https:\/\/www.apfelpatient.de\/#\/schema\/person\/image\/"},"description":"Hello and welcome to my technology blog! As a big Apple fan, I report on everything to do with Apple: from the latest news and exciting rumors to helpful tips and tricks and detailed product tests. If you are as enthusiastic about technology as I am, you have come to the right place!","sameAs":["https:\/\/www.facebook.com\/apfelpatientOfficial","https:\/\/www.linkedin.com\/in\/milan-jovicic-42aa0231b"],"url":"https:\/\/www.apfelpatient.de\/en\/author\/apfeladmin"}]}},"_links":{"self":[{"href":"https:\/\/www.apfelpatient.de\/en\/wp-json\/wp\/v2\/posts\/37347","targetHints":{"allow":["GET"]}}],"collection":[{"href":"https:\/\/www.apfelpatient.de\/en\/wp-json\/wp\/v2\/posts"}],"about":[{"href":"https:\/\/www.apfelpatient.de\/en\/wp-json\/wp\/v2\/types\/post"}],"author":[{"embeddable":true,"href":"https:\/\/www.apfelpatient.de\/en\/wp-json\/wp\/v2\/users\/2"}],"replies":[{"embeddable":true,"href":"https:\/\/www.apfelpatient.de\/en\/wp-json\/wp\/v2\/comments?post=37347"}],"version-history":[{"count":0,"href":"https:\/\/www.apfelpatient.de\/en\/wp-json\/wp\/v2\/posts\/37347\/revisions"}],"wp:featuredmedia":[{"embeddable":true,"href":"https:\/\/www.apfelpatient.de\/en\/wp-json\/wp\/v2\/media\/32195"}],"wp:attachment":[{"href":"https:\/\/www.apfelpatient.de\/en\/wp-json\/wp\/v2\/media?parent=37347"}],"wp:term":[{"taxonomy":"category","embeddable":true,"href":"https:\/\/www.apfelpatient.de\/en\/wp-json\/wp\/v2\/categories?post=37347"},{"taxonomy":"post_tag","embeddable":true,"href":"https:\/\/www.apfelpatient.de\/en\/wp-json\/wp\/v2\/tags?post=37347"}],"curies":[{"name":"wp","href":"https:\/\/api.w.org\/{rel}","templated":true}]}}