{"id":37336,"date":"2023-02-12T20:18:29","date_gmt":"2023-02-12T19:18:29","guid":{"rendered":"https:\/\/www.apfelpatient.de\/?p=37336"},"modified":"2023-02-12T20:18:34","modified_gmt":"2023-02-12T19:18:34","slug":"new-imac-will-be-released-at-the-end-of-2023-at-the-earliest","status":"publish","type":"post","link":"https:\/\/www.apfelpatient.de\/en\/rumors\/neuer-imac-erscheint-fruehestens-ende-2023","title":{"rendered":"New iMac will be released in late 2023 at the earliest"},"content":{"rendered":"<p class=\"has-drop-cap\"><strong>Some fans are already asking when Apple will introduce the next iMac model. One person wants to know the answer: Mark Gurman from Bloomberg. As far as he knows, Apple will not launch a new 24-inch iMac until late 2023 at the earliest.<\/strong><\/p>\n\n\n\n<p>In his current \u201cPower On\u201d newsletter <a href=\"https:\/\/www.bloomberg.com\/news\/newsletters\/2023-02-12\/apple-services-delays-apple-pay-later-apple-card-savings-iphone-subscriptions-le1i0niw\" target=\"_blank\" rel=\"noreferrer noopener\">affirmed<\/a> Gurman expressed his expectation that Apple would skip updating the iMac with the M2 chip and instead wait to release a model with the as-yet-unannounced M3 chip.<\/p>\n\n\n\n<blockquote class=\"wp-block-quote is-layout-flow wp-block-quote-is-layout-flow\">\n<p>I haven&#039;t seen anything to suggest there will be a new iMac before the M3 generation chip, which won&#039;t be released until late this year or next year at the earliest. So if you want to stick with the iMac, you&#039;ll have to be patient.<\/p>\n<\/blockquote>\n\n\n\n<p>Apple&#039;s M3 chip is expected to be based on TSMC&#039;s latest 3nm process, which offers additional improvements in performance and power efficiency.<\/p>\n\n\n\n<h3 class=\"wp-block-heading\" id=\"h-wird-apple-den-27-imac-ebenfalls-aktualisieren\">Will Apple also update the 27\u2033 iMac?<\/h3>\n\n\n\n\n\n\n\n<p>The M3 chip is also expected to be used in a new MacBook Air, which is rumored to launch in the second half of 2023, as well as potentially future versions of the 13-inch MacBook Pro and Mac mini. In comparison, the M2 chip is manufactured using TSMC&#039;s second-generation 5nm process. Apple last updated the iMac in April 2021 with the M1 chip and a new ultra-thin design that comes in seven colors, including green, yellow, orange, rose, purple, blue, and silver. It is currently the only new iMac, as the Intel-based 27-inch iMac and iMac Pro were both discontinued in the last two years. Gurman has stated in the past that a larger iMac could return. But there was no further information on that today. (Image: Apple)<\/p>\n\n\n\n<ul class=\"wp-block-list\">\n<li><a href=\"https:\/\/www.apfelpatient.de\/en\/rumors\/new-mac-pro-could-herald-the-end-of-the-mac-studio\">New Mac Pro could herald the end of the Mac Studio<\/a><\/li>\n<\/ul>\n\n\n\n<h6 class=\"wp-block-heading translation-block\" id=\"h-kennt-ihr-schon-unsere-amazon-storefront-dort-findet-ihr-eine-handverlesene-auswahl-von-diversen-produkten-f-r-euer-iphone-und-co-viel-spa-beim-st-bern\"><em>Have you already visited our Amazon Storefront? There you&#039;ll find a hand-picked selection of various products for your iPhone and other devices \u2013 <span class=\"has-inline-color has-vivid-red-color\"><a href=\"https:\/\/www.amazon.de\/shop\/apfelpatientofficial\" class=\"ek-link\" data-wpel-link=\"exclude\" rel=\"follow noopener\" target=\"_self\"><span style=\"text-decoration: underline\" class=\"ek-underline\">enjoy browsing<\/span><\/a> !<\/span><\/em><\/h6>\n\n\n\n<h6 class=\"wp-block-heading translation-block\" id=\"h-der-beitrag-enthalt-partnerlinks\">This post contains <a data-type=\"URL\" data-id=\"https:\/\/www.apfelpatient.de\/partnerprogramm\" href=\"https:\/\/www.apfelpatient.de\/en\/partner-program\" data-wpel-link=\"internal\" target=\"_self\">affiliate links<\/a>.<\/h6>","protected":false},"excerpt":{"rendered":"<p>Some fans are already asking themselves when Apple will introduce the next iMac model. One wants to know the answer.<\/p>","protected":false},"author":2,"featured_media":24866,"comment_status":"closed","ping_status":"closed","sticky":false,"template":"","format":"standard","meta":{"jnews-multi-image_gallery":[],"jnews_single_post":{"subtitle":"","format":"standard","video":"","gallery":"","source_name":"","source_url":"","via_name":"","via_url":"","override":[{"single_blog_custom":"","sidebar":"","second_sidebar":"","share_position":"","share_float_style":"","post_date_format":"","post_date_format_custom":"","post_reading_time_wpm":"","zoom_button_out_step":"1","zoom_button_in_step":"1","number_popup_post":"1"}],"image_override":[{"single_post_thumbnail_size":"","single_post_gallery_size":""}],"trending_post_position":"","trending_post_label":"","sponsored_post_label":"","sponsored_post_name":"","sponsored_post_url":"","sponsored_post_logo":"","sponsored_post_desc":""},"jnews_primary_category":{"id":"25"},"footnotes":""},"categories":[25],"tags":[72,40],"class_list":["post-37336","post","type-post","status-publish","format-standard","has-post-thumbnail","hentry","category-rumors","tag-imac","tag-mac"],"yoast_head":"<!-- This site is optimized with the Yoast SEO Premium plugin v27.5 (Yoast SEO v27.5) - https:\/\/yoast.com\/product\/yoast-seo-premium-wordpress\/ -->\n<title>Neuer iMac erscheint fr\u00fchestens Ende 2023 Apfelpatient<\/title>\n<meta name=\"description\" content=\"Einige Fans stellen sich bereits die Frage, wann Apple das n\u00e4chste iMac-Modell vorstellen wird. Einer will die Antwort darauf kennen.\" \/>\n<meta name=\"robots\" content=\"index, follow, max-snippet:-1, max-image-preview:large, max-video-preview:-1\" \/>\n<link rel=\"canonical\" href=\"https:\/\/www.apfelpatient.de\/en\/rumors\/new-imac-will-be-released-at-the-end-of-2023-at-the-earliest\" \/>\n<meta property=\"og:locale\" content=\"en_US\" \/>\n<meta property=\"og:type\" content=\"article\" \/>\n<meta property=\"og:title\" content=\"Neuer iMac erscheint fr\u00fchestens Ende 2023\" \/>\n<meta property=\"og:description\" content=\"Einige Fans stellen sich bereits die Frage, wann Apple das n\u00e4chste iMac-Modell vorstellen wird. Einer will die Antwort darauf kennen.\" \/>\n<meta property=\"og:url\" content=\"https:\/\/www.apfelpatient.de\/en\/rumors\/new-imac-will-be-released-at-the-end-of-2023-at-the-earliest\" \/>\n<meta property=\"og:site_name\" content=\"Apfelpatient\" \/>\n<meta property=\"article:publisher\" content=\"https:\/\/www.facebook.com\/apfelpatientOfficial\" \/>\n<meta property=\"article:author\" content=\"https:\/\/www.facebook.com\/apfelpatientOfficial\" \/>\n<meta property=\"article:published_time\" content=\"2023-02-12T19:18:29+00:00\" \/>\n<meta property=\"article:modified_time\" content=\"2023-02-12T19:18:34+00:00\" \/>\n<meta property=\"og:image\" content=\"https:\/\/www.apfelpatient.de\/wp-content\/uploads\/2021\/07\/apple_new-imac-spring21_hero_04202021-scaled-1.jpg\" \/>\n\t<meta property=\"og:image:width\" content=\"1600\" \/>\n\t<meta property=\"og:image:height\" content=\"901\" \/>\n\t<meta property=\"og:image:type\" content=\"image\/jpeg\" \/>\n<meta name=\"author\" content=\"Milan\" \/>\n<meta name=\"twitter:card\" content=\"summary_large_image\" \/>\n<meta name=\"twitter:description\" content=\"Einige Fans stellen sich bereits die Frage, wann Apple das n\u00e4chste iMac-Modell vorstellen wird. Einer will die Antwort darauf kennen.\" \/>\n<meta name=\"twitter:label1\" content=\"Written by\" \/>\n\t<meta name=\"twitter:data1\" content=\"Milan\" \/>\n\t<meta name=\"twitter:label2\" content=\"Est. reading time\" \/>\n\t<meta name=\"twitter:data2\" content=\"2 minutes\" \/>\n<script type=\"application\/ld+json\" class=\"yoast-schema-graph\">{\"@context\":\"https:\\\/\\\/schema.org\",\"@graph\":[{\"@type\":\"NewsArticle\",\"@id\":\"https:\\\/\\\/www.apfelpatient.de\\\/rumors\\\/neuer-imac-erscheint-fruehestens-ende-2023#article\",\"isPartOf\":{\"@id\":\"https:\\\/\\\/www.apfelpatient.de\\\/rumors\\\/neuer-imac-erscheint-fruehestens-ende-2023\"},\"author\":{\"@type\":\"Organization\",\"@id\":\"https:\\\/\\\/www.apfelpatient.de\\\/en\\\/#organization\",\"name\":\"Apfelpatient\",\"url\":\"https:\\\/\\\/www.apfelpatient.de\\\/en\\\/\"},\"headline\":\"Neuer iMac erscheint fr\u00fchestens Ende 2023\",\"datePublished\":\"2023-02-12T19:18:29+00:00\",\"dateModified\":\"2023-02-12T19:18:34+00:00\",\"mainEntityOfPage\":{\"@id\":\"https:\\\/\\\/www.apfelpatient.de\\\/rumors\\\/neuer-imac-erscheint-fruehestens-ende-2023\"},\"wordCount\":319,\"publisher\":{\"@type\":\"Organization\",\"@id\":\"https:\\\/\\\/www.apfelpatient.de\\\/en\\\/#organization\",\"name\":\"Apfelpatient\",\"url\":\"https:\\\/\\\/www.apfelpatient.de\\\/en\\\/\"},\"image\":{\"@id\":\"https:\\\/\\\/www.apfelpatient.de\\\/rumors\\\/neuer-imac-erscheint-fruehestens-ende-2023#primaryimage\"},\"thumbnailUrl\":\"https:\\\/\\\/www.apfelpatient.de\\\/wp-content\\\/uploads\\\/2021\\\/07\\\/apple_new-imac-spring21_hero_04202021-scaled-1.jpg\",\"keywords\":[\"iMac\",\"Mac\"],\"articleSection\":\"Rumors\",\"inLanguage\":\"en-US\",\"copyrightYear\":\"2023\",\"copyrightHolder\":{\"@id\":\"https:\\\/\\\/www.apfelpatient.de\\\/en\\\/#organization\"}},{\"@type\":\"WebPage\",\"@id\":\"https:\\\/\\\/www.apfelpatient.de\\\/rumors\\\/neuer-imac-erscheint-fruehestens-ende-2023\",\"url\":\"https:\\\/\\\/www.apfelpatient.de\\\/rumors\\\/neuer-imac-erscheint-fruehestens-ende-2023\",\"name\":\"Neuer iMac erscheint fr\u00fchestens Ende 2023 Apfelpatient\",\"isPartOf\":{\"@id\":\"https:\\\/\\\/www.apfelpatient.de\\\/#website\"},\"primaryImageOfPage\":{\"@id\":\"https:\\\/\\\/www.apfelpatient.de\\\/rumors\\\/neuer-imac-erscheint-fruehestens-ende-2023#primaryimage\"},\"image\":{\"@id\":\"https:\\\/\\\/www.apfelpatient.de\\\/rumors\\\/neuer-imac-erscheint-fruehestens-ende-2023#primaryimage\"},\"thumbnailUrl\":\"https:\\\/\\\/www.apfelpatient.de\\\/wp-content\\\/uploads\\\/2021\\\/07\\\/apple_new-imac-spring21_hero_04202021-scaled-1.jpg\",\"datePublished\":\"2023-02-12T19:18:29+00:00\",\"dateModified\":\"2023-02-12T19:18:34+00:00\",\"description\":\"Einige Fans stellen sich bereits die Frage, wann Apple das n\u00e4chste iMac-Modell vorstellen wird. Einer will die Antwort darauf kennen.\",\"breadcrumb\":{\"@id\":\"https:\\\/\\\/www.apfelpatient.de\\\/rumors\\\/neuer-imac-erscheint-fruehestens-ende-2023#breadcrumb\"},\"inLanguage\":\"en-US\",\"potentialAction\":[{\"@type\":\"ReadAction\",\"target\":[\"https:\\\/\\\/www.apfelpatient.de\\\/rumors\\\/neuer-imac-erscheint-fruehestens-ende-2023\"]}]},{\"@type\":\"ImageObject\",\"inLanguage\":\"en-US\",\"@id\":\"https:\\\/\\\/www.apfelpatient.de\\\/rumors\\\/neuer-imac-erscheint-fruehestens-ende-2023#primaryimage\",\"url\":\"https:\\\/\\\/www.apfelpatient.de\\\/wp-content\\\/uploads\\\/2021\\\/07\\\/apple_new-imac-spring21_hero_04202021-scaled-1.jpg\",\"contentUrl\":\"https:\\\/\\\/www.apfelpatient.de\\\/wp-content\\\/uploads\\\/2021\\\/07\\\/apple_new-imac-spring21_hero_04202021-scaled-1.jpg\",\"width\":1600,\"height\":901,\"caption\":\"Bild: Apple\"},{\"@type\":\"BreadcrumbList\",\"@id\":\"https:\\\/\\\/www.apfelpatient.de\\\/rumors\\\/neuer-imac-erscheint-fruehestens-ende-2023#breadcrumb\",\"itemListElement\":[{\"@type\":\"ListItem\",\"position\":1,\"name\":\"Startseite\",\"item\":\"https:\\\/\\\/www.apfelpatient.de\\\/\"},{\"@type\":\"ListItem\",\"position\":2,\"name\":\"Neuer iMac erscheint fr\u00fchestens Ende 2023\"}]},{\"@type\":\"WebSite\",\"@id\":\"https:\\\/\\\/www.apfelpatient.de\\\/#website\",\"url\":\"https:\\\/\\\/www.apfelpatient.de\\\/\",\"name\":\"Apfelpatient\",\"description\":\"Alles rund um Apple!\",\"publisher\":{\"@type\":\"Organization\",\"@id\":\"https:\\\/\\\/www.apfelpatient.de\\\/en\\\/#organization\",\"name\":\"Apfelpatient\",\"url\":\"https:\\\/\\\/www.apfelpatient.de\\\/en\\\/\"},\"alternateName\":\"Apfelpatient\",\"potentialAction\":[{\"@type\":\"SearchAction\",\"target\":{\"@type\":\"EntryPoint\",\"urlTemplate\":\"https:\\\/\\\/www.apfelpatient.de\\\/?s={search_term_string}\"},\"query-input\":{\"@type\":\"PropertyValueSpecification\",\"valueRequired\":true,\"valueName\":\"search_term_string\"}}],\"inLanguage\":\"en-US\"},{\"@type\":[\"Person\",\"Organization\"],\"@id\":\"https:\\\/\\\/www.apfelpatient.de\\\/#\\\/schema\\\/person\\\/35b3ddba5832f2bfc7fff5206d4f6b7b\",\"name\":\"Milan\",\"logo\":{\"@id\":\"https:\\\/\\\/www.apfelpatient.de\\\/#\\\/schema\\\/person\\\/image\\\/\"},\"description\":\"Hallo und herzlich willkommen auf meinem Technik-Blog! Als gro\u00dfer Apple-Fan berichte ich hier \u00fcber alles, was mit Apple zu tun hat: von den neuesten News und spannenden Ger\u00fcchten \u00fcber hilfreiche Tipps und Tricks bis hin zu ausf\u00fchrlichen Produkttests. Wenn du genauso technikbegeistert bist wie ich, bist du hier genau richtig!\",\"sameAs\":[\"https:\\\/\\\/www.facebook.com\\\/apfelpatientOfficial\",\"https:\\\/\\\/www.linkedin.com\\\/in\\\/milan-jovicic-42aa0231b\"],\"url\":\"https:\\\/\\\/www.apfelpatient.de\\\/en\\\/author\\\/apfeladmin\"}]}<\/script>\n<!-- \/ Yoast SEO Premium plugin. -->","yoast_head_json":{"title":"New iMac will be released in late 2023 at the earliest Apfelpatient","description":"Some fans are already asking themselves when Apple will introduce the next iMac model. One wants to know the answer.","robots":{"index":"index","follow":"follow","max-snippet":"max-snippet:-1","max-image-preview":"max-image-preview:large","max-video-preview":"max-video-preview:-1"},"canonical":"https:\/\/www.apfelpatient.de\/en\/rumors\/new-imac-will-be-released-at-the-end-of-2023-at-the-earliest","og_locale":"en_US","og_type":"article","og_title":"Neuer iMac erscheint fr\u00fchestens Ende 2023","og_description":"Einige Fans stellen sich bereits die Frage, wann Apple das n\u00e4chste iMac-Modell vorstellen wird. Einer will die Antwort darauf kennen.","og_url":"https:\/\/www.apfelpatient.de\/en\/rumors\/new-imac-will-be-released-at-the-end-of-2023-at-the-earliest","og_site_name":"Apfelpatient","article_publisher":"https:\/\/www.facebook.com\/apfelpatientOfficial","article_author":"https:\/\/www.facebook.com\/apfelpatientOfficial","article_published_time":"2023-02-12T19:18:29+00:00","article_modified_time":"2023-02-12T19:18:34+00:00","og_image":[{"width":1600,"height":901,"url":"https:\/\/www.apfelpatient.de\/wp-content\/uploads\/2021\/07\/apple_new-imac-spring21_hero_04202021-scaled-1.jpg","type":"image\/jpeg"}],"author":"Milan","twitter_card":"summary_large_image","twitter_description":"Einige Fans stellen sich bereits die Frage, wann Apple das n\u00e4chste iMac-Modell vorstellen wird. Einer will die Antwort darauf kennen.","twitter_misc":{"Written by":"Milan","Est. reading time":"2 minutes"},"schema":{"@context":"https:\/\/schema.org","@graph":[{"@type":"NewsArticle","@id":"https:\/\/www.apfelpatient.de\/rumors\/neuer-imac-erscheint-fruehestens-ende-2023#article","isPartOf":{"@id":"https:\/\/www.apfelpatient.de\/rumors\/neuer-imac-erscheint-fruehestens-ende-2023"},"author":{"@type":"Organization","@id":"https:\/\/www.apfelpatient.de\/en\/#organization","name":"Apfelpatient","url":"https:\/\/www.apfelpatient.de\/en\/"},"headline":"Neuer iMac erscheint fr\u00fchestens Ende 2023","datePublished":"2023-02-12T19:18:29+00:00","dateModified":"2023-02-12T19:18:34+00:00","mainEntityOfPage":{"@id":"https:\/\/www.apfelpatient.de\/rumors\/neuer-imac-erscheint-fruehestens-ende-2023"},"wordCount":319,"publisher":{"@type":"Organization","@id":"https:\/\/www.apfelpatient.de\/en\/#organization","name":"Apfelpatient","url":"https:\/\/www.apfelpatient.de\/en\/"},"image":{"@id":"https:\/\/www.apfelpatient.de\/rumors\/neuer-imac-erscheint-fruehestens-ende-2023#primaryimage"},"thumbnailUrl":"https:\/\/www.apfelpatient.de\/wp-content\/uploads\/2021\/07\/apple_new-imac-spring21_hero_04202021-scaled-1.jpg","keywords":["iMac","Mac"],"articleSection":"Rumors","inLanguage":"en-US","copyrightYear":"2023","copyrightHolder":{"@id":"https:\/\/www.apfelpatient.de\/en\/#organization"}},{"@type":"WebPage","@id":"https:\/\/www.apfelpatient.de\/rumors\/neuer-imac-erscheint-fruehestens-ende-2023","url":"https:\/\/www.apfelpatient.de\/rumors\/neuer-imac-erscheint-fruehestens-ende-2023","name":"New iMac will be released in late 2023 at the earliest Apfelpatient","isPartOf":{"@id":"https:\/\/www.apfelpatient.de\/#website"},"primaryImageOfPage":{"@id":"https:\/\/www.apfelpatient.de\/rumors\/neuer-imac-erscheint-fruehestens-ende-2023#primaryimage"},"image":{"@id":"https:\/\/www.apfelpatient.de\/rumors\/neuer-imac-erscheint-fruehestens-ende-2023#primaryimage"},"thumbnailUrl":"https:\/\/www.apfelpatient.de\/wp-content\/uploads\/2021\/07\/apple_new-imac-spring21_hero_04202021-scaled-1.jpg","datePublished":"2023-02-12T19:18:29+00:00","dateModified":"2023-02-12T19:18:34+00:00","description":"Some fans are already asking themselves when Apple will introduce the next iMac model. One wants to know the answer.","breadcrumb":{"@id":"https:\/\/www.apfelpatient.de\/rumors\/neuer-imac-erscheint-fruehestens-ende-2023#breadcrumb"},"inLanguage":"en-US","potentialAction":[{"@type":"ReadAction","target":["https:\/\/www.apfelpatient.de\/rumors\/neuer-imac-erscheint-fruehestens-ende-2023"]}]},{"@type":"ImageObject","inLanguage":"en-US","@id":"https:\/\/www.apfelpatient.de\/rumors\/neuer-imac-erscheint-fruehestens-ende-2023#primaryimage","url":"https:\/\/www.apfelpatient.de\/wp-content\/uploads\/2021\/07\/apple_new-imac-spring21_hero_04202021-scaled-1.jpg","contentUrl":"https:\/\/www.apfelpatient.de\/wp-content\/uploads\/2021\/07\/apple_new-imac-spring21_hero_04202021-scaled-1.jpg","width":1600,"height":901,"caption":"Bild: Apple"},{"@type":"BreadcrumbList","@id":"https:\/\/www.apfelpatient.de\/rumors\/neuer-imac-erscheint-fruehestens-ende-2023#breadcrumb","itemListElement":[{"@type":"ListItem","position":1,"name":"Startseite","item":"https:\/\/www.apfelpatient.de\/"},{"@type":"ListItem","position":2,"name":"Neuer iMac erscheint fr\u00fchestens Ende 2023"}]},{"@type":"WebSite","@id":"https:\/\/www.apfelpatient.de\/#website","url":"https:\/\/www.apfelpatient.de\/","name":"apple patient","description":"Everything about Apple!","publisher":{"@type":"Organization","@id":"https:\/\/www.apfelpatient.de\/en\/#organization","name":"Apfelpatient","url":"https:\/\/www.apfelpatient.de\/en\/"},"alternateName":"Apfelpatient","potentialAction":[{"@type":"SearchAction","target":{"@type":"EntryPoint","urlTemplate":"https:\/\/www.apfelpatient.de\/?s={search_term_string}"},"query-input":{"@type":"PropertyValueSpecification","valueRequired":true,"valueName":"search_term_string"}}],"inLanguage":"en-US"},{"@type":["Person","Organization"],"@id":"https:\/\/www.apfelpatient.de\/#\/schema\/person\/35b3ddba5832f2bfc7fff5206d4f6b7b","name":"Milan","logo":{"@id":"https:\/\/www.apfelpatient.de\/#\/schema\/person\/image\/"},"description":"Hello and welcome to my technology blog! As a big Apple fan, I report on everything to do with Apple: from the latest news and exciting rumors to helpful tips and tricks and detailed product tests. If you are as enthusiastic about technology as I am, you have come to the right place!","sameAs":["https:\/\/www.facebook.com\/apfelpatientOfficial","https:\/\/www.linkedin.com\/in\/milan-jovicic-42aa0231b"],"url":"https:\/\/www.apfelpatient.de\/en\/author\/apfeladmin"}]}},"_links":{"self":[{"href":"https:\/\/www.apfelpatient.de\/en\/wp-json\/wp\/v2\/posts\/37336","targetHints":{"allow":["GET"]}}],"collection":[{"href":"https:\/\/www.apfelpatient.de\/en\/wp-json\/wp\/v2\/posts"}],"about":[{"href":"https:\/\/www.apfelpatient.de\/en\/wp-json\/wp\/v2\/types\/post"}],"author":[{"embeddable":true,"href":"https:\/\/www.apfelpatient.de\/en\/wp-json\/wp\/v2\/users\/2"}],"replies":[{"embeddable":true,"href":"https:\/\/www.apfelpatient.de\/en\/wp-json\/wp\/v2\/comments?post=37336"}],"version-history":[{"count":0,"href":"https:\/\/www.apfelpatient.de\/en\/wp-json\/wp\/v2\/posts\/37336\/revisions"}],"wp:featuredmedia":[{"embeddable":true,"href":"https:\/\/www.apfelpatient.de\/en\/wp-json\/wp\/v2\/media\/24866"}],"wp:attachment":[{"href":"https:\/\/www.apfelpatient.de\/en\/wp-json\/wp\/v2\/media?parent=37336"}],"wp:term":[{"taxonomy":"category","embeddable":true,"href":"https:\/\/www.apfelpatient.de\/en\/wp-json\/wp\/v2\/categories?post=37336"},{"taxonomy":"post_tag","embeddable":true,"href":"https:\/\/www.apfelpatient.de\/en\/wp-json\/wp\/v2\/tags?post=37336"}],"curies":[{"name":"wp","href":"https:\/\/api.w.org\/{rel}","templated":true}]}}