{"id":37322,"date":"2023-02-10T21:14:21","date_gmt":"2023-02-10T20:14:21","guid":{"rendered":"https:\/\/www.apfelpatient.de\/?p=37322"},"modified":"2023-02-10T21:14:21","modified_gmt":"2023-02-10T20:14:21","slug":"iphone-15-with-usb-c-apple-sticks-to-the-mfi-certification","status":"publish","type":"post","link":"https:\/\/www.apfelpatient.de\/en\/rumors\/iphone-15-mit-usb-c-haelt-apple-an-der-mfi-zertifizierung-fest","title":{"rendered":"iPhone 15 with USB-C: Will Apple stick to MFi certification?"},"content":{"rendered":"<p class=\"has-drop-cap\"><strong>The USB-C port of the iPhone 15 series and the associated charging cables are said to be equipped with a Lightning-type authentication chip, which could limit functionality with accessories not approved by Apple.<\/strong><\/p>\n\n\n\n<p>The latest rumor <a href=\"https:\/\/weibo.com\/u\/1833340431\" target=\"_blank\" rel=\"noreferrer noopener\">says<\/a>that Apple has developed its own USB-C variant for this year&#039;s iPhone 15. It comes from a user who claims to be an integrated circuit expert who worked on Intel&#039;s Pentium processors for 25 years. Integrated circuits (ICs) are semiconductor chips used to exchange information between devices. Since their introduction in 2012, MFi-certified Lightning ports and connectors have included a small IC that confirms the authenticity of the components involved in the connection. Non-MFi-certified third-party charging cables, for example, do not have this chip, which often leads to the &quot;This accessory is not supported&quot; warning on the connected Apple devices.<\/p>\n\n\n\n<h3 class=\"wp-block-heading\" id=\"h-apple-will-das-geschaft-mit-mfi-zertifizierten-peripheriegerate-nicht-aufgeben\">Apple does not want to give up the business with MFi-certified peripherals<\/h3>\n\n\n\n<p>The authentication chip allows Apple to encourage customers to buy genuine iPhone accessories and receive a commission on MFi-certified accessories. But this also helps Apple crack down on counterfeit and potentially dangerous accessories. The latest rumor says that Apple has developed a similar IC for the USB-C ports on the iPhone 15 and iPhone 15 Pro, and probably for the charging cables as well. The new IC is expected to be used not only for the iPhone 15 but also for new MFi-certified peripherals. It is worth noting that the USB-C interface that Apple currently uses in the 10th generation iPad, iPad mini, iPad Air, and iPad Pro does not contain an IC chip for authentication.<\/p>\n\n\n\n<h3 class=\"wp-block-heading\">Faster transfer speeds are reserved for the iPhone 15 Pro models<\/h3>\n\n\n\n\n\n\n\n<p>It is unclear whether this addition will have a major impact on the functionality of the new devices. It is possible that Apple will limit features such as fast charging and high-speed data transfer to Apple and MFi-certified cables. According to Apple analyst Ming-Chi Kuo, the USB-C port on the iPhone 15 and iPhone 15 Plus will be limited to USB 2.0 speeds - just like Lightning. Only the iPhone 15 Pro and iPhone 15 Pro Max models are expected to receive faster transfer speeds. So the only major difference between Lightning and USB-C on the standard iPhone 15 models could simply be the physical shape of the port. (Photo by yalcin.sonat \/ Bigstockphoto)<\/p>\n\n\n\n<ul class=\"wp-block-list\">\n<li><a href=\"https:\/\/www.apfelpatient.de\/en\/rumors\/iphone-15-pro-display-could-become-significantly-brighter\">iPhone 15 Pro: Display could be significantly brighter<\/a><\/li>\n<\/ul>\n\n\n\n<h6 class=\"wp-block-heading translation-block\" id=\"h-kennt-ihr-schon-unsere-amazon-storefront-dort-findet-ihr-eine-handverlesene-auswahl-von-diversen-produkten-f-r-euer-iphone-und-co-viel-spa-beim-st-bern\"><em>Have you already visited our Amazon Storefront? There you&#039;ll find a hand-picked selection of various products for your iPhone and other devices \u2013 <span class=\"has-inline-color has-vivid-red-color\"><a href=\"https:\/\/www.amazon.de\/shop\/apfelpatientofficial\" class=\"ek-link\" data-wpel-link=\"exclude\" rel=\"follow noopener\" target=\"_self\"><span style=\"text-decoration: underline\" class=\"ek-underline\">enjoy browsing<\/span><\/a> !<\/span><\/em><\/h6>\n\n\n\n<h6 class=\"wp-block-heading translation-block\" id=\"h-der-beitrag-enthalt-partnerlinks\">This post contains <a data-type=\"URL\" data-id=\"https:\/\/www.apfelpatient.de\/partnerprogramm\" href=\"https:\/\/www.apfelpatient.de\/en\/partner-program\" data-wpel-link=\"internal\" target=\"_self\">affiliate links<\/a>.<\/h6>","protected":false},"excerpt":{"rendered":"<p>The USB-C port of the iPhone 15 series and the associated charging cables are said to be equipped with a Lightning type chip.<\/p>","protected":false},"author":2,"featured_media":37316,"comment_status":"closed","ping_status":"closed","sticky":false,"template":"","format":"standard","meta":{"jnews-multi-image_gallery":[],"jnews_single_post":{"subtitle":"","format":"standard","video":"","gallery":"","source_name":"","source_url":"","via_name":"","via_url":"","override":[{"single_blog_custom":"","sidebar":"","second_sidebar":"","share_position":"","share_float_style":"","post_date_format":"","post_date_format_custom":"","post_reading_time_wpm":"","zoom_button_out_step":"1","zoom_button_in_step":"1","number_popup_post":"1"}],"image_override":[{"single_post_thumbnail_size":"","single_post_gallery_size":""}],"trending_post_position":"","trending_post_label":"","sponsored_post_label":"","sponsored_post_name":"","sponsored_post_url":"","sponsored_post_logo":"","sponsored_post_desc":""},"jnews_primary_category":{"id":"25"},"footnotes":""},"categories":[25],"tags":[8,689,579],"class_list":["post-37322","post","type-post","status-publish","format-standard","has-post-thumbnail","hentry","category-rumors","tag-iphone","tag-iphone-15","tag-iphone-2023"],"yoast_head":"<!-- This site is optimized with the Yoast SEO Premium plugin v27.5 (Yoast SEO v27.5) - https:\/\/yoast.com\/product\/yoast-seo-premium-wordpress\/ -->\n<title>iPhone 15 mit USB-C: H\u00e4lt Apple an der MFi-Zertifizierung fest?<\/title>\n<meta name=\"description\" content=\"Der USB-C-Anschluss der iPhone 15 Reihe sowie die dazugeh\u00f6rigen Ladekabel sollen mit einem Chip vom Typ Lightning ausgestattet sein.\" \/>\n<meta name=\"robots\" content=\"index, follow, max-snippet:-1, max-image-preview:large, max-video-preview:-1\" \/>\n<link rel=\"canonical\" href=\"https:\/\/www.apfelpatient.de\/en\/rumors\/iphone-15-with-usb-c-apple-sticks-to-the-mfi-certification\" \/>\n<meta property=\"og:locale\" content=\"en_US\" \/>\n<meta property=\"og:type\" content=\"article\" \/>\n<meta property=\"og:title\" content=\"iPhone 15 mit USB-C: H\u00e4lt Apple an der MFi-Zertifizierung fest?\" \/>\n<meta property=\"og:description\" content=\"Der USB-C-Anschluss der iPhone 15 Reihe sowie die dazugeh\u00f6rigen Ladekabel sollen mit einem Chip vom Typ Lightning ausgestattet sein.\" \/>\n<meta property=\"og:url\" content=\"https:\/\/www.apfelpatient.de\/en\/rumors\/iphone-15-with-usb-c-apple-sticks-to-the-mfi-certification\" \/>\n<meta property=\"og:site_name\" content=\"Apfelpatient\" \/>\n<meta property=\"article:publisher\" content=\"https:\/\/www.facebook.com\/apfelpatientOfficial\" \/>\n<meta property=\"article:author\" content=\"https:\/\/www.facebook.com\/apfelpatientOfficial\" \/>\n<meta property=\"article:published_time\" content=\"2023-02-10T20:14:21+00:00\" \/>\n<meta property=\"og:image\" content=\"https:\/\/www.apfelpatient.de\/wp-content\/uploads\/2023\/02\/bigstock-Antalya-Turkey-June-456160457.jpg\" \/>\n\t<meta property=\"og:image:width\" content=\"1600\" \/>\n\t<meta property=\"og:image:height\" content=\"1067\" \/>\n\t<meta property=\"og:image:type\" content=\"image\/jpeg\" \/>\n<meta name=\"author\" content=\"Milan\" \/>\n<meta name=\"twitter:card\" content=\"summary_large_image\" \/>\n<meta name=\"twitter:description\" content=\"Der USB-C-Anschluss der iPhone 15 Reihe sowie die dazugeh\u00f6rigen Ladekabel sollen mit einem Chip vom Typ Lightning ausgestattet sein.\" \/>\n<meta name=\"twitter:label1\" content=\"Written by\" \/>\n\t<meta name=\"twitter:data1\" content=\"Milan\" \/>\n\t<meta name=\"twitter:label2\" content=\"Est. reading time\" \/>\n\t<meta name=\"twitter:data2\" content=\"3 minutes\" \/>\n<script type=\"application\/ld+json\" class=\"yoast-schema-graph\">{\"@context\":\"https:\\\/\\\/schema.org\",\"@graph\":[{\"@type\":\"NewsArticle\",\"@id\":\"https:\\\/\\\/www.apfelpatient.de\\\/rumors\\\/iphone-15-mit-usb-c-haelt-apple-an-der-mfi-zertifizierung-fest#article\",\"isPartOf\":{\"@id\":\"https:\\\/\\\/www.apfelpatient.de\\\/rumors\\\/iphone-15-mit-usb-c-haelt-apple-an-der-mfi-zertifizierung-fest\"},\"author\":{\"@type\":\"Organization\",\"@id\":\"https:\\\/\\\/www.apfelpatient.de\\\/en\\\/#organization\",\"name\":\"Apfelpatient\",\"url\":\"https:\\\/\\\/www.apfelpatient.de\\\/en\\\/\"},\"headline\":\"iPhone 15 mit USB-C: H\u00e4lt Apple an der MFi-Zertifizierung fest?\",\"datePublished\":\"2023-02-10T20:14:21+00:00\",\"mainEntityOfPage\":{\"@id\":\"https:\\\/\\\/www.apfelpatient.de\\\/rumors\\\/iphone-15-mit-usb-c-haelt-apple-an-der-mfi-zertifizierung-fest\"},\"wordCount\":407,\"publisher\":{\"@type\":\"Organization\",\"@id\":\"https:\\\/\\\/www.apfelpatient.de\\\/en\\\/#organization\",\"name\":\"Apfelpatient\",\"url\":\"https:\\\/\\\/www.apfelpatient.de\\\/en\\\/\"},\"image\":{\"@id\":\"https:\\\/\\\/www.apfelpatient.de\\\/rumors\\\/iphone-15-mit-usb-c-haelt-apple-an-der-mfi-zertifizierung-fest#primaryimage\"},\"thumbnailUrl\":\"https:\\\/\\\/www.apfelpatient.de\\\/wp-content\\\/uploads\\\/2023\\\/02\\\/bigstock-Antalya-Turkey-June-456160457.jpg\",\"keywords\":[\"iPhone\",\"iPhone 15\",\"iPhone 2023\"],\"articleSection\":\"Rumors\",\"inLanguage\":\"en-US\",\"copyrightYear\":\"2023\",\"copyrightHolder\":{\"@id\":\"https:\\\/\\\/www.apfelpatient.de\\\/en\\\/#organization\"}},{\"@type\":\"WebPage\",\"@id\":\"https:\\\/\\\/www.apfelpatient.de\\\/rumors\\\/iphone-15-mit-usb-c-haelt-apple-an-der-mfi-zertifizierung-fest\",\"url\":\"https:\\\/\\\/www.apfelpatient.de\\\/rumors\\\/iphone-15-mit-usb-c-haelt-apple-an-der-mfi-zertifizierung-fest\",\"name\":\"iPhone 15 mit USB-C: H\u00e4lt Apple an der MFi-Zertifizierung fest?\",\"isPartOf\":{\"@id\":\"https:\\\/\\\/www.apfelpatient.de\\\/#website\"},\"primaryImageOfPage\":{\"@id\":\"https:\\\/\\\/www.apfelpatient.de\\\/rumors\\\/iphone-15-mit-usb-c-haelt-apple-an-der-mfi-zertifizierung-fest#primaryimage\"},\"image\":{\"@id\":\"https:\\\/\\\/www.apfelpatient.de\\\/rumors\\\/iphone-15-mit-usb-c-haelt-apple-an-der-mfi-zertifizierung-fest#primaryimage\"},\"thumbnailUrl\":\"https:\\\/\\\/www.apfelpatient.de\\\/wp-content\\\/uploads\\\/2023\\\/02\\\/bigstock-Antalya-Turkey-June-456160457.jpg\",\"datePublished\":\"2023-02-10T20:14:21+00:00\",\"description\":\"Der USB-C-Anschluss der iPhone 15 Reihe sowie die dazugeh\u00f6rigen Ladekabel sollen mit einem Chip vom Typ Lightning ausgestattet sein.\",\"breadcrumb\":{\"@id\":\"https:\\\/\\\/www.apfelpatient.de\\\/rumors\\\/iphone-15-mit-usb-c-haelt-apple-an-der-mfi-zertifizierung-fest#breadcrumb\"},\"inLanguage\":\"en-US\",\"potentialAction\":[{\"@type\":\"ReadAction\",\"target\":[\"https:\\\/\\\/www.apfelpatient.de\\\/rumors\\\/iphone-15-mit-usb-c-haelt-apple-an-der-mfi-zertifizierung-fest\"]}]},{\"@type\":\"ImageObject\",\"inLanguage\":\"en-US\",\"@id\":\"https:\\\/\\\/www.apfelpatient.de\\\/rumors\\\/iphone-15-mit-usb-c-haelt-apple-an-der-mfi-zertifizierung-fest#primaryimage\",\"url\":\"https:\\\/\\\/www.apfelpatient.de\\\/wp-content\\\/uploads\\\/2023\\\/02\\\/bigstock-Antalya-Turkey-June-456160457.jpg\",\"contentUrl\":\"https:\\\/\\\/www.apfelpatient.de\\\/wp-content\\\/uploads\\\/2023\\\/02\\\/bigstock-Antalya-Turkey-June-456160457.jpg\",\"width\":1600,\"height\":1067,\"caption\":\"Antalya, TURKEY - June 10, 2022. Apple Iphone 13 Pro and Usb-c or Type-C Wired Charger. EU is forcing all devices to use Usb-c or Type-C\"},{\"@type\":\"BreadcrumbList\",\"@id\":\"https:\\\/\\\/www.apfelpatient.de\\\/rumors\\\/iphone-15-mit-usb-c-haelt-apple-an-der-mfi-zertifizierung-fest#breadcrumb\",\"itemListElement\":[{\"@type\":\"ListItem\",\"position\":1,\"name\":\"Startseite\",\"item\":\"https:\\\/\\\/www.apfelpatient.de\\\/\"},{\"@type\":\"ListItem\",\"position\":2,\"name\":\"iPhone 15 mit USB-C: H\u00e4lt Apple an der MFi-Zertifizierung fest?\"}]},{\"@type\":\"WebSite\",\"@id\":\"https:\\\/\\\/www.apfelpatient.de\\\/#website\",\"url\":\"https:\\\/\\\/www.apfelpatient.de\\\/\",\"name\":\"Apfelpatient\",\"description\":\"Alles rund um Apple!\",\"publisher\":{\"@type\":\"Organization\",\"@id\":\"https:\\\/\\\/www.apfelpatient.de\\\/en\\\/#organization\",\"name\":\"Apfelpatient\",\"url\":\"https:\\\/\\\/www.apfelpatient.de\\\/en\\\/\"},\"alternateName\":\"Apfelpatient\",\"potentialAction\":[{\"@type\":\"SearchAction\",\"target\":{\"@type\":\"EntryPoint\",\"urlTemplate\":\"https:\\\/\\\/www.apfelpatient.de\\\/?s={search_term_string}\"},\"query-input\":{\"@type\":\"PropertyValueSpecification\",\"valueRequired\":true,\"valueName\":\"search_term_string\"}}],\"inLanguage\":\"en-US\"},{\"@type\":[\"Person\",\"Organization\"],\"@id\":\"https:\\\/\\\/www.apfelpatient.de\\\/#\\\/schema\\\/person\\\/35b3ddba5832f2bfc7fff5206d4f6b7b\",\"name\":\"Milan\",\"logo\":{\"@id\":\"https:\\\/\\\/www.apfelpatient.de\\\/#\\\/schema\\\/person\\\/image\\\/\"},\"description\":\"Hallo und herzlich willkommen auf meinem Technik-Blog! Als gro\u00dfer Apple-Fan berichte ich hier \u00fcber alles, was mit Apple zu tun hat: von den neuesten News und spannenden Ger\u00fcchten \u00fcber hilfreiche Tipps und Tricks bis hin zu ausf\u00fchrlichen Produkttests. Wenn du genauso technikbegeistert bist wie ich, bist du hier genau richtig!\",\"sameAs\":[\"https:\\\/\\\/www.facebook.com\\\/apfelpatientOfficial\",\"https:\\\/\\\/www.linkedin.com\\\/in\\\/milan-jovicic-42aa0231b\"],\"url\":\"https:\\\/\\\/www.apfelpatient.de\\\/en\\\/author\\\/apfeladmin\"}]}<\/script>\n<!-- \/ Yoast SEO Premium plugin. -->","yoast_head_json":{"title":"iPhone 15 with USB-C: Will Apple stick to MFi certification?","description":"The USB-C port of the iPhone 15 series and the associated charging cables are said to be equipped with a Lightning type chip.","robots":{"index":"index","follow":"follow","max-snippet":"max-snippet:-1","max-image-preview":"max-image-preview:large","max-video-preview":"max-video-preview:-1"},"canonical":"https:\/\/www.apfelpatient.de\/en\/rumors\/iphone-15-with-usb-c-apple-sticks-to-the-mfi-certification","og_locale":"en_US","og_type":"article","og_title":"iPhone 15 mit USB-C: H\u00e4lt Apple an der MFi-Zertifizierung fest?","og_description":"Der USB-C-Anschluss der iPhone 15 Reihe sowie die dazugeh\u00f6rigen Ladekabel sollen mit einem Chip vom Typ Lightning ausgestattet sein.","og_url":"https:\/\/www.apfelpatient.de\/en\/rumors\/iphone-15-with-usb-c-apple-sticks-to-the-mfi-certification","og_site_name":"Apfelpatient","article_publisher":"https:\/\/www.facebook.com\/apfelpatientOfficial","article_author":"https:\/\/www.facebook.com\/apfelpatientOfficial","article_published_time":"2023-02-10T20:14:21+00:00","og_image":[{"width":1600,"height":1067,"url":"https:\/\/www.apfelpatient.de\/wp-content\/uploads\/2023\/02\/bigstock-Antalya-Turkey-June-456160457.jpg","type":"image\/jpeg"}],"author":"Milan","twitter_card":"summary_large_image","twitter_description":"Der USB-C-Anschluss der iPhone 15 Reihe sowie die dazugeh\u00f6rigen Ladekabel sollen mit einem Chip vom Typ Lightning ausgestattet sein.","twitter_misc":{"Written by":"Milan","Est. reading time":"3 minutes"},"schema":{"@context":"https:\/\/schema.org","@graph":[{"@type":"NewsArticle","@id":"https:\/\/www.apfelpatient.de\/rumors\/iphone-15-mit-usb-c-haelt-apple-an-der-mfi-zertifizierung-fest#article","isPartOf":{"@id":"https:\/\/www.apfelpatient.de\/rumors\/iphone-15-mit-usb-c-haelt-apple-an-der-mfi-zertifizierung-fest"},"author":{"@type":"Organization","@id":"https:\/\/www.apfelpatient.de\/en\/#organization","name":"Apfelpatient","url":"https:\/\/www.apfelpatient.de\/en\/"},"headline":"iPhone 15 mit USB-C: H\u00e4lt Apple an der MFi-Zertifizierung fest?","datePublished":"2023-02-10T20:14:21+00:00","mainEntityOfPage":{"@id":"https:\/\/www.apfelpatient.de\/rumors\/iphone-15-mit-usb-c-haelt-apple-an-der-mfi-zertifizierung-fest"},"wordCount":407,"publisher":{"@type":"Organization","@id":"https:\/\/www.apfelpatient.de\/en\/#organization","name":"Apfelpatient","url":"https:\/\/www.apfelpatient.de\/en\/"},"image":{"@id":"https:\/\/www.apfelpatient.de\/rumors\/iphone-15-mit-usb-c-haelt-apple-an-der-mfi-zertifizierung-fest#primaryimage"},"thumbnailUrl":"https:\/\/www.apfelpatient.de\/wp-content\/uploads\/2023\/02\/bigstock-Antalya-Turkey-June-456160457.jpg","keywords":["iPhone","iPhone 15","iPhone 2023"],"articleSection":"Rumors","inLanguage":"en-US","copyrightYear":"2023","copyrightHolder":{"@id":"https:\/\/www.apfelpatient.de\/en\/#organization"}},{"@type":"WebPage","@id":"https:\/\/www.apfelpatient.de\/rumors\/iphone-15-mit-usb-c-haelt-apple-an-der-mfi-zertifizierung-fest","url":"https:\/\/www.apfelpatient.de\/rumors\/iphone-15-mit-usb-c-haelt-apple-an-der-mfi-zertifizierung-fest","name":"iPhone 15 with USB-C: Will Apple stick to MFi certification?","isPartOf":{"@id":"https:\/\/www.apfelpatient.de\/#website"},"primaryImageOfPage":{"@id":"https:\/\/www.apfelpatient.de\/rumors\/iphone-15-mit-usb-c-haelt-apple-an-der-mfi-zertifizierung-fest#primaryimage"},"image":{"@id":"https:\/\/www.apfelpatient.de\/rumors\/iphone-15-mit-usb-c-haelt-apple-an-der-mfi-zertifizierung-fest#primaryimage"},"thumbnailUrl":"https:\/\/www.apfelpatient.de\/wp-content\/uploads\/2023\/02\/bigstock-Antalya-Turkey-June-456160457.jpg","datePublished":"2023-02-10T20:14:21+00:00","description":"The USB-C port of the iPhone 15 series and the associated charging cables are said to be equipped with a Lightning type chip.","breadcrumb":{"@id":"https:\/\/www.apfelpatient.de\/rumors\/iphone-15-mit-usb-c-haelt-apple-an-der-mfi-zertifizierung-fest#breadcrumb"},"inLanguage":"en-US","potentialAction":[{"@type":"ReadAction","target":["https:\/\/www.apfelpatient.de\/rumors\/iphone-15-mit-usb-c-haelt-apple-an-der-mfi-zertifizierung-fest"]}]},{"@type":"ImageObject","inLanguage":"en-US","@id":"https:\/\/www.apfelpatient.de\/rumors\/iphone-15-mit-usb-c-haelt-apple-an-der-mfi-zertifizierung-fest#primaryimage","url":"https:\/\/www.apfelpatient.de\/wp-content\/uploads\/2023\/02\/bigstock-Antalya-Turkey-June-456160457.jpg","contentUrl":"https:\/\/www.apfelpatient.de\/wp-content\/uploads\/2023\/02\/bigstock-Antalya-Turkey-June-456160457.jpg","width":1600,"height":1067,"caption":"Antalya, TURKEY - June 10, 2022. Apple Iphone 13 Pro and Usb-c or Type-C Wired Charger. EU is forcing all devices to use Usb-c or Type-C"},{"@type":"BreadcrumbList","@id":"https:\/\/www.apfelpatient.de\/rumors\/iphone-15-mit-usb-c-haelt-apple-an-der-mfi-zertifizierung-fest#breadcrumb","itemListElement":[{"@type":"ListItem","position":1,"name":"Startseite","item":"https:\/\/www.apfelpatient.de\/"},{"@type":"ListItem","position":2,"name":"iPhone 15 mit USB-C: H\u00e4lt Apple an der MFi-Zertifizierung fest?"}]},{"@type":"WebSite","@id":"https:\/\/www.apfelpatient.de\/#website","url":"https:\/\/www.apfelpatient.de\/","name":"apple patient","description":"Everything about Apple!","publisher":{"@type":"Organization","@id":"https:\/\/www.apfelpatient.de\/en\/#organization","name":"Apfelpatient","url":"https:\/\/www.apfelpatient.de\/en\/"},"alternateName":"Apfelpatient","potentialAction":[{"@type":"SearchAction","target":{"@type":"EntryPoint","urlTemplate":"https:\/\/www.apfelpatient.de\/?s={search_term_string}"},"query-input":{"@type":"PropertyValueSpecification","valueRequired":true,"valueName":"search_term_string"}}],"inLanguage":"en-US"},{"@type":["Person","Organization"],"@id":"https:\/\/www.apfelpatient.de\/#\/schema\/person\/35b3ddba5832f2bfc7fff5206d4f6b7b","name":"Milan","logo":{"@id":"https:\/\/www.apfelpatient.de\/#\/schema\/person\/image\/"},"description":"Hello and welcome to my technology blog! As a big Apple fan, I report on everything to do with Apple: from the latest news and exciting rumors to helpful tips and tricks and detailed product tests. If you are as enthusiastic about technology as I am, you have come to the right place!","sameAs":["https:\/\/www.facebook.com\/apfelpatientOfficial","https:\/\/www.linkedin.com\/in\/milan-jovicic-42aa0231b"],"url":"https:\/\/www.apfelpatient.de\/en\/author\/apfeladmin"}]}},"_links":{"self":[{"href":"https:\/\/www.apfelpatient.de\/en\/wp-json\/wp\/v2\/posts\/37322","targetHints":{"allow":["GET"]}}],"collection":[{"href":"https:\/\/www.apfelpatient.de\/en\/wp-json\/wp\/v2\/posts"}],"about":[{"href":"https:\/\/www.apfelpatient.de\/en\/wp-json\/wp\/v2\/types\/post"}],"author":[{"embeddable":true,"href":"https:\/\/www.apfelpatient.de\/en\/wp-json\/wp\/v2\/users\/2"}],"replies":[{"embeddable":true,"href":"https:\/\/www.apfelpatient.de\/en\/wp-json\/wp\/v2\/comments?post=37322"}],"version-history":[{"count":0,"href":"https:\/\/www.apfelpatient.de\/en\/wp-json\/wp\/v2\/posts\/37322\/revisions"}],"wp:featuredmedia":[{"embeddable":true,"href":"https:\/\/www.apfelpatient.de\/en\/wp-json\/wp\/v2\/media\/37316"}],"wp:attachment":[{"href":"https:\/\/www.apfelpatient.de\/en\/wp-json\/wp\/v2\/media?parent=37322"}],"wp:term":[{"taxonomy":"category","embeddable":true,"href":"https:\/\/www.apfelpatient.de\/en\/wp-json\/wp\/v2\/categories?post=37322"},{"taxonomy":"post_tag","embeddable":true,"href":"https:\/\/www.apfelpatient.de\/en\/wp-json\/wp\/v2\/tags?post=37322"}],"curies":[{"name":"wp","href":"https:\/\/api.w.org\/{rel}","templated":true}]}}