{"id":3728,"date":"2019-03-13T18:21:32","date_gmt":"2019-03-13T17:21:32","guid":{"rendered":"https:\/\/www.apfelpatient.de\/?p=3728"},"modified":"2019-03-13T18:21:32","modified_gmt":"2019-03-13T17:21:32","slug":"apple-keynote-allegedly-plans-a-third-ipad-model","status":"publish","type":"post","link":"https:\/\/www.apfelpatient.de\/en\/rumors\/apple-keynote-angeblich-plant-apple-ein-drittes-ipad-modell","title":{"rendered":"Apple Keynote: Apple is reportedly planning a third iPad model"},"content":{"rendered":"<p><strong>The rumors surrounding a new 7th generation iPad and an iPad mini 5 are not abating. Now a new report has surfaced that Apple is planning to introduce another and as yet completely unknown iPad model.<\/strong><\/p>\n<p class=\"p1\"><\/p>\n<p>While Apple updates the iPad Pro models every autumn, the entry-level 9.7&quot; iPad has already been refreshed twice in a row in March. There has been a lot of speculation about the features of the entry-level tablet - ultimately, only the interior is to be refreshed. A new iPad mini 5 is also expected - this should not differ externally from its predecessor. Now the portal CoinX claims to have learned that Apple has a third iPad model in store and wants to present it on the same day. The previously unknown device is to take the place between the entry-level tablet and the iPad Pro with a 10.5&quot; display - according to the report.<\/p>\n<p><strong>Delayed market launch<\/strong><\/p>\n<p>In the past, it was suspected that Apple wanted to give the cheaper iPad model a larger display - but this was denied by several sources. According to the portal, the third iPad model will not go on sale at the same time as the other two devices. The reason for this is not known. Further details about the equipment have not yet been leaked. Whether CoinX will be right in the end remains to be seen, of course. Due to the fact that the portal has already been correct in the past with leaks about the iPad Pro, this statement is being taken very seriously.<\/p>\n<h6><a href=\"https:\/\/t.me\/apfelpatient_official\"><em><strong>Don&#039;t want to miss any more news? Then subscribe to our Telegram channel here<\/strong><\/em><\/a><\/h6>","protected":false},"excerpt":{"rendered":"<p>Die Ger\u00fcchte rund um ein neues iPad der 7. Generation und ein iPad mini 5 nehmen nicht ab. Nun ist ein neuer Bericht aufgetaucht, wonach Apple die Vorstellung eines weiteren und bislang v\u00f6llig unbekannten iPad Modells plane. W\u00e4hrend Apple die iPad Pro Modelle j\u00e4hrlich im Herbst aktualisiert, wurde das Einsteiger-iPad mit 9,7\u2033 bereits zweimal in [&hellip;]<\/p>\n","protected":false},"author":2,"featured_media":3314,"comment_status":"closed","ping_status":"open","sticky":false,"template":"","format":"standard","meta":{"jnews-multi-image_gallery":[],"jnews_single_post":[],"jnews_primary_category":[],"footnotes":""},"categories":[25],"tags":[112,18,196,236,197],"class_list":["post-3728","post","type-post","status-publish","format-standard","has-post-thumbnail","hentry","category-rumors","tag-apple-keynote","tag-ipad","tag-ipad-2019","tag-ipad-7","tag-ipad-mini-5"],"yoast_head":"<!-- This site is optimized with the Yoast SEO Premium plugin v27.5 (Yoast SEO v27.5) - https:\/\/yoast.com\/product\/yoast-seo-premium-wordpress\/ -->\n<title>Apple Keynote: Angeblich plant Apple ein drittes iPad Modell Apfelpatient<\/title>\n<meta name=\"description\" content=\"- Die Ger\u00fcchte rund um ein neues iPad der 7. Generation und ein iPad mini 5 nehmen nicht ab. Nun ist ein neuer Bericht aufgetaucht, wonach Apple die Vorstellung eines weiteren und bislang v\u00f6llig unbekannten iPad Modells plane.\" \/>\n<meta name=\"robots\" content=\"index, follow, max-snippet:-1, max-image-preview:large, max-video-preview:-1\" \/>\n<link rel=\"canonical\" href=\"https:\/\/www.apfelpatient.de\/en\/rumors\/apple-keynote-allegedly-plans-a-third-ipad-model\" \/>\n<meta property=\"og:locale\" content=\"en_US\" \/>\n<meta property=\"og:type\" content=\"article\" \/>\n<meta property=\"og:title\" content=\"Apple Keynote: Angeblich plant Apple ein drittes iPad Modell\" \/>\n<meta property=\"og:description\" content=\"- Die Ger\u00fcchte rund um ein neues iPad der 7. Generation und ein iPad mini 5 nehmen nicht ab. Nun ist ein neuer Bericht aufgetaucht, wonach Apple die Vorstellung eines weiteren und bislang v\u00f6llig unbekannten iPad Modells plane.\" \/>\n<meta property=\"og:url\" content=\"https:\/\/www.apfelpatient.de\/en\/rumors\/apple-keynote-allegedly-plans-a-third-ipad-model\" \/>\n<meta property=\"og:site_name\" content=\"Apfelpatient\" \/>\n<meta property=\"article:publisher\" content=\"https:\/\/www.facebook.com\/apfelpatientOfficial\" \/>\n<meta property=\"article:author\" content=\"https:\/\/www.facebook.com\/apfelpatientOfficial\" \/>\n<meta property=\"article:published_time\" content=\"2019-03-13T17:21:32+00:00\" \/>\n<meta property=\"og:image\" content=\"https:\/\/www.apfelpatient.de\/wp-content\/uploads\/2019\/01\/william-iven-5895-unsplash.jpg\" \/>\n\t<meta property=\"og:image:width\" content=\"4288\" \/>\n\t<meta property=\"og:image:height\" content=\"2848\" \/>\n\t<meta property=\"og:image:type\" content=\"image\/jpeg\" \/>\n<meta name=\"author\" content=\"Milan\" \/>\n<meta name=\"twitter:card\" content=\"summary_large_image\" \/>\n<meta name=\"twitter:label1\" content=\"Written by\" \/>\n\t<meta name=\"twitter:data1\" content=\"Milan\" \/>\n\t<meta name=\"twitter:label2\" content=\"Est. reading time\" \/>\n\t<meta name=\"twitter:data2\" content=\"1 minute\" \/>\n<script type=\"application\/ld+json\" class=\"yoast-schema-graph\">{\"@context\":\"https:\\\/\\\/schema.org\",\"@graph\":[{\"@type\":\"NewsArticle\",\"@id\":\"https:\\\/\\\/www.apfelpatient.de\\\/rumors\\\/apple-keynote-angeblich-plant-apple-ein-drittes-ipad-modell#article\",\"isPartOf\":{\"@id\":\"https:\\\/\\\/www.apfelpatient.de\\\/rumors\\\/apple-keynote-angeblich-plant-apple-ein-drittes-ipad-modell\"},\"author\":{\"@type\":\"Organization\",\"@id\":\"https:\\\/\\\/www.apfelpatient.de\\\/en\\\/#organization\",\"name\":\"Apfelpatient\",\"url\":\"https:\\\/\\\/www.apfelpatient.de\\\/en\\\/\"},\"headline\":\"Apple Keynote: Angeblich plant Apple ein drittes iPad Modell\",\"datePublished\":\"2019-03-13T17:21:32+00:00\",\"mainEntityOfPage\":{\"@id\":\"https:\\\/\\\/www.apfelpatient.de\\\/rumors\\\/apple-keynote-angeblich-plant-apple-ein-drittes-ipad-modell\"},\"wordCount\":261,\"publisher\":{\"@type\":\"Organization\",\"@id\":\"https:\\\/\\\/www.apfelpatient.de\\\/en\\\/#organization\",\"name\":\"Apfelpatient\",\"url\":\"https:\\\/\\\/www.apfelpatient.de\\\/en\\\/\"},\"image\":{\"@id\":\"https:\\\/\\\/www.apfelpatient.de\\\/rumors\\\/apple-keynote-angeblich-plant-apple-ein-drittes-ipad-modell#primaryimage\"},\"thumbnailUrl\":\"https:\\\/\\\/www.apfelpatient.de\\\/wp-content\\\/uploads\\\/2019\\\/01\\\/william-iven-5895-unsplash.jpg\",\"keywords\":[\"Apple Keynote\",\"iPad\",\"iPad 2019\",\"iPad 7\",\"iPad Mini 5\"],\"articleSection\":\"Rumors\",\"inLanguage\":\"en-US\",\"copyrightYear\":\"2019\",\"copyrightHolder\":{\"@id\":\"https:\\\/\\\/www.apfelpatient.de\\\/en\\\/#organization\"}},{\"@type\":\"WebPage\",\"@id\":\"https:\\\/\\\/www.apfelpatient.de\\\/rumors\\\/apple-keynote-angeblich-plant-apple-ein-drittes-ipad-modell\",\"url\":\"https:\\\/\\\/www.apfelpatient.de\\\/rumors\\\/apple-keynote-angeblich-plant-apple-ein-drittes-ipad-modell\",\"name\":\"Apple Keynote: Angeblich plant Apple ein drittes iPad Modell Apfelpatient\",\"isPartOf\":{\"@id\":\"https:\\\/\\\/www.apfelpatient.de\\\/#website\"},\"primaryImageOfPage\":{\"@id\":\"https:\\\/\\\/www.apfelpatient.de\\\/rumors\\\/apple-keynote-angeblich-plant-apple-ein-drittes-ipad-modell#primaryimage\"},\"image\":{\"@id\":\"https:\\\/\\\/www.apfelpatient.de\\\/rumors\\\/apple-keynote-angeblich-plant-apple-ein-drittes-ipad-modell#primaryimage\"},\"thumbnailUrl\":\"https:\\\/\\\/www.apfelpatient.de\\\/wp-content\\\/uploads\\\/2019\\\/01\\\/william-iven-5895-unsplash.jpg\",\"datePublished\":\"2019-03-13T17:21:32+00:00\",\"description\":\"- Die Ger\u00fcchte rund um ein neues iPad der 7. Generation und ein iPad mini 5 nehmen nicht ab. Nun ist ein neuer Bericht aufgetaucht, wonach Apple die Vorstellung eines weiteren und bislang v\u00f6llig unbekannten iPad Modells plane.\",\"breadcrumb\":{\"@id\":\"https:\\\/\\\/www.apfelpatient.de\\\/rumors\\\/apple-keynote-angeblich-plant-apple-ein-drittes-ipad-modell#breadcrumb\"},\"inLanguage\":\"en-US\",\"potentialAction\":[{\"@type\":\"ReadAction\",\"target\":[\"https:\\\/\\\/www.apfelpatient.de\\\/rumors\\\/apple-keynote-angeblich-plant-apple-ein-drittes-ipad-modell\"]}]},{\"@type\":\"ImageObject\",\"inLanguage\":\"en-US\",\"@id\":\"https:\\\/\\\/www.apfelpatient.de\\\/rumors\\\/apple-keynote-angeblich-plant-apple-ein-drittes-ipad-modell#primaryimage\",\"url\":\"https:\\\/\\\/www.apfelpatient.de\\\/wp-content\\\/uploads\\\/2019\\\/01\\\/william-iven-5895-unsplash.jpg\",\"contentUrl\":\"https:\\\/\\\/www.apfelpatient.de\\\/wp-content\\\/uploads\\\/2019\\\/01\\\/william-iven-5895-unsplash.jpg\",\"width\":4288,\"height\":2848,\"caption\":\"Photo by Unsplash\"},{\"@type\":\"BreadcrumbList\",\"@id\":\"https:\\\/\\\/www.apfelpatient.de\\\/rumors\\\/apple-keynote-angeblich-plant-apple-ein-drittes-ipad-modell#breadcrumb\",\"itemListElement\":[{\"@type\":\"ListItem\",\"position\":1,\"name\":\"Startseite\",\"item\":\"https:\\\/\\\/www.apfelpatient.de\\\/\"},{\"@type\":\"ListItem\",\"position\":2,\"name\":\"Apple Keynote: Angeblich plant Apple ein drittes iPad Modell\"}]},{\"@type\":\"WebSite\",\"@id\":\"https:\\\/\\\/www.apfelpatient.de\\\/#website\",\"url\":\"https:\\\/\\\/www.apfelpatient.de\\\/\",\"name\":\"Apfelpatient\",\"description\":\"Alles rund um Apple!\",\"publisher\":{\"@type\":\"Organization\",\"@id\":\"https:\\\/\\\/www.apfelpatient.de\\\/en\\\/#organization\",\"name\":\"Apfelpatient\",\"url\":\"https:\\\/\\\/www.apfelpatient.de\\\/en\\\/\"},\"alternateName\":\"Apfelpatient\",\"potentialAction\":[{\"@type\":\"SearchAction\",\"target\":{\"@type\":\"EntryPoint\",\"urlTemplate\":\"https:\\\/\\\/www.apfelpatient.de\\\/?s={search_term_string}\"},\"query-input\":{\"@type\":\"PropertyValueSpecification\",\"valueRequired\":true,\"valueName\":\"search_term_string\"}}],\"inLanguage\":\"en-US\"},{\"@type\":[\"Person\",\"Organization\"],\"@id\":\"https:\\\/\\\/www.apfelpatient.de\\\/#\\\/schema\\\/person\\\/7dc56ad6c8e9824b76d2c08d4c140e13\",\"name\":\"Milan\",\"logo\":{\"@id\":\"https:\\\/\\\/www.apfelpatient.de\\\/#\\\/schema\\\/person\\\/image\\\/\"},\"description\":\"Hallo und herzlich willkommen auf meinem Technik-Blog! Als gro\u00dfer Apple-Fan berichte ich hier \u00fcber alles, was mit Apple zu tun hat: von den neuesten News und spannenden Ger\u00fcchten \u00fcber hilfreiche Tipps und Tricks bis hin zu ausf\u00fchrlichen Produkttests. Wenn du genauso technikbegeistert bist wie ich, bist du hier genau richtig!\",\"sameAs\":[\"https:\\\/\\\/www.facebook.com\\\/apfelpatientOfficial\",\"https:\\\/\\\/www.linkedin.com\\\/in\\\/milan-jovicic-42aa0231b\"],\"url\":\"https:\\\/\\\/www.apfelpatient.de\\\/en\\\/author\\\/apfeladmin\"}]}<\/script>\n<!-- \/ Yoast SEO Premium plugin. -->","yoast_head_json":{"title":"Apple Keynote: Apple is reportedly planning a third iPad model Apfelpatient","description":"- The rumors about a new 7th generation iPad and an iPad mini 5 are not abating. Now a new report has surfaced that Apple is planning to introduce another and as yet completely unknown iPad model.","robots":{"index":"index","follow":"follow","max-snippet":"max-snippet:-1","max-image-preview":"max-image-preview:large","max-video-preview":"max-video-preview:-1"},"canonical":"https:\/\/www.apfelpatient.de\/en\/rumors\/apple-keynote-allegedly-plans-a-third-ipad-model","og_locale":"en_US","og_type":"article","og_title":"Apple Keynote: Angeblich plant Apple ein drittes iPad Modell","og_description":"- Die Ger\u00fcchte rund um ein neues iPad der 7. Generation und ein iPad mini 5 nehmen nicht ab. Nun ist ein neuer Bericht aufgetaucht, wonach Apple die Vorstellung eines weiteren und bislang v\u00f6llig unbekannten iPad Modells plane.","og_url":"https:\/\/www.apfelpatient.de\/en\/rumors\/apple-keynote-allegedly-plans-a-third-ipad-model","og_site_name":"Apfelpatient","article_publisher":"https:\/\/www.facebook.com\/apfelpatientOfficial","article_author":"https:\/\/www.facebook.com\/apfelpatientOfficial","article_published_time":"2019-03-13T17:21:32+00:00","og_image":[{"width":4288,"height":2848,"url":"https:\/\/www.apfelpatient.de\/wp-content\/uploads\/2019\/01\/william-iven-5895-unsplash.jpg","type":"image\/jpeg"}],"author":"Milan","twitter_card":"summary_large_image","twitter_misc":{"Written by":"Milan","Est. reading time":"1 minute"},"schema":{"@context":"https:\/\/schema.org","@graph":[{"@type":"NewsArticle","@id":"https:\/\/www.apfelpatient.de\/rumors\/apple-keynote-angeblich-plant-apple-ein-drittes-ipad-modell#article","isPartOf":{"@id":"https:\/\/www.apfelpatient.de\/rumors\/apple-keynote-angeblich-plant-apple-ein-drittes-ipad-modell"},"author":{"@type":"Organization","@id":"https:\/\/www.apfelpatient.de\/en\/#organization","name":"Apfelpatient","url":"https:\/\/www.apfelpatient.de\/en\/"},"headline":"Apple Keynote: Angeblich plant Apple ein drittes iPad Modell","datePublished":"2019-03-13T17:21:32+00:00","mainEntityOfPage":{"@id":"https:\/\/www.apfelpatient.de\/rumors\/apple-keynote-angeblich-plant-apple-ein-drittes-ipad-modell"},"wordCount":261,"publisher":{"@type":"Organization","@id":"https:\/\/www.apfelpatient.de\/en\/#organization","name":"Apfelpatient","url":"https:\/\/www.apfelpatient.de\/en\/"},"image":{"@id":"https:\/\/www.apfelpatient.de\/rumors\/apple-keynote-angeblich-plant-apple-ein-drittes-ipad-modell#primaryimage"},"thumbnailUrl":"https:\/\/www.apfelpatient.de\/wp-content\/uploads\/2019\/01\/william-iven-5895-unsplash.jpg","keywords":["Apple Keynote","iPad","iPad 2019","iPad 7","iPad Mini 5"],"articleSection":"Rumors","inLanguage":"en-US","copyrightYear":"2019","copyrightHolder":{"@id":"https:\/\/www.apfelpatient.de\/en\/#organization"}},{"@type":"WebPage","@id":"https:\/\/www.apfelpatient.de\/rumors\/apple-keynote-angeblich-plant-apple-ein-drittes-ipad-modell","url":"https:\/\/www.apfelpatient.de\/rumors\/apple-keynote-angeblich-plant-apple-ein-drittes-ipad-modell","name":"Apple Keynote: Apple is reportedly planning a third iPad model Apfelpatient","isPartOf":{"@id":"https:\/\/www.apfelpatient.de\/#website"},"primaryImageOfPage":{"@id":"https:\/\/www.apfelpatient.de\/rumors\/apple-keynote-angeblich-plant-apple-ein-drittes-ipad-modell#primaryimage"},"image":{"@id":"https:\/\/www.apfelpatient.de\/rumors\/apple-keynote-angeblich-plant-apple-ein-drittes-ipad-modell#primaryimage"},"thumbnailUrl":"https:\/\/www.apfelpatient.de\/wp-content\/uploads\/2019\/01\/william-iven-5895-unsplash.jpg","datePublished":"2019-03-13T17:21:32+00:00","description":"- The rumors about a new 7th generation iPad and an iPad mini 5 are not abating. Now a new report has surfaced that Apple is planning to introduce another and as yet completely unknown iPad model.","breadcrumb":{"@id":"https:\/\/www.apfelpatient.de\/rumors\/apple-keynote-angeblich-plant-apple-ein-drittes-ipad-modell#breadcrumb"},"inLanguage":"en-US","potentialAction":[{"@type":"ReadAction","target":["https:\/\/www.apfelpatient.de\/rumors\/apple-keynote-angeblich-plant-apple-ein-drittes-ipad-modell"]}]},{"@type":"ImageObject","inLanguage":"en-US","@id":"https:\/\/www.apfelpatient.de\/rumors\/apple-keynote-angeblich-plant-apple-ein-drittes-ipad-modell#primaryimage","url":"https:\/\/www.apfelpatient.de\/wp-content\/uploads\/2019\/01\/william-iven-5895-unsplash.jpg","contentUrl":"https:\/\/www.apfelpatient.de\/wp-content\/uploads\/2019\/01\/william-iven-5895-unsplash.jpg","width":4288,"height":2848,"caption":"Photo by Unsplash"},{"@type":"BreadcrumbList","@id":"https:\/\/www.apfelpatient.de\/rumors\/apple-keynote-angeblich-plant-apple-ein-drittes-ipad-modell#breadcrumb","itemListElement":[{"@type":"ListItem","position":1,"name":"Startseite","item":"https:\/\/www.apfelpatient.de\/"},{"@type":"ListItem","position":2,"name":"Apple Keynote: Angeblich plant Apple ein drittes iPad Modell"}]},{"@type":"WebSite","@id":"https:\/\/www.apfelpatient.de\/#website","url":"https:\/\/www.apfelpatient.de\/","name":"apple patient","description":"Everything about Apple!","publisher":{"@type":"Organization","@id":"https:\/\/www.apfelpatient.de\/en\/#organization","name":"Apfelpatient","url":"https:\/\/www.apfelpatient.de\/en\/"},"alternateName":"Apfelpatient","potentialAction":[{"@type":"SearchAction","target":{"@type":"EntryPoint","urlTemplate":"https:\/\/www.apfelpatient.de\/?s={search_term_string}"},"query-input":{"@type":"PropertyValueSpecification","valueRequired":true,"valueName":"search_term_string"}}],"inLanguage":"en-US"},{"@type":["Person","Organization"],"@id":"https:\/\/www.apfelpatient.de\/#\/schema\/person\/7dc56ad6c8e9824b76d2c08d4c140e13","name":"Milan","logo":{"@id":"https:\/\/www.apfelpatient.de\/#\/schema\/person\/image\/"},"description":"Hello and welcome to my technology blog! As a big Apple fan, I report on everything to do with Apple: from the latest news and exciting rumors to helpful tips and tricks and detailed product tests. If you are as enthusiastic about technology as I am, you have come to the right place!","sameAs":["https:\/\/www.facebook.com\/apfelpatientOfficial","https:\/\/www.linkedin.com\/in\/milan-jovicic-42aa0231b"],"url":"https:\/\/www.apfelpatient.de\/en\/author\/apfeladmin"}]}},"_links":{"self":[{"href":"https:\/\/www.apfelpatient.de\/en\/wp-json\/wp\/v2\/posts\/3728","targetHints":{"allow":["GET"]}}],"collection":[{"href":"https:\/\/www.apfelpatient.de\/en\/wp-json\/wp\/v2\/posts"}],"about":[{"href":"https:\/\/www.apfelpatient.de\/en\/wp-json\/wp\/v2\/types\/post"}],"author":[{"embeddable":true,"href":"https:\/\/www.apfelpatient.de\/en\/wp-json\/wp\/v2\/users\/2"}],"replies":[{"embeddable":true,"href":"https:\/\/www.apfelpatient.de\/en\/wp-json\/wp\/v2\/comments?post=3728"}],"version-history":[{"count":0,"href":"https:\/\/www.apfelpatient.de\/en\/wp-json\/wp\/v2\/posts\/3728\/revisions"}],"wp:featuredmedia":[{"embeddable":true,"href":"https:\/\/www.apfelpatient.de\/en\/wp-json\/wp\/v2\/media\/3314"}],"wp:attachment":[{"href":"https:\/\/www.apfelpatient.de\/en\/wp-json\/wp\/v2\/media?parent=3728"}],"wp:term":[{"taxonomy":"category","embeddable":true,"href":"https:\/\/www.apfelpatient.de\/en\/wp-json\/wp\/v2\/categories?post=3728"},{"taxonomy":"post_tag","embeddable":true,"href":"https:\/\/www.apfelpatient.de\/en\/wp-json\/wp\/v2\/tags?post=3728"}],"curies":[{"name":"wp","href":"https:\/\/api.w.org\/{rel}","templated":true}]}}