{"id":37244,"date":"2023-02-05T18:10:56","date_gmt":"2023-02-05T17:10:56","guid":{"rendered":"https:\/\/www.apfelpatient.de\/?p=37244"},"modified":"2023-02-05T18:10:56","modified_gmt":"2023-02-05T17:10:56","slug":"new-mac-pro-could-herald-the-end-of-the-mac-studio","status":"publish","type":"post","link":"https:\/\/www.apfelpatient.de\/en\/rumors\/neuer-mac-pro-koennte-das-ende-des-mac-studio-einlaeuten","title":{"rendered":"New Mac Pro could herald the end of the Mac Studio"},"content":{"rendered":"<p class=\"has-drop-cap\"><strong>Updating the Mac Studio with an M2 Ultra may not happen soon, or at all, because of the Mac Pro.<\/strong><\/p>\n\n\n\n<p>After Apple launched the M2 Pro and M2 Max in January and improved the Mac mini, the Mac Studio is not necessarily being updated. With Apple desperate to launch a Mac Pro with Apple Silicon, it is suspected that the Mac Studio update with an M2 Ultra chip could be delayed or even canceled altogether. The new Mac Pro with Apple Silicon is expected to launch in the spring with the M2 Ultra chip. However, the prospect of two Macs with M2 Ultra could pose a problem for Apple, as one could cannibalize the other&#039;s sales.<\/p>\n\n\n\n<h3 class=\"wp-block-heading\" id=\"h-neuer-mac-pro-konnte-im-fruhjahr-angekundigt-werden\">New Mac Pro could be announced in spring<\/h3>\n\n\n\n\n\n\n\n<p>Mark Gurman writes in his \u201cPower On\u201d newsletter for <a href=\"https:\/\/www.bloomberg.com\/news\/newsletters\/2023-02-05\/is-an-iphone-ultra-or-iphone-fold-coming-from-apple-ceo-remarks-offer-clues-ldrhx53a\" target=\"_blank\" rel=\"noreferrer noopener\">Bloomberg<\/a>that the Mac Pro has a similar feature set to the Mac Studio and therefore it would &quot;make no sense&quot; for Apple to offer an M2 Ultra Mac Studio and an M2 Ultra Mac Pro at the same time.<\/p>\n\n\n\n<blockquote class=\"wp-block-quote is-layout-flow wp-block-quote-is-layout-flow\">\n<p>It&#039;s more likely that Apple will either never update the Mac Studio or wait until the M3 or M4 generation. Until then, Apple has the opportunity to better differentiate the Mac Studio from the Mac Pro.<\/p>\n<\/blockquote>\n\n\n\n<p>The Mac Pro was originally supposed to be equipped with an &quot;M2 Extreme&quot; chip, which combines two M2 Ultra chips in one piece of silicon, but was canceled in December due to alleged production problems. (Image: Apple)<\/p>\n\n\n\n<ul class=\"wp-block-list\">\n<li><a href=\"https:\/\/www.apfelpatient.de\/en\/rumors\/apple-is-working-on-a-foldable-205-macbook-with-a-full-screen\">Apple is working on a foldable 20.5\u2033 MacBook with a full screen<\/a><\/li>\n<\/ul>\n\n\n\n<h6 class=\"wp-block-heading translation-block\" id=\"h-kennt-ihr-schon-unsere-amazon-storefront-dort-findet-ihr-eine-handverlesene-auswahl-von-diversen-produkten-f-r-euer-iphone-und-co-viel-spa-beim-st-bern\"><em>Have you already visited our Amazon Storefront? There you&#039;ll find a hand-picked selection of various products for your iPhone and other devices \u2013 <span class=\"has-inline-color has-vivid-red-color\"><a href=\"https:\/\/www.amazon.de\/shop\/apfelpatientofficial\" class=\"ek-link\" data-wpel-link=\"exclude\" rel=\"follow noopener\" target=\"_self\"><span style=\"text-decoration: underline\" class=\"ek-underline\">enjoy browsing<\/span><\/a> !<\/span><\/em><\/h6>\n\n\n\n<h6 class=\"wp-block-heading translation-block\" id=\"h-der-beitrag-enthalt-partnerlinks\">This post contains <a data-type=\"URL\" data-id=\"https:\/\/www.apfelpatient.de\/partnerprogramm\" href=\"https:\/\/www.apfelpatient.de\/en\/partner-program\" data-wpel-link=\"internal\" target=\"_self\">affiliate links<\/a>.<\/h6>","protected":false},"excerpt":{"rendered":"<p>Updating the Mac Studio with an M2 Ultra may not happen soon, or at all, because of the Mac Pro.<\/p>","protected":false},"author":2,"featured_media":30604,"comment_status":"closed","ping_status":"closed","sticky":false,"template":"","format":"standard","meta":{"jnews-multi-image_gallery":[],"jnews_single_post":{"subtitle":"","format":"standard","video":"","gallery":"","source_name":"","source_url":"","via_name":"","via_url":"","override":[{"single_blog_custom":"","sidebar":"","second_sidebar":"","share_position":"","share_float_style":"","post_date_format":"","post_date_format_custom":"","post_reading_time_wpm":"","zoom_button_out_step":"1","zoom_button_in_step":"1","number_popup_post":"1"}],"image_override":[{"single_post_thumbnail_size":"","single_post_gallery_size":""}],"trending_post_position":"","trending_post_label":"","sponsored_post_label":"","sponsored_post_name":"","sponsored_post_url":"","sponsored_post_logo":"","sponsored_post_desc":""},"jnews_primary_category":{"id":"25"},"footnotes":""},"categories":[25],"tags":[40,234,704],"class_list":["post-37244","post","type-post","status-publish","format-standard","has-post-thumbnail","hentry","category-rumors","tag-mac","tag-mac-pro","tag-mac-studio"],"yoast_head":"<!-- This site is optimized with the Yoast SEO Premium plugin v27.5 (Yoast SEO v27.5) - https:\/\/yoast.com\/product\/yoast-seo-premium-wordpress\/ -->\n<title>Neuer Mac Pro k\u00f6nnte das Ende des Mac Studio einl\u00e4uten<\/title>\n<meta name=\"description\" content=\"Eine Aktualisierung des Mac Studio mit einem M2 Ultra wird aufgrund des Mac Pro m\u00f6glicherweise nicht so bald oder \u00fcberhaupt nicht stattfinden.\" \/>\n<meta name=\"robots\" content=\"index, follow, max-snippet:-1, max-image-preview:large, max-video-preview:-1\" \/>\n<link rel=\"canonical\" href=\"https:\/\/www.apfelpatient.de\/en\/rumors\/new-mac-pro-could-herald-the-end-of-the-mac-studio\" \/>\n<meta property=\"og:locale\" content=\"en_US\" \/>\n<meta property=\"og:type\" content=\"article\" \/>\n<meta property=\"og:title\" content=\"Neuer Mac Pro k\u00f6nnte das Ende des Mac Studio einl\u00e4uten\" \/>\n<meta property=\"og:description\" content=\"Eine Aktualisierung des Mac Studio mit einem M2 Ultra wird aufgrund des Mac Pro m\u00f6glicherweise nicht so bald oder \u00fcberhaupt nicht stattfinden.\" \/>\n<meta property=\"og:url\" content=\"https:\/\/www.apfelpatient.de\/en\/rumors\/new-mac-pro-could-herald-the-end-of-the-mac-studio\" \/>\n<meta property=\"og:site_name\" content=\"Apfelpatient\" \/>\n<meta property=\"article:publisher\" content=\"https:\/\/www.facebook.com\/apfelpatientOfficial\" \/>\n<meta property=\"article:author\" content=\"https:\/\/www.facebook.com\/apfelpatientOfficial\" \/>\n<meta property=\"article:published_time\" content=\"2023-02-05T17:10:56+00:00\" \/>\n<meta property=\"og:image\" content=\"https:\/\/www.apfelpatient.de\/wp-content\/uploads\/2022\/03\/Apple-Mac-Studio-front-220308.jpg\" \/>\n\t<meta property=\"og:image:width\" content=\"1600\" \/>\n\t<meta property=\"og:image:height\" content=\"1066\" \/>\n\t<meta property=\"og:image:type\" content=\"image\/jpeg\" \/>\n<meta name=\"author\" content=\"Milan\" \/>\n<meta name=\"twitter:card\" content=\"summary_large_image\" \/>\n<meta name=\"twitter:description\" content=\"Eine Aktualisierung des Mac Studio mit einem M2 Ultra wird aufgrund des Mac Pro m\u00f6glicherweise nicht so bald oder \u00fcberhaupt nicht stattfinden.\" \/>\n<meta name=\"twitter:label1\" content=\"Written by\" \/>\n\t<meta name=\"twitter:data1\" content=\"Milan\" \/>\n\t<meta name=\"twitter:label2\" content=\"Est. reading time\" \/>\n\t<meta name=\"twitter:data2\" content=\"2 minutes\" \/>\n<script type=\"application\/ld+json\" class=\"yoast-schema-graph\">{\"@context\":\"https:\\\/\\\/schema.org\",\"@graph\":[{\"@type\":\"NewsArticle\",\"@id\":\"https:\\\/\\\/www.apfelpatient.de\\\/rumors\\\/neuer-mac-pro-koennte-das-ende-des-mac-studio-einlaeuten#article\",\"isPartOf\":{\"@id\":\"https:\\\/\\\/www.apfelpatient.de\\\/rumors\\\/neuer-mac-pro-koennte-das-ende-des-mac-studio-einlaeuten\"},\"author\":{\"@type\":\"Organization\",\"@id\":\"https:\\\/\\\/www.apfelpatient.de\\\/en\\\/#organization\",\"name\":\"Apfelpatient\",\"url\":\"https:\\\/\\\/www.apfelpatient.de\\\/en\\\/\"},\"headline\":\"Neuer Mac Pro k\u00f6nnte das Ende des Mac Studio einl\u00e4uten\",\"datePublished\":\"2023-02-05T17:10:56+00:00\",\"mainEntityOfPage\":{\"@id\":\"https:\\\/\\\/www.apfelpatient.de\\\/rumors\\\/neuer-mac-pro-koennte-das-ende-des-mac-studio-einlaeuten\"},\"wordCount\":284,\"publisher\":{\"@type\":\"Organization\",\"@id\":\"https:\\\/\\\/www.apfelpatient.de\\\/en\\\/#organization\",\"name\":\"Apfelpatient\",\"url\":\"https:\\\/\\\/www.apfelpatient.de\\\/en\\\/\"},\"image\":{\"@id\":\"https:\\\/\\\/www.apfelpatient.de\\\/rumors\\\/neuer-mac-pro-koennte-das-ende-des-mac-studio-einlaeuten#primaryimage\"},\"thumbnailUrl\":\"https:\\\/\\\/www.apfelpatient.de\\\/wp-content\\\/uploads\\\/2022\\\/03\\\/Apple-Mac-Studio-front-220308.jpg\",\"keywords\":[\"Mac\",\"Mac Pro\",\"Mac Studio\"],\"articleSection\":\"Rumors\",\"inLanguage\":\"en-US\",\"copyrightYear\":\"2023\",\"copyrightHolder\":{\"@id\":\"https:\\\/\\\/www.apfelpatient.de\\\/en\\\/#organization\"}},{\"@type\":\"WebPage\",\"@id\":\"https:\\\/\\\/www.apfelpatient.de\\\/rumors\\\/neuer-mac-pro-koennte-das-ende-des-mac-studio-einlaeuten\",\"url\":\"https:\\\/\\\/www.apfelpatient.de\\\/rumors\\\/neuer-mac-pro-koennte-das-ende-des-mac-studio-einlaeuten\",\"name\":\"Neuer Mac Pro k\u00f6nnte das Ende des Mac Studio einl\u00e4uten\",\"isPartOf\":{\"@id\":\"https:\\\/\\\/www.apfelpatient.de\\\/#website\"},\"primaryImageOfPage\":{\"@id\":\"https:\\\/\\\/www.apfelpatient.de\\\/rumors\\\/neuer-mac-pro-koennte-das-ende-des-mac-studio-einlaeuten#primaryimage\"},\"image\":{\"@id\":\"https:\\\/\\\/www.apfelpatient.de\\\/rumors\\\/neuer-mac-pro-koennte-das-ende-des-mac-studio-einlaeuten#primaryimage\"},\"thumbnailUrl\":\"https:\\\/\\\/www.apfelpatient.de\\\/wp-content\\\/uploads\\\/2022\\\/03\\\/Apple-Mac-Studio-front-220308.jpg\",\"datePublished\":\"2023-02-05T17:10:56+00:00\",\"description\":\"Eine Aktualisierung des Mac Studio mit einem M2 Ultra wird aufgrund des Mac Pro m\u00f6glicherweise nicht so bald oder \u00fcberhaupt nicht stattfinden.\",\"breadcrumb\":{\"@id\":\"https:\\\/\\\/www.apfelpatient.de\\\/rumors\\\/neuer-mac-pro-koennte-das-ende-des-mac-studio-einlaeuten#breadcrumb\"},\"inLanguage\":\"en-US\",\"potentialAction\":[{\"@type\":\"ReadAction\",\"target\":[\"https:\\\/\\\/www.apfelpatient.de\\\/rumors\\\/neuer-mac-pro-koennte-das-ende-des-mac-studio-einlaeuten\"]}]},{\"@type\":\"ImageObject\",\"inLanguage\":\"en-US\",\"@id\":\"https:\\\/\\\/www.apfelpatient.de\\\/rumors\\\/neuer-mac-pro-koennte-das-ende-des-mac-studio-einlaeuten#primaryimage\",\"url\":\"https:\\\/\\\/www.apfelpatient.de\\\/wp-content\\\/uploads\\\/2022\\\/03\\\/Apple-Mac-Studio-front-220308.jpg\",\"contentUrl\":\"https:\\\/\\\/www.apfelpatient.de\\\/wp-content\\\/uploads\\\/2022\\\/03\\\/Apple-Mac-Studio-front-220308.jpg\",\"width\":1600,\"height\":1066,\"caption\":\"Bild: Apple\"},{\"@type\":\"BreadcrumbList\",\"@id\":\"https:\\\/\\\/www.apfelpatient.de\\\/rumors\\\/neuer-mac-pro-koennte-das-ende-des-mac-studio-einlaeuten#breadcrumb\",\"itemListElement\":[{\"@type\":\"ListItem\",\"position\":1,\"name\":\"Startseite\",\"item\":\"https:\\\/\\\/www.apfelpatient.de\\\/\"},{\"@type\":\"ListItem\",\"position\":2,\"name\":\"Neuer Mac Pro k\u00f6nnte das Ende des Mac Studio einl\u00e4uten\"}]},{\"@type\":\"WebSite\",\"@id\":\"https:\\\/\\\/www.apfelpatient.de\\\/#website\",\"url\":\"https:\\\/\\\/www.apfelpatient.de\\\/\",\"name\":\"Apfelpatient\",\"description\":\"Alles rund um Apple!\",\"publisher\":{\"@type\":\"Organization\",\"@id\":\"https:\\\/\\\/www.apfelpatient.de\\\/en\\\/#organization\",\"name\":\"Apfelpatient\",\"url\":\"https:\\\/\\\/www.apfelpatient.de\\\/en\\\/\"},\"alternateName\":\"Apfelpatient\",\"potentialAction\":[{\"@type\":\"SearchAction\",\"target\":{\"@type\":\"EntryPoint\",\"urlTemplate\":\"https:\\\/\\\/www.apfelpatient.de\\\/?s={search_term_string}\"},\"query-input\":{\"@type\":\"PropertyValueSpecification\",\"valueRequired\":true,\"valueName\":\"search_term_string\"}}],\"inLanguage\":\"en-US\"},{\"@type\":[\"Person\",\"Organization\"],\"@id\":\"https:\\\/\\\/www.apfelpatient.de\\\/#\\\/schema\\\/person\\\/35b3ddba5832f2bfc7fff5206d4f6b7b\",\"name\":\"Milan\",\"logo\":{\"@id\":\"https:\\\/\\\/www.apfelpatient.de\\\/#\\\/schema\\\/person\\\/image\\\/\"},\"description\":\"Hallo und herzlich willkommen auf meinem Technik-Blog! Als gro\u00dfer Apple-Fan berichte ich hier \u00fcber alles, was mit Apple zu tun hat: von den neuesten News und spannenden Ger\u00fcchten \u00fcber hilfreiche Tipps und Tricks bis hin zu ausf\u00fchrlichen Produkttests. Wenn du genauso technikbegeistert bist wie ich, bist du hier genau richtig!\",\"sameAs\":[\"https:\\\/\\\/www.facebook.com\\\/apfelpatientOfficial\",\"https:\\\/\\\/www.linkedin.com\\\/in\\\/milan-jovicic-42aa0231b\"],\"url\":\"https:\\\/\\\/www.apfelpatient.de\\\/en\\\/author\\\/apfeladmin\"}]}<\/script>\n<!-- \/ Yoast SEO Premium plugin. -->","yoast_head_json":{"title":"New Mac Pro could herald the end of the Mac Studio","description":"Updating the Mac Studio with an M2 Ultra may not happen soon, or at all, because of the Mac Pro.","robots":{"index":"index","follow":"follow","max-snippet":"max-snippet:-1","max-image-preview":"max-image-preview:large","max-video-preview":"max-video-preview:-1"},"canonical":"https:\/\/www.apfelpatient.de\/en\/rumors\/new-mac-pro-could-herald-the-end-of-the-mac-studio","og_locale":"en_US","og_type":"article","og_title":"Neuer Mac Pro k\u00f6nnte das Ende des Mac Studio einl\u00e4uten","og_description":"Eine Aktualisierung des Mac Studio mit einem M2 Ultra wird aufgrund des Mac Pro m\u00f6glicherweise nicht so bald oder \u00fcberhaupt nicht stattfinden.","og_url":"https:\/\/www.apfelpatient.de\/en\/rumors\/new-mac-pro-could-herald-the-end-of-the-mac-studio","og_site_name":"Apfelpatient","article_publisher":"https:\/\/www.facebook.com\/apfelpatientOfficial","article_author":"https:\/\/www.facebook.com\/apfelpatientOfficial","article_published_time":"2023-02-05T17:10:56+00:00","og_image":[{"width":1600,"height":1066,"url":"https:\/\/www.apfelpatient.de\/wp-content\/uploads\/2022\/03\/Apple-Mac-Studio-front-220308.jpg","type":"image\/jpeg"}],"author":"Milan","twitter_card":"summary_large_image","twitter_description":"Eine Aktualisierung des Mac Studio mit einem M2 Ultra wird aufgrund des Mac Pro m\u00f6glicherweise nicht so bald oder \u00fcberhaupt nicht stattfinden.","twitter_misc":{"Written by":"Milan","Est. reading time":"2 minutes"},"schema":{"@context":"https:\/\/schema.org","@graph":[{"@type":"NewsArticle","@id":"https:\/\/www.apfelpatient.de\/rumors\/neuer-mac-pro-koennte-das-ende-des-mac-studio-einlaeuten#article","isPartOf":{"@id":"https:\/\/www.apfelpatient.de\/rumors\/neuer-mac-pro-koennte-das-ende-des-mac-studio-einlaeuten"},"author":{"@type":"Organization","@id":"https:\/\/www.apfelpatient.de\/en\/#organization","name":"Apfelpatient","url":"https:\/\/www.apfelpatient.de\/en\/"},"headline":"Neuer Mac Pro k\u00f6nnte das Ende des Mac Studio einl\u00e4uten","datePublished":"2023-02-05T17:10:56+00:00","mainEntityOfPage":{"@id":"https:\/\/www.apfelpatient.de\/rumors\/neuer-mac-pro-koennte-das-ende-des-mac-studio-einlaeuten"},"wordCount":284,"publisher":{"@type":"Organization","@id":"https:\/\/www.apfelpatient.de\/en\/#organization","name":"Apfelpatient","url":"https:\/\/www.apfelpatient.de\/en\/"},"image":{"@id":"https:\/\/www.apfelpatient.de\/rumors\/neuer-mac-pro-koennte-das-ende-des-mac-studio-einlaeuten#primaryimage"},"thumbnailUrl":"https:\/\/www.apfelpatient.de\/wp-content\/uploads\/2022\/03\/Apple-Mac-Studio-front-220308.jpg","keywords":["Mac","Mac Pro","Mac Studio"],"articleSection":"Rumors","inLanguage":"en-US","copyrightYear":"2023","copyrightHolder":{"@id":"https:\/\/www.apfelpatient.de\/en\/#organization"}},{"@type":"WebPage","@id":"https:\/\/www.apfelpatient.de\/rumors\/neuer-mac-pro-koennte-das-ende-des-mac-studio-einlaeuten","url":"https:\/\/www.apfelpatient.de\/rumors\/neuer-mac-pro-koennte-das-ende-des-mac-studio-einlaeuten","name":"New Mac Pro could herald the end of the Mac Studio","isPartOf":{"@id":"https:\/\/www.apfelpatient.de\/#website"},"primaryImageOfPage":{"@id":"https:\/\/www.apfelpatient.de\/rumors\/neuer-mac-pro-koennte-das-ende-des-mac-studio-einlaeuten#primaryimage"},"image":{"@id":"https:\/\/www.apfelpatient.de\/rumors\/neuer-mac-pro-koennte-das-ende-des-mac-studio-einlaeuten#primaryimage"},"thumbnailUrl":"https:\/\/www.apfelpatient.de\/wp-content\/uploads\/2022\/03\/Apple-Mac-Studio-front-220308.jpg","datePublished":"2023-02-05T17:10:56+00:00","description":"Updating the Mac Studio with an M2 Ultra may not happen soon, or at all, because of the Mac Pro.","breadcrumb":{"@id":"https:\/\/www.apfelpatient.de\/rumors\/neuer-mac-pro-koennte-das-ende-des-mac-studio-einlaeuten#breadcrumb"},"inLanguage":"en-US","potentialAction":[{"@type":"ReadAction","target":["https:\/\/www.apfelpatient.de\/rumors\/neuer-mac-pro-koennte-das-ende-des-mac-studio-einlaeuten"]}]},{"@type":"ImageObject","inLanguage":"en-US","@id":"https:\/\/www.apfelpatient.de\/rumors\/neuer-mac-pro-koennte-das-ende-des-mac-studio-einlaeuten#primaryimage","url":"https:\/\/www.apfelpatient.de\/wp-content\/uploads\/2022\/03\/Apple-Mac-Studio-front-220308.jpg","contentUrl":"https:\/\/www.apfelpatient.de\/wp-content\/uploads\/2022\/03\/Apple-Mac-Studio-front-220308.jpg","width":1600,"height":1066,"caption":"Bild: Apple"},{"@type":"BreadcrumbList","@id":"https:\/\/www.apfelpatient.de\/rumors\/neuer-mac-pro-koennte-das-ende-des-mac-studio-einlaeuten#breadcrumb","itemListElement":[{"@type":"ListItem","position":1,"name":"Startseite","item":"https:\/\/www.apfelpatient.de\/"},{"@type":"ListItem","position":2,"name":"Neuer Mac Pro k\u00f6nnte das Ende des Mac Studio einl\u00e4uten"}]},{"@type":"WebSite","@id":"https:\/\/www.apfelpatient.de\/#website","url":"https:\/\/www.apfelpatient.de\/","name":"apple patient","description":"Everything about Apple!","publisher":{"@type":"Organization","@id":"https:\/\/www.apfelpatient.de\/en\/#organization","name":"Apfelpatient","url":"https:\/\/www.apfelpatient.de\/en\/"},"alternateName":"Apfelpatient","potentialAction":[{"@type":"SearchAction","target":{"@type":"EntryPoint","urlTemplate":"https:\/\/www.apfelpatient.de\/?s={search_term_string}"},"query-input":{"@type":"PropertyValueSpecification","valueRequired":true,"valueName":"search_term_string"}}],"inLanguage":"en-US"},{"@type":["Person","Organization"],"@id":"https:\/\/www.apfelpatient.de\/#\/schema\/person\/35b3ddba5832f2bfc7fff5206d4f6b7b","name":"Milan","logo":{"@id":"https:\/\/www.apfelpatient.de\/#\/schema\/person\/image\/"},"description":"Hello and welcome to my technology blog! As a big Apple fan, I report on everything to do with Apple: from the latest news and exciting rumors to helpful tips and tricks and detailed product tests. If you are as enthusiastic about technology as I am, you have come to the right place!","sameAs":["https:\/\/www.facebook.com\/apfelpatientOfficial","https:\/\/www.linkedin.com\/in\/milan-jovicic-42aa0231b"],"url":"https:\/\/www.apfelpatient.de\/en\/author\/apfeladmin"}]}},"_links":{"self":[{"href":"https:\/\/www.apfelpatient.de\/en\/wp-json\/wp\/v2\/posts\/37244","targetHints":{"allow":["GET"]}}],"collection":[{"href":"https:\/\/www.apfelpatient.de\/en\/wp-json\/wp\/v2\/posts"}],"about":[{"href":"https:\/\/www.apfelpatient.de\/en\/wp-json\/wp\/v2\/types\/post"}],"author":[{"embeddable":true,"href":"https:\/\/www.apfelpatient.de\/en\/wp-json\/wp\/v2\/users\/2"}],"replies":[{"embeddable":true,"href":"https:\/\/www.apfelpatient.de\/en\/wp-json\/wp\/v2\/comments?post=37244"}],"version-history":[{"count":0,"href":"https:\/\/www.apfelpatient.de\/en\/wp-json\/wp\/v2\/posts\/37244\/revisions"}],"wp:featuredmedia":[{"embeddable":true,"href":"https:\/\/www.apfelpatient.de\/en\/wp-json\/wp\/v2\/media\/30604"}],"wp:attachment":[{"href":"https:\/\/www.apfelpatient.de\/en\/wp-json\/wp\/v2\/media?parent=37244"}],"wp:term":[{"taxonomy":"category","embeddable":true,"href":"https:\/\/www.apfelpatient.de\/en\/wp-json\/wp\/v2\/categories?post=37244"},{"taxonomy":"post_tag","embeddable":true,"href":"https:\/\/www.apfelpatient.de\/en\/wp-json\/wp\/v2\/tags?post=37244"}],"curies":[{"name":"wp","href":"https:\/\/api.w.org\/{rel}","templated":true}]}}