{"id":37228,"date":"2023-02-03T08:14:14","date_gmt":"2023-02-03T07:14:14","guid":{"rendered":"https:\/\/www.apfelpatient.de\/?p=37228"},"modified":"2023-09-06T16:25:00","modified_gmt":"2023-09-06T14:25:00","slug":"apple-pay-later-will-be-introduced-soon","status":"publish","type":"post","link":"https:\/\/www.apfelpatient.de\/en\/news\/apple-pay-later-wird-bald-eingefuehrt","title":{"rendered":"Apple Pay Later will be introduced \u201csoon\u201d"},"content":{"rendered":"<p class=\"has-drop-cap\"><strong>The Apple Pay Later service that Apple is working on is set to launch \u201csoon,\u201d as Apple CEO Tim Cook confirmed during the conference call for the first fiscal quarter of 2023.<\/strong><\/p>\n\n\n\n<p>Cook said Apple employees are testing the Apple Pay Later feature in beta, which will help Apple increase its revenue from services. &quot;It will be rolling out soon,&quot; <a href=\"https:\/\/www.apple.com\/investor\/earnings-call\/\" target=\"_blank\" rel=\"noreferrer noopener\">said<\/a> Cook.<\/p>\n\n\n\n<h3 class=\"wp-block-heading\" id=\"h-apple-pay-later-das-bringt-der-dienst\">Apple Pay Later: What the service offers<\/h3>\n\n\n\n\n\n\n\n<p>Apple Pay Later was first announced at the Worldwide Developers Conference in June 2022 <a href=\"https:\/\/www.apfelpatient.de\/en\/news\/wwdc-2022-apple-introduces-new-service-apple-pay-later\">presented<\/a>. It is similar to PayPal&#039;s &quot;buy now, pay later&quot; feature and is designed to allow users to make multiple payments for their purchases. Apple Pay Later allows a purchase to be split into four payments that can be made within six weeks. The option will be available wherever Apple Pay is accepted. Payments will be managed through the Wallet app. (Photo by Unsplash \/ <a href=\"https:\/\/www.naipo.de\">naipo.d<\/a><a href=\"https:\/\/www.naipo.de\" rel=\"nofollow\">e<\/a>)<\/p>\n\n\n\n<ul class=\"wp-block-list\">\n<li><a href=\"https:\/\/www.apfelpatient.de\/en\/news\/apple-services-with-more-than-935-million-paid-subscriptions\">Apple services with more than 935 million paid subscriptions<\/a><\/li>\n<\/ul>\n\n\n\n<h6 class=\"wp-block-heading translation-block\" id=\"h-kennt-ihr-schon-unsere-amazon-storefront-dort-findet-ihr-eine-handverlesene-auswahl-von-diversen-produkten-f-r-euer-iphone-und-co-viel-spa-beim-st-bern\"><em>Have you already visited our Amazon Storefront? There you&#039;ll find a hand-picked selection of various products for your iPhone and other devices \u2013 <span class=\"has-inline-color has-vivid-red-color\"><a href=\"https:\/\/www.amazon.de\/shop\/apfelpatientofficial\" class=\"ek-link\" data-wpel-link=\"exclude\" rel=\"follow noopener\" target=\"_self\"><span style=\"text-decoration: underline\" class=\"ek-underline\">enjoy browsing<\/span><\/a> !<\/span><\/em><\/h6>\n\n\n\n<h6 class=\"wp-block-heading translation-block\" id=\"h-der-beitrag-enthalt-partnerlinks\">This post contains <a data-type=\"URL\" data-id=\"https:\/\/www.apfelpatient.de\/partnerprogramm\" href=\"https:\/\/www.apfelpatient.de\/en\/partner-program\" data-wpel-link=\"internal\" target=\"_self\">affiliate links<\/a>.<\/h6>","protected":false},"excerpt":{"rendered":"<p>The Apple Pay Later service that Apple is working on is set to launch \u201csoon,\u201d as Apple CEO Tim Cook has now confirmed.<\/p>","protected":false},"author":2,"featured_media":32050,"comment_status":"closed","ping_status":"closed","sticky":false,"template":"","format":"standard","meta":{"jnews-multi-image_gallery":[],"jnews_single_post":{"subtitle":"","format":"standard","video":"","gallery":"","source_name":"","source_url":"","via_name":"","via_url":"","override":[{"single_blog_custom":"","sidebar":"","second_sidebar":"","share_position":"","share_float_style":"","post_date_format":"","post_date_format_custom":"","post_reading_time_wpm":"","zoom_button_out_step":"1","zoom_button_in_step":"1","number_popup_post":"1"}],"image_override":[{"single_post_thumbnail_size":"","single_post_gallery_size":""}],"trending_post_position":"","trending_post_label":"","sponsored_post_label":"","sponsored_post_name":"","sponsored_post_url":"","sponsored_post_logo":"","sponsored_post_desc":""},"jnews_primary_category":{"id":"9"},"footnotes":""},"categories":[9],"tags":[34,35],"class_list":["post-37228","post","type-post","status-publish","format-standard","has-post-thumbnail","hentry","category-news","tag-apple-dienste","tag-apple-pay"],"yoast_head":"<!-- This site is optimized with the Yoast SEO Premium plugin v27.5 (Yoast SEO v27.5) - https:\/\/yoast.com\/product\/yoast-seo-premium-wordpress\/ -->\n<title>Apple Pay Later wird &quot;bald&quot; eingef\u00fchrt Apfelpatient<\/title>\n<meta name=\"description\" content=\"Der Apple Pay Later Service, an dem Apple arbeitet, soll &quot;bald&quot; starten, wie nun Apple CEO Tim Cook best\u00e4tigt hat.\" \/>\n<meta name=\"robots\" content=\"index, follow, max-snippet:-1, max-image-preview:large, max-video-preview:-1\" \/>\n<link rel=\"canonical\" href=\"https:\/\/www.apfelpatient.de\/en\/news\/apple-pay-later-will-be-introduced-soon\" \/>\n<meta property=\"og:locale\" content=\"en_US\" \/>\n<meta property=\"og:type\" content=\"article\" \/>\n<meta property=\"og:title\" content=\"Apple Pay Later wird &quot;bald&quot; eingef\u00fchrt\" \/>\n<meta property=\"og:description\" content=\"Der Apple Pay Later Service, an dem Apple arbeitet, soll &quot;bald&quot; starten, wie nun Apple CEO Tim Cook best\u00e4tigt hat.\" \/>\n<meta property=\"og:url\" content=\"https:\/\/www.apfelpatient.de\/en\/news\/apple-pay-later-will-be-introduced-soon\" \/>\n<meta property=\"og:site_name\" content=\"Apfelpatient\" \/>\n<meta property=\"article:publisher\" content=\"https:\/\/www.facebook.com\/apfelpatientOfficial\" \/>\n<meta property=\"article:author\" content=\"https:\/\/www.facebook.com\/apfelpatientOfficial\" \/>\n<meta property=\"article:published_time\" content=\"2023-02-03T07:14:14+00:00\" \/>\n<meta property=\"article:modified_time\" content=\"2023-09-06T14:25:00+00:00\" \/>\n<meta property=\"og:image\" content=\"https:\/\/www.apfelpatient.de\/wp-content\/uploads\/2022\/06\/naipo-de-g7Y3oLwoszU-unsplash.jpg\" \/>\n\t<meta property=\"og:image:width\" content=\"1600\" \/>\n\t<meta property=\"og:image:height\" content=\"1067\" \/>\n\t<meta property=\"og:image:type\" content=\"image\/jpeg\" \/>\n<meta name=\"author\" content=\"Milan\" \/>\n<meta name=\"twitter:card\" content=\"summary_large_image\" \/>\n<meta name=\"twitter:description\" content=\"Der Apple Pay Later Service, an dem Apple arbeitet, soll &quot;bald&quot; starten, wie nun Apple CEO Tim Cook best\u00e4tigt hat.\" \/>\n<meta name=\"twitter:label1\" content=\"Written by\" \/>\n\t<meta name=\"twitter:data1\" content=\"Milan\" \/>\n\t<meta name=\"twitter:label2\" content=\"Est. reading time\" \/>\n\t<meta name=\"twitter:data2\" content=\"1 minute\" \/>\n<script type=\"application\/ld+json\" class=\"yoast-schema-graph\">{\"@context\":\"https:\\\/\\\/schema.org\",\"@graph\":[{\"@type\":\"NewsArticle\",\"@id\":\"https:\\\/\\\/www.apfelpatient.de\\\/news\\\/apple-pay-later-wird-bald-eingefuehrt#article\",\"isPartOf\":{\"@id\":\"https:\\\/\\\/www.apfelpatient.de\\\/news\\\/apple-pay-later-wird-bald-eingefuehrt\"},\"author\":{\"@type\":\"Organization\",\"@id\":\"https:\\\/\\\/www.apfelpatient.de\\\/en\\\/#organization\",\"name\":\"Apfelpatient\",\"url\":\"https:\\\/\\\/www.apfelpatient.de\\\/en\\\/\"},\"headline\":\"Apple Pay Later wird &#8222;bald&#8220; eingef\u00fchrt\",\"datePublished\":\"2023-02-03T07:14:14+00:00\",\"dateModified\":\"2023-09-06T14:25:00+00:00\",\"mainEntityOfPage\":{\"@id\":\"https:\\\/\\\/www.apfelpatient.de\\\/news\\\/apple-pay-later-wird-bald-eingefuehrt\"},\"wordCount\":172,\"publisher\":{\"@type\":\"Organization\",\"@id\":\"https:\\\/\\\/www.apfelpatient.de\\\/en\\\/#organization\",\"name\":\"Apfelpatient\",\"url\":\"https:\\\/\\\/www.apfelpatient.de\\\/en\\\/\"},\"image\":{\"@id\":\"https:\\\/\\\/www.apfelpatient.de\\\/news\\\/apple-pay-later-wird-bald-eingefuehrt#primaryimage\"},\"thumbnailUrl\":\"https:\\\/\\\/www.apfelpatient.de\\\/wp-content\\\/uploads\\\/2022\\\/06\\\/naipo-de-g7Y3oLwoszU-unsplash.jpg\",\"keywords\":[\"Apple Dienste\",\"Apple Pay\"],\"articleSection\":\"News\",\"inLanguage\":\"en-US\",\"copyrightYear\":\"2023\",\"copyrightHolder\":{\"@id\":\"https:\\\/\\\/www.apfelpatient.de\\\/en\\\/#organization\"}},{\"@type\":\"WebPage\",\"@id\":\"https:\\\/\\\/www.apfelpatient.de\\\/news\\\/apple-pay-later-wird-bald-eingefuehrt\",\"url\":\"https:\\\/\\\/www.apfelpatient.de\\\/news\\\/apple-pay-later-wird-bald-eingefuehrt\",\"name\":\"Apple Pay Later wird \\\"bald\\\" eingef\u00fchrt Apfelpatient\",\"isPartOf\":{\"@id\":\"https:\\\/\\\/www.apfelpatient.de\\\/#website\"},\"primaryImageOfPage\":{\"@id\":\"https:\\\/\\\/www.apfelpatient.de\\\/news\\\/apple-pay-later-wird-bald-eingefuehrt#primaryimage\"},\"image\":{\"@id\":\"https:\\\/\\\/www.apfelpatient.de\\\/news\\\/apple-pay-later-wird-bald-eingefuehrt#primaryimage\"},\"thumbnailUrl\":\"https:\\\/\\\/www.apfelpatient.de\\\/wp-content\\\/uploads\\\/2022\\\/06\\\/naipo-de-g7Y3oLwoszU-unsplash.jpg\",\"datePublished\":\"2023-02-03T07:14:14+00:00\",\"dateModified\":\"2023-09-06T14:25:00+00:00\",\"description\":\"Der Apple Pay Later Service, an dem Apple arbeitet, soll \\\"bald\\\" starten, wie nun Apple CEO Tim Cook best\u00e4tigt hat.\",\"breadcrumb\":{\"@id\":\"https:\\\/\\\/www.apfelpatient.de\\\/news\\\/apple-pay-later-wird-bald-eingefuehrt#breadcrumb\"},\"inLanguage\":\"en-US\",\"potentialAction\":[{\"@type\":\"ReadAction\",\"target\":[\"https:\\\/\\\/www.apfelpatient.de\\\/news\\\/apple-pay-later-wird-bald-eingefuehrt\"]}]},{\"@type\":\"ImageObject\",\"inLanguage\":\"en-US\",\"@id\":\"https:\\\/\\\/www.apfelpatient.de\\\/news\\\/apple-pay-later-wird-bald-eingefuehrt#primaryimage\",\"url\":\"https:\\\/\\\/www.apfelpatient.de\\\/wp-content\\\/uploads\\\/2022\\\/06\\\/naipo-de-g7Y3oLwoszU-unsplash.jpg\",\"contentUrl\":\"https:\\\/\\\/www.apfelpatient.de\\\/wp-content\\\/uploads\\\/2022\\\/06\\\/naipo-de-g7Y3oLwoszU-unsplash.jpg\",\"width\":1600,\"height\":1067,\"caption\":\"Photo by Unsplash \\\/ naipo.de\"},{\"@type\":\"BreadcrumbList\",\"@id\":\"https:\\\/\\\/www.apfelpatient.de\\\/news\\\/apple-pay-later-wird-bald-eingefuehrt#breadcrumb\",\"itemListElement\":[{\"@type\":\"ListItem\",\"position\":1,\"name\":\"Startseite\",\"item\":\"https:\\\/\\\/www.apfelpatient.de\\\/\"},{\"@type\":\"ListItem\",\"position\":2,\"name\":\"Apple Pay Later wird &#8222;bald&#8220; eingef\u00fchrt\"}]},{\"@type\":\"WebSite\",\"@id\":\"https:\\\/\\\/www.apfelpatient.de\\\/#website\",\"url\":\"https:\\\/\\\/www.apfelpatient.de\\\/\",\"name\":\"Apfelpatient\",\"description\":\"Alles rund um Apple!\",\"publisher\":{\"@type\":\"Organization\",\"@id\":\"https:\\\/\\\/www.apfelpatient.de\\\/en\\\/#organization\",\"name\":\"Apfelpatient\",\"url\":\"https:\\\/\\\/www.apfelpatient.de\\\/en\\\/\"},\"alternateName\":\"Apfelpatient\",\"potentialAction\":[{\"@type\":\"SearchAction\",\"target\":{\"@type\":\"EntryPoint\",\"urlTemplate\":\"https:\\\/\\\/www.apfelpatient.de\\\/?s={search_term_string}\"},\"query-input\":{\"@type\":\"PropertyValueSpecification\",\"valueRequired\":true,\"valueName\":\"search_term_string\"}}],\"inLanguage\":\"en-US\"},{\"@type\":[\"Person\",\"Organization\"],\"@id\":\"https:\\\/\\\/www.apfelpatient.de\\\/#\\\/schema\\\/person\\\/35b3ddba5832f2bfc7fff5206d4f6b7b\",\"name\":\"Milan\",\"logo\":{\"@id\":\"https:\\\/\\\/www.apfelpatient.de\\\/#\\\/schema\\\/person\\\/image\\\/\"},\"description\":\"Hallo und herzlich willkommen auf meinem Technik-Blog! Als gro\u00dfer Apple-Fan berichte ich hier \u00fcber alles, was mit Apple zu tun hat: von den neuesten News und spannenden Ger\u00fcchten \u00fcber hilfreiche Tipps und Tricks bis hin zu ausf\u00fchrlichen Produkttests. Wenn du genauso technikbegeistert bist wie ich, bist du hier genau richtig!\",\"sameAs\":[\"https:\\\/\\\/www.facebook.com\\\/apfelpatientOfficial\",\"https:\\\/\\\/www.linkedin.com\\\/in\\\/milan-jovicic-42aa0231b\"],\"url\":\"https:\\\/\\\/www.apfelpatient.de\\\/en\\\/author\\\/apfeladmin\"}]}<\/script>\n<!-- \/ Yoast SEO Premium plugin. -->","yoast_head_json":{"title":"Apple Pay Later will be introduced &quot;soon&quot; Apfelpatient","description":"The Apple Pay Later service that Apple is working on is set to launch &quot;soon,&quot; as Apple CEO Tim Cook has now confirmed.","robots":{"index":"index","follow":"follow","max-snippet":"max-snippet:-1","max-image-preview":"max-image-preview:large","max-video-preview":"max-video-preview:-1"},"canonical":"https:\/\/www.apfelpatient.de\/en\/news\/apple-pay-later-will-be-introduced-soon","og_locale":"en_US","og_type":"article","og_title":"Apple Pay Later wird \"bald\" eingef\u00fchrt","og_description":"Der Apple Pay Later Service, an dem Apple arbeitet, soll \"bald\" starten, wie nun Apple CEO Tim Cook best\u00e4tigt hat.","og_url":"https:\/\/www.apfelpatient.de\/en\/news\/apple-pay-later-will-be-introduced-soon","og_site_name":"Apfelpatient","article_publisher":"https:\/\/www.facebook.com\/apfelpatientOfficial","article_author":"https:\/\/www.facebook.com\/apfelpatientOfficial","article_published_time":"2023-02-03T07:14:14+00:00","article_modified_time":"2023-09-06T14:25:00+00:00","og_image":[{"width":1600,"height":1067,"url":"https:\/\/www.apfelpatient.de\/wp-content\/uploads\/2022\/06\/naipo-de-g7Y3oLwoszU-unsplash.jpg","type":"image\/jpeg"}],"author":"Milan","twitter_card":"summary_large_image","twitter_description":"Der Apple Pay Later Service, an dem Apple arbeitet, soll \"bald\" starten, wie nun Apple CEO Tim Cook best\u00e4tigt hat.","twitter_misc":{"Written by":"Milan","Est. reading time":"1 minute"},"schema":{"@context":"https:\/\/schema.org","@graph":[{"@type":"NewsArticle","@id":"https:\/\/www.apfelpatient.de\/news\/apple-pay-later-wird-bald-eingefuehrt#article","isPartOf":{"@id":"https:\/\/www.apfelpatient.de\/news\/apple-pay-later-wird-bald-eingefuehrt"},"author":{"@type":"Organization","@id":"https:\/\/www.apfelpatient.de\/en\/#organization","name":"Apfelpatient","url":"https:\/\/www.apfelpatient.de\/en\/"},"headline":"Apple Pay Later wird &#8222;bald&#8220; eingef\u00fchrt","datePublished":"2023-02-03T07:14:14+00:00","dateModified":"2023-09-06T14:25:00+00:00","mainEntityOfPage":{"@id":"https:\/\/www.apfelpatient.de\/news\/apple-pay-later-wird-bald-eingefuehrt"},"wordCount":172,"publisher":{"@type":"Organization","@id":"https:\/\/www.apfelpatient.de\/en\/#organization","name":"Apfelpatient","url":"https:\/\/www.apfelpatient.de\/en\/"},"image":{"@id":"https:\/\/www.apfelpatient.de\/news\/apple-pay-later-wird-bald-eingefuehrt#primaryimage"},"thumbnailUrl":"https:\/\/www.apfelpatient.de\/wp-content\/uploads\/2022\/06\/naipo-de-g7Y3oLwoszU-unsplash.jpg","keywords":["Apple Dienste","Apple Pay"],"articleSection":"News","inLanguage":"en-US","copyrightYear":"2023","copyrightHolder":{"@id":"https:\/\/www.apfelpatient.de\/en\/#organization"}},{"@type":"WebPage","@id":"https:\/\/www.apfelpatient.de\/news\/apple-pay-later-wird-bald-eingefuehrt","url":"https:\/\/www.apfelpatient.de\/news\/apple-pay-later-wird-bald-eingefuehrt","name":"Apple Pay Later will be introduced &quot;soon&quot; Apfelpatient","isPartOf":{"@id":"https:\/\/www.apfelpatient.de\/#website"},"primaryImageOfPage":{"@id":"https:\/\/www.apfelpatient.de\/news\/apple-pay-later-wird-bald-eingefuehrt#primaryimage"},"image":{"@id":"https:\/\/www.apfelpatient.de\/news\/apple-pay-later-wird-bald-eingefuehrt#primaryimage"},"thumbnailUrl":"https:\/\/www.apfelpatient.de\/wp-content\/uploads\/2022\/06\/naipo-de-g7Y3oLwoszU-unsplash.jpg","datePublished":"2023-02-03T07:14:14+00:00","dateModified":"2023-09-06T14:25:00+00:00","description":"The Apple Pay Later service that Apple is working on is set to launch &quot;soon,&quot; as Apple CEO Tim Cook has now confirmed.","breadcrumb":{"@id":"https:\/\/www.apfelpatient.de\/news\/apple-pay-later-wird-bald-eingefuehrt#breadcrumb"},"inLanguage":"en-US","potentialAction":[{"@type":"ReadAction","target":["https:\/\/www.apfelpatient.de\/news\/apple-pay-later-wird-bald-eingefuehrt"]}]},{"@type":"ImageObject","inLanguage":"en-US","@id":"https:\/\/www.apfelpatient.de\/news\/apple-pay-later-wird-bald-eingefuehrt#primaryimage","url":"https:\/\/www.apfelpatient.de\/wp-content\/uploads\/2022\/06\/naipo-de-g7Y3oLwoszU-unsplash.jpg","contentUrl":"https:\/\/www.apfelpatient.de\/wp-content\/uploads\/2022\/06\/naipo-de-g7Y3oLwoszU-unsplash.jpg","width":1600,"height":1067,"caption":"Photo by Unsplash \/ naipo.de"},{"@type":"BreadcrumbList","@id":"https:\/\/www.apfelpatient.de\/news\/apple-pay-later-wird-bald-eingefuehrt#breadcrumb","itemListElement":[{"@type":"ListItem","position":1,"name":"Startseite","item":"https:\/\/www.apfelpatient.de\/"},{"@type":"ListItem","position":2,"name":"Apple Pay Later wird &#8222;bald&#8220; eingef\u00fchrt"}]},{"@type":"WebSite","@id":"https:\/\/www.apfelpatient.de\/#website","url":"https:\/\/www.apfelpatient.de\/","name":"apple patient","description":"Everything about Apple!","publisher":{"@type":"Organization","@id":"https:\/\/www.apfelpatient.de\/en\/#organization","name":"Apfelpatient","url":"https:\/\/www.apfelpatient.de\/en\/"},"alternateName":"Apfelpatient","potentialAction":[{"@type":"SearchAction","target":{"@type":"EntryPoint","urlTemplate":"https:\/\/www.apfelpatient.de\/?s={search_term_string}"},"query-input":{"@type":"PropertyValueSpecification","valueRequired":true,"valueName":"search_term_string"}}],"inLanguage":"en-US"},{"@type":["Person","Organization"],"@id":"https:\/\/www.apfelpatient.de\/#\/schema\/person\/35b3ddba5832f2bfc7fff5206d4f6b7b","name":"Milan","logo":{"@id":"https:\/\/www.apfelpatient.de\/#\/schema\/person\/image\/"},"description":"Hello and welcome to my technology blog! As a big Apple fan, I report on everything to do with Apple: from the latest news and exciting rumors to helpful tips and tricks and detailed product tests. If you are as enthusiastic about technology as I am, you have come to the right place!","sameAs":["https:\/\/www.facebook.com\/apfelpatientOfficial","https:\/\/www.linkedin.com\/in\/milan-jovicic-42aa0231b"],"url":"https:\/\/www.apfelpatient.de\/en\/author\/apfeladmin"}]}},"_links":{"self":[{"href":"https:\/\/www.apfelpatient.de\/en\/wp-json\/wp\/v2\/posts\/37228","targetHints":{"allow":["GET"]}}],"collection":[{"href":"https:\/\/www.apfelpatient.de\/en\/wp-json\/wp\/v2\/posts"}],"about":[{"href":"https:\/\/www.apfelpatient.de\/en\/wp-json\/wp\/v2\/types\/post"}],"author":[{"embeddable":true,"href":"https:\/\/www.apfelpatient.de\/en\/wp-json\/wp\/v2\/users\/2"}],"replies":[{"embeddable":true,"href":"https:\/\/www.apfelpatient.de\/en\/wp-json\/wp\/v2\/comments?post=37228"}],"version-history":[{"count":0,"href":"https:\/\/www.apfelpatient.de\/en\/wp-json\/wp\/v2\/posts\/37228\/revisions"}],"wp:featuredmedia":[{"embeddable":true,"href":"https:\/\/www.apfelpatient.de\/en\/wp-json\/wp\/v2\/media\/32050"}],"wp:attachment":[{"href":"https:\/\/www.apfelpatient.de\/en\/wp-json\/wp\/v2\/media?parent=37228"}],"wp:term":[{"taxonomy":"category","embeddable":true,"href":"https:\/\/www.apfelpatient.de\/en\/wp-json\/wp\/v2\/categories?post=37228"},{"taxonomy":"post_tag","embeddable":true,"href":"https:\/\/www.apfelpatient.de\/en\/wp-json\/wp\/v2\/tags?post=37228"}],"curies":[{"name":"wp","href":"https:\/\/api.w.org\/{rel}","templated":true}]}}