{"id":37209,"date":"2023-02-03T07:54:52","date_gmt":"2023-02-03T06:54:52","guid":{"rendered":"https:\/\/www.apfelpatient.de\/?p=37209"},"modified":"2023-02-03T07:54:53","modified_gmt":"2023-02-03T06:54:53","slug":"groundbreaking-sound-more-launch-of-the-homepod-2","status":"publish","type":"post","link":"https:\/\/www.apfelpatient.de\/en\/news\/bahnbrechender-klang-mehr-startschuss-fuer-den-homepod-2","title":{"rendered":"Groundbreaking sound &amp; more: HomePod 2 launches"},"content":{"rendered":"<p class=\"has-drop-cap\"><strong>At the end of January, Apple announced the second generation HomePod, the successor to the large model that was discontinued two years ago. The new HomePod has a starting price of 350 euros, improved smart home features, temperature and humidity sensors and more.<\/strong><\/p>\n\n\n\n<p>The design of the new HomePod is very similar to the previous model. The big change is that the touch surface on the top of the HomePod now lights up from edge to edge, similar to the HomePod mini. The second-generation HomePod comes in two colors: white and midnight. In the pictures, the midnight color looks eerily similar to the previous space gray. But Apple swears that it is a &quot;new color made from 100 percent recycled mesh fabric with a color-coordinated woven power cable.&quot;<\/p>\n\n\n\n<h3 class=\"wp-block-heading\" id=\"h-mit-s7-chip-und-mehr\">With S7 chip and more<\/h3>\n\n\n\n<p>As for the specs, the new HomePod has just five tweeters, down from the seven found in the original full-size HomePod. It&#039;s powered by an S7 chip, compared to the A8 chip in the original HomePod and the S5 chip in the HomePod mini. The number of microphones has also dropped from six to four. Apple seems to believe that these changes won&#039;t affect sound quality:<\/p>\n\n\n\n<blockquote class=\"wp-block-quote is-layout-flow wp-block-quote-is-layout-flow\">\n<p>HomePod delivers incredible audio quality with rich, deep bass and impressive high frequencies. A custom-designed high-excursion woofer, a powerful motor that drives the diaphragm to an impressive 20mm, a built-in bass EQ microphone, and a beamforming array of five tweeters around the base deliver a powerful sound experience. The S7 chip is combined with software and system detection technology to deliver even more advanced computational audio that unlocks the full potential of the acoustic system for a groundbreaking listening experience.<\/p>\n<\/blockquote>\n\n\n\n<h3 class=\"wp-block-heading\">Apple introduces new second-generation HomePod<\/h3>\n\n\n\n\n\n\n\n<p>The new HomePod supports Sound Recognition, a feature supported by other Apple devices. On HomePod, this feature can listen for smoke and carbon monoxide alarms and send a notification directly to your iPhone when a sound is detected, but this feature won&#039;t be rolling out until spring with a future software update. There&#039;s also a new &quot;confirmation tone&quot; for Siri when a &quot;request is made to control an accessory where a change is not visible, such as a heater or an accessory located in another room.&quot; For smart home fans, the new HomePod offers support for the latest Matter standard.<\/p>\n\n\n\n<blockquote class=\"wp-block-quote is-layout-flow wp-block-quote-is-layout-flow\">\n<p>HomePod connects to and controls Matter-enabled accessories, serving as a central hub in the home and giving users access when they&#039;re away from home.<\/p>\n<\/blockquote>\n\n\n\n<p>There is also a built-in sensor for temperature and humidity. The brand new HomePod is available today <a href=\"https:\/\/www.apple.com\/de\/homepod-2nd-generation\/\" target=\"_blank\" rel=\"noreferrer noopener\">available<\/a>. (Image: Apple)<\/p>\n\n\n\n<ul class=\"wp-block-list\">\n<li><a href=\"https:\/\/www.apfelpatient.de\/en\/news\/thats-why-apple-introduced-the-homepod-2\">That&#039;s why Apple introduced the HomePod 2<\/a><\/li>\n<\/ul>\n\n\n\n<h6 class=\"wp-block-heading translation-block\" id=\"h-kennt-ihr-schon-unsere-amazon-storefront-dort-findet-ihr-eine-handverlesene-auswahl-von-diversen-produkten-f-r-euer-iphone-und-co-viel-spa-beim-st-bern\"><em>Have you already visited our Amazon Storefront? There you&#039;ll find a hand-picked selection of various products for your iPhone and other devices \u2013 <span class=\"has-inline-color has-vivid-red-color\"><a href=\"https:\/\/www.amazon.de\/shop\/apfelpatientofficial\" class=\"ek-link\" data-wpel-link=\"exclude\" rel=\"follow noopener\" target=\"_self\"><span style=\"text-decoration: underline\" class=\"ek-underline\">enjoy browsing<\/span><\/a> !<\/span><\/em><\/h6>\n\n\n\n<h6 class=\"wp-block-heading translation-block\" id=\"h-der-beitrag-enthalt-partnerlinks\">This post contains <a data-type=\"URL\" data-id=\"https:\/\/www.apfelpatient.de\/partnerprogramm\" href=\"https:\/\/www.apfelpatient.de\/en\/partner-program\" data-wpel-link=\"internal\" target=\"_self\">affiliate links<\/a>.<\/h6>","protected":false},"excerpt":{"rendered":"<p>At the end of January, Apple announced the second generation HomePod, the successor to the larger model. It is now officially available.<\/p>","protected":false},"author":2,"featured_media":36916,"comment_status":"closed","ping_status":"closed","sticky":false,"template":"","format":"standard","meta":{"jnews-multi-image_gallery":[],"jnews_single_post":{"subtitle":"","format":"standard","video":"","gallery":"","source_name":"","source_url":"","via_name":"","via_url":"","override":[{"single_blog_custom":"","sidebar":"","second_sidebar":"","share_position":"","share_float_style":"","post_date_format":"","post_date_format_custom":"","post_reading_time_wpm":"","zoom_button_out_step":"1","zoom_button_in_step":"1","number_popup_post":"1"}],"image_override":[{"single_post_thumbnail_size":"","single_post_gallery_size":""}],"trending_post_position":"","trending_post_label":"","sponsored_post_label":"","sponsored_post_name":"","sponsored_post_url":"","sponsored_post_logo":"","sponsored_post_desc":""},"jnews_primary_category":{"id":"9"},"footnotes":""},"categories":[9],"tags":[85],"class_list":["post-37209","post","type-post","status-publish","format-standard","has-post-thumbnail","hentry","category-news","tag-homepod"],"yoast_head":"<!-- This site is optimized with the Yoast SEO Premium plugin v27.5 (Yoast SEO v27.5) - https:\/\/yoast.com\/product\/yoast-seo-premium-wordpress\/ -->\n<title>Bahnbrechender Klang &amp; mehr: Startschuss f\u00fcr den HomePod 2<\/title>\n<meta name=\"description\" content=\"Apple hat Ende Januar den HomePod der zweiten Generation angek\u00fcndigt, den Nachfolger des gro\u00dfen Modells. Nun ist er offiziell erh\u00e4ltlich.\" \/>\n<meta name=\"robots\" content=\"index, follow, max-snippet:-1, max-image-preview:large, max-video-preview:-1\" \/>\n<link rel=\"canonical\" href=\"https:\/\/www.apfelpatient.de\/en\/news\/groundbreaking-sound-more-launch-of-the-homepod-2\" \/>\n<meta property=\"og:locale\" content=\"en_US\" \/>\n<meta property=\"og:type\" content=\"article\" \/>\n<meta property=\"og:title\" content=\"Bahnbrechender Klang &amp; mehr: Startschuss f\u00fcr den HomePod 2\" \/>\n<meta property=\"og:description\" content=\"Apple hat Ende Januar den HomePod der zweiten Generation angek\u00fcndigt, den Nachfolger des gro\u00dfen Modells. Nun ist er offiziell erh\u00e4ltlich.\" \/>\n<meta property=\"og:url\" content=\"https:\/\/www.apfelpatient.de\/en\/news\/groundbreaking-sound-more-launch-of-the-homepod-2\" \/>\n<meta property=\"og:site_name\" content=\"Apfelpatient\" \/>\n<meta property=\"article:publisher\" content=\"https:\/\/www.facebook.com\/apfelpatientOfficial\" \/>\n<meta property=\"article:author\" content=\"https:\/\/www.facebook.com\/apfelpatientOfficial\" \/>\n<meta property=\"article:published_time\" content=\"2023-02-03T06:54:52+00:00\" \/>\n<meta property=\"article:modified_time\" content=\"2023-02-03T06:54:53+00:00\" \/>\n<meta property=\"og:image\" content=\"https:\/\/www.apfelpatient.de\/wp-content\/uploads\/2023\/01\/Apple-HomePod-ecosystem-230118.jpg\" \/>\n\t<meta property=\"og:image:width\" content=\"1600\" \/>\n\t<meta property=\"og:image:height\" content=\"1035\" \/>\n\t<meta property=\"og:image:type\" content=\"image\/jpeg\" \/>\n<meta name=\"author\" content=\"Milan\" \/>\n<meta name=\"twitter:card\" content=\"summary_large_image\" \/>\n<meta name=\"twitter:description\" content=\"Apple hat Ende Januar den HomePod der zweiten Generation angek\u00fcndigt, den Nachfolger des gro\u00dfen Modells. Nun ist er offiziell erh\u00e4ltlich.\" \/>\n<meta name=\"twitter:label1\" content=\"Written by\" \/>\n\t<meta name=\"twitter:data1\" content=\"Milan\" \/>\n\t<meta name=\"twitter:label2\" content=\"Est. reading time\" \/>\n\t<meta name=\"twitter:data2\" content=\"3 minutes\" \/>\n<script type=\"application\/ld+json\" class=\"yoast-schema-graph\">{\"@context\":\"https:\\\/\\\/schema.org\",\"@graph\":[{\"@type\":\"NewsArticle\",\"@id\":\"https:\\\/\\\/www.apfelpatient.de\\\/news\\\/bahnbrechender-klang-mehr-startschuss-fuer-den-homepod-2#article\",\"isPartOf\":{\"@id\":\"https:\\\/\\\/www.apfelpatient.de\\\/news\\\/bahnbrechender-klang-mehr-startschuss-fuer-den-homepod-2\"},\"author\":{\"@type\":\"Organization\",\"@id\":\"https:\\\/\\\/www.apfelpatient.de\\\/en\\\/#organization\",\"name\":\"Apfelpatient\",\"url\":\"https:\\\/\\\/www.apfelpatient.de\\\/en\\\/\"},\"headline\":\"Bahnbrechender Klang &amp; mehr: Startschuss f\u00fcr den HomePod 2\",\"datePublished\":\"2023-02-03T06:54:52+00:00\",\"dateModified\":\"2023-02-03T06:54:53+00:00\",\"mainEntityOfPage\":{\"@id\":\"https:\\\/\\\/www.apfelpatient.de\\\/news\\\/bahnbrechender-klang-mehr-startschuss-fuer-den-homepod-2\"},\"wordCount\":489,\"publisher\":{\"@type\":\"Organization\",\"@id\":\"https:\\\/\\\/www.apfelpatient.de\\\/en\\\/#organization\",\"name\":\"Apfelpatient\",\"url\":\"https:\\\/\\\/www.apfelpatient.de\\\/en\\\/\"},\"image\":{\"@id\":\"https:\\\/\\\/www.apfelpatient.de\\\/news\\\/bahnbrechender-klang-mehr-startschuss-fuer-den-homepod-2#primaryimage\"},\"thumbnailUrl\":\"https:\\\/\\\/www.apfelpatient.de\\\/wp-content\\\/uploads\\\/2023\\\/01\\\/Apple-HomePod-ecosystem-230118.jpg\",\"keywords\":[\"HomePod\"],\"articleSection\":\"News\",\"inLanguage\":\"en-US\",\"copyrightYear\":\"2023\",\"copyrightHolder\":{\"@id\":\"https:\\\/\\\/www.apfelpatient.de\\\/en\\\/#organization\"}},{\"@type\":\"WebPage\",\"@id\":\"https:\\\/\\\/www.apfelpatient.de\\\/news\\\/bahnbrechender-klang-mehr-startschuss-fuer-den-homepod-2\",\"url\":\"https:\\\/\\\/www.apfelpatient.de\\\/news\\\/bahnbrechender-klang-mehr-startschuss-fuer-den-homepod-2\",\"name\":\"Bahnbrechender Klang &amp; mehr: Startschuss f\u00fcr den HomePod 2\",\"isPartOf\":{\"@id\":\"https:\\\/\\\/www.apfelpatient.de\\\/#website\"},\"primaryImageOfPage\":{\"@id\":\"https:\\\/\\\/www.apfelpatient.de\\\/news\\\/bahnbrechender-klang-mehr-startschuss-fuer-den-homepod-2#primaryimage\"},\"image\":{\"@id\":\"https:\\\/\\\/www.apfelpatient.de\\\/news\\\/bahnbrechender-klang-mehr-startschuss-fuer-den-homepod-2#primaryimage\"},\"thumbnailUrl\":\"https:\\\/\\\/www.apfelpatient.de\\\/wp-content\\\/uploads\\\/2023\\\/01\\\/Apple-HomePod-ecosystem-230118.jpg\",\"datePublished\":\"2023-02-03T06:54:52+00:00\",\"dateModified\":\"2023-02-03T06:54:53+00:00\",\"description\":\"Apple hat Ende Januar den HomePod der zweiten Generation angek\u00fcndigt, den Nachfolger des gro\u00dfen Modells. Nun ist er offiziell erh\u00e4ltlich.\",\"breadcrumb\":{\"@id\":\"https:\\\/\\\/www.apfelpatient.de\\\/news\\\/bahnbrechender-klang-mehr-startschuss-fuer-den-homepod-2#breadcrumb\"},\"inLanguage\":\"en-US\",\"potentialAction\":[{\"@type\":\"ReadAction\",\"target\":[\"https:\\\/\\\/www.apfelpatient.de\\\/news\\\/bahnbrechender-klang-mehr-startschuss-fuer-den-homepod-2\"]}]},{\"@type\":\"ImageObject\",\"inLanguage\":\"en-US\",\"@id\":\"https:\\\/\\\/www.apfelpatient.de\\\/news\\\/bahnbrechender-klang-mehr-startschuss-fuer-den-homepod-2#primaryimage\",\"url\":\"https:\\\/\\\/www.apfelpatient.de\\\/wp-content\\\/uploads\\\/2023\\\/01\\\/Apple-HomePod-ecosystem-230118.jpg\",\"contentUrl\":\"https:\\\/\\\/www.apfelpatient.de\\\/wp-content\\\/uploads\\\/2023\\\/01\\\/Apple-HomePod-ecosystem-230118.jpg\",\"width\":1600,\"height\":1035,\"caption\":\"Bild: Apple - HomePod 2. Gen.\"},{\"@type\":\"BreadcrumbList\",\"@id\":\"https:\\\/\\\/www.apfelpatient.de\\\/news\\\/bahnbrechender-klang-mehr-startschuss-fuer-den-homepod-2#breadcrumb\",\"itemListElement\":[{\"@type\":\"ListItem\",\"position\":1,\"name\":\"Startseite\",\"item\":\"https:\\\/\\\/www.apfelpatient.de\\\/\"},{\"@type\":\"ListItem\",\"position\":2,\"name\":\"Bahnbrechender Klang &amp; mehr: Startschuss f\u00fcr den HomePod 2\"}]},{\"@type\":\"WebSite\",\"@id\":\"https:\\\/\\\/www.apfelpatient.de\\\/#website\",\"url\":\"https:\\\/\\\/www.apfelpatient.de\\\/\",\"name\":\"Apfelpatient\",\"description\":\"Alles rund um Apple!\",\"publisher\":{\"@type\":\"Organization\",\"@id\":\"https:\\\/\\\/www.apfelpatient.de\\\/en\\\/#organization\",\"name\":\"Apfelpatient\",\"url\":\"https:\\\/\\\/www.apfelpatient.de\\\/en\\\/\"},\"alternateName\":\"Apfelpatient\",\"potentialAction\":[{\"@type\":\"SearchAction\",\"target\":{\"@type\":\"EntryPoint\",\"urlTemplate\":\"https:\\\/\\\/www.apfelpatient.de\\\/?s={search_term_string}\"},\"query-input\":{\"@type\":\"PropertyValueSpecification\",\"valueRequired\":true,\"valueName\":\"search_term_string\"}}],\"inLanguage\":\"en-US\"},{\"@type\":[\"Person\",\"Organization\"],\"@id\":\"https:\\\/\\\/www.apfelpatient.de\\\/#\\\/schema\\\/person\\\/35b3ddba5832f2bfc7fff5206d4f6b7b\",\"name\":\"Milan\",\"logo\":{\"@id\":\"https:\\\/\\\/www.apfelpatient.de\\\/#\\\/schema\\\/person\\\/image\\\/\"},\"description\":\"Hallo und herzlich willkommen auf meinem Technik-Blog! Als gro\u00dfer Apple-Fan berichte ich hier \u00fcber alles, was mit Apple zu tun hat: von den neuesten News und spannenden Ger\u00fcchten \u00fcber hilfreiche Tipps und Tricks bis hin zu ausf\u00fchrlichen Produkttests. Wenn du genauso technikbegeistert bist wie ich, bist du hier genau richtig!\",\"sameAs\":[\"https:\\\/\\\/www.facebook.com\\\/apfelpatientOfficial\",\"https:\\\/\\\/www.linkedin.com\\\/in\\\/milan-jovicic-42aa0231b\"],\"url\":\"https:\\\/\\\/www.apfelpatient.de\\\/en\\\/author\\\/apfeladmin\"}]}<\/script>\n<!-- \/ Yoast SEO Premium plugin. -->","yoast_head_json":{"title":"Groundbreaking sound &amp; more: HomePod 2 launches","description":"At the end of January, Apple announced the second generation HomePod, the successor to the larger model. It is now officially available.","robots":{"index":"index","follow":"follow","max-snippet":"max-snippet:-1","max-image-preview":"max-image-preview:large","max-video-preview":"max-video-preview:-1"},"canonical":"https:\/\/www.apfelpatient.de\/en\/news\/groundbreaking-sound-more-launch-of-the-homepod-2","og_locale":"en_US","og_type":"article","og_title":"Bahnbrechender Klang &amp; mehr: Startschuss f\u00fcr den HomePod 2","og_description":"Apple hat Ende Januar den HomePod der zweiten Generation angek\u00fcndigt, den Nachfolger des gro\u00dfen Modells. Nun ist er offiziell erh\u00e4ltlich.","og_url":"https:\/\/www.apfelpatient.de\/en\/news\/groundbreaking-sound-more-launch-of-the-homepod-2","og_site_name":"Apfelpatient","article_publisher":"https:\/\/www.facebook.com\/apfelpatientOfficial","article_author":"https:\/\/www.facebook.com\/apfelpatientOfficial","article_published_time":"2023-02-03T06:54:52+00:00","article_modified_time":"2023-02-03T06:54:53+00:00","og_image":[{"width":1600,"height":1035,"url":"https:\/\/www.apfelpatient.de\/wp-content\/uploads\/2023\/01\/Apple-HomePod-ecosystem-230118.jpg","type":"image\/jpeg"}],"author":"Milan","twitter_card":"summary_large_image","twitter_description":"Apple hat Ende Januar den HomePod der zweiten Generation angek\u00fcndigt, den Nachfolger des gro\u00dfen Modells. Nun ist er offiziell erh\u00e4ltlich.","twitter_misc":{"Written by":"Milan","Est. reading time":"3 minutes"},"schema":{"@context":"https:\/\/schema.org","@graph":[{"@type":"NewsArticle","@id":"https:\/\/www.apfelpatient.de\/news\/bahnbrechender-klang-mehr-startschuss-fuer-den-homepod-2#article","isPartOf":{"@id":"https:\/\/www.apfelpatient.de\/news\/bahnbrechender-klang-mehr-startschuss-fuer-den-homepod-2"},"author":{"@type":"Organization","@id":"https:\/\/www.apfelpatient.de\/en\/#organization","name":"Apfelpatient","url":"https:\/\/www.apfelpatient.de\/en\/"},"headline":"Bahnbrechender Klang &amp; mehr: Startschuss f\u00fcr den HomePod 2","datePublished":"2023-02-03T06:54:52+00:00","dateModified":"2023-02-03T06:54:53+00:00","mainEntityOfPage":{"@id":"https:\/\/www.apfelpatient.de\/news\/bahnbrechender-klang-mehr-startschuss-fuer-den-homepod-2"},"wordCount":489,"publisher":{"@type":"Organization","@id":"https:\/\/www.apfelpatient.de\/en\/#organization","name":"Apfelpatient","url":"https:\/\/www.apfelpatient.de\/en\/"},"image":{"@id":"https:\/\/www.apfelpatient.de\/news\/bahnbrechender-klang-mehr-startschuss-fuer-den-homepod-2#primaryimage"},"thumbnailUrl":"https:\/\/www.apfelpatient.de\/wp-content\/uploads\/2023\/01\/Apple-HomePod-ecosystem-230118.jpg","keywords":["HomePod"],"articleSection":"News","inLanguage":"en-US","copyrightYear":"2023","copyrightHolder":{"@id":"https:\/\/www.apfelpatient.de\/en\/#organization"}},{"@type":"WebPage","@id":"https:\/\/www.apfelpatient.de\/news\/bahnbrechender-klang-mehr-startschuss-fuer-den-homepod-2","url":"https:\/\/www.apfelpatient.de\/news\/bahnbrechender-klang-mehr-startschuss-fuer-den-homepod-2","name":"Groundbreaking sound &amp; more: HomePod 2 launches","isPartOf":{"@id":"https:\/\/www.apfelpatient.de\/#website"},"primaryImageOfPage":{"@id":"https:\/\/www.apfelpatient.de\/news\/bahnbrechender-klang-mehr-startschuss-fuer-den-homepod-2#primaryimage"},"image":{"@id":"https:\/\/www.apfelpatient.de\/news\/bahnbrechender-klang-mehr-startschuss-fuer-den-homepod-2#primaryimage"},"thumbnailUrl":"https:\/\/www.apfelpatient.de\/wp-content\/uploads\/2023\/01\/Apple-HomePod-ecosystem-230118.jpg","datePublished":"2023-02-03T06:54:52+00:00","dateModified":"2023-02-03T06:54:53+00:00","description":"At the end of January, Apple announced the second generation HomePod, the successor to the larger model. It is now officially available.","breadcrumb":{"@id":"https:\/\/www.apfelpatient.de\/news\/bahnbrechender-klang-mehr-startschuss-fuer-den-homepod-2#breadcrumb"},"inLanguage":"en-US","potentialAction":[{"@type":"ReadAction","target":["https:\/\/www.apfelpatient.de\/news\/bahnbrechender-klang-mehr-startschuss-fuer-den-homepod-2"]}]},{"@type":"ImageObject","inLanguage":"en-US","@id":"https:\/\/www.apfelpatient.de\/news\/bahnbrechender-klang-mehr-startschuss-fuer-den-homepod-2#primaryimage","url":"https:\/\/www.apfelpatient.de\/wp-content\/uploads\/2023\/01\/Apple-HomePod-ecosystem-230118.jpg","contentUrl":"https:\/\/www.apfelpatient.de\/wp-content\/uploads\/2023\/01\/Apple-HomePod-ecosystem-230118.jpg","width":1600,"height":1035,"caption":"Bild: Apple - HomePod 2. Gen."},{"@type":"BreadcrumbList","@id":"https:\/\/www.apfelpatient.de\/news\/bahnbrechender-klang-mehr-startschuss-fuer-den-homepod-2#breadcrumb","itemListElement":[{"@type":"ListItem","position":1,"name":"Startseite","item":"https:\/\/www.apfelpatient.de\/"},{"@type":"ListItem","position":2,"name":"Bahnbrechender Klang &amp; mehr: Startschuss f\u00fcr den HomePod 2"}]},{"@type":"WebSite","@id":"https:\/\/www.apfelpatient.de\/#website","url":"https:\/\/www.apfelpatient.de\/","name":"apple patient","description":"Everything about Apple!","publisher":{"@type":"Organization","@id":"https:\/\/www.apfelpatient.de\/en\/#organization","name":"Apfelpatient","url":"https:\/\/www.apfelpatient.de\/en\/"},"alternateName":"Apfelpatient","potentialAction":[{"@type":"SearchAction","target":{"@type":"EntryPoint","urlTemplate":"https:\/\/www.apfelpatient.de\/?s={search_term_string}"},"query-input":{"@type":"PropertyValueSpecification","valueRequired":true,"valueName":"search_term_string"}}],"inLanguage":"en-US"},{"@type":["Person","Organization"],"@id":"https:\/\/www.apfelpatient.de\/#\/schema\/person\/35b3ddba5832f2bfc7fff5206d4f6b7b","name":"Milan","logo":{"@id":"https:\/\/www.apfelpatient.de\/#\/schema\/person\/image\/"},"description":"Hello and welcome to my technology blog! As a big Apple fan, I report on everything to do with Apple: from the latest news and exciting rumors to helpful tips and tricks and detailed product tests. If you are as enthusiastic about technology as I am, you have come to the right place!","sameAs":["https:\/\/www.facebook.com\/apfelpatientOfficial","https:\/\/www.linkedin.com\/in\/milan-jovicic-42aa0231b"],"url":"https:\/\/www.apfelpatient.de\/en\/author\/apfeladmin"}]}},"_links":{"self":[{"href":"https:\/\/www.apfelpatient.de\/en\/wp-json\/wp\/v2\/posts\/37209","targetHints":{"allow":["GET"]}}],"collection":[{"href":"https:\/\/www.apfelpatient.de\/en\/wp-json\/wp\/v2\/posts"}],"about":[{"href":"https:\/\/www.apfelpatient.de\/en\/wp-json\/wp\/v2\/types\/post"}],"author":[{"embeddable":true,"href":"https:\/\/www.apfelpatient.de\/en\/wp-json\/wp\/v2\/users\/2"}],"replies":[{"embeddable":true,"href":"https:\/\/www.apfelpatient.de\/en\/wp-json\/wp\/v2\/comments?post=37209"}],"version-history":[{"count":0,"href":"https:\/\/www.apfelpatient.de\/en\/wp-json\/wp\/v2\/posts\/37209\/revisions"}],"wp:featuredmedia":[{"embeddable":true,"href":"https:\/\/www.apfelpatient.de\/en\/wp-json\/wp\/v2\/media\/36916"}],"wp:attachment":[{"href":"https:\/\/www.apfelpatient.de\/en\/wp-json\/wp\/v2\/media?parent=37209"}],"wp:term":[{"taxonomy":"category","embeddable":true,"href":"https:\/\/www.apfelpatient.de\/en\/wp-json\/wp\/v2\/categories?post=37209"},{"taxonomy":"post_tag","embeddable":true,"href":"https:\/\/www.apfelpatient.de\/en\/wp-json\/wp\/v2\/tags?post=37209"}],"curies":[{"name":"wp","href":"https:\/\/api.w.org\/{rel}","templated":true}]}}