{"id":37205,"date":"2023-02-02T18:44:08","date_gmt":"2023-02-02T17:44:08","guid":{"rendered":"https:\/\/www.apfelpatient.de\/?p=37205"},"modified":"2023-02-02T18:44:09","modified_gmt":"2023-02-02T17:44:09","slug":"thats-why-apple-introduced-the-homepod-2","status":"publish","type":"post","link":"https:\/\/www.apfelpatient.de\/en\/news\/darum-hat-apple-den-homepod-2-vorgestellt","title":{"rendered":"That&#039;s why Apple introduced the HomePod 2"},"content":{"rendered":"<p class=\"has-drop-cap\"><strong>Apple executives say &quot;growing interest&quot; in a larger HomePod has caused them to reconsider their decision to discontinue the original model.<\/strong><\/p>\n\n\n\n<p>When Apple discontinued the first HomePod in March 2021, the company announced that it would focus on the cheaper HomePod mini instead. After rumors of its return, a new, slightly redesigned HomePod was then announced in January 2023, which will be available from February 3, 2023. An Apple spokesperson explained <a href=\"https:\/\/techcrunch.com\/2023\/02\/02\/apple-hardware-vp-matthew-costello-on-the-homepods-return\/\" target=\"_blank\" rel=\"noreferrer noopener\">opposite<\/a> TechCrunch:<\/p>\n\n\n\n<blockquote class=\"wp-block-quote is-layout-flow wp-block-quote-is-layout-flow\">\n<p>We&#039;ve really heard a growing interest from our customers for the louder, richer acoustics of a larger speaker.<\/p>\n<\/blockquote>\n\n\n\n<p>The spokesperson confirmed that Apple had no plans to re-release the HomePod. However, after deciding to re-release the HomePod, the company learned from its experience with the product. Matthew Costello, Apple&#039;s vice president of hardware engineering and operations, said:<\/p>\n\n\n\n<blockquote class=\"wp-block-quote is-layout-flow wp-block-quote-is-layout-flow\">\n<p>We carefully studied the lessons learned from the first HomePod and HomePod mini, and we launched the new HomePod when it was able to meet our broad experience goals.<\/p>\n<\/blockquote>\n\n\n\n<h3 class=\"wp-block-heading\" id=\"h-homepod-2-darum-funktioniert-das-stereopaar-nur-mit-der-selben-generation\">HomePod 2: This is why the stereo pair only works with the same generation<\/h3>\n\n\n\n\n\n\n\n<p>Costello did not give any specific goals, but it was not about changing the basic design of the HomePod.<\/p>\n\n\n\n<blockquote class=\"wp-block-quote is-layout-flow wp-block-quote-is-layout-flow\">\n<p>Our teams really liked this direction in terms of shape and design. We were able to create a wonderful system within this structure.<\/p>\n<\/blockquote>\n\n\n\n<p>However, the new HomePod is so different that Apple doesn&#039;t want to use it in a stereo pair with the original model. Costello explains this as follows:<\/p>\n\n\n\n<blockquote class=\"wp-block-quote is-layout-flow wp-block-quote-is-layout-flow\">\n<p>With a stereo pair, it&#039;s important that the audio characteristics match to provide an optimal and balanced experience. The new HomePod delivers room-filling sound that users love\u2014with even more detail, clarity, and layers than the original HomePod\u2014so we wanted the acoustic imaging to be as pure and consistent as possible from generation to generation. The principle that the audio characteristics of a stereo pair match applies to HomePod mini, the original HomePod, and the new HomePod.<\/p>\n<\/blockquote>\n\n\n\n<p>The first reviews of the new HomePod praise its audio quality and state that there is no major difference to the original. Anyone interested in the new smart speaker can purchase it from Apple for around 349 euros. (Image: Apple)<\/p>\n\n\n\n<ul class=\"wp-block-list\">\n<li><a href=\"https:\/\/www.apfelpatient.de\/en\/news\/homepod-2-test-reports-successful-new-edition-with-excellent-sound-quality\">HomePod 2 reviews: Successful new edition with excellent sound quality<\/a><\/li>\n<\/ul>\n\n\n\n<h6 class=\"wp-block-heading translation-block\" id=\"h-kennt-ihr-schon-unsere-amazon-storefront-dort-findet-ihr-eine-handverlesene-auswahl-von-diversen-produkten-f-r-euer-iphone-und-co-viel-spa-beim-st-bern\"><em>Have you already visited our Amazon Storefront? There you&#039;ll find a hand-picked selection of various products for your iPhone and other devices \u2013 <span class=\"has-inline-color has-vivid-red-color\"><a href=\"https:\/\/www.amazon.de\/shop\/apfelpatientofficial\" class=\"ek-link\" data-wpel-link=\"exclude\" rel=\"follow noopener\" target=\"_self\"><span style=\"text-decoration: underline\" class=\"ek-underline\">enjoy browsing<\/span><\/a> !<\/span><\/em><\/h6>\n\n\n\n<h6 class=\"wp-block-heading translation-block\" id=\"h-der-beitrag-enthalt-partnerlinks\">This post contains <a data-type=\"URL\" data-id=\"https:\/\/www.apfelpatient.de\/partnerprogramm\" href=\"https:\/\/www.apfelpatient.de\/en\/partner-program\" data-wpel-link=\"internal\" target=\"_self\">affiliate links<\/a>.<\/h6>","protected":false},"excerpt":{"rendered":"<p>HomePod 2: After rumors of its return, a new, slightly redesigned HomePod was announced in January 2023.<\/p>","protected":false},"author":2,"featured_media":36917,"comment_status":"closed","ping_status":"closed","sticky":false,"template":"","format":"standard","meta":{"jnews-multi-image_gallery":[],"jnews_single_post":{"subtitle":"","format":"standard","video":"","gallery":"","source_name":"","source_url":"","via_name":"","via_url":"","override":[{"single_blog_custom":"","sidebar":"","second_sidebar":"","share_position":"","share_float_style":"","post_date_format":"","post_date_format_custom":"","post_reading_time_wpm":"","zoom_button_out_step":"1","zoom_button_in_step":"1","number_popup_post":"1"}],"image_override":[{"single_post_thumbnail_size":"","single_post_gallery_size":""}],"trending_post_position":"","trending_post_label":"","sponsored_post_label":"","sponsored_post_name":"","sponsored_post_url":"","sponsored_post_logo":"","sponsored_post_desc":""},"jnews_primary_category":{"id":"9"},"footnotes":""},"categories":[9],"tags":[85],"class_list":["post-37205","post","type-post","status-publish","format-standard","has-post-thumbnail","hentry","category-news","tag-homepod"],"yoast_head":"<!-- This site is optimized with the Yoast SEO Premium plugin v27.5 (Yoast SEO v27.5) - https:\/\/yoast.com\/product\/yoast-seo-premium-wordpress\/ -->\n<title>Darum hat Apple den HomePod 2 vorgestellt Apfelpatient<\/title>\n<meta name=\"description\" content=\"HomePod 2: Nach Ger\u00fcchten \u00fcber seine R\u00fcckkehr wurde dann im Januar 2023 ein neuer, leicht \u00fcberarbeiteter HomePod angek\u00fcndigt.\" \/>\n<meta name=\"robots\" content=\"index, follow, max-snippet:-1, max-image-preview:large, max-video-preview:-1\" \/>\n<link rel=\"canonical\" href=\"https:\/\/www.apfelpatient.de\/en\/news\/thats-why-apple-introduced-the-homepod-2\" \/>\n<meta property=\"og:locale\" content=\"en_US\" \/>\n<meta property=\"og:type\" content=\"article\" \/>\n<meta property=\"og:title\" content=\"Darum hat Apple den HomePod 2 vorgestellt\" \/>\n<meta property=\"og:description\" content=\"HomePod 2: Nach Ger\u00fcchten \u00fcber seine R\u00fcckkehr wurde dann im Januar 2023 ein neuer, leicht \u00fcberarbeiteter HomePod angek\u00fcndigt.\" \/>\n<meta property=\"og:url\" content=\"https:\/\/www.apfelpatient.de\/en\/news\/thats-why-apple-introduced-the-homepod-2\" \/>\n<meta property=\"og:site_name\" content=\"Apfelpatient\" \/>\n<meta property=\"article:publisher\" content=\"https:\/\/www.facebook.com\/apfelpatientOfficial\" \/>\n<meta property=\"article:author\" content=\"https:\/\/www.facebook.com\/apfelpatientOfficial\" \/>\n<meta property=\"article:published_time\" content=\"2023-02-02T17:44:08+00:00\" \/>\n<meta property=\"article:modified_time\" content=\"2023-02-02T17:44:09+00:00\" \/>\n<meta property=\"og:image\" content=\"https:\/\/www.apfelpatient.de\/wp-content\/uploads\/2023\/01\/Apple-HomePod-hero-230118.jpg\" \/>\n\t<meta property=\"og:image:width\" content=\"1600\" \/>\n\t<meta property=\"og:image:height\" content=\"900\" \/>\n\t<meta property=\"og:image:type\" content=\"image\/jpeg\" \/>\n<meta name=\"author\" content=\"Milan\" \/>\n<meta name=\"twitter:card\" content=\"summary_large_image\" \/>\n<meta name=\"twitter:description\" content=\"HomePod 2: Nach Ger\u00fcchten \u00fcber seine R\u00fcckkehr wurde dann im Januar 2023 ein neuer, leicht \u00fcberarbeiteter HomePod angek\u00fcndigt.\" \/>\n<meta name=\"twitter:label1\" content=\"Written by\" \/>\n\t<meta name=\"twitter:data1\" content=\"Milan\" \/>\n\t<meta name=\"twitter:label2\" content=\"Est. reading time\" \/>\n\t<meta name=\"twitter:data2\" content=\"3 minutes\" \/>\n<script type=\"application\/ld+json\" class=\"yoast-schema-graph\">{\"@context\":\"https:\\\/\\\/schema.org\",\"@graph\":[{\"@type\":\"NewsArticle\",\"@id\":\"https:\\\/\\\/www.apfelpatient.de\\\/news\\\/darum-hat-apple-den-homepod-2-vorgestellt#article\",\"isPartOf\":{\"@id\":\"https:\\\/\\\/www.apfelpatient.de\\\/news\\\/darum-hat-apple-den-homepod-2-vorgestellt\"},\"author\":{\"@type\":\"Organization\",\"@id\":\"https:\\\/\\\/www.apfelpatient.de\\\/en\\\/#organization\",\"name\":\"Apfelpatient\",\"url\":\"https:\\\/\\\/www.apfelpatient.de\\\/en\\\/\"},\"headline\":\"Darum hat Apple den HomePod 2 vorgestellt\",\"datePublished\":\"2023-02-02T17:44:08+00:00\",\"dateModified\":\"2023-02-02T17:44:09+00:00\",\"mainEntityOfPage\":{\"@id\":\"https:\\\/\\\/www.apfelpatient.de\\\/news\\\/darum-hat-apple-den-homepod-2-vorgestellt\"},\"wordCount\":419,\"publisher\":{\"@type\":\"Organization\",\"@id\":\"https:\\\/\\\/www.apfelpatient.de\\\/en\\\/#organization\",\"name\":\"Apfelpatient\",\"url\":\"https:\\\/\\\/www.apfelpatient.de\\\/en\\\/\"},\"image\":{\"@id\":\"https:\\\/\\\/www.apfelpatient.de\\\/news\\\/darum-hat-apple-den-homepod-2-vorgestellt#primaryimage\"},\"thumbnailUrl\":\"https:\\\/\\\/www.apfelpatient.de\\\/wp-content\\\/uploads\\\/2023\\\/01\\\/Apple-HomePod-hero-230118.jpg\",\"keywords\":[\"HomePod\"],\"articleSection\":\"News\",\"inLanguage\":\"en-US\",\"copyrightYear\":\"2023\",\"copyrightHolder\":{\"@id\":\"https:\\\/\\\/www.apfelpatient.de\\\/en\\\/#organization\"}},{\"@type\":\"WebPage\",\"@id\":\"https:\\\/\\\/www.apfelpatient.de\\\/news\\\/darum-hat-apple-den-homepod-2-vorgestellt\",\"url\":\"https:\\\/\\\/www.apfelpatient.de\\\/news\\\/darum-hat-apple-den-homepod-2-vorgestellt\",\"name\":\"Darum hat Apple den HomePod 2 vorgestellt Apfelpatient\",\"isPartOf\":{\"@id\":\"https:\\\/\\\/www.apfelpatient.de\\\/#website\"},\"primaryImageOfPage\":{\"@id\":\"https:\\\/\\\/www.apfelpatient.de\\\/news\\\/darum-hat-apple-den-homepod-2-vorgestellt#primaryimage\"},\"image\":{\"@id\":\"https:\\\/\\\/www.apfelpatient.de\\\/news\\\/darum-hat-apple-den-homepod-2-vorgestellt#primaryimage\"},\"thumbnailUrl\":\"https:\\\/\\\/www.apfelpatient.de\\\/wp-content\\\/uploads\\\/2023\\\/01\\\/Apple-HomePod-hero-230118.jpg\",\"datePublished\":\"2023-02-02T17:44:08+00:00\",\"dateModified\":\"2023-02-02T17:44:09+00:00\",\"description\":\"HomePod 2: Nach Ger\u00fcchten \u00fcber seine R\u00fcckkehr wurde dann im Januar 2023 ein neuer, leicht \u00fcberarbeiteter HomePod angek\u00fcndigt.\",\"breadcrumb\":{\"@id\":\"https:\\\/\\\/www.apfelpatient.de\\\/news\\\/darum-hat-apple-den-homepod-2-vorgestellt#breadcrumb\"},\"inLanguage\":\"en-US\",\"potentialAction\":[{\"@type\":\"ReadAction\",\"target\":[\"https:\\\/\\\/www.apfelpatient.de\\\/news\\\/darum-hat-apple-den-homepod-2-vorgestellt\"]}]},{\"@type\":\"ImageObject\",\"inLanguage\":\"en-US\",\"@id\":\"https:\\\/\\\/www.apfelpatient.de\\\/news\\\/darum-hat-apple-den-homepod-2-vorgestellt#primaryimage\",\"url\":\"https:\\\/\\\/www.apfelpatient.de\\\/wp-content\\\/uploads\\\/2023\\\/01\\\/Apple-HomePod-hero-230118.jpg\",\"contentUrl\":\"https:\\\/\\\/www.apfelpatient.de\\\/wp-content\\\/uploads\\\/2023\\\/01\\\/Apple-HomePod-hero-230118.jpg\",\"width\":1600,\"height\":900,\"caption\":\"Bild: Apple - HomePod 2. Gen.\"},{\"@type\":\"BreadcrumbList\",\"@id\":\"https:\\\/\\\/www.apfelpatient.de\\\/news\\\/darum-hat-apple-den-homepod-2-vorgestellt#breadcrumb\",\"itemListElement\":[{\"@type\":\"ListItem\",\"position\":1,\"name\":\"Startseite\",\"item\":\"https:\\\/\\\/www.apfelpatient.de\\\/\"},{\"@type\":\"ListItem\",\"position\":2,\"name\":\"Darum hat Apple den HomePod 2 vorgestellt\"}]},{\"@type\":\"WebSite\",\"@id\":\"https:\\\/\\\/www.apfelpatient.de\\\/#website\",\"url\":\"https:\\\/\\\/www.apfelpatient.de\\\/\",\"name\":\"Apfelpatient\",\"description\":\"Alles rund um Apple!\",\"publisher\":{\"@type\":\"Organization\",\"@id\":\"https:\\\/\\\/www.apfelpatient.de\\\/en\\\/#organization\",\"name\":\"Apfelpatient\",\"url\":\"https:\\\/\\\/www.apfelpatient.de\\\/en\\\/\"},\"alternateName\":\"Apfelpatient\",\"potentialAction\":[{\"@type\":\"SearchAction\",\"target\":{\"@type\":\"EntryPoint\",\"urlTemplate\":\"https:\\\/\\\/www.apfelpatient.de\\\/?s={search_term_string}\"},\"query-input\":{\"@type\":\"PropertyValueSpecification\",\"valueRequired\":true,\"valueName\":\"search_term_string\"}}],\"inLanguage\":\"en-US\"},{\"@type\":[\"Person\",\"Organization\"],\"@id\":\"https:\\\/\\\/www.apfelpatient.de\\\/#\\\/schema\\\/person\\\/35b3ddba5832f2bfc7fff5206d4f6b7b\",\"name\":\"Milan\",\"logo\":{\"@id\":\"https:\\\/\\\/www.apfelpatient.de\\\/#\\\/schema\\\/person\\\/image\\\/\"},\"description\":\"Hallo und herzlich willkommen auf meinem Technik-Blog! Als gro\u00dfer Apple-Fan berichte ich hier \u00fcber alles, was mit Apple zu tun hat: von den neuesten News und spannenden Ger\u00fcchten \u00fcber hilfreiche Tipps und Tricks bis hin zu ausf\u00fchrlichen Produkttests. Wenn du genauso technikbegeistert bist wie ich, bist du hier genau richtig!\",\"sameAs\":[\"https:\\\/\\\/www.facebook.com\\\/apfelpatientOfficial\",\"https:\\\/\\\/www.linkedin.com\\\/in\\\/milan-jovicic-42aa0231b\"],\"url\":\"https:\\\/\\\/www.apfelpatient.de\\\/en\\\/author\\\/apfeladmin\"}]}<\/script>\n<!-- \/ Yoast SEO Premium plugin. -->","yoast_head_json":{"title":"That&#039;s why Apple introduced the HomePod 2 Apfelpatient","description":"HomePod 2: After rumors of its return, a new, slightly redesigned HomePod was announced in January 2023.","robots":{"index":"index","follow":"follow","max-snippet":"max-snippet:-1","max-image-preview":"max-image-preview:large","max-video-preview":"max-video-preview:-1"},"canonical":"https:\/\/www.apfelpatient.de\/en\/news\/thats-why-apple-introduced-the-homepod-2","og_locale":"en_US","og_type":"article","og_title":"Darum hat Apple den HomePod 2 vorgestellt","og_description":"HomePod 2: Nach Ger\u00fcchten \u00fcber seine R\u00fcckkehr wurde dann im Januar 2023 ein neuer, leicht \u00fcberarbeiteter HomePod angek\u00fcndigt.","og_url":"https:\/\/www.apfelpatient.de\/en\/news\/thats-why-apple-introduced-the-homepod-2","og_site_name":"Apfelpatient","article_publisher":"https:\/\/www.facebook.com\/apfelpatientOfficial","article_author":"https:\/\/www.facebook.com\/apfelpatientOfficial","article_published_time":"2023-02-02T17:44:08+00:00","article_modified_time":"2023-02-02T17:44:09+00:00","og_image":[{"width":1600,"height":900,"url":"https:\/\/www.apfelpatient.de\/wp-content\/uploads\/2023\/01\/Apple-HomePod-hero-230118.jpg","type":"image\/jpeg"}],"author":"Milan","twitter_card":"summary_large_image","twitter_description":"HomePod 2: Nach Ger\u00fcchten \u00fcber seine R\u00fcckkehr wurde dann im Januar 2023 ein neuer, leicht \u00fcberarbeiteter HomePod angek\u00fcndigt.","twitter_misc":{"Written by":"Milan","Est. reading time":"3 minutes"},"schema":{"@context":"https:\/\/schema.org","@graph":[{"@type":"NewsArticle","@id":"https:\/\/www.apfelpatient.de\/news\/darum-hat-apple-den-homepod-2-vorgestellt#article","isPartOf":{"@id":"https:\/\/www.apfelpatient.de\/news\/darum-hat-apple-den-homepod-2-vorgestellt"},"author":{"@type":"Organization","@id":"https:\/\/www.apfelpatient.de\/en\/#organization","name":"Apfelpatient","url":"https:\/\/www.apfelpatient.de\/en\/"},"headline":"Darum hat Apple den HomePod 2 vorgestellt","datePublished":"2023-02-02T17:44:08+00:00","dateModified":"2023-02-02T17:44:09+00:00","mainEntityOfPage":{"@id":"https:\/\/www.apfelpatient.de\/news\/darum-hat-apple-den-homepod-2-vorgestellt"},"wordCount":419,"publisher":{"@type":"Organization","@id":"https:\/\/www.apfelpatient.de\/en\/#organization","name":"Apfelpatient","url":"https:\/\/www.apfelpatient.de\/en\/"},"image":{"@id":"https:\/\/www.apfelpatient.de\/news\/darum-hat-apple-den-homepod-2-vorgestellt#primaryimage"},"thumbnailUrl":"https:\/\/www.apfelpatient.de\/wp-content\/uploads\/2023\/01\/Apple-HomePod-hero-230118.jpg","keywords":["HomePod"],"articleSection":"News","inLanguage":"en-US","copyrightYear":"2023","copyrightHolder":{"@id":"https:\/\/www.apfelpatient.de\/en\/#organization"}},{"@type":"WebPage","@id":"https:\/\/www.apfelpatient.de\/news\/darum-hat-apple-den-homepod-2-vorgestellt","url":"https:\/\/www.apfelpatient.de\/news\/darum-hat-apple-den-homepod-2-vorgestellt","name":"That&#039;s why Apple introduced the HomePod 2 Apfelpatient","isPartOf":{"@id":"https:\/\/www.apfelpatient.de\/#website"},"primaryImageOfPage":{"@id":"https:\/\/www.apfelpatient.de\/news\/darum-hat-apple-den-homepod-2-vorgestellt#primaryimage"},"image":{"@id":"https:\/\/www.apfelpatient.de\/news\/darum-hat-apple-den-homepod-2-vorgestellt#primaryimage"},"thumbnailUrl":"https:\/\/www.apfelpatient.de\/wp-content\/uploads\/2023\/01\/Apple-HomePod-hero-230118.jpg","datePublished":"2023-02-02T17:44:08+00:00","dateModified":"2023-02-02T17:44:09+00:00","description":"HomePod 2: After rumors of its return, a new, slightly redesigned HomePod was announced in January 2023.","breadcrumb":{"@id":"https:\/\/www.apfelpatient.de\/news\/darum-hat-apple-den-homepod-2-vorgestellt#breadcrumb"},"inLanguage":"en-US","potentialAction":[{"@type":"ReadAction","target":["https:\/\/www.apfelpatient.de\/news\/darum-hat-apple-den-homepod-2-vorgestellt"]}]},{"@type":"ImageObject","inLanguage":"en-US","@id":"https:\/\/www.apfelpatient.de\/news\/darum-hat-apple-den-homepod-2-vorgestellt#primaryimage","url":"https:\/\/www.apfelpatient.de\/wp-content\/uploads\/2023\/01\/Apple-HomePod-hero-230118.jpg","contentUrl":"https:\/\/www.apfelpatient.de\/wp-content\/uploads\/2023\/01\/Apple-HomePod-hero-230118.jpg","width":1600,"height":900,"caption":"Bild: Apple - HomePod 2. Gen."},{"@type":"BreadcrumbList","@id":"https:\/\/www.apfelpatient.de\/news\/darum-hat-apple-den-homepod-2-vorgestellt#breadcrumb","itemListElement":[{"@type":"ListItem","position":1,"name":"Startseite","item":"https:\/\/www.apfelpatient.de\/"},{"@type":"ListItem","position":2,"name":"Darum hat Apple den HomePod 2 vorgestellt"}]},{"@type":"WebSite","@id":"https:\/\/www.apfelpatient.de\/#website","url":"https:\/\/www.apfelpatient.de\/","name":"apple patient","description":"Everything about Apple!","publisher":{"@type":"Organization","@id":"https:\/\/www.apfelpatient.de\/en\/#organization","name":"Apfelpatient","url":"https:\/\/www.apfelpatient.de\/en\/"},"alternateName":"Apfelpatient","potentialAction":[{"@type":"SearchAction","target":{"@type":"EntryPoint","urlTemplate":"https:\/\/www.apfelpatient.de\/?s={search_term_string}"},"query-input":{"@type":"PropertyValueSpecification","valueRequired":true,"valueName":"search_term_string"}}],"inLanguage":"en-US"},{"@type":["Person","Organization"],"@id":"https:\/\/www.apfelpatient.de\/#\/schema\/person\/35b3ddba5832f2bfc7fff5206d4f6b7b","name":"Milan","logo":{"@id":"https:\/\/www.apfelpatient.de\/#\/schema\/person\/image\/"},"description":"Hello and welcome to my technology blog! As a big Apple fan, I report on everything to do with Apple: from the latest news and exciting rumors to helpful tips and tricks and detailed product tests. If you are as enthusiastic about technology as I am, you have come to the right place!","sameAs":["https:\/\/www.facebook.com\/apfelpatientOfficial","https:\/\/www.linkedin.com\/in\/milan-jovicic-42aa0231b"],"url":"https:\/\/www.apfelpatient.de\/en\/author\/apfeladmin"}]}},"_links":{"self":[{"href":"https:\/\/www.apfelpatient.de\/en\/wp-json\/wp\/v2\/posts\/37205","targetHints":{"allow":["GET"]}}],"collection":[{"href":"https:\/\/www.apfelpatient.de\/en\/wp-json\/wp\/v2\/posts"}],"about":[{"href":"https:\/\/www.apfelpatient.de\/en\/wp-json\/wp\/v2\/types\/post"}],"author":[{"embeddable":true,"href":"https:\/\/www.apfelpatient.de\/en\/wp-json\/wp\/v2\/users\/2"}],"replies":[{"embeddable":true,"href":"https:\/\/www.apfelpatient.de\/en\/wp-json\/wp\/v2\/comments?post=37205"}],"version-history":[{"count":0,"href":"https:\/\/www.apfelpatient.de\/en\/wp-json\/wp\/v2\/posts\/37205\/revisions"}],"wp:featuredmedia":[{"embeddable":true,"href":"https:\/\/www.apfelpatient.de\/en\/wp-json\/wp\/v2\/media\/36917"}],"wp:attachment":[{"href":"https:\/\/www.apfelpatient.de\/en\/wp-json\/wp\/v2\/media?parent=37205"}],"wp:term":[{"taxonomy":"category","embeddable":true,"href":"https:\/\/www.apfelpatient.de\/en\/wp-json\/wp\/v2\/categories?post=37205"},{"taxonomy":"post_tag","embeddable":true,"href":"https:\/\/www.apfelpatient.de\/en\/wp-json\/wp\/v2\/tags?post=37205"}],"curies":[{"name":"wp","href":"https:\/\/api.w.org\/{rel}","templated":true}]}}