{"id":37168,"date":"2023-01-31T19:35:44","date_gmt":"2023-01-31T18:35:44","guid":{"rendered":"https:\/\/www.apfelpatient.de\/?p=37168"},"modified":"2023-01-31T19:35:44","modified_gmt":"2023-01-31T18:35:44","slug":"apple-is-working-on-a-foldable-205-macbook-with-a-full-screen","status":"publish","type":"post","link":"https:\/\/www.apfelpatient.de\/en\/rumors\/apple-arbeitet-an-faltbarem-205-macbook-mit-vollbildschirm","title":{"rendered":"Apple is working on a foldable 20.5\u2033 MacBook with a full screen"},"content":{"rendered":"<p class=\"has-drop-cap\"><strong>Apple is working on a foldable 20.5\u2033 MacBook that could hit the market as early as 2025. Display analyst Ross Young announced this today.<\/strong><\/p>\n\n\n\n<p>Young shared these details in a <a href=\"https:\/\/twitter.com\/DSCCRoss\/status\/1620482467546398721?s=20&amp;t=jF2cJWP6Q6qaqKrXpTukyw\" target=\"_blank\" rel=\"noreferrer noopener\">Tweet<\/a> , contradicting an iPad rumor by Apple analyst Ming-Chi Kuo, who claimed that Apple was developing a foldable iPad for 2024. So far, both Young and Bloomberg&#039;s Mark Gurman have said they see no signs that a foldable tablet will come next year. The rumor about a full-screen foldable MacBook is not entirely new, as Young shared similar information back in February 2022. At the time, Young said that Apple was talking to its suppliers about foldable notebooks with screens of around 20&quot;.<\/p>\n\n\n\n<h3 class=\"wp-block-heading\" id=\"h-faltbares-20-5-notebook-konnte-eine-mischung-aus-macbook-und-ipad-sein\">Foldable 20.5\u2033 notebook could be a mix of MacBook and iPad<\/h3>\n\n\n\n\n\n\n\n<p>Today&#039;s report suggests that Apple is still working on some sort of foldable notebook that would have a full-size on-screen keyboard when folded and can be used with an external keyboard when unfolded. Young had previously said that this would be an entirely new product category for Apple. The dual-display design would be different from current MacBooks, which can be folded, as those devices have a single display with a keyboard and trackpad. So far, it&#039;s unclear whether the rumored 20&quot; foldable device will be positioned as an iPad, a Mac, or something entirely new. But so far, multiple sources seem to be suggesting that 2024 is too early for such a device. (Photo by Unsplash \/ Elise Bouet)<\/p>\n\n\n\n<ul class=\"wp-block-list\">\n<li><a href=\"https:\/\/www.apfelpatient.de\/en\/rumors\/new-mac-pro-may-not-support-pci-e-graphics-cards\">New Mac Pro may not support PCI-E graphics cards<\/a><\/li>\n<\/ul>\n\n\n\n<h6 class=\"wp-block-heading translation-block\" id=\"h-kennt-ihr-schon-unsere-amazon-storefront-dort-findet-ihr-eine-handverlesene-auswahl-von-diversen-produkten-f-r-euer-iphone-und-co-viel-spa-beim-st-bern\"><em>Have you already visited our Amazon Storefront? There you&#039;ll find a hand-picked selection of various products for your iPhone and other devices \u2013 <span class=\"has-inline-color has-vivid-red-color\"><a href=\"https:\/\/www.amazon.de\/shop\/apfelpatientofficial\" class=\"ek-link\" data-wpel-link=\"exclude\" rel=\"follow noopener\" target=\"_self\"><span style=\"text-decoration: underline\" class=\"ek-underline\">enjoy browsing<\/span><\/a> !<\/span><\/em><\/h6>\n\n\n\n<h6 class=\"wp-block-heading translation-block\" id=\"h-der-beitrag-enthalt-partnerlinks\">This post contains <a data-type=\"URL\" data-id=\"https:\/\/www.apfelpatient.de\/partnerprogramm\" href=\"https:\/\/www.apfelpatient.de\/en\/partner-program\" data-wpel-link=\"internal\" target=\"_self\">affiliate links<\/a>.<\/h6>","protected":false},"excerpt":{"rendered":"<p>Well-known analyst claims: Apple is working on a foldable 20.5\u2033 MacBook that could be launched as early as 2025.<\/p>","protected":false},"author":2,"featured_media":37167,"comment_status":"closed","ping_status":"closed","sticky":false,"template":"","format":"standard","meta":{"jnews-multi-image_gallery":[],"jnews_single_post":{"subtitle":"","format":"standard","video":"","gallery":"","source_name":"","source_url":"","via_name":"","via_url":"","override":[{"single_blog_custom":"","sidebar":"","second_sidebar":"","share_position":"","share_float_style":"","post_date_format":"","post_date_format_custom":"","post_reading_time_wpm":"","zoom_button_out_step":"1","zoom_button_in_step":"1","number_popup_post":"1"}],"image_override":[{"single_post_thumbnail_size":"","single_post_gallery_size":""}],"trending_post_position":"","trending_post_label":"","sponsored_post_label":"","sponsored_post_name":"","sponsored_post_url":"","sponsored_post_logo":"","sponsored_post_desc":""},"jnews_primary_category":{"id":"25"},"footnotes":""},"categories":[25],"tags":[40],"class_list":["post-37168","post","type-post","status-publish","format-standard","has-post-thumbnail","hentry","category-rumors","tag-mac"],"yoast_head":"<!-- This site is optimized with the Yoast SEO Premium plugin v27.5 (Yoast SEO v27.5) - https:\/\/yoast.com\/product\/yoast-seo-premium-wordpress\/ -->\n<title>Apple arbeitet an faltbarem 20,5&quot; MacBook mit Vollbildschirm<\/title>\n<meta name=\"description\" content=\"Bekannter Analyst behauptet: Apple arbeitet an einem faltbaren 20.5&quot; MacBook, das bereits 2025 auf den Markt kommen k\u00f6nnte.\" \/>\n<meta name=\"robots\" content=\"index, follow, max-snippet:-1, max-image-preview:large, max-video-preview:-1\" \/>\n<link rel=\"canonical\" href=\"https:\/\/www.apfelpatient.de\/en\/rumors\/apple-is-working-on-a-foldable-205-macbook-with-a-full-screen\" \/>\n<meta property=\"og:locale\" content=\"en_US\" \/>\n<meta property=\"og:type\" content=\"article\" \/>\n<meta property=\"og:title\" content=\"Apple arbeitet an faltbarem 20,5&quot; MacBook mit Vollbildschirm\" \/>\n<meta property=\"og:description\" content=\"Bekannter Analyst behauptet: Apple arbeitet an einem faltbaren 20.5&quot; MacBook, das bereits 2025 auf den Markt kommen k\u00f6nnte.\" \/>\n<meta property=\"og:url\" content=\"https:\/\/www.apfelpatient.de\/en\/rumors\/apple-is-working-on-a-foldable-205-macbook-with-a-full-screen\" \/>\n<meta property=\"og:site_name\" content=\"Apfelpatient\" \/>\n<meta property=\"article:publisher\" content=\"https:\/\/www.facebook.com\/apfelpatientOfficial\" \/>\n<meta property=\"article:author\" content=\"https:\/\/www.facebook.com\/apfelpatientOfficial\" \/>\n<meta property=\"article:published_time\" content=\"2023-01-31T18:35:44+00:00\" \/>\n<meta property=\"og:image\" content=\"https:\/\/www.apfelpatient.de\/wp-content\/uploads\/2023\/01\/elise-bouet-URGhc8HHdFU-unsplash.jpg\" \/>\n\t<meta property=\"og:image:width\" content=\"1600\" \/>\n\t<meta property=\"og:image:height\" content=\"1066\" \/>\n\t<meta property=\"og:image:type\" content=\"image\/jpeg\" \/>\n<meta name=\"author\" content=\"Milan\" \/>\n<meta name=\"twitter:card\" content=\"summary_large_image\" \/>\n<meta name=\"twitter:description\" content=\"Bekannter Analyst behauptet: Apple arbeitet an einem faltbaren 20.5&quot; MacBook, das bereits 2025 auf den Markt kommen k\u00f6nnte.\" \/>\n<meta name=\"twitter:label1\" content=\"Written by\" \/>\n\t<meta name=\"twitter:data1\" content=\"Milan\" \/>\n\t<meta name=\"twitter:label2\" content=\"Est. reading time\" \/>\n\t<meta name=\"twitter:data2\" content=\"2 minutes\" \/>\n<script type=\"application\/ld+json\" class=\"yoast-schema-graph\">{\"@context\":\"https:\\\/\\\/schema.org\",\"@graph\":[{\"@type\":\"NewsArticle\",\"@id\":\"https:\\\/\\\/www.apfelpatient.de\\\/rumors\\\/apple-arbeitet-an-faltbarem-205-macbook-mit-vollbildschirm#article\",\"isPartOf\":{\"@id\":\"https:\\\/\\\/www.apfelpatient.de\\\/rumors\\\/apple-arbeitet-an-faltbarem-205-macbook-mit-vollbildschirm\"},\"author\":{\"@type\":\"Organization\",\"@id\":\"https:\\\/\\\/www.apfelpatient.de\\\/en\\\/#organization\",\"name\":\"Apfelpatient\",\"url\":\"https:\\\/\\\/www.apfelpatient.de\\\/en\\\/\"},\"headline\":\"Apple arbeitet an faltbarem 20,5&#8243; MacBook mit Vollbildschirm\",\"datePublished\":\"2023-01-31T18:35:44+00:00\",\"mainEntityOfPage\":{\"@id\":\"https:\\\/\\\/www.apfelpatient.de\\\/rumors\\\/apple-arbeitet-an-faltbarem-205-macbook-mit-vollbildschirm\"},\"wordCount\":273,\"publisher\":{\"@type\":\"Organization\",\"@id\":\"https:\\\/\\\/www.apfelpatient.de\\\/en\\\/#organization\",\"name\":\"Apfelpatient\",\"url\":\"https:\\\/\\\/www.apfelpatient.de\\\/en\\\/\"},\"image\":{\"@id\":\"https:\\\/\\\/www.apfelpatient.de\\\/rumors\\\/apple-arbeitet-an-faltbarem-205-macbook-mit-vollbildschirm#primaryimage\"},\"thumbnailUrl\":\"https:\\\/\\\/www.apfelpatient.de\\\/wp-content\\\/uploads\\\/2023\\\/01\\\/elise-bouet-URGhc8HHdFU-unsplash.jpg\",\"keywords\":[\"Mac\"],\"articleSection\":\"Rumors\",\"inLanguage\":\"en-US\",\"copyrightYear\":\"2023\",\"copyrightHolder\":{\"@id\":\"https:\\\/\\\/www.apfelpatient.de\\\/en\\\/#organization\"}},{\"@type\":\"WebPage\",\"@id\":\"https:\\\/\\\/www.apfelpatient.de\\\/rumors\\\/apple-arbeitet-an-faltbarem-205-macbook-mit-vollbildschirm\",\"url\":\"https:\\\/\\\/www.apfelpatient.de\\\/rumors\\\/apple-arbeitet-an-faltbarem-205-macbook-mit-vollbildschirm\",\"name\":\"Apple arbeitet an faltbarem 20,5\\\" MacBook mit Vollbildschirm\",\"isPartOf\":{\"@id\":\"https:\\\/\\\/www.apfelpatient.de\\\/#website\"},\"primaryImageOfPage\":{\"@id\":\"https:\\\/\\\/www.apfelpatient.de\\\/rumors\\\/apple-arbeitet-an-faltbarem-205-macbook-mit-vollbildschirm#primaryimage\"},\"image\":{\"@id\":\"https:\\\/\\\/www.apfelpatient.de\\\/rumors\\\/apple-arbeitet-an-faltbarem-205-macbook-mit-vollbildschirm#primaryimage\"},\"thumbnailUrl\":\"https:\\\/\\\/www.apfelpatient.de\\\/wp-content\\\/uploads\\\/2023\\\/01\\\/elise-bouet-URGhc8HHdFU-unsplash.jpg\",\"datePublished\":\"2023-01-31T18:35:44+00:00\",\"description\":\"Bekannter Analyst behauptet: Apple arbeitet an einem faltbaren 20.5\\\" MacBook, das bereits 2025 auf den Markt kommen k\u00f6nnte.\",\"breadcrumb\":{\"@id\":\"https:\\\/\\\/www.apfelpatient.de\\\/rumors\\\/apple-arbeitet-an-faltbarem-205-macbook-mit-vollbildschirm#breadcrumb\"},\"inLanguage\":\"en-US\",\"potentialAction\":[{\"@type\":\"ReadAction\",\"target\":[\"https:\\\/\\\/www.apfelpatient.de\\\/rumors\\\/apple-arbeitet-an-faltbarem-205-macbook-mit-vollbildschirm\"]}]},{\"@type\":\"ImageObject\",\"inLanguage\":\"en-US\",\"@id\":\"https:\\\/\\\/www.apfelpatient.de\\\/rumors\\\/apple-arbeitet-an-faltbarem-205-macbook-mit-vollbildschirm#primaryimage\",\"url\":\"https:\\\/\\\/www.apfelpatient.de\\\/wp-content\\\/uploads\\\/2023\\\/01\\\/elise-bouet-URGhc8HHdFU-unsplash.jpg\",\"contentUrl\":\"https:\\\/\\\/www.apfelpatient.de\\\/wp-content\\\/uploads\\\/2023\\\/01\\\/elise-bouet-URGhc8HHdFU-unsplash.jpg\",\"width\":1600,\"height\":1066,\"caption\":\"Photo by Unsplash \\\/ Elise Bouet\"},{\"@type\":\"BreadcrumbList\",\"@id\":\"https:\\\/\\\/www.apfelpatient.de\\\/rumors\\\/apple-arbeitet-an-faltbarem-205-macbook-mit-vollbildschirm#breadcrumb\",\"itemListElement\":[{\"@type\":\"ListItem\",\"position\":1,\"name\":\"Startseite\",\"item\":\"https:\\\/\\\/www.apfelpatient.de\\\/\"},{\"@type\":\"ListItem\",\"position\":2,\"name\":\"Apple arbeitet an faltbarem 20,5&#8243; MacBook mit Vollbildschirm\"}]},{\"@type\":\"WebSite\",\"@id\":\"https:\\\/\\\/www.apfelpatient.de\\\/#website\",\"url\":\"https:\\\/\\\/www.apfelpatient.de\\\/\",\"name\":\"Apfelpatient\",\"description\":\"Alles rund um Apple!\",\"publisher\":{\"@type\":\"Organization\",\"@id\":\"https:\\\/\\\/www.apfelpatient.de\\\/en\\\/#organization\",\"name\":\"Apfelpatient\",\"url\":\"https:\\\/\\\/www.apfelpatient.de\\\/en\\\/\"},\"alternateName\":\"Apfelpatient\",\"potentialAction\":[{\"@type\":\"SearchAction\",\"target\":{\"@type\":\"EntryPoint\",\"urlTemplate\":\"https:\\\/\\\/www.apfelpatient.de\\\/?s={search_term_string}\"},\"query-input\":{\"@type\":\"PropertyValueSpecification\",\"valueRequired\":true,\"valueName\":\"search_term_string\"}}],\"inLanguage\":\"en-US\"},{\"@type\":[\"Person\",\"Organization\"],\"@id\":\"https:\\\/\\\/www.apfelpatient.de\\\/#\\\/schema\\\/person\\\/35b3ddba5832f2bfc7fff5206d4f6b7b\",\"name\":\"Milan\",\"logo\":{\"@id\":\"https:\\\/\\\/www.apfelpatient.de\\\/#\\\/schema\\\/person\\\/image\\\/\"},\"description\":\"Hallo und herzlich willkommen auf meinem Technik-Blog! Als gro\u00dfer Apple-Fan berichte ich hier \u00fcber alles, was mit Apple zu tun hat: von den neuesten News und spannenden Ger\u00fcchten \u00fcber hilfreiche Tipps und Tricks bis hin zu ausf\u00fchrlichen Produkttests. Wenn du genauso technikbegeistert bist wie ich, bist du hier genau richtig!\",\"sameAs\":[\"https:\\\/\\\/www.facebook.com\\\/apfelpatientOfficial\",\"https:\\\/\\\/www.linkedin.com\\\/in\\\/milan-jovicic-42aa0231b\"],\"url\":\"https:\\\/\\\/www.apfelpatient.de\\\/en\\\/author\\\/apfeladmin\"}]}<\/script>\n<!-- \/ Yoast SEO Premium plugin. -->","yoast_head_json":{"title":"Apple is working on a foldable 20.5&quot; MacBook with a full screen","description":"Well-known analyst claims: Apple is working on a foldable 20.5&quot; MacBook that could hit the market as early as 2025.","robots":{"index":"index","follow":"follow","max-snippet":"max-snippet:-1","max-image-preview":"max-image-preview:large","max-video-preview":"max-video-preview:-1"},"canonical":"https:\/\/www.apfelpatient.de\/en\/rumors\/apple-is-working-on-a-foldable-205-macbook-with-a-full-screen","og_locale":"en_US","og_type":"article","og_title":"Apple arbeitet an faltbarem 20,5\" MacBook mit Vollbildschirm","og_description":"Bekannter Analyst behauptet: Apple arbeitet an einem faltbaren 20.5\" MacBook, das bereits 2025 auf den Markt kommen k\u00f6nnte.","og_url":"https:\/\/www.apfelpatient.de\/en\/rumors\/apple-is-working-on-a-foldable-205-macbook-with-a-full-screen","og_site_name":"Apfelpatient","article_publisher":"https:\/\/www.facebook.com\/apfelpatientOfficial","article_author":"https:\/\/www.facebook.com\/apfelpatientOfficial","article_published_time":"2023-01-31T18:35:44+00:00","og_image":[{"width":1600,"height":1066,"url":"https:\/\/www.apfelpatient.de\/wp-content\/uploads\/2023\/01\/elise-bouet-URGhc8HHdFU-unsplash.jpg","type":"image\/jpeg"}],"author":"Milan","twitter_card":"summary_large_image","twitter_description":"Bekannter Analyst behauptet: Apple arbeitet an einem faltbaren 20.5\" MacBook, das bereits 2025 auf den Markt kommen k\u00f6nnte.","twitter_misc":{"Written by":"Milan","Est. reading time":"2 minutes"},"schema":{"@context":"https:\/\/schema.org","@graph":[{"@type":"NewsArticle","@id":"https:\/\/www.apfelpatient.de\/rumors\/apple-arbeitet-an-faltbarem-205-macbook-mit-vollbildschirm#article","isPartOf":{"@id":"https:\/\/www.apfelpatient.de\/rumors\/apple-arbeitet-an-faltbarem-205-macbook-mit-vollbildschirm"},"author":{"@type":"Organization","@id":"https:\/\/www.apfelpatient.de\/en\/#organization","name":"Apfelpatient","url":"https:\/\/www.apfelpatient.de\/en\/"},"headline":"Apple arbeitet an faltbarem 20,5&#8243; MacBook mit Vollbildschirm","datePublished":"2023-01-31T18:35:44+00:00","mainEntityOfPage":{"@id":"https:\/\/www.apfelpatient.de\/rumors\/apple-arbeitet-an-faltbarem-205-macbook-mit-vollbildschirm"},"wordCount":273,"publisher":{"@type":"Organization","@id":"https:\/\/www.apfelpatient.de\/en\/#organization","name":"Apfelpatient","url":"https:\/\/www.apfelpatient.de\/en\/"},"image":{"@id":"https:\/\/www.apfelpatient.de\/rumors\/apple-arbeitet-an-faltbarem-205-macbook-mit-vollbildschirm#primaryimage"},"thumbnailUrl":"https:\/\/www.apfelpatient.de\/wp-content\/uploads\/2023\/01\/elise-bouet-URGhc8HHdFU-unsplash.jpg","keywords":["Mac"],"articleSection":"Rumors","inLanguage":"en-US","copyrightYear":"2023","copyrightHolder":{"@id":"https:\/\/www.apfelpatient.de\/en\/#organization"}},{"@type":"WebPage","@id":"https:\/\/www.apfelpatient.de\/rumors\/apple-arbeitet-an-faltbarem-205-macbook-mit-vollbildschirm","url":"https:\/\/www.apfelpatient.de\/rumors\/apple-arbeitet-an-faltbarem-205-macbook-mit-vollbildschirm","name":"Apple is working on a foldable 20.5&quot; MacBook with a full screen","isPartOf":{"@id":"https:\/\/www.apfelpatient.de\/#website"},"primaryImageOfPage":{"@id":"https:\/\/www.apfelpatient.de\/rumors\/apple-arbeitet-an-faltbarem-205-macbook-mit-vollbildschirm#primaryimage"},"image":{"@id":"https:\/\/www.apfelpatient.de\/rumors\/apple-arbeitet-an-faltbarem-205-macbook-mit-vollbildschirm#primaryimage"},"thumbnailUrl":"https:\/\/www.apfelpatient.de\/wp-content\/uploads\/2023\/01\/elise-bouet-URGhc8HHdFU-unsplash.jpg","datePublished":"2023-01-31T18:35:44+00:00","description":"Well-known analyst claims: Apple is working on a foldable 20.5&quot; MacBook that could hit the market as early as 2025.","breadcrumb":{"@id":"https:\/\/www.apfelpatient.de\/rumors\/apple-arbeitet-an-faltbarem-205-macbook-mit-vollbildschirm#breadcrumb"},"inLanguage":"en-US","potentialAction":[{"@type":"ReadAction","target":["https:\/\/www.apfelpatient.de\/rumors\/apple-arbeitet-an-faltbarem-205-macbook-mit-vollbildschirm"]}]},{"@type":"ImageObject","inLanguage":"en-US","@id":"https:\/\/www.apfelpatient.de\/rumors\/apple-arbeitet-an-faltbarem-205-macbook-mit-vollbildschirm#primaryimage","url":"https:\/\/www.apfelpatient.de\/wp-content\/uploads\/2023\/01\/elise-bouet-URGhc8HHdFU-unsplash.jpg","contentUrl":"https:\/\/www.apfelpatient.de\/wp-content\/uploads\/2023\/01\/elise-bouet-URGhc8HHdFU-unsplash.jpg","width":1600,"height":1066,"caption":"Photo by Unsplash \/ Elise Bouet"},{"@type":"BreadcrumbList","@id":"https:\/\/www.apfelpatient.de\/rumors\/apple-arbeitet-an-faltbarem-205-macbook-mit-vollbildschirm#breadcrumb","itemListElement":[{"@type":"ListItem","position":1,"name":"Startseite","item":"https:\/\/www.apfelpatient.de\/"},{"@type":"ListItem","position":2,"name":"Apple arbeitet an faltbarem 20,5&#8243; MacBook mit Vollbildschirm"}]},{"@type":"WebSite","@id":"https:\/\/www.apfelpatient.de\/#website","url":"https:\/\/www.apfelpatient.de\/","name":"apple patient","description":"Everything about Apple!","publisher":{"@type":"Organization","@id":"https:\/\/www.apfelpatient.de\/en\/#organization","name":"Apfelpatient","url":"https:\/\/www.apfelpatient.de\/en\/"},"alternateName":"Apfelpatient","potentialAction":[{"@type":"SearchAction","target":{"@type":"EntryPoint","urlTemplate":"https:\/\/www.apfelpatient.de\/?s={search_term_string}"},"query-input":{"@type":"PropertyValueSpecification","valueRequired":true,"valueName":"search_term_string"}}],"inLanguage":"en-US"},{"@type":["Person","Organization"],"@id":"https:\/\/www.apfelpatient.de\/#\/schema\/person\/35b3ddba5832f2bfc7fff5206d4f6b7b","name":"Milan","logo":{"@id":"https:\/\/www.apfelpatient.de\/#\/schema\/person\/image\/"},"description":"Hello and welcome to my technology blog! As a big Apple fan, I report on everything to do with Apple: from the latest news and exciting rumors to helpful tips and tricks and detailed product tests. If you are as enthusiastic about technology as I am, you have come to the right place!","sameAs":["https:\/\/www.facebook.com\/apfelpatientOfficial","https:\/\/www.linkedin.com\/in\/milan-jovicic-42aa0231b"],"url":"https:\/\/www.apfelpatient.de\/en\/author\/apfeladmin"}]}},"_links":{"self":[{"href":"https:\/\/www.apfelpatient.de\/en\/wp-json\/wp\/v2\/posts\/37168","targetHints":{"allow":["GET"]}}],"collection":[{"href":"https:\/\/www.apfelpatient.de\/en\/wp-json\/wp\/v2\/posts"}],"about":[{"href":"https:\/\/www.apfelpatient.de\/en\/wp-json\/wp\/v2\/types\/post"}],"author":[{"embeddable":true,"href":"https:\/\/www.apfelpatient.de\/en\/wp-json\/wp\/v2\/users\/2"}],"replies":[{"embeddable":true,"href":"https:\/\/www.apfelpatient.de\/en\/wp-json\/wp\/v2\/comments?post=37168"}],"version-history":[{"count":0,"href":"https:\/\/www.apfelpatient.de\/en\/wp-json\/wp\/v2\/posts\/37168\/revisions"}],"wp:featuredmedia":[{"embeddable":true,"href":"https:\/\/www.apfelpatient.de\/en\/wp-json\/wp\/v2\/media\/37167"}],"wp:attachment":[{"href":"https:\/\/www.apfelpatient.de\/en\/wp-json\/wp\/v2\/media?parent=37168"}],"wp:term":[{"taxonomy":"category","embeddable":true,"href":"https:\/\/www.apfelpatient.de\/en\/wp-json\/wp\/v2\/categories?post=37168"},{"taxonomy":"post_tag","embeddable":true,"href":"https:\/\/www.apfelpatient.de\/en\/wp-json\/wp\/v2\/tags?post=37168"}],"curies":[{"name":"wp","href":"https:\/\/api.w.org\/{rel}","templated":true}]}}