{"id":37117,"date":"2023-01-26T17:19:09","date_gmt":"2023-01-26T16:19:09","guid":{"rendered":"https:\/\/www.apfelpatient.de\/?p=37117"},"modified":"2023-01-26T17:19:09","modified_gmt":"2023-01-26T16:19:09","slug":"new-mac-pro-may-not-support-pci-e-graphics-cards","status":"publish","type":"post","link":"https:\/\/www.apfelpatient.de\/en\/rumors\/neuer-mac-pro-unterstuetzt-moeglicherweise-keine-pci-e-grafikkarten","title":{"rendered":"New Mac Pro may not support PCI-E graphics cards"},"content":{"rendered":"<p class=\"has-drop-cap\"><strong>According to reports, the upcoming Mac Pro will likely lack support for PCI-E graphics cards and user-upgradable memory.<\/strong><\/p>\n\n\n\n<p>Apple&#039;s Silicon Macs have never offered support for external GPUs since the beginning, and now it looks like the M2 Mac Pro won&#039;t be able to change that. <a href=\"https:\/\/twitter.com\/markgurman\/status\/1618410815379632129?s=20&amp;t=3mj161BQJgY9wTwSwoP-8w\" target=\"_blank\" rel=\"noreferrer noopener\">Loud<\/a> According to Bloomberg&#039;s Mark Gurman, the Mac Pro &quot;may&quot; not have upgradeable graphics processors, adding to the expected lack of modularity and expandability.<\/p>\n\n\n\n<h3 class=\"wp-block-heading\" id=\"h-neuer-mac-pro-mit-apple-silicon-konnte-einige-enttauschen\">New Mac Pro with Apple Silicon could disappoint some<\/h3>\n\n\n\n\n\n\n\n<blockquote class=\"wp-block-quote is-layout-flow wp-block-quote-is-layout-flow\">\n<p>This leaves RAM as the most important upgradeable component of the new Mac Pro. The big difference between a Mac Pro and a Mac Studio - in addition to M1 Ultra to M2 Ultra - should be performance through more cooling.<\/p>\n<\/blockquote>\n\n\n\n<p>It has already been reported that the Mac Pro does not allow for memory upgrades because memory is part of the Apple Silicon processor. Although the Mac Pro continues to use Intel processors, there are circumstances in which the most expensive Mac can compete with the cheapest, the Mac mini. (Photo by hadrian \/ Bigstockphoto)<\/p>\n\n\n\n<ul class=\"wp-block-list\">\n<li><a href=\"https:\/\/www.apfelpatient.de\/en\/rumors\/apple-silicon-mac-pro-is-currently-being-tested-with-macos-13-3\">Apple Silicon Mac Pro is currently being tested with macOS 13.3<\/a><\/li>\n<\/ul>\n\n\n\n<h6 class=\"wp-block-heading translation-block\" id=\"h-kennt-ihr-schon-unsere-amazon-storefront-dort-findet-ihr-eine-handverlesene-auswahl-von-diversen-produkten-f-r-euer-iphone-und-co-viel-spa-beim-st-bern\"><em>Have you already visited our Amazon Storefront? There you&#039;ll find a hand-picked selection of various products for your iPhone and other devices \u2013 <span class=\"has-inline-color has-vivid-red-color\"><a href=\"https:\/\/www.amazon.de\/shop\/apfelpatientofficial\" class=\"ek-link\" data-wpel-link=\"exclude\" rel=\"follow noopener\" target=\"_self\"><span style=\"text-decoration: underline\" class=\"ek-underline\">enjoy browsing<\/span><\/a> !<\/span><\/em><\/h6>\n\n\n\n<h6 class=\"wp-block-heading translation-block\" id=\"h-der-beitrag-enthalt-partnerlinks\">This post contains <a data-type=\"URL\" data-id=\"https:\/\/www.apfelpatient.de\/partnerprogramm\" href=\"https:\/\/www.apfelpatient.de\/en\/partner-program\" data-wpel-link=\"internal\" target=\"_self\">affiliate links<\/a>.<\/h6>","protected":false},"excerpt":{"rendered":"<p>According to reports, the upcoming Mac Pro will not offer support for PCI-E graphics cards and expandable memory.<\/p>","protected":false},"author":2,"featured_media":36743,"comment_status":"closed","ping_status":"closed","sticky":false,"template":"","format":"standard","meta":{"jnews-multi-image_gallery":[],"jnews_single_post":{"subtitle":"","format":"standard","video":"","gallery":"","source_name":"","source_url":"","via_name":"","via_url":"","override":[{"single_blog_custom":"","sidebar":"","second_sidebar":"","share_position":"","share_float_style":"","post_date_format":"","post_date_format_custom":"","post_reading_time_wpm":"","zoom_button_out_step":"1","zoom_button_in_step":"1","number_popup_post":"1"}],"image_override":[{"single_post_thumbnail_size":"","single_post_gallery_size":""}],"trending_post_position":"","trending_post_label":"","sponsored_post_label":"","sponsored_post_name":"","sponsored_post_url":"","sponsored_post_logo":"","sponsored_post_desc":""},"jnews_primary_category":{"id":"25"},"footnotes":""},"categories":[25],"tags":[40,234],"class_list":["post-37117","post","type-post","status-publish","format-standard","has-post-thumbnail","hentry","category-rumors","tag-mac","tag-mac-pro"],"yoast_head":"<!-- This site is optimized with the Yoast SEO Premium plugin v27.5 (Yoast SEO v27.5) - https:\/\/yoast.com\/product\/yoast-seo-premium-wordpress\/ -->\n<title>Neuer Mac Pro unterst\u00fctzt m\u00f6glicherweise keine PCI-E-Grafikkarten<\/title>\n<meta name=\"description\" content=\"Berichten zufolge wird der kommende Mac Pro keine Unterst\u00fctzung f\u00fcr PCI-E-Grafikkarten und erweiterbaren Arbeitsspeicher bieten.\" \/>\n<meta name=\"robots\" content=\"index, follow, max-snippet:-1, max-image-preview:large, max-video-preview:-1\" \/>\n<link rel=\"canonical\" href=\"https:\/\/www.apfelpatient.de\/en\/rumors\/new-mac-pro-may-not-support-pci-e-graphics-cards\" \/>\n<meta property=\"og:locale\" content=\"en_US\" \/>\n<meta property=\"og:type\" content=\"article\" \/>\n<meta property=\"og:title\" content=\"Neuer Mac Pro unterst\u00fctzt m\u00f6glicherweise keine PCI-E-Grafikkarten\" \/>\n<meta property=\"og:description\" content=\"Berichten zufolge wird der kommende Mac Pro keine Unterst\u00fctzung f\u00fcr PCI-E-Grafikkarten und erweiterbaren Arbeitsspeicher bieten.\" \/>\n<meta property=\"og:url\" content=\"https:\/\/www.apfelpatient.de\/en\/rumors\/new-mac-pro-may-not-support-pci-e-graphics-cards\" \/>\n<meta property=\"og:site_name\" content=\"Apfelpatient\" \/>\n<meta property=\"article:publisher\" content=\"https:\/\/www.facebook.com\/apfelpatientOfficial\" \/>\n<meta property=\"article:author\" content=\"https:\/\/www.facebook.com\/apfelpatientOfficial\" \/>\n<meta property=\"article:published_time\" content=\"2023-01-26T16:19:09+00:00\" \/>\n<meta property=\"og:image\" content=\"https:\/\/www.apfelpatient.de\/wp-content\/uploads\/2023\/01\/bigstock-Paris-France-Mar-451193715.jpg\" \/>\n\t<meta property=\"og:image:width\" content=\"1600\" \/>\n\t<meta property=\"og:image:height\" content=\"1200\" \/>\n\t<meta property=\"og:image:type\" content=\"image\/jpeg\" \/>\n<meta name=\"author\" content=\"Milan\" \/>\n<meta name=\"twitter:card\" content=\"summary_large_image\" \/>\n<meta name=\"twitter:description\" content=\"Berichten zufolge wird der kommende Mac Pro keine Unterst\u00fctzung f\u00fcr PCI-E-Grafikkarten und erweiterbaren Arbeitsspeicher bieten.\" \/>\n<meta name=\"twitter:label1\" content=\"Written by\" \/>\n\t<meta name=\"twitter:data1\" content=\"Milan\" \/>\n\t<meta name=\"twitter:label2\" content=\"Est. reading time\" \/>\n\t<meta name=\"twitter:data2\" content=\"1 minute\" \/>\n<script type=\"application\/ld+json\" class=\"yoast-schema-graph\">{\"@context\":\"https:\\\/\\\/schema.org\",\"@graph\":[{\"@type\":\"NewsArticle\",\"@id\":\"https:\\\/\\\/www.apfelpatient.de\\\/en\\\/rumors\\\/new-mac-pro-may-not-support-pci-e-graphics-cards#article\",\"isPartOf\":{\"@id\":\"https:\\\/\\\/www.apfelpatient.de\\\/en\\\/rumors\\\/new-mac-pro-may-not-support-pci-e-graphics-cards\"},\"author\":{\"@type\":\"Organization\",\"@id\":\"https:\\\/\\\/www.apfelpatient.de\\\/en\\\/#organization\",\"name\":\"Apfelpatient\",\"url\":\"https:\\\/\\\/www.apfelpatient.de\\\/en\\\/\"},\"headline\":\"Neuer Mac Pro unterst\u00fctzt m\u00f6glicherweise keine PCI-E-Grafikkarten\",\"datePublished\":\"2023-01-26T16:19:09+00:00\",\"mainEntityOfPage\":{\"@id\":\"https:\\\/\\\/www.apfelpatient.de\\\/en\\\/rumors\\\/new-mac-pro-may-not-support-pci-e-graphics-cards\"},\"wordCount\":203,\"publisher\":{\"@type\":\"Organization\",\"@id\":\"https:\\\/\\\/www.apfelpatient.de\\\/en\\\/#organization\",\"name\":\"Apfelpatient\",\"url\":\"https:\\\/\\\/www.apfelpatient.de\\\/en\\\/\"},\"image\":{\"@id\":\"https:\\\/\\\/www.apfelpatient.de\\\/en\\\/rumors\\\/new-mac-pro-may-not-support-pci-e-graphics-cards#primaryimage\"},\"thumbnailUrl\":\"https:\\\/\\\/www.apfelpatient.de\\\/wp-content\\\/uploads\\\/2023\\\/01\\\/bigstock-Paris-France-Mar-451193715.jpg\",\"keywords\":[\"Mac\",\"Mac Pro\"],\"articleSection\":\"Rumors\",\"inLanguage\":\"en-US\",\"copyrightYear\":\"2023\",\"copyrightHolder\":{\"@id\":\"https:\\\/\\\/www.apfelpatient.de\\\/en\\\/#organization\"}},{\"@type\":\"WebPage\",\"@id\":\"https:\\\/\\\/www.apfelpatient.de\\\/en\\\/rumors\\\/new-mac-pro-may-not-support-pci-e-graphics-cards\",\"url\":\"https:\\\/\\\/www.apfelpatient.de\\\/en\\\/rumors\\\/new-mac-pro-may-not-support-pci-e-graphics-cards\",\"name\":\"Neuer Mac Pro unterst\u00fctzt m\u00f6glicherweise keine PCI-E-Grafikkarten\",\"isPartOf\":{\"@id\":\"https:\\\/\\\/www.apfelpatient.de\\\/#website\"},\"primaryImageOfPage\":{\"@id\":\"https:\\\/\\\/www.apfelpatient.de\\\/en\\\/rumors\\\/new-mac-pro-may-not-support-pci-e-graphics-cards#primaryimage\"},\"image\":{\"@id\":\"https:\\\/\\\/www.apfelpatient.de\\\/en\\\/rumors\\\/new-mac-pro-may-not-support-pci-e-graphics-cards#primaryimage\"},\"thumbnailUrl\":\"https:\\\/\\\/www.apfelpatient.de\\\/wp-content\\\/uploads\\\/2023\\\/01\\\/bigstock-Paris-France-Mar-451193715.jpg\",\"datePublished\":\"2023-01-26T16:19:09+00:00\",\"description\":\"Berichten zufolge wird der kommende Mac Pro keine Unterst\u00fctzung f\u00fcr PCI-E-Grafikkarten und erweiterbaren Arbeitsspeicher bieten.\",\"breadcrumb\":{\"@id\":\"https:\\\/\\\/www.apfelpatient.de\\\/en\\\/rumors\\\/new-mac-pro-may-not-support-pci-e-graphics-cards#breadcrumb\"},\"inLanguage\":\"en-US\",\"potentialAction\":[{\"@type\":\"ReadAction\",\"target\":[\"https:\\\/\\\/www.apfelpatient.de\\\/en\\\/rumors\\\/new-mac-pro-may-not-support-pci-e-graphics-cards\"]}]},{\"@type\":\"ImageObject\",\"inLanguage\":\"en-US\",\"@id\":\"https:\\\/\\\/www.apfelpatient.de\\\/en\\\/rumors\\\/new-mac-pro-may-not-support-pci-e-graphics-cards#primaryimage\",\"url\":\"https:\\\/\\\/www.apfelpatient.de\\\/wp-content\\\/uploads\\\/2023\\\/01\\\/bigstock-Paris-France-Mar-451193715.jpg\",\"contentUrl\":\"https:\\\/\\\/www.apfelpatient.de\\\/wp-content\\\/uploads\\\/2023\\\/01\\\/bigstock-Paris-France-Mar-451193715.jpg\",\"width\":1600,\"height\":1200,\"caption\":\"Paris, France - Mar 18, 2022: New Apple Computers Mac Pro Xeon silicon workstation air ducts holes - extreme close-up macro\"},{\"@type\":\"BreadcrumbList\",\"@id\":\"https:\\\/\\\/www.apfelpatient.de\\\/en\\\/rumors\\\/new-mac-pro-may-not-support-pci-e-graphics-cards#breadcrumb\",\"itemListElement\":[{\"@type\":\"ListItem\",\"position\":1,\"name\":\"Startseite\",\"item\":\"https:\\\/\\\/www.apfelpatient.de\\\/\"},{\"@type\":\"ListItem\",\"position\":2,\"name\":\"Neuer Mac Pro unterst\u00fctzt m\u00f6glicherweise keine PCI-E-Grafikkarten\"}]},{\"@type\":\"WebSite\",\"@id\":\"https:\\\/\\\/www.apfelpatient.de\\\/#website\",\"url\":\"https:\\\/\\\/www.apfelpatient.de\\\/\",\"name\":\"Apfelpatient\",\"description\":\"Alles rund um Apple!\",\"publisher\":{\"@type\":\"Organization\",\"@id\":\"https:\\\/\\\/www.apfelpatient.de\\\/en\\\/#organization\",\"name\":\"Apfelpatient\",\"url\":\"https:\\\/\\\/www.apfelpatient.de\\\/en\\\/\"},\"alternateName\":\"Apfelpatient\",\"potentialAction\":[{\"@type\":\"SearchAction\",\"target\":{\"@type\":\"EntryPoint\",\"urlTemplate\":\"https:\\\/\\\/www.apfelpatient.de\\\/?s={search_term_string}\"},\"query-input\":{\"@type\":\"PropertyValueSpecification\",\"valueRequired\":true,\"valueName\":\"search_term_string\"}}],\"inLanguage\":\"en-US\"},{\"@type\":[\"Person\",\"Organization\"],\"@id\":\"https:\\\/\\\/www.apfelpatient.de\\\/#\\\/schema\\\/person\\\/35b3ddba5832f2bfc7fff5206d4f6b7b\",\"name\":\"Milan\",\"logo\":{\"@id\":\"https:\\\/\\\/www.apfelpatient.de\\\/#\\\/schema\\\/person\\\/image\\\/\"},\"description\":\"Hallo und herzlich willkommen auf meinem Technik-Blog! Als gro\u00dfer Apple-Fan berichte ich hier \u00fcber alles, was mit Apple zu tun hat: von den neuesten News und spannenden Ger\u00fcchten \u00fcber hilfreiche Tipps und Tricks bis hin zu ausf\u00fchrlichen Produkttests. Wenn du genauso technikbegeistert bist wie ich, bist du hier genau richtig!\",\"sameAs\":[\"https:\\\/\\\/www.facebook.com\\\/apfelpatientOfficial\",\"https:\\\/\\\/www.linkedin.com\\\/in\\\/milan-jovicic-42aa0231b\"],\"url\":\"https:\\\/\\\/www.apfelpatient.de\\\/en\\\/author\\\/apfeladmin\"}]}<\/script>\n<!-- \/ Yoast SEO Premium plugin. -->","yoast_head_json":{"title":"New Mac Pro may not support PCI-E graphics cards","description":"According to reports, the upcoming Mac Pro will not offer support for PCI-E graphics cards and expandable memory.","robots":{"index":"index","follow":"follow","max-snippet":"max-snippet:-1","max-image-preview":"max-image-preview:large","max-video-preview":"max-video-preview:-1"},"canonical":"https:\/\/www.apfelpatient.de\/en\/rumors\/new-mac-pro-may-not-support-pci-e-graphics-cards","og_locale":"en_US","og_type":"article","og_title":"Neuer Mac Pro unterst\u00fctzt m\u00f6glicherweise keine PCI-E-Grafikkarten","og_description":"Berichten zufolge wird der kommende Mac Pro keine Unterst\u00fctzung f\u00fcr PCI-E-Grafikkarten und erweiterbaren Arbeitsspeicher bieten.","og_url":"https:\/\/www.apfelpatient.de\/en\/rumors\/new-mac-pro-may-not-support-pci-e-graphics-cards","og_site_name":"Apfelpatient","article_publisher":"https:\/\/www.facebook.com\/apfelpatientOfficial","article_author":"https:\/\/www.facebook.com\/apfelpatientOfficial","article_published_time":"2023-01-26T16:19:09+00:00","og_image":[{"width":1600,"height":1200,"url":"https:\/\/www.apfelpatient.de\/wp-content\/uploads\/2023\/01\/bigstock-Paris-France-Mar-451193715.jpg","type":"image\/jpeg"}],"author":"Milan","twitter_card":"summary_large_image","twitter_description":"Berichten zufolge wird der kommende Mac Pro keine Unterst\u00fctzung f\u00fcr PCI-E-Grafikkarten und erweiterbaren Arbeitsspeicher bieten.","twitter_misc":{"Written by":"Milan","Est. reading time":"1 minute"},"schema":{"@context":"https:\/\/schema.org","@graph":[{"@type":"NewsArticle","@id":"https:\/\/www.apfelpatient.de\/en\/rumors\/new-mac-pro-may-not-support-pci-e-graphics-cards#article","isPartOf":{"@id":"https:\/\/www.apfelpatient.de\/en\/rumors\/new-mac-pro-may-not-support-pci-e-graphics-cards"},"author":{"@type":"Organization","@id":"https:\/\/www.apfelpatient.de\/en\/#organization","name":"Apfelpatient","url":"https:\/\/www.apfelpatient.de\/en\/"},"headline":"Neuer Mac Pro unterst\u00fctzt m\u00f6glicherweise keine PCI-E-Grafikkarten","datePublished":"2023-01-26T16:19:09+00:00","mainEntityOfPage":{"@id":"https:\/\/www.apfelpatient.de\/en\/rumors\/new-mac-pro-may-not-support-pci-e-graphics-cards"},"wordCount":203,"publisher":{"@type":"Organization","@id":"https:\/\/www.apfelpatient.de\/en\/#organization","name":"Apfelpatient","url":"https:\/\/www.apfelpatient.de\/en\/"},"image":{"@id":"https:\/\/www.apfelpatient.de\/en\/rumors\/new-mac-pro-may-not-support-pci-e-graphics-cards#primaryimage"},"thumbnailUrl":"https:\/\/www.apfelpatient.de\/wp-content\/uploads\/2023\/01\/bigstock-Paris-France-Mar-451193715.jpg","keywords":["Mac","Mac Pro"],"articleSection":"Rumors","inLanguage":"en-US","copyrightYear":"2023","copyrightHolder":{"@id":"https:\/\/www.apfelpatient.de\/en\/#organization"}},{"@type":"WebPage","@id":"https:\/\/www.apfelpatient.de\/en\/rumors\/new-mac-pro-may-not-support-pci-e-graphics-cards","url":"https:\/\/www.apfelpatient.de\/en\/rumors\/new-mac-pro-may-not-support-pci-e-graphics-cards","name":"New Mac Pro may not support PCI-E graphics cards","isPartOf":{"@id":"https:\/\/www.apfelpatient.de\/#website"},"primaryImageOfPage":{"@id":"https:\/\/www.apfelpatient.de\/en\/rumors\/new-mac-pro-may-not-support-pci-e-graphics-cards#primaryimage"},"image":{"@id":"https:\/\/www.apfelpatient.de\/en\/rumors\/new-mac-pro-may-not-support-pci-e-graphics-cards#primaryimage"},"thumbnailUrl":"https:\/\/www.apfelpatient.de\/wp-content\/uploads\/2023\/01\/bigstock-Paris-France-Mar-451193715.jpg","datePublished":"2023-01-26T16:19:09+00:00","description":"According to reports, the upcoming Mac Pro will not offer support for PCI-E graphics cards and expandable memory.","breadcrumb":{"@id":"https:\/\/www.apfelpatient.de\/en\/rumors\/new-mac-pro-may-not-support-pci-e-graphics-cards#breadcrumb"},"inLanguage":"en-US","potentialAction":[{"@type":"ReadAction","target":["https:\/\/www.apfelpatient.de\/en\/rumors\/new-mac-pro-may-not-support-pci-e-graphics-cards"]}]},{"@type":"ImageObject","inLanguage":"en-US","@id":"https:\/\/www.apfelpatient.de\/en\/rumors\/new-mac-pro-may-not-support-pci-e-graphics-cards#primaryimage","url":"https:\/\/www.apfelpatient.de\/wp-content\/uploads\/2023\/01\/bigstock-Paris-France-Mar-451193715.jpg","contentUrl":"https:\/\/www.apfelpatient.de\/wp-content\/uploads\/2023\/01\/bigstock-Paris-France-Mar-451193715.jpg","width":1600,"height":1200,"caption":"Paris, France - Mar 18, 2022: New Apple Computers Mac Pro Xeon silicon workstation air ducts holes - extreme close-up macro"},{"@type":"BreadcrumbList","@id":"https:\/\/www.apfelpatient.de\/en\/rumors\/new-mac-pro-may-not-support-pci-e-graphics-cards#breadcrumb","itemListElement":[{"@type":"ListItem","position":1,"name":"Startseite","item":"https:\/\/www.apfelpatient.de\/"},{"@type":"ListItem","position":2,"name":"Neuer Mac Pro unterst\u00fctzt m\u00f6glicherweise keine PCI-E-Grafikkarten"}]},{"@type":"WebSite","@id":"https:\/\/www.apfelpatient.de\/#website","url":"https:\/\/www.apfelpatient.de\/","name":"apple patient","description":"Everything about Apple!","publisher":{"@type":"Organization","@id":"https:\/\/www.apfelpatient.de\/en\/#organization","name":"Apfelpatient","url":"https:\/\/www.apfelpatient.de\/en\/"},"alternateName":"Apfelpatient","potentialAction":[{"@type":"SearchAction","target":{"@type":"EntryPoint","urlTemplate":"https:\/\/www.apfelpatient.de\/?s={search_term_string}"},"query-input":{"@type":"PropertyValueSpecification","valueRequired":true,"valueName":"search_term_string"}}],"inLanguage":"en-US"},{"@type":["Person","Organization"],"@id":"https:\/\/www.apfelpatient.de\/#\/schema\/person\/35b3ddba5832f2bfc7fff5206d4f6b7b","name":"Milan","logo":{"@id":"https:\/\/www.apfelpatient.de\/#\/schema\/person\/image\/"},"description":"Hello and welcome to my technology blog! As a big Apple fan, I report on everything to do with Apple: from the latest news and exciting rumors to helpful tips and tricks and detailed product tests. If you are as enthusiastic about technology as I am, you have come to the right place!","sameAs":["https:\/\/www.facebook.com\/apfelpatientOfficial","https:\/\/www.linkedin.com\/in\/milan-jovicic-42aa0231b"],"url":"https:\/\/www.apfelpatient.de\/en\/author\/apfeladmin"}]}},"_links":{"self":[{"href":"https:\/\/www.apfelpatient.de\/en\/wp-json\/wp\/v2\/posts\/37117","targetHints":{"allow":["GET"]}}],"collection":[{"href":"https:\/\/www.apfelpatient.de\/en\/wp-json\/wp\/v2\/posts"}],"about":[{"href":"https:\/\/www.apfelpatient.de\/en\/wp-json\/wp\/v2\/types\/post"}],"author":[{"embeddable":true,"href":"https:\/\/www.apfelpatient.de\/en\/wp-json\/wp\/v2\/users\/2"}],"replies":[{"embeddable":true,"href":"https:\/\/www.apfelpatient.de\/en\/wp-json\/wp\/v2\/comments?post=37117"}],"version-history":[{"count":0,"href":"https:\/\/www.apfelpatient.de\/en\/wp-json\/wp\/v2\/posts\/37117\/revisions"}],"wp:featuredmedia":[{"embeddable":true,"href":"https:\/\/www.apfelpatient.de\/en\/wp-json\/wp\/v2\/media\/36743"}],"wp:attachment":[{"href":"https:\/\/www.apfelpatient.de\/en\/wp-json\/wp\/v2\/media?parent=37117"}],"wp:term":[{"taxonomy":"category","embeddable":true,"href":"https:\/\/www.apfelpatient.de\/en\/wp-json\/wp\/v2\/categories?post=37117"},{"taxonomy":"post_tag","embeddable":true,"href":"https:\/\/www.apfelpatient.de\/en\/wp-json\/wp\/v2\/tags?post=37117"}],"curies":[{"name":"wp","href":"https:\/\/api.w.org\/{rel}","templated":true}]}}