{"id":3711,"date":"2019-03-12T14:06:36","date_gmt":"2019-03-12T13:06:36","guid":{"rendered":"https:\/\/www.apfelpatient.de\/?p=3711"},"modified":"2025-02-06T07:09:17","modified_gmt":"2025-02-06T06:09:17","slug":"apple-keynote-its-show-time-not-the-first-time","status":"publish","type":"post","link":"https:\/\/www.apfelpatient.de\/en\/rumors\/apple-keynote-its-show-time-nicht-das-erste-mal","title":{"rendered":"Apple Keynote: It&#039;s show time \u2013 not the first time"},"content":{"rendered":"<p class=\"p1\"><strong>Last night, Apple sent out invitations to its next event, which will take place on March 25th in the company&#039;s own Steve Jobs Theater. The motto of the event is &quot;It&#039;s show time&quot; - and not for the first time.<\/strong><\/p>\n<p class=\"p1\"><\/p>\n<p class=\"p1\">The upcoming Apple keynote has been eagerly awaited for weeks. Previous rumors have already suggested the date. Apple chooses an individual motto for each event - a repeat is actually out of the question. But last night there was a surprise - the motto &quot;It&#039;s show time&quot; is similar to a keynote from 2006. Only the spelling is different. Back then, in September 2006, Apple invited people under the motto &quot;It&#039;s showtime&quot;.<\/p>\n<p class=\"p1\"><strong>birth of iTV<\/strong><\/p>\n<p class=\"p1\">In September 2006, Apple presented the iTV for the first time - the first generation of what would later become the Apple TV. Analysts and fans were very enthusiastic. However, the big breakthrough came later. Today, almost 13 years later, the Apple TV seems to be slowly losing its importance. Both Samsung and other TV manufacturers announced a new cooperation with Apple at the CES technology trade fair in Las Vegas. As a result, iTunes will be available on Smart TVs. Apple&#039;s AirPlay 2 should make it possible to stream Apple devices directly to third-party TVs.<\/p>\n<p class=\"p1\"><strong>Apple Music has shown the way<\/strong><\/p>\n<p class=\"p1\">In the past, this was only possible with the Apple TV. Market observers see this step as part of a change in strategy. The iGroup has already made Apple Music available on Android devices - Apple&#039;s music service has also recently been available on Amazon&#039;s Echo speakers - but initially only in the USA. Apple wants to generate more revenue with its own services. Previously, Apple devices were the prerequisite for this. Now Cupertino seems to have wanted to relax this policy for some time and make implementation less dependent on its own device sales.<\/p>\n<p class=\"p1\"><strong>New era from the end of March?<\/strong><\/p>\n<p class=\"p1\"><\/p>\n<p class=\"p1\">Now a keynote is scheduled under the same motto as back then \u2013 It\u2019s show time. Observers interpret this as a hint of a new TV streaming service. This is supposed to be different from iTunes itself. In the past, there have been repeated reports about Apple\u2019s own TV and film productions. According to this, Apple wants to become a competitor to Netflix and Amazon Prime. Whether the new subscription service will be launched on <a href=\"https:\/\/www.apfelpatient.de\/en\">March 25th<\/a> It remains to be seen whether it will actually be introduced. It is also impossible to predict with any certainty whether it will be available worldwide immediately. New services are often first introduced in the USA and only made available in other countries later.<\/p>\n<h6><a href=\"https:\/\/t.me\/apfelpatient_official\"><em><strong>Don&#039;t want to miss any more news? Then subscribe to our Telegram channel here<\/strong><\/em><\/a><\/h6>","protected":false},"excerpt":{"rendered":"<p>Am gestrigen Abend hat Apple Einladungen zum n\u00e4chsten Event verschickt &#8211; dieses soll am 25. M\u00e4rz im hauseigenen Steve Jobs Theatre stattfinden. Das Motto der Veranstaltung lautet&nbsp;&nbsp;&#8222;Its show time&#8220; &#8211; nicht zum ersten Mal. Die kommende Apple Keynote wird bereits seit Wochen sehns\u00fcchtig erwartet. Vorangegangene Ger\u00fcchte haben das Datum bereits vermuten lassen. Apple w\u00e4hlt f\u00fcr [&hellip;]<\/p>\n","protected":false},"author":2,"featured_media":2775,"comment_status":"closed","ping_status":"open","sticky":false,"template":"","format":"standard","meta":{"jnews-multi-image_gallery":[],"jnews_single_post":{"subtitle":"","format":"standard","video":"","gallery":"","source_name":"","source_url":"","via_name":"","via_url":"","override":[{"single_blog_custom":"","sidebar":"","second_sidebar":"","share_position":"","share_float_style":"","post_date_format":"","post_date_format_custom":"","post_reading_time_wpm":"","zoom_button_out_step":"1","zoom_button_in_step":"1","number_popup_post":"1"}],"image_override":[{"single_post_thumbnail_size":"","single_post_gallery_size":""}],"trending_post_position":"","trending_post_label":"","sponsored_post_label":"","sponsored_post_name":"","sponsored_post_url":"","sponsored_post_logo":"","sponsored_post_desc":""},"jnews_primary_category":{"id":""},"footnotes":""},"categories":[25],"tags":[34,112,156,5],"class_list":["post-3711","post","type-post","status-publish","format-standard","has-post-thumbnail","hentry","category-rumors","tag-apple-dienste","tag-apple-keynote","tag-apple-tv","tag-itunes"],"yoast_head":"<!-- This site is optimized with the Yoast SEO Premium plugin v27.5 (Yoast SEO v27.5) - https:\/\/yoast.com\/product\/yoast-seo-premium-wordpress\/ -->\n<title>Apple Keynote: Its show time - nicht das erste Mal Apfelpatient<\/title>\n<meta name=\"description\" content=\"- Am gestrigen Abend hat Apple Einladungen zum n\u00e4chsten Event verschickt - dieses soll am 25. M\u00e4rz im hauseigenen Steve Jobs Theatre stattfinden. Das Motto der Veranstaltung lautet\u00a0\u00a0&quot;Its show time&quot; - nicht zum ersten Mal.\" \/>\n<meta name=\"robots\" content=\"index, follow, max-snippet:-1, max-image-preview:large, max-video-preview:-1\" \/>\n<link rel=\"canonical\" href=\"https:\/\/www.apfelpatient.de\/en\/rumors\/apple-keynote-its-show-time-not-the-first-time\" \/>\n<meta property=\"og:locale\" content=\"en_US\" \/>\n<meta property=\"og:type\" content=\"article\" \/>\n<meta property=\"og:title\" content=\"Apple Keynote: Its show time - nicht das erste Mal\" \/>\n<meta property=\"og:description\" content=\"- Am gestrigen Abend hat Apple Einladungen zum n\u00e4chsten Event verschickt - dieses soll am 25. M\u00e4rz im hauseigenen Steve Jobs Theatre stattfinden. Das Motto der Veranstaltung lautet\u00a0\u00a0&quot;Its show time&quot; - nicht zum ersten Mal.\" \/>\n<meta property=\"og:url\" content=\"https:\/\/www.apfelpatient.de\/en\/rumors\/apple-keynote-its-show-time-not-the-first-time\" \/>\n<meta property=\"og:site_name\" content=\"Apfelpatient\" \/>\n<meta property=\"article:publisher\" content=\"https:\/\/www.facebook.com\/apfelpatientOfficial\" \/>\n<meta property=\"article:author\" content=\"https:\/\/www.facebook.com\/apfelpatientOfficial\" \/>\n<meta property=\"article:published_time\" content=\"2019-03-12T13:06:36+00:00\" \/>\n<meta property=\"article:modified_time\" content=\"2025-02-06T06:09:17+00:00\" \/>\n<meta property=\"og:image\" content=\"https:\/\/www.apfelpatient.de\/wp-content\/uploads\/2018\/12\/4k_screen_and_appletv.jpg\" \/>\n\t<meta property=\"og:image:width\" content=\"1632\" \/>\n\t<meta property=\"og:image:height\" content=\"949\" \/>\n\t<meta property=\"og:image:type\" content=\"image\/jpeg\" \/>\n<meta name=\"author\" content=\"Milan\" \/>\n<meta name=\"twitter:card\" content=\"summary_large_image\" \/>\n<meta name=\"twitter:label1\" content=\"Written by\" \/>\n\t<meta name=\"twitter:data1\" content=\"Milan\" \/>\n\t<meta name=\"twitter:label2\" content=\"Est. reading time\" \/>\n\t<meta name=\"twitter:data2\" content=\"2 minutes\" \/>\n<script type=\"application\/ld+json\" class=\"yoast-schema-graph\">{\"@context\":\"https:\\\/\\\/schema.org\",\"@graph\":[{\"@type\":\"NewsArticle\",\"@id\":\"https:\\\/\\\/www.apfelpatient.de\\\/rumors\\\/apple-keynote-its-show-time-nicht-das-erste-mal#article\",\"isPartOf\":{\"@id\":\"https:\\\/\\\/www.apfelpatient.de\\\/rumors\\\/apple-keynote-its-show-time-nicht-das-erste-mal\"},\"author\":{\"@type\":\"Organization\",\"@id\":\"https:\\\/\\\/www.apfelpatient.de\\\/en\\\/#organization\",\"name\":\"Apfelpatient\",\"url\":\"https:\\\/\\\/www.apfelpatient.de\\\/en\\\/\"},\"headline\":\"Apple Keynote: Its show time &#8211; nicht das erste Mal\",\"datePublished\":\"2019-03-12T13:06:36+00:00\",\"dateModified\":\"2025-02-06T06:09:17+00:00\",\"mainEntityOfPage\":{\"@id\":\"https:\\\/\\\/www.apfelpatient.de\\\/rumors\\\/apple-keynote-its-show-time-nicht-das-erste-mal\"},\"wordCount\":437,\"publisher\":{\"@type\":\"Organization\",\"@id\":\"https:\\\/\\\/www.apfelpatient.de\\\/en\\\/#organization\",\"name\":\"Apfelpatient\",\"url\":\"https:\\\/\\\/www.apfelpatient.de\\\/en\\\/\"},\"image\":{\"@id\":\"https:\\\/\\\/www.apfelpatient.de\\\/rumors\\\/apple-keynote-its-show-time-nicht-das-erste-mal#primaryimage\"},\"thumbnailUrl\":\"https:\\\/\\\/www.apfelpatient.de\\\/wp-content\\\/uploads\\\/2018\\\/12\\\/4k_screen_and_appletv.jpg\",\"keywords\":[\"Apple Dienste\",\"Apple Keynote\",\"Apple TV\",\"iTunes\"],\"articleSection\":\"Rumors\",\"inLanguage\":\"en-US\",\"copyrightYear\":\"2019\",\"copyrightHolder\":{\"@id\":\"https:\\\/\\\/www.apfelpatient.de\\\/en\\\/#organization\"}},{\"@type\":\"WebPage\",\"@id\":\"https:\\\/\\\/www.apfelpatient.de\\\/rumors\\\/apple-keynote-its-show-time-nicht-das-erste-mal\",\"url\":\"https:\\\/\\\/www.apfelpatient.de\\\/rumors\\\/apple-keynote-its-show-time-nicht-das-erste-mal\",\"name\":\"Apple Keynote: Its show time - nicht das erste Mal Apfelpatient\",\"isPartOf\":{\"@id\":\"https:\\\/\\\/www.apfelpatient.de\\\/#website\"},\"primaryImageOfPage\":{\"@id\":\"https:\\\/\\\/www.apfelpatient.de\\\/rumors\\\/apple-keynote-its-show-time-nicht-das-erste-mal#primaryimage\"},\"image\":{\"@id\":\"https:\\\/\\\/www.apfelpatient.de\\\/rumors\\\/apple-keynote-its-show-time-nicht-das-erste-mal#primaryimage\"},\"thumbnailUrl\":\"https:\\\/\\\/www.apfelpatient.de\\\/wp-content\\\/uploads\\\/2018\\\/12\\\/4k_screen_and_appletv.jpg\",\"datePublished\":\"2019-03-12T13:06:36+00:00\",\"dateModified\":\"2025-02-06T06:09:17+00:00\",\"description\":\"- Am gestrigen Abend hat Apple Einladungen zum n\u00e4chsten Event verschickt - dieses soll am 25. M\u00e4rz im hauseigenen Steve Jobs Theatre stattfinden. Das Motto der Veranstaltung lautet\u00a0\u00a0\\\"Its show time\\\" - nicht zum ersten Mal.\",\"breadcrumb\":{\"@id\":\"https:\\\/\\\/www.apfelpatient.de\\\/rumors\\\/apple-keynote-its-show-time-nicht-das-erste-mal#breadcrumb\"},\"inLanguage\":\"en-US\",\"potentialAction\":[{\"@type\":\"ReadAction\",\"target\":[\"https:\\\/\\\/www.apfelpatient.de\\\/rumors\\\/apple-keynote-its-show-time-nicht-das-erste-mal\"]}]},{\"@type\":\"ImageObject\",\"inLanguage\":\"en-US\",\"@id\":\"https:\\\/\\\/www.apfelpatient.de\\\/rumors\\\/apple-keynote-its-show-time-nicht-das-erste-mal#primaryimage\",\"url\":\"https:\\\/\\\/www.apfelpatient.de\\\/wp-content\\\/uploads\\\/2018\\\/12\\\/4k_screen_and_appletv.jpg\",\"contentUrl\":\"https:\\\/\\\/www.apfelpatient.de\\\/wp-content\\\/uploads\\\/2018\\\/12\\\/4k_screen_and_appletv.jpg\",\"width\":1632,\"height\":949,\"caption\":\"Bild: Apple\"},{\"@type\":\"BreadcrumbList\",\"@id\":\"https:\\\/\\\/www.apfelpatient.de\\\/rumors\\\/apple-keynote-its-show-time-nicht-das-erste-mal#breadcrumb\",\"itemListElement\":[{\"@type\":\"ListItem\",\"position\":1,\"name\":\"Startseite\",\"item\":\"https:\\\/\\\/www.apfelpatient.de\\\/\"},{\"@type\":\"ListItem\",\"position\":2,\"name\":\"Apple Keynote: Its show time &#8211; nicht das erste Mal\"}]},{\"@type\":\"WebSite\",\"@id\":\"https:\\\/\\\/www.apfelpatient.de\\\/#website\",\"url\":\"https:\\\/\\\/www.apfelpatient.de\\\/\",\"name\":\"Apfelpatient\",\"description\":\"Alles rund um Apple!\",\"publisher\":{\"@type\":\"Organization\",\"@id\":\"https:\\\/\\\/www.apfelpatient.de\\\/en\\\/#organization\",\"name\":\"Apfelpatient\",\"url\":\"https:\\\/\\\/www.apfelpatient.de\\\/en\\\/\"},\"alternateName\":\"Apfelpatient\",\"potentialAction\":[{\"@type\":\"SearchAction\",\"target\":{\"@type\":\"EntryPoint\",\"urlTemplate\":\"https:\\\/\\\/www.apfelpatient.de\\\/?s={search_term_string}\"},\"query-input\":{\"@type\":\"PropertyValueSpecification\",\"valueRequired\":true,\"valueName\":\"search_term_string\"}}],\"inLanguage\":\"en-US\"},{\"@type\":[\"Person\",\"Organization\"],\"@id\":\"https:\\\/\\\/www.apfelpatient.de\\\/#\\\/schema\\\/person\\\/7dc56ad6c8e9824b76d2c08d4c140e13\",\"name\":\"Milan\",\"logo\":{\"@id\":\"https:\\\/\\\/www.apfelpatient.de\\\/#\\\/schema\\\/person\\\/image\\\/\"},\"description\":\"Hallo und herzlich willkommen auf meinem Technik-Blog! Als gro\u00dfer Apple-Fan berichte ich hier \u00fcber alles, was mit Apple zu tun hat: von den neuesten News und spannenden Ger\u00fcchten \u00fcber hilfreiche Tipps und Tricks bis hin zu ausf\u00fchrlichen Produkttests. Wenn du genauso technikbegeistert bist wie ich, bist du hier genau richtig!\",\"sameAs\":[\"https:\\\/\\\/www.facebook.com\\\/apfelpatientOfficial\",\"https:\\\/\\\/www.linkedin.com\\\/in\\\/milan-jovicic-42aa0231b\"],\"url\":\"https:\\\/\\\/www.apfelpatient.de\\\/en\\\/author\\\/apfeladmin\"}]}<\/script>\n<!-- \/ Yoast SEO Premium plugin. -->","yoast_head_json":{"title":"Apple Keynote: It&#039;s show time - not the first time Apfelpatient","description":"- Yesterday evening, Apple sent out invitations to the next event - this is to take place on March 25th in the company&#039;s own Steve Jobs Theater. The motto of the event is &quot;It&#039;s show time&quot; - not for the first time.","robots":{"index":"index","follow":"follow","max-snippet":"max-snippet:-1","max-image-preview":"max-image-preview:large","max-video-preview":"max-video-preview:-1"},"canonical":"https:\/\/www.apfelpatient.de\/en\/rumors\/apple-keynote-its-show-time-not-the-first-time","og_locale":"en_US","og_type":"article","og_title":"Apple Keynote: Its show time - nicht das erste Mal","og_description":"- Am gestrigen Abend hat Apple Einladungen zum n\u00e4chsten Event verschickt - dieses soll am 25. M\u00e4rz im hauseigenen Steve Jobs Theatre stattfinden. Das Motto der Veranstaltung lautet\u00a0\u00a0\"Its show time\" - nicht zum ersten Mal.","og_url":"https:\/\/www.apfelpatient.de\/en\/rumors\/apple-keynote-its-show-time-not-the-first-time","og_site_name":"Apfelpatient","article_publisher":"https:\/\/www.facebook.com\/apfelpatientOfficial","article_author":"https:\/\/www.facebook.com\/apfelpatientOfficial","article_published_time":"2019-03-12T13:06:36+00:00","article_modified_time":"2025-02-06T06:09:17+00:00","og_image":[{"width":1632,"height":949,"url":"https:\/\/www.apfelpatient.de\/wp-content\/uploads\/2018\/12\/4k_screen_and_appletv.jpg","type":"image\/jpeg"}],"author":"Milan","twitter_card":"summary_large_image","twitter_misc":{"Written by":"Milan","Est. reading time":"2 minutes"},"schema":{"@context":"https:\/\/schema.org","@graph":[{"@type":"NewsArticle","@id":"https:\/\/www.apfelpatient.de\/rumors\/apple-keynote-its-show-time-nicht-das-erste-mal#article","isPartOf":{"@id":"https:\/\/www.apfelpatient.de\/rumors\/apple-keynote-its-show-time-nicht-das-erste-mal"},"author":{"@type":"Organization","@id":"https:\/\/www.apfelpatient.de\/en\/#organization","name":"Apfelpatient","url":"https:\/\/www.apfelpatient.de\/en\/"},"headline":"Apple Keynote: Its show time &#8211; nicht das erste Mal","datePublished":"2019-03-12T13:06:36+00:00","dateModified":"2025-02-06T06:09:17+00:00","mainEntityOfPage":{"@id":"https:\/\/www.apfelpatient.de\/rumors\/apple-keynote-its-show-time-nicht-das-erste-mal"},"wordCount":437,"publisher":{"@type":"Organization","@id":"https:\/\/www.apfelpatient.de\/en\/#organization","name":"Apfelpatient","url":"https:\/\/www.apfelpatient.de\/en\/"},"image":{"@id":"https:\/\/www.apfelpatient.de\/rumors\/apple-keynote-its-show-time-nicht-das-erste-mal#primaryimage"},"thumbnailUrl":"https:\/\/www.apfelpatient.de\/wp-content\/uploads\/2018\/12\/4k_screen_and_appletv.jpg","keywords":["Apple Dienste","Apple Keynote","Apple TV","iTunes"],"articleSection":"Rumors","inLanguage":"en-US","copyrightYear":"2019","copyrightHolder":{"@id":"https:\/\/www.apfelpatient.de\/en\/#organization"}},{"@type":"WebPage","@id":"https:\/\/www.apfelpatient.de\/rumors\/apple-keynote-its-show-time-nicht-das-erste-mal","url":"https:\/\/www.apfelpatient.de\/rumors\/apple-keynote-its-show-time-nicht-das-erste-mal","name":"Apple Keynote: It&#039;s show time - not the first time Apfelpatient","isPartOf":{"@id":"https:\/\/www.apfelpatient.de\/#website"},"primaryImageOfPage":{"@id":"https:\/\/www.apfelpatient.de\/rumors\/apple-keynote-its-show-time-nicht-das-erste-mal#primaryimage"},"image":{"@id":"https:\/\/www.apfelpatient.de\/rumors\/apple-keynote-its-show-time-nicht-das-erste-mal#primaryimage"},"thumbnailUrl":"https:\/\/www.apfelpatient.de\/wp-content\/uploads\/2018\/12\/4k_screen_and_appletv.jpg","datePublished":"2019-03-12T13:06:36+00:00","dateModified":"2025-02-06T06:09:17+00:00","description":"- Yesterday evening, Apple sent out invitations to the next event - this is to take place on March 25th in the company&#039;s own Steve Jobs Theater. The motto of the event is &quot;It&#039;s show time&quot; - not for the first time.","breadcrumb":{"@id":"https:\/\/www.apfelpatient.de\/rumors\/apple-keynote-its-show-time-nicht-das-erste-mal#breadcrumb"},"inLanguage":"en-US","potentialAction":[{"@type":"ReadAction","target":["https:\/\/www.apfelpatient.de\/rumors\/apple-keynote-its-show-time-nicht-das-erste-mal"]}]},{"@type":"ImageObject","inLanguage":"en-US","@id":"https:\/\/www.apfelpatient.de\/rumors\/apple-keynote-its-show-time-nicht-das-erste-mal#primaryimage","url":"https:\/\/www.apfelpatient.de\/wp-content\/uploads\/2018\/12\/4k_screen_and_appletv.jpg","contentUrl":"https:\/\/www.apfelpatient.de\/wp-content\/uploads\/2018\/12\/4k_screen_and_appletv.jpg","width":1632,"height":949,"caption":"Bild: Apple"},{"@type":"BreadcrumbList","@id":"https:\/\/www.apfelpatient.de\/rumors\/apple-keynote-its-show-time-nicht-das-erste-mal#breadcrumb","itemListElement":[{"@type":"ListItem","position":1,"name":"Startseite","item":"https:\/\/www.apfelpatient.de\/"},{"@type":"ListItem","position":2,"name":"Apple Keynote: Its show time &#8211; nicht das erste Mal"}]},{"@type":"WebSite","@id":"https:\/\/www.apfelpatient.de\/#website","url":"https:\/\/www.apfelpatient.de\/","name":"apple patient","description":"Everything about Apple!","publisher":{"@type":"Organization","@id":"https:\/\/www.apfelpatient.de\/en\/#organization","name":"Apfelpatient","url":"https:\/\/www.apfelpatient.de\/en\/"},"alternateName":"Apfelpatient","potentialAction":[{"@type":"SearchAction","target":{"@type":"EntryPoint","urlTemplate":"https:\/\/www.apfelpatient.de\/?s={search_term_string}"},"query-input":{"@type":"PropertyValueSpecification","valueRequired":true,"valueName":"search_term_string"}}],"inLanguage":"en-US"},{"@type":["Person","Organization"],"@id":"https:\/\/www.apfelpatient.de\/#\/schema\/person\/7dc56ad6c8e9824b76d2c08d4c140e13","name":"Milan","logo":{"@id":"https:\/\/www.apfelpatient.de\/#\/schema\/person\/image\/"},"description":"Hello and welcome to my technology blog! As a big Apple fan, I report on everything to do with Apple: from the latest news and exciting rumors to helpful tips and tricks and detailed product tests. If you are as enthusiastic about technology as I am, you have come to the right place!","sameAs":["https:\/\/www.facebook.com\/apfelpatientOfficial","https:\/\/www.linkedin.com\/in\/milan-jovicic-42aa0231b"],"url":"https:\/\/www.apfelpatient.de\/en\/author\/apfeladmin"}]}},"_links":{"self":[{"href":"https:\/\/www.apfelpatient.de\/en\/wp-json\/wp\/v2\/posts\/3711","targetHints":{"allow":["GET"]}}],"collection":[{"href":"https:\/\/www.apfelpatient.de\/en\/wp-json\/wp\/v2\/posts"}],"about":[{"href":"https:\/\/www.apfelpatient.de\/en\/wp-json\/wp\/v2\/types\/post"}],"author":[{"embeddable":true,"href":"https:\/\/www.apfelpatient.de\/en\/wp-json\/wp\/v2\/users\/2"}],"replies":[{"embeddable":true,"href":"https:\/\/www.apfelpatient.de\/en\/wp-json\/wp\/v2\/comments?post=3711"}],"version-history":[{"count":0,"href":"https:\/\/www.apfelpatient.de\/en\/wp-json\/wp\/v2\/posts\/3711\/revisions"}],"wp:featuredmedia":[{"embeddable":true,"href":"https:\/\/www.apfelpatient.de\/en\/wp-json\/wp\/v2\/media\/2775"}],"wp:attachment":[{"href":"https:\/\/www.apfelpatient.de\/en\/wp-json\/wp\/v2\/media?parent=3711"}],"wp:term":[{"taxonomy":"category","embeddable":true,"href":"https:\/\/www.apfelpatient.de\/en\/wp-json\/wp\/v2\/categories?post=3711"},{"taxonomy":"post_tag","embeddable":true,"href":"https:\/\/www.apfelpatient.de\/en\/wp-json\/wp\/v2\/tags?post=3711"}],"curies":[{"name":"wp","href":"https:\/\/api.w.org\/{rel}","templated":true}]}}