{"id":3704,"date":"2019-03-11T21:01:19","date_gmt":"2019-03-11T20:01:19","guid":{"rendered":"https:\/\/www.apfelpatient.de\/?p=3704"},"modified":"2025-02-06T07:22:16","modified_gmt":"2025-02-06T06:22:16","slug":"apple-keynote-now-it-is-officially-its-show-time","status":"publish","type":"post","link":"https:\/\/www.apfelpatient.de\/en\/news\/apple-keynote-nun-ist-es-offiziell-its-show-time","title":{"rendered":"Apple Keynote: Now it&#039;s official \u2013 It&#039;s show time"},"content":{"rendered":"<p><strong>The time has finally come. Apple has just sent out invitations to the March keynote. The iCompany is inviting people to the Steve Jobs Theater in Cupertino.<\/strong><\/p>\n<p class=\"p1\"><\/p>\n<p>After much speculation and many rumors, Apple will most likely launch a new<a href=\"https:\/\/www.apfelpatient.de\/en\"> 7th generation iPad<\/a>, a <a href=\"https:\/\/www.apfelpatient.de\/en\">iPad mini 5<\/a> and an iPod touch 7. In addition, the second generation of the <a href=\"https:\/\/www.apfelpatient.de\/en\">AirPods<\/a> and the charging mat <a href=\"https:\/\/www.apfelpatient.de\/en\">AirPower<\/a> expected. In addition to the new hardware, new subscription services will probably also be presented. Observers assume that Cupertino <a href=\"https:\/\/www.apfelpatient.de\/en\">Apple News Magazines<\/a> and will release the new video streaming service Apple TV &amp; Movies.<\/p>\n<figure id=\"attachment_3705\" aria-describedby=\"caption-attachment-3705\" style=\"width: 660px\" class=\"wp-caption aligncenter\"><img decoding=\"async\" class=\"wp-image-3705 size-full\" src=\"https:\/\/www.apfelpatient.de\/wp-content\/uploads\/2019\/03\/IMG_5950.jpg\" alt=\"\" width=\"660\" height=\"529\" \/><figcaption id=\"caption-attachment-3705\" class=\"wp-caption-text\">Image: Apple<\/figcaption><\/figure>\n<p>The live broadcast starts at 6:00 pm and can <a href=\"https:\/\/www.apple.com\/apple-events\/\">here<\/a> be viewed.<\/p>\n<h6><a href=\"https:\/\/t.me\/apfelpatient_official\"><em><strong>Don&#039;t want to miss any more news? Then subscribe to our Telegram channel here<\/strong><\/em><\/a><\/h6>","protected":false},"excerpt":{"rendered":"<p>Endlich ist es soweit. Apple hat soeben Einladungen zur M\u00e4rz Keynote verschickt. Der iKonzern l\u00e4dt in das Steve Jobs Theater in Cupertino ein. Nach langen Spekulationen und vielen Ger\u00fcchten wird Apple am 25. M\u00e4rz h\u00f6chstwahrscheinlich ein neues iPad der 7. Generation, ein iPad mini 5 und einen iPod touch 7 vorstellen. Au\u00dferdem wird die zweite [&hellip;]<\/p>\n","protected":false},"author":2,"featured_media":1445,"comment_status":"closed","ping_status":"open","sticky":false,"template":"","format":"standard","meta":{"jnews-multi-image_gallery":[],"jnews_single_post":[],"jnews_primary_category":[],"footnotes":""},"categories":[9],"tags":[31,11,112,18,236,197],"class_list":["post-3704","post","type-post","status-publish","format-standard","has-post-thumbnail","hentry","category-news","tag-airpods-2","tag-airpower","tag-apple-keynote","tag-ipad","tag-ipad-7","tag-ipad-mini-5"],"yoast_head":"<!-- This site is optimized with the Yoast SEO Premium plugin v27.5 (Yoast SEO v27.5) - https:\/\/yoast.com\/product\/yoast-seo-premium-wordpress\/ -->\n<title>Apple Keynote: Nun ist es offiziell \u2013 Its show time Apfelpatient<\/title>\n<meta name=\"description\" content=\"- Endlich ist es soweit. Apple hat soeben Einladungen zur M\u00e4rz Keynote verschickt. Der iKonzern l\u00e4dt in das Steve Jobs Theater in Cupertino ein.\" \/>\n<meta name=\"robots\" content=\"index, follow, max-snippet:-1, max-image-preview:large, max-video-preview:-1\" \/>\n<link rel=\"canonical\" href=\"https:\/\/www.apfelpatient.de\/en\/news\/apple-keynote-now-it-is-officially-its-show-time\" \/>\n<meta property=\"og:locale\" content=\"en_US\" \/>\n<meta property=\"og:type\" content=\"article\" \/>\n<meta property=\"og:title\" content=\"Apple Keynote: Nun ist es offiziell \u2013 Its show time\" \/>\n<meta property=\"og:description\" content=\"- Endlich ist es soweit. Apple hat soeben Einladungen zur M\u00e4rz Keynote verschickt. Der iKonzern l\u00e4dt in das Steve Jobs Theater in Cupertino ein.\" \/>\n<meta property=\"og:url\" content=\"https:\/\/www.apfelpatient.de\/en\/news\/apple-keynote-now-it-is-officially-its-show-time\" \/>\n<meta property=\"og:site_name\" content=\"Apfelpatient\" \/>\n<meta property=\"article:publisher\" content=\"https:\/\/www.facebook.com\/apfelpatientOfficial\" \/>\n<meta property=\"article:author\" content=\"https:\/\/www.facebook.com\/apfelpatientOfficial\" \/>\n<meta property=\"article:published_time\" content=\"2019-03-11T20:01:19+00:00\" \/>\n<meta property=\"article:modified_time\" content=\"2025-02-06T06:22:16+00:00\" \/>\n<meta property=\"og:image\" content=\"https:\/\/www.apfelpatient.de\/wp-content\/uploads\/2018\/08\/carles-rabada-635097-unsplash.jpg\" \/>\n\t<meta property=\"og:image:width\" content=\"1024\" \/>\n\t<meta property=\"og:image:height\" content=\"576\" \/>\n\t<meta property=\"og:image:type\" content=\"image\/jpeg\" \/>\n<meta name=\"author\" content=\"Milan\" \/>\n<meta name=\"twitter:card\" content=\"summary_large_image\" \/>\n<meta name=\"twitter:label1\" content=\"Written by\" \/>\n\t<meta name=\"twitter:data1\" content=\"Milan\" \/>\n\t<meta name=\"twitter:label2\" content=\"Est. reading time\" \/>\n\t<meta name=\"twitter:data2\" content=\"1 minute\" \/>\n<script type=\"application\/ld+json\" class=\"yoast-schema-graph\">{\"@context\":\"https:\\\/\\\/schema.org\",\"@graph\":[{\"@type\":\"NewsArticle\",\"@id\":\"https:\\\/\\\/www.apfelpatient.de\\\/news\\\/apple-keynote-nun-ist-es-offiziell-its-show-time#article\",\"isPartOf\":{\"@id\":\"https:\\\/\\\/www.apfelpatient.de\\\/news\\\/apple-keynote-nun-ist-es-offiziell-its-show-time\"},\"author\":{\"@type\":\"Organization\",\"@id\":\"https:\\\/\\\/www.apfelpatient.de\\\/en\\\/#organization\",\"name\":\"Apfelpatient\",\"url\":\"https:\\\/\\\/www.apfelpatient.de\\\/en\\\/\"},\"headline\":\"Apple Keynote: Nun ist es offiziell \u2013 Its show time\",\"datePublished\":\"2019-03-11T20:01:19+00:00\",\"dateModified\":\"2025-02-06T06:22:16+00:00\",\"mainEntityOfPage\":{\"@id\":\"https:\\\/\\\/www.apfelpatient.de\\\/news\\\/apple-keynote-nun-ist-es-offiziell-its-show-time\"},\"wordCount\":139,\"publisher\":{\"@type\":\"Organization\",\"@id\":\"https:\\\/\\\/www.apfelpatient.de\\\/en\\\/#organization\",\"name\":\"Apfelpatient\",\"url\":\"https:\\\/\\\/www.apfelpatient.de\\\/en\\\/\"},\"image\":{\"@id\":\"https:\\\/\\\/www.apfelpatient.de\\\/news\\\/apple-keynote-nun-ist-es-offiziell-its-show-time#primaryimage\"},\"thumbnailUrl\":\"https:\\\/\\\/www.apfelpatient.de\\\/wp-content\\\/uploads\\\/2018\\\/08\\\/carles-rabada-635097-unsplash.jpg\",\"keywords\":[\"AirPods 2\",\"AirPower\",\"Apple Keynote\",\"iPad\",\"iPad 7\",\"iPad Mini 5\"],\"articleSection\":\"News\",\"inLanguage\":\"en-US\",\"copyrightYear\":\"2019\",\"copyrightHolder\":{\"@id\":\"https:\\\/\\\/www.apfelpatient.de\\\/en\\\/#organization\"}},{\"@type\":\"WebPage\",\"@id\":\"https:\\\/\\\/www.apfelpatient.de\\\/news\\\/apple-keynote-nun-ist-es-offiziell-its-show-time\",\"url\":\"https:\\\/\\\/www.apfelpatient.de\\\/news\\\/apple-keynote-nun-ist-es-offiziell-its-show-time\",\"name\":\"Apple Keynote: Nun ist es offiziell \u2013 Its show time Apfelpatient\",\"isPartOf\":{\"@id\":\"https:\\\/\\\/www.apfelpatient.de\\\/#website\"},\"primaryImageOfPage\":{\"@id\":\"https:\\\/\\\/www.apfelpatient.de\\\/news\\\/apple-keynote-nun-ist-es-offiziell-its-show-time#primaryimage\"},\"image\":{\"@id\":\"https:\\\/\\\/www.apfelpatient.de\\\/news\\\/apple-keynote-nun-ist-es-offiziell-its-show-time#primaryimage\"},\"thumbnailUrl\":\"https:\\\/\\\/www.apfelpatient.de\\\/wp-content\\\/uploads\\\/2018\\\/08\\\/carles-rabada-635097-unsplash.jpg\",\"datePublished\":\"2019-03-11T20:01:19+00:00\",\"dateModified\":\"2025-02-06T06:22:16+00:00\",\"description\":\"- Endlich ist es soweit. Apple hat soeben Einladungen zur M\u00e4rz Keynote verschickt. Der iKonzern l\u00e4dt in das Steve Jobs Theater in Cupertino ein.\",\"breadcrumb\":{\"@id\":\"https:\\\/\\\/www.apfelpatient.de\\\/news\\\/apple-keynote-nun-ist-es-offiziell-its-show-time#breadcrumb\"},\"inLanguage\":\"en-US\",\"potentialAction\":[{\"@type\":\"ReadAction\",\"target\":[\"https:\\\/\\\/www.apfelpatient.de\\\/news\\\/apple-keynote-nun-ist-es-offiziell-its-show-time\"]}]},{\"@type\":\"ImageObject\",\"inLanguage\":\"en-US\",\"@id\":\"https:\\\/\\\/www.apfelpatient.de\\\/news\\\/apple-keynote-nun-ist-es-offiziell-its-show-time#primaryimage\",\"url\":\"https:\\\/\\\/www.apfelpatient.de\\\/wp-content\\\/uploads\\\/2018\\\/08\\\/carles-rabada-635097-unsplash.jpg\",\"contentUrl\":\"https:\\\/\\\/www.apfelpatient.de\\\/wp-content\\\/uploads\\\/2018\\\/08\\\/carles-rabada-635097-unsplash.jpg\",\"width\":4056,\"height\":2280,\"caption\":\"Photo by Unsplash\"},{\"@type\":\"BreadcrumbList\",\"@id\":\"https:\\\/\\\/www.apfelpatient.de\\\/news\\\/apple-keynote-nun-ist-es-offiziell-its-show-time#breadcrumb\",\"itemListElement\":[{\"@type\":\"ListItem\",\"position\":1,\"name\":\"Startseite\",\"item\":\"https:\\\/\\\/www.apfelpatient.de\\\/\"},{\"@type\":\"ListItem\",\"position\":2,\"name\":\"Apple Keynote: Nun ist es offiziell \u2013 Its show time\"}]},{\"@type\":\"WebSite\",\"@id\":\"https:\\\/\\\/www.apfelpatient.de\\\/#website\",\"url\":\"https:\\\/\\\/www.apfelpatient.de\\\/\",\"name\":\"Apfelpatient\",\"description\":\"Alles rund um Apple!\",\"publisher\":{\"@type\":\"Organization\",\"@id\":\"https:\\\/\\\/www.apfelpatient.de\\\/en\\\/#organization\",\"name\":\"Apfelpatient\",\"url\":\"https:\\\/\\\/www.apfelpatient.de\\\/en\\\/\"},\"alternateName\":\"Apfelpatient\",\"potentialAction\":[{\"@type\":\"SearchAction\",\"target\":{\"@type\":\"EntryPoint\",\"urlTemplate\":\"https:\\\/\\\/www.apfelpatient.de\\\/?s={search_term_string}\"},\"query-input\":{\"@type\":\"PropertyValueSpecification\",\"valueRequired\":true,\"valueName\":\"search_term_string\"}}],\"inLanguage\":\"en-US\"},{\"@type\":[\"Person\",\"Organization\"],\"@id\":\"https:\\\/\\\/www.apfelpatient.de\\\/#\\\/schema\\\/person\\\/7dc56ad6c8e9824b76d2c08d4c140e13\",\"name\":\"Milan\",\"logo\":{\"@id\":\"https:\\\/\\\/www.apfelpatient.de\\\/#\\\/schema\\\/person\\\/image\\\/\"},\"description\":\"Hallo und herzlich willkommen auf meinem Technik-Blog! Als gro\u00dfer Apple-Fan berichte ich hier \u00fcber alles, was mit Apple zu tun hat: von den neuesten News und spannenden Ger\u00fcchten \u00fcber hilfreiche Tipps und Tricks bis hin zu ausf\u00fchrlichen Produkttests. Wenn du genauso technikbegeistert bist wie ich, bist du hier genau richtig!\",\"sameAs\":[\"https:\\\/\\\/www.facebook.com\\\/apfelpatientOfficial\",\"https:\\\/\\\/www.linkedin.com\\\/in\\\/milan-jovicic-42aa0231b\"],\"url\":\"https:\\\/\\\/www.apfelpatient.de\\\/en\\\/author\\\/apfeladmin\"}]}<\/script>\n<!-- \/ Yoast SEO Premium plugin. -->","yoast_head_json":{"title":"Apple Keynote: Now it&#039;s official \u2013 It&#039;s show time Apfelpatient","description":"- The time has finally come. Apple has just sent out invitations to the March keynote. The iCompany is inviting people to the Steve Jobs Theater in Cupertino.","robots":{"index":"index","follow":"follow","max-snippet":"max-snippet:-1","max-image-preview":"max-image-preview:large","max-video-preview":"max-video-preview:-1"},"canonical":"https:\/\/www.apfelpatient.de\/en\/news\/apple-keynote-now-it-is-officially-its-show-time","og_locale":"en_US","og_type":"article","og_title":"Apple Keynote: Nun ist es offiziell \u2013 Its show time","og_description":"- Endlich ist es soweit. Apple hat soeben Einladungen zur M\u00e4rz Keynote verschickt. Der iKonzern l\u00e4dt in das Steve Jobs Theater in Cupertino ein.","og_url":"https:\/\/www.apfelpatient.de\/en\/news\/apple-keynote-now-it-is-officially-its-show-time","og_site_name":"Apfelpatient","article_publisher":"https:\/\/www.facebook.com\/apfelpatientOfficial","article_author":"https:\/\/www.facebook.com\/apfelpatientOfficial","article_published_time":"2019-03-11T20:01:19+00:00","article_modified_time":"2025-02-06T06:22:16+00:00","og_image":[{"url":"https:\/\/www.apfelpatient.de\/wp-content\/uploads\/2018\/08\/carles-rabada-635097-unsplash.jpg","width":1024,"height":576,"type":"image\/jpeg"}],"author":"Milan","twitter_card":"summary_large_image","twitter_misc":{"Written by":"Milan","Est. reading time":"1 minute"},"schema":{"@context":"https:\/\/schema.org","@graph":[{"@type":"NewsArticle","@id":"https:\/\/www.apfelpatient.de\/news\/apple-keynote-nun-ist-es-offiziell-its-show-time#article","isPartOf":{"@id":"https:\/\/www.apfelpatient.de\/news\/apple-keynote-nun-ist-es-offiziell-its-show-time"},"author":{"@type":"Organization","@id":"https:\/\/www.apfelpatient.de\/en\/#organization","name":"Apfelpatient","url":"https:\/\/www.apfelpatient.de\/en\/"},"headline":"Apple Keynote: Nun ist es offiziell \u2013 Its show time","datePublished":"2019-03-11T20:01:19+00:00","dateModified":"2025-02-06T06:22:16+00:00","mainEntityOfPage":{"@id":"https:\/\/www.apfelpatient.de\/news\/apple-keynote-nun-ist-es-offiziell-its-show-time"},"wordCount":139,"publisher":{"@type":"Organization","@id":"https:\/\/www.apfelpatient.de\/en\/#organization","name":"Apfelpatient","url":"https:\/\/www.apfelpatient.de\/en\/"},"image":{"@id":"https:\/\/www.apfelpatient.de\/news\/apple-keynote-nun-ist-es-offiziell-its-show-time#primaryimage"},"thumbnailUrl":"https:\/\/www.apfelpatient.de\/wp-content\/uploads\/2018\/08\/carles-rabada-635097-unsplash.jpg","keywords":["AirPods 2","AirPower","Apple Keynote","iPad","iPad 7","iPad Mini 5"],"articleSection":"News","inLanguage":"en-US","copyrightYear":"2019","copyrightHolder":{"@id":"https:\/\/www.apfelpatient.de\/en\/#organization"}},{"@type":"WebPage","@id":"https:\/\/www.apfelpatient.de\/news\/apple-keynote-nun-ist-es-offiziell-its-show-time","url":"https:\/\/www.apfelpatient.de\/news\/apple-keynote-nun-ist-es-offiziell-its-show-time","name":"Apple Keynote: Now it&#039;s official \u2013 It&#039;s show time Apfelpatient","isPartOf":{"@id":"https:\/\/www.apfelpatient.de\/#website"},"primaryImageOfPage":{"@id":"https:\/\/www.apfelpatient.de\/news\/apple-keynote-nun-ist-es-offiziell-its-show-time#primaryimage"},"image":{"@id":"https:\/\/www.apfelpatient.de\/news\/apple-keynote-nun-ist-es-offiziell-its-show-time#primaryimage"},"thumbnailUrl":"https:\/\/www.apfelpatient.de\/wp-content\/uploads\/2018\/08\/carles-rabada-635097-unsplash.jpg","datePublished":"2019-03-11T20:01:19+00:00","dateModified":"2025-02-06T06:22:16+00:00","description":"- The time has finally come. Apple has just sent out invitations to the March keynote. The iCompany is inviting people to the Steve Jobs Theater in Cupertino.","breadcrumb":{"@id":"https:\/\/www.apfelpatient.de\/news\/apple-keynote-nun-ist-es-offiziell-its-show-time#breadcrumb"},"inLanguage":"en-US","potentialAction":[{"@type":"ReadAction","target":["https:\/\/www.apfelpatient.de\/news\/apple-keynote-nun-ist-es-offiziell-its-show-time"]}]},{"@type":"ImageObject","inLanguage":"en-US","@id":"https:\/\/www.apfelpatient.de\/news\/apple-keynote-nun-ist-es-offiziell-its-show-time#primaryimage","url":"https:\/\/www.apfelpatient.de\/wp-content\/uploads\/2018\/08\/carles-rabada-635097-unsplash.jpg","contentUrl":"https:\/\/www.apfelpatient.de\/wp-content\/uploads\/2018\/08\/carles-rabada-635097-unsplash.jpg","width":4056,"height":2280,"caption":"Photo by Unsplash"},{"@type":"BreadcrumbList","@id":"https:\/\/www.apfelpatient.de\/news\/apple-keynote-nun-ist-es-offiziell-its-show-time#breadcrumb","itemListElement":[{"@type":"ListItem","position":1,"name":"Startseite","item":"https:\/\/www.apfelpatient.de\/"},{"@type":"ListItem","position":2,"name":"Apple Keynote: Nun ist es offiziell \u2013 Its show time"}]},{"@type":"WebSite","@id":"https:\/\/www.apfelpatient.de\/#website","url":"https:\/\/www.apfelpatient.de\/","name":"apple patient","description":"Everything about Apple!","publisher":{"@type":"Organization","@id":"https:\/\/www.apfelpatient.de\/en\/#organization","name":"Apfelpatient","url":"https:\/\/www.apfelpatient.de\/en\/"},"alternateName":"Apfelpatient","potentialAction":[{"@type":"SearchAction","target":{"@type":"EntryPoint","urlTemplate":"https:\/\/www.apfelpatient.de\/?s={search_term_string}"},"query-input":{"@type":"PropertyValueSpecification","valueRequired":true,"valueName":"search_term_string"}}],"inLanguage":"en-US"},{"@type":["Person","Organization"],"@id":"https:\/\/www.apfelpatient.de\/#\/schema\/person\/7dc56ad6c8e9824b76d2c08d4c140e13","name":"Milan","logo":{"@id":"https:\/\/www.apfelpatient.de\/#\/schema\/person\/image\/"},"description":"Hello and welcome to my technology blog! As a big Apple fan, I report on everything to do with Apple: from the latest news and exciting rumors to helpful tips and tricks and detailed product tests. If you are as enthusiastic about technology as I am, you have come to the right place!","sameAs":["https:\/\/www.facebook.com\/apfelpatientOfficial","https:\/\/www.linkedin.com\/in\/milan-jovicic-42aa0231b"],"url":"https:\/\/www.apfelpatient.de\/en\/author\/apfeladmin"}]}},"_links":{"self":[{"href":"https:\/\/www.apfelpatient.de\/en\/wp-json\/wp\/v2\/posts\/3704","targetHints":{"allow":["GET"]}}],"collection":[{"href":"https:\/\/www.apfelpatient.de\/en\/wp-json\/wp\/v2\/posts"}],"about":[{"href":"https:\/\/www.apfelpatient.de\/en\/wp-json\/wp\/v2\/types\/post"}],"author":[{"embeddable":true,"href":"https:\/\/www.apfelpatient.de\/en\/wp-json\/wp\/v2\/users\/2"}],"replies":[{"embeddable":true,"href":"https:\/\/www.apfelpatient.de\/en\/wp-json\/wp\/v2\/comments?post=3704"}],"version-history":[{"count":0,"href":"https:\/\/www.apfelpatient.de\/en\/wp-json\/wp\/v2\/posts\/3704\/revisions"}],"wp:featuredmedia":[{"embeddable":true,"href":"https:\/\/www.apfelpatient.de\/en\/wp-json\/wp\/v2\/media\/1445"}],"wp:attachment":[{"href":"https:\/\/www.apfelpatient.de\/en\/wp-json\/wp\/v2\/media?parent=3704"}],"wp:term":[{"taxonomy":"category","embeddable":true,"href":"https:\/\/www.apfelpatient.de\/en\/wp-json\/wp\/v2\/categories?post=3704"},{"taxonomy":"post_tag","embeddable":true,"href":"https:\/\/www.apfelpatient.de\/en\/wp-json\/wp\/v2\/tags?post=3704"}],"curies":[{"name":"wp","href":"https:\/\/api.w.org\/{rel}","templated":true}]}}