{"id":37010,"date":"2023-01-22T19:12:00","date_gmt":"2023-01-22T18:12:00","guid":{"rendered":"https:\/\/www.apfelpatient.de\/?p=37010"},"modified":"2023-01-22T19:12:01","modified_gmt":"2023-01-22T18:12:01","slug":"apple-is-working-on-a-new-homepod-mini","status":"publish","type":"post","link":"https:\/\/www.apfelpatient.de\/en\/rumors\/arbeitet-apple-an-einem-neuen-homepod-mini","title":{"rendered":"Is Apple working on a new HomePod Mini?"},"content":{"rendered":"<p class=\"has-drop-cap\"><strong>Apple recently introduced the large second-generation HomePod. Now some fans are wondering if Apple is working on the second generation of the HomePod mini. According to Bloomberg&#039;s Mark Gurman, Apple is probably not working on a new version of the smart speaker.<\/strong><\/p>\n\n\n\n<p>In the latest edition of his newsletter \u201cPower On\u201d <a href=\"https:\/\/www.bloomberg.com\/authors\/AS7Hj1mBMGM\/mark-gurman\" target=\"_blank\" rel=\"noreferrer noopener\">explained<\/a> Gurman says he does not believe that Apple is actively working on a successor to the HomePod mini and explains this:<\/p>\n\n\n\n<blockquote class=\"wp-block-quote is-layout-flow wp-block-quote-is-layout-flow\">\n<p>After the launch of the new full-size HomePod, many users have been asking for an update to the mini model. But right now, I don&#039;t think Apple is actively working on such a product. The latest HomePod doesn&#039;t offer any new features that aren&#039;t already included in the $99 mini model, so there&#039;s no obvious reason for an update. Sure, it would be nice to have more colors, a cheaper price, better sound, and better microphones, but the real improvements probably need to be made on the backend - with Siri and app integration.<\/p>\n<\/blockquote>\n\n\n\n<p>The HomePod mini was announced at Apple&#039;s iPhone 12 event in October 2020. Less than six months later, Apple discontinued the original HomePod, leaving the HomePod mini as the company&#039;s only smart speaker until Apple relaunched the full-size HomePod this week.<\/p>\n\n\n\n<h3 class=\"wp-block-heading\" id=\"h-ein-neuer-homepod-mini-wird-noch-auf-sich-warten-lassen\">A new HomePod mini will be a while coming<\/h3>\n\n\n\n\n\n\n\n<p>The newly launched HomePod offers a variety of features previously exclusive to the HomePod mini, including an Apple Watch S-series chip, a U1 ultra-wideband chip, Thread support, a temperature and humidity sensor, and a larger backlit touch surface that glows from edge to edge. In August 2022, Gurman said Apple was considering launching an updated version of the HomePod mini in the future, but did not provide a specific timeline or details on potential new features. He said the update likely wouldn&#039;t be &quot;super-impressive,&quot; suggesting that the changes to the smaller HomePod mini would be minor. But those plans now appear to be on hold. (Photo by Unsplash \/ James Yarema)<\/p>\n\n\n\n<ul class=\"wp-block-list\">\n<li><a href=\"https:\/\/www.apfelpatient.de\/en\/news\/apple-increases-the-price-of-the-homepod-mini\">Apple increases the price of the HomePod mini<\/a><\/li>\n<\/ul>\n\n\n\n<h6 class=\"wp-block-heading translation-block\" id=\"h-kennt-ihr-schon-unsere-amazon-storefront-dort-findet-ihr-eine-handverlesene-auswahl-von-diversen-produkten-f-r-euer-iphone-und-co-viel-spa-beim-st-bern\"><em>Have you already visited our Amazon Storefront? There you&#039;ll find a hand-picked selection of various products for your iPhone and other devices \u2013 <span class=\"has-inline-color has-vivid-red-color\"><a href=\"https:\/\/www.amazon.de\/shop\/apfelpatientofficial\" class=\"ek-link\" data-wpel-link=\"exclude\" rel=\"follow noopener\" target=\"_self\"><span style=\"text-decoration: underline\" class=\"ek-underline\">enjoy browsing<\/span><\/a> !<\/span><\/em><\/h6>\n\n\n\n<h6 class=\"wp-block-heading translation-block\" id=\"h-der-beitrag-enthalt-partnerlinks\">This post contains <a data-type=\"URL\" data-id=\"https:\/\/www.apfelpatient.de\/partnerprogramm\" href=\"https:\/\/www.apfelpatient.de\/en\/partner-program\" data-wpel-link=\"internal\" target=\"_self\">affiliate links<\/a>.<\/h6>","protected":false},"excerpt":{"rendered":"<p>After HomePod 2nd Gen: Introduction: Now some fans are wondering whether Apple is working on the second generation of the HomePod mini.<\/p>","protected":false},"author":2,"featured_media":37012,"comment_status":"closed","ping_status":"closed","sticky":false,"template":"","format":"standard","meta":{"jnews-multi-image_gallery":[],"jnews_single_post":{"subtitle":"","format":"standard","video":"","gallery":"","source_name":"","source_url":"","via_name":"","via_url":"","override":[{"single_blog_custom":"","sidebar":"","second_sidebar":"","share_position":"","share_float_style":"","post_date_format":"","post_date_format_custom":"","post_reading_time_wpm":"","zoom_button_out_step":"1","zoom_button_in_step":"1","number_popup_post":"1"}],"image_override":[{"single_post_thumbnail_size":"","single_post_gallery_size":""}],"trending_post_position":"","trending_post_label":"","sponsored_post_label":"","sponsored_post_name":"","sponsored_post_url":"","sponsored_post_logo":"","sponsored_post_desc":""},"jnews_primary_category":{"id":"25"},"footnotes":""},"categories":[25],"tags":[85],"class_list":["post-37010","post","type-post","status-publish","format-standard","has-post-thumbnail","hentry","category-rumors","tag-homepod"],"yoast_head":"<!-- This site is optimized with the Yoast SEO Premium plugin v27.5 (Yoast SEO v27.5) - https:\/\/yoast.com\/product\/yoast-seo-premium-wordpress\/ -->\n<title>Arbeitet Apple an einem neuen HomePod Mini? Apfelpatient<\/title>\n<meta name=\"description\" content=\"Nach HomePod 2. Gen: Vorstellung: Nun stellen sich einige Fans die Frage, ob Apple an der zweiten Generation des HomePod mini arbeitet.\" \/>\n<meta name=\"robots\" content=\"index, follow, max-snippet:-1, max-image-preview:large, max-video-preview:-1\" \/>\n<link rel=\"canonical\" href=\"https:\/\/www.apfelpatient.de\/en\/rumors\/apple-is-working-on-a-new-homepod-mini\" \/>\n<meta property=\"og:locale\" content=\"en_US\" \/>\n<meta property=\"og:type\" content=\"article\" \/>\n<meta property=\"og:title\" content=\"Arbeitet Apple an einem neuen HomePod Mini?\" \/>\n<meta property=\"og:description\" content=\"Nach HomePod 2. Gen: Vorstellung: Nun stellen sich einige Fans die Frage, ob Apple an der zweiten Generation des HomePod mini arbeitet.\" \/>\n<meta property=\"og:url\" content=\"https:\/\/www.apfelpatient.de\/en\/rumors\/apple-is-working-on-a-new-homepod-mini\" \/>\n<meta property=\"og:site_name\" content=\"Apfelpatient\" \/>\n<meta property=\"article:publisher\" content=\"https:\/\/www.facebook.com\/apfelpatientOfficial\" \/>\n<meta property=\"article:author\" content=\"https:\/\/www.facebook.com\/apfelpatientOfficial\" \/>\n<meta property=\"article:published_time\" content=\"2023-01-22T18:12:00+00:00\" \/>\n<meta property=\"article:modified_time\" content=\"2023-01-22T18:12:01+00:00\" \/>\n<meta property=\"og:image\" content=\"https:\/\/www.apfelpatient.de\/wp-content\/uploads\/2023\/01\/james-yarema-jOWXA6Ju58I-unsplash.jpg\" \/>\n\t<meta property=\"og:image:width\" content=\"1600\" \/>\n\t<meta property=\"og:image:height\" content=\"1067\" \/>\n\t<meta property=\"og:image:type\" content=\"image\/jpeg\" \/>\n<meta name=\"author\" content=\"Milan\" \/>\n<meta name=\"twitter:card\" content=\"summary_large_image\" \/>\n<meta name=\"twitter:label1\" content=\"Written by\" \/>\n\t<meta name=\"twitter:data1\" content=\"Milan\" \/>\n\t<meta name=\"twitter:label2\" content=\"Est. reading time\" \/>\n\t<meta name=\"twitter:data2\" content=\"2 minutes\" \/>\n<script type=\"application\/ld+json\" class=\"yoast-schema-graph\">{\"@context\":\"https:\\\/\\\/schema.org\",\"@graph\":[{\"@type\":\"NewsArticle\",\"@id\":\"https:\\\/\\\/www.apfelpatient.de\\\/rumors\\\/arbeitet-apple-an-einem-neuen-homepod-mini#article\",\"isPartOf\":{\"@id\":\"https:\\\/\\\/www.apfelpatient.de\\\/rumors\\\/arbeitet-apple-an-einem-neuen-homepod-mini\"},\"author\":{\"@type\":\"Organization\",\"@id\":\"https:\\\/\\\/www.apfelpatient.de\\\/en\\\/#organization\",\"name\":\"Apfelpatient\",\"url\":\"https:\\\/\\\/www.apfelpatient.de\\\/en\\\/\"},\"headline\":\"Arbeitet Apple an einem neuen HomePod Mini?\",\"datePublished\":\"2023-01-22T18:12:00+00:00\",\"dateModified\":\"2023-01-22T18:12:01+00:00\",\"mainEntityOfPage\":{\"@id\":\"https:\\\/\\\/www.apfelpatient.de\\\/rumors\\\/arbeitet-apple-an-einem-neuen-homepod-mini\"},\"wordCount\":382,\"publisher\":{\"@type\":\"Organization\",\"@id\":\"https:\\\/\\\/www.apfelpatient.de\\\/en\\\/#organization\",\"name\":\"Apfelpatient\",\"url\":\"https:\\\/\\\/www.apfelpatient.de\\\/en\\\/\"},\"image\":{\"@id\":\"https:\\\/\\\/www.apfelpatient.de\\\/rumors\\\/arbeitet-apple-an-einem-neuen-homepod-mini#primaryimage\"},\"thumbnailUrl\":\"https:\\\/\\\/www.apfelpatient.de\\\/wp-content\\\/uploads\\\/2023\\\/01\\\/james-yarema-jOWXA6Ju58I-unsplash.jpg\",\"keywords\":[\"HomePod\"],\"articleSection\":\"Rumors\",\"inLanguage\":\"en-US\",\"copyrightYear\":\"2023\",\"copyrightHolder\":{\"@id\":\"https:\\\/\\\/www.apfelpatient.de\\\/en\\\/#organization\"}},{\"@type\":\"WebPage\",\"@id\":\"https:\\\/\\\/www.apfelpatient.de\\\/rumors\\\/arbeitet-apple-an-einem-neuen-homepod-mini\",\"url\":\"https:\\\/\\\/www.apfelpatient.de\\\/rumors\\\/arbeitet-apple-an-einem-neuen-homepod-mini\",\"name\":\"Arbeitet Apple an einem neuen HomePod Mini? Apfelpatient\",\"isPartOf\":{\"@id\":\"https:\\\/\\\/www.apfelpatient.de\\\/#website\"},\"primaryImageOfPage\":{\"@id\":\"https:\\\/\\\/www.apfelpatient.de\\\/rumors\\\/arbeitet-apple-an-einem-neuen-homepod-mini#primaryimage\"},\"image\":{\"@id\":\"https:\\\/\\\/www.apfelpatient.de\\\/rumors\\\/arbeitet-apple-an-einem-neuen-homepod-mini#primaryimage\"},\"thumbnailUrl\":\"https:\\\/\\\/www.apfelpatient.de\\\/wp-content\\\/uploads\\\/2023\\\/01\\\/james-yarema-jOWXA6Ju58I-unsplash.jpg\",\"datePublished\":\"2023-01-22T18:12:00+00:00\",\"dateModified\":\"2023-01-22T18:12:01+00:00\",\"description\":\"Nach HomePod 2. Gen: Vorstellung: Nun stellen sich einige Fans die Frage, ob Apple an der zweiten Generation des HomePod mini arbeitet.\",\"breadcrumb\":{\"@id\":\"https:\\\/\\\/www.apfelpatient.de\\\/rumors\\\/arbeitet-apple-an-einem-neuen-homepod-mini#breadcrumb\"},\"inLanguage\":\"en-US\",\"potentialAction\":[{\"@type\":\"ReadAction\",\"target\":[\"https:\\\/\\\/www.apfelpatient.de\\\/rumors\\\/arbeitet-apple-an-einem-neuen-homepod-mini\"]}]},{\"@type\":\"ImageObject\",\"inLanguage\":\"en-US\",\"@id\":\"https:\\\/\\\/www.apfelpatient.de\\\/rumors\\\/arbeitet-apple-an-einem-neuen-homepod-mini#primaryimage\",\"url\":\"https:\\\/\\\/www.apfelpatient.de\\\/wp-content\\\/uploads\\\/2023\\\/01\\\/james-yarema-jOWXA6Ju58I-unsplash.jpg\",\"contentUrl\":\"https:\\\/\\\/www.apfelpatient.de\\\/wp-content\\\/uploads\\\/2023\\\/01\\\/james-yarema-jOWXA6Ju58I-unsplash.jpg\",\"width\":1600,\"height\":1067,\"caption\":\"Photo by Unsplash \\\/ James Yarema\"},{\"@type\":\"BreadcrumbList\",\"@id\":\"https:\\\/\\\/www.apfelpatient.de\\\/rumors\\\/arbeitet-apple-an-einem-neuen-homepod-mini#breadcrumb\",\"itemListElement\":[{\"@type\":\"ListItem\",\"position\":1,\"name\":\"Startseite\",\"item\":\"https:\\\/\\\/www.apfelpatient.de\\\/\"},{\"@type\":\"ListItem\",\"position\":2,\"name\":\"Arbeitet Apple an einem neuen HomePod Mini?\"}]},{\"@type\":\"WebSite\",\"@id\":\"https:\\\/\\\/www.apfelpatient.de\\\/#website\",\"url\":\"https:\\\/\\\/www.apfelpatient.de\\\/\",\"name\":\"Apfelpatient\",\"description\":\"Alles rund um Apple!\",\"publisher\":{\"@type\":\"Organization\",\"@id\":\"https:\\\/\\\/www.apfelpatient.de\\\/en\\\/#organization\",\"name\":\"Apfelpatient\",\"url\":\"https:\\\/\\\/www.apfelpatient.de\\\/en\\\/\"},\"alternateName\":\"Apfelpatient\",\"potentialAction\":[{\"@type\":\"SearchAction\",\"target\":{\"@type\":\"EntryPoint\",\"urlTemplate\":\"https:\\\/\\\/www.apfelpatient.de\\\/?s={search_term_string}\"},\"query-input\":{\"@type\":\"PropertyValueSpecification\",\"valueRequired\":true,\"valueName\":\"search_term_string\"}}],\"inLanguage\":\"en-US\"},{\"@type\":[\"Person\",\"Organization\"],\"@id\":\"https:\\\/\\\/www.apfelpatient.de\\\/#\\\/schema\\\/person\\\/35b3ddba5832f2bfc7fff5206d4f6b7b\",\"name\":\"Milan\",\"logo\":{\"@id\":\"https:\\\/\\\/www.apfelpatient.de\\\/#\\\/schema\\\/person\\\/image\\\/\"},\"description\":\"Hallo und herzlich willkommen auf meinem Technik-Blog! Als gro\u00dfer Apple-Fan berichte ich hier \u00fcber alles, was mit Apple zu tun hat: von den neuesten News und spannenden Ger\u00fcchten \u00fcber hilfreiche Tipps und Tricks bis hin zu ausf\u00fchrlichen Produkttests. Wenn du genauso technikbegeistert bist wie ich, bist du hier genau richtig!\",\"sameAs\":[\"https:\\\/\\\/www.facebook.com\\\/apfelpatientOfficial\",\"https:\\\/\\\/www.linkedin.com\\\/in\\\/milan-jovicic-42aa0231b\"],\"url\":\"https:\\\/\\\/www.apfelpatient.de\\\/en\\\/author\\\/apfeladmin\"}]}<\/script>\n<!-- \/ Yoast SEO Premium plugin. -->","yoast_head_json":{"title":"Is Apple working on a new HomePod Mini? Apfelpatient","description":"After HomePod 2nd Gen: Introduction: Now some fans are wondering whether Apple is working on the second generation of the HomePod mini.","robots":{"index":"index","follow":"follow","max-snippet":"max-snippet:-1","max-image-preview":"max-image-preview:large","max-video-preview":"max-video-preview:-1"},"canonical":"https:\/\/www.apfelpatient.de\/en\/rumors\/apple-is-working-on-a-new-homepod-mini","og_locale":"en_US","og_type":"article","og_title":"Arbeitet Apple an einem neuen HomePod Mini?","og_description":"Nach HomePod 2. Gen: Vorstellung: Nun stellen sich einige Fans die Frage, ob Apple an der zweiten Generation des HomePod mini arbeitet.","og_url":"https:\/\/www.apfelpatient.de\/en\/rumors\/apple-is-working-on-a-new-homepod-mini","og_site_name":"Apfelpatient","article_publisher":"https:\/\/www.facebook.com\/apfelpatientOfficial","article_author":"https:\/\/www.facebook.com\/apfelpatientOfficial","article_published_time":"2023-01-22T18:12:00+00:00","article_modified_time":"2023-01-22T18:12:01+00:00","og_image":[{"width":1600,"height":1067,"url":"https:\/\/www.apfelpatient.de\/wp-content\/uploads\/2023\/01\/james-yarema-jOWXA6Ju58I-unsplash.jpg","type":"image\/jpeg"}],"author":"Milan","twitter_card":"summary_large_image","twitter_misc":{"Written by":"Milan","Est. reading time":"2 minutes"},"schema":{"@context":"https:\/\/schema.org","@graph":[{"@type":"NewsArticle","@id":"https:\/\/www.apfelpatient.de\/rumors\/arbeitet-apple-an-einem-neuen-homepod-mini#article","isPartOf":{"@id":"https:\/\/www.apfelpatient.de\/rumors\/arbeitet-apple-an-einem-neuen-homepod-mini"},"author":{"@type":"Organization","@id":"https:\/\/www.apfelpatient.de\/en\/#organization","name":"Apfelpatient","url":"https:\/\/www.apfelpatient.de\/en\/"},"headline":"Arbeitet Apple an einem neuen HomePod Mini?","datePublished":"2023-01-22T18:12:00+00:00","dateModified":"2023-01-22T18:12:01+00:00","mainEntityOfPage":{"@id":"https:\/\/www.apfelpatient.de\/rumors\/arbeitet-apple-an-einem-neuen-homepod-mini"},"wordCount":382,"publisher":{"@type":"Organization","@id":"https:\/\/www.apfelpatient.de\/en\/#organization","name":"Apfelpatient","url":"https:\/\/www.apfelpatient.de\/en\/"},"image":{"@id":"https:\/\/www.apfelpatient.de\/rumors\/arbeitet-apple-an-einem-neuen-homepod-mini#primaryimage"},"thumbnailUrl":"https:\/\/www.apfelpatient.de\/wp-content\/uploads\/2023\/01\/james-yarema-jOWXA6Ju58I-unsplash.jpg","keywords":["HomePod"],"articleSection":"Rumors","inLanguage":"en-US","copyrightYear":"2023","copyrightHolder":{"@id":"https:\/\/www.apfelpatient.de\/en\/#organization"}},{"@type":"WebPage","@id":"https:\/\/www.apfelpatient.de\/rumors\/arbeitet-apple-an-einem-neuen-homepod-mini","url":"https:\/\/www.apfelpatient.de\/rumors\/arbeitet-apple-an-einem-neuen-homepod-mini","name":"Is Apple working on a new HomePod Mini? Apfelpatient","isPartOf":{"@id":"https:\/\/www.apfelpatient.de\/#website"},"primaryImageOfPage":{"@id":"https:\/\/www.apfelpatient.de\/rumors\/arbeitet-apple-an-einem-neuen-homepod-mini#primaryimage"},"image":{"@id":"https:\/\/www.apfelpatient.de\/rumors\/arbeitet-apple-an-einem-neuen-homepod-mini#primaryimage"},"thumbnailUrl":"https:\/\/www.apfelpatient.de\/wp-content\/uploads\/2023\/01\/james-yarema-jOWXA6Ju58I-unsplash.jpg","datePublished":"2023-01-22T18:12:00+00:00","dateModified":"2023-01-22T18:12:01+00:00","description":"After HomePod 2nd Gen: Introduction: Now some fans are wondering whether Apple is working on the second generation of the HomePod mini.","breadcrumb":{"@id":"https:\/\/www.apfelpatient.de\/rumors\/arbeitet-apple-an-einem-neuen-homepod-mini#breadcrumb"},"inLanguage":"en-US","potentialAction":[{"@type":"ReadAction","target":["https:\/\/www.apfelpatient.de\/rumors\/arbeitet-apple-an-einem-neuen-homepod-mini"]}]},{"@type":"ImageObject","inLanguage":"en-US","@id":"https:\/\/www.apfelpatient.de\/rumors\/arbeitet-apple-an-einem-neuen-homepod-mini#primaryimage","url":"https:\/\/www.apfelpatient.de\/wp-content\/uploads\/2023\/01\/james-yarema-jOWXA6Ju58I-unsplash.jpg","contentUrl":"https:\/\/www.apfelpatient.de\/wp-content\/uploads\/2023\/01\/james-yarema-jOWXA6Ju58I-unsplash.jpg","width":1600,"height":1067,"caption":"Photo by Unsplash \/ James Yarema"},{"@type":"BreadcrumbList","@id":"https:\/\/www.apfelpatient.de\/rumors\/arbeitet-apple-an-einem-neuen-homepod-mini#breadcrumb","itemListElement":[{"@type":"ListItem","position":1,"name":"Startseite","item":"https:\/\/www.apfelpatient.de\/"},{"@type":"ListItem","position":2,"name":"Arbeitet Apple an einem neuen HomePod Mini?"}]},{"@type":"WebSite","@id":"https:\/\/www.apfelpatient.de\/#website","url":"https:\/\/www.apfelpatient.de\/","name":"apple patient","description":"Everything about Apple!","publisher":{"@type":"Organization","@id":"https:\/\/www.apfelpatient.de\/en\/#organization","name":"Apfelpatient","url":"https:\/\/www.apfelpatient.de\/en\/"},"alternateName":"Apfelpatient","potentialAction":[{"@type":"SearchAction","target":{"@type":"EntryPoint","urlTemplate":"https:\/\/www.apfelpatient.de\/?s={search_term_string}"},"query-input":{"@type":"PropertyValueSpecification","valueRequired":true,"valueName":"search_term_string"}}],"inLanguage":"en-US"},{"@type":["Person","Organization"],"@id":"https:\/\/www.apfelpatient.de\/#\/schema\/person\/35b3ddba5832f2bfc7fff5206d4f6b7b","name":"Milan","logo":{"@id":"https:\/\/www.apfelpatient.de\/#\/schema\/person\/image\/"},"description":"Hello and welcome to my technology blog! As a big Apple fan, I report on everything to do with Apple: from the latest news and exciting rumors to helpful tips and tricks and detailed product tests. If you are as enthusiastic about technology as I am, you have come to the right place!","sameAs":["https:\/\/www.facebook.com\/apfelpatientOfficial","https:\/\/www.linkedin.com\/in\/milan-jovicic-42aa0231b"],"url":"https:\/\/www.apfelpatient.de\/en\/author\/apfeladmin"}]}},"_links":{"self":[{"href":"https:\/\/www.apfelpatient.de\/en\/wp-json\/wp\/v2\/posts\/37010","targetHints":{"allow":["GET"]}}],"collection":[{"href":"https:\/\/www.apfelpatient.de\/en\/wp-json\/wp\/v2\/posts"}],"about":[{"href":"https:\/\/www.apfelpatient.de\/en\/wp-json\/wp\/v2\/types\/post"}],"author":[{"embeddable":true,"href":"https:\/\/www.apfelpatient.de\/en\/wp-json\/wp\/v2\/users\/2"}],"replies":[{"embeddable":true,"href":"https:\/\/www.apfelpatient.de\/en\/wp-json\/wp\/v2\/comments?post=37010"}],"version-history":[{"count":0,"href":"https:\/\/www.apfelpatient.de\/en\/wp-json\/wp\/v2\/posts\/37010\/revisions"}],"wp:featuredmedia":[{"embeddable":true,"href":"https:\/\/www.apfelpatient.de\/en\/wp-json\/wp\/v2\/media\/37012"}],"wp:attachment":[{"href":"https:\/\/www.apfelpatient.de\/en\/wp-json\/wp\/v2\/media?parent=37010"}],"wp:term":[{"taxonomy":"category","embeddable":true,"href":"https:\/\/www.apfelpatient.de\/en\/wp-json\/wp\/v2\/categories?post=37010"},{"taxonomy":"post_tag","embeddable":true,"href":"https:\/\/www.apfelpatient.de\/en\/wp-json\/wp\/v2\/tags?post=37010"}],"curies":[{"name":"wp","href":"https:\/\/api.w.org\/{rel}","templated":true}]}}