{"id":37002,"date":"2023-01-22T19:02:47","date_gmt":"2023-01-22T18:02:47","guid":{"rendered":"https:\/\/www.apfelpatient.de\/?p=37002"},"modified":"2023-01-22T19:02:47","modified_gmt":"2023-01-22T18:02:47","slug":"apple-prepares-major-ipad-pro-overhaul-for-2024","status":"publish","type":"post","link":"https:\/\/www.apfelpatient.de\/en\/rumors\/apple-bereitet-grosse-ipad-pro-ueberarbeitung-fuer-2024-vor","title":{"rendered":"Apple prepares &quot;major iPad Pro overhaul&quot; for 2024"},"content":{"rendered":"<p class=\"has-drop-cap\"><strong>Although the iPad Pro line has seen some minor revisions recently, the current generation&#039;s design has remained largely unchanged since its launch in 2018. But a new report says that could soon change, with Apple planning a &quot;major iPad Pro overhaul&quot; for next year.<\/strong><\/p>\n\n\n\n<p>In the latest edition of his newsletter \u201cPower On\u201d <a href=\"https:\/\/www.bloomberg.com\/authors\/AS7Hj1mBMGM\/mark-gurman\" target=\"_blank\" rel=\"noreferrer noopener\">reported<\/a> Bloomberg&#039;s Mark Gurman predicts that this year will be an &quot;easy year&quot; for the iPad line. For the iPad Pro, Gurman says, &quot;nothing noteworthy&quot; is expected. There are also &quot;no major updates&quot; to be expected for the entry-level iPad, the iPad mini, and the iPad Air. Things are getting more exciting as we look ahead to 2024, however. Gurman reports that Apple is preparing a &quot;major update to the iPad Pro&quot; that could be released in the spring. This revision is expected to offer an &quot;updated design&quot; and an upgrade to OLED displays for the first time.<\/p>\n\n\n\n<blockquote class=\"wp-block-quote is-layout-flow wp-block-quote-is-layout-flow\">\n<p>I don&#039;t think there will be any major updates to the entry-level iPad mini or Air in 2023. The iPad Pro certainly won&#039;t get any notable updates this year. Instead, there will be a major overhaul of the iPad Pro next spring, with an updated design and, for the first time, OLED screens.<\/p>\n<\/blockquote>\n\n\n\n<p>There have been a few rumors lately about what this new iPad Pro might look like. Reports suggest that Apple could update the design of the iPad Pro and use a glass back instead of the current aluminum unibody design.<\/p>\n\n\n\n<h3 class=\"wp-block-heading\" id=\"h-ipad-pro-soll-2024-ein-grosses-update-erhalten\">iPad Pro to receive a major update in 2024<\/h3>\n\n\n\n\n\n\n\n<p>Apple has also considered equipping the iPad Pro with MagSafe charging technology, similar to the MagSafe technology on the iPhone. It&#039;s also not the first time we&#039;ve heard of Apple&#039;s goal of switching the iPad Pro to OLED displays next year. Analyst Ross Young recently reported that the first iPad Pro with an OLED display will launch in 2024, along with a MacBook Air with an OLED display. There are also reports that Apple is considering expanding the iPad lineup to include larger screens such as 14 or even 16 inches. Whether these new screen sizes will be introduced as part of the iPad Pro revamp is unclear. The closer Apple gets to the planned launch of the new iPad Pro in spring 2024, the more leaks will emerge. So the next few months should remain exciting. (Image: Apple)<\/p>\n\n\n\n<ul class=\"wp-block-list\">\n<li><a href=\"https:\/\/www.apfelpatient.de\/en\/rumors\/ipad-pro-7-gen-these-changes-await-us\">iPad Pro 7 Gen.: These changes await us<\/a><\/li>\n<\/ul>\n\n\n\n<h6 class=\"wp-block-heading translation-block\" id=\"h-kennt-ihr-schon-unsere-amazon-storefront-dort-findet-ihr-eine-handverlesene-auswahl-von-diversen-produkten-f-r-euer-iphone-und-co-viel-spa-beim-st-bern\"><em>Have you already visited our Amazon Storefront? There you&#039;ll find a hand-picked selection of various products for your iPhone and other devices \u2013 <span class=\"has-inline-color has-vivid-red-color\"><a href=\"https:\/\/www.amazon.de\/shop\/apfelpatientofficial\" class=\"ek-link\" data-wpel-link=\"exclude\" rel=\"follow noopener\" target=\"_self\"><span style=\"text-decoration: underline\" class=\"ek-underline\">enjoy browsing<\/span><\/a> !<\/span><\/em><\/h6>\n\n\n\n<h6 class=\"wp-block-heading translation-block\" id=\"h-der-beitrag-enthalt-partnerlinks\">This post contains <a data-type=\"URL\" data-id=\"https:\/\/www.apfelpatient.de\/partnerprogramm\" href=\"https:\/\/www.apfelpatient.de\/en\/partner-program\" data-wpel-link=\"internal\" target=\"_self\">affiliate links<\/a>.<\/h6>","protected":false},"excerpt":{"rendered":"<p>However, according to a new report, that could soon change, as Apple is planning a \u201cmajor iPad Pro overhaul\u201d for next year.<\/p>","protected":false},"author":2,"featured_media":36681,"comment_status":"closed","ping_status":"closed","sticky":false,"template":"","format":"standard","meta":{"jnews-multi-image_gallery":[],"jnews_single_post":{"subtitle":"","format":"standard","video":"","gallery":"","source_name":"","source_url":"","via_name":"","via_url":"","override":[{"single_blog_custom":"","sidebar":"","second_sidebar":"","share_position":"","share_float_style":"","post_date_format":"","post_date_format_custom":"","post_reading_time_wpm":"","zoom_button_out_step":"1","zoom_button_in_step":"1","number_popup_post":"1"}],"image_override":[{"single_post_thumbnail_size":"","single_post_gallery_size":""}],"trending_post_position":"","trending_post_label":"","sponsored_post_label":"","sponsored_post_name":"","sponsored_post_url":"","sponsored_post_logo":"","sponsored_post_desc":""},"jnews_primary_category":{"id":"25"},"footnotes":""},"categories":[25],"tags":[18],"class_list":["post-37002","post","type-post","status-publish","format-standard","has-post-thumbnail","hentry","category-rumors","tag-ipad"],"yoast_head":"<!-- This site is optimized with the Yoast SEO Premium plugin v27.5 (Yoast SEO v27.5) - https:\/\/yoast.com\/product\/yoast-seo-premium-wordpress\/ -->\n<title>Apple bereitet &quot;gro\u00dfe iPad Pro \u00dcberarbeitung&quot; f\u00fcr 2024 vor<\/title>\n<meta name=\"description\" content=\"Einem neuen Bericht zufolge k\u00f6nnte sich dies jedoch bald \u00e4ndern, da Apple f\u00fcr n\u00e4chstes Jahr eine &quot;gro\u00dfe iPad Pro \u00dcberarbeitung&quot; plant.\" \/>\n<meta name=\"robots\" content=\"index, follow, max-snippet:-1, max-image-preview:large, max-video-preview:-1\" \/>\n<link rel=\"canonical\" href=\"https:\/\/www.apfelpatient.de\/en\/rumors\/apple-prepares-major-ipad-pro-overhaul-for-2024\" \/>\n<meta property=\"og:locale\" content=\"en_US\" \/>\n<meta property=\"og:type\" content=\"article\" \/>\n<meta property=\"og:title\" content=\"Apple bereitet &quot;gro\u00dfe iPad Pro \u00dcberarbeitung&quot; f\u00fcr 2024 vor\" \/>\n<meta property=\"og:description\" content=\"Einem neuen Bericht zufolge k\u00f6nnte sich dies jedoch bald \u00e4ndern, da Apple f\u00fcr n\u00e4chstes Jahr eine &quot;gro\u00dfe iPad Pro \u00dcberarbeitung&quot; plant.\" \/>\n<meta property=\"og:url\" content=\"https:\/\/www.apfelpatient.de\/en\/rumors\/apple-prepares-major-ipad-pro-overhaul-for-2024\" \/>\n<meta property=\"og:site_name\" content=\"Apfelpatient\" \/>\n<meta property=\"article:publisher\" content=\"https:\/\/www.facebook.com\/apfelpatientOfficial\" \/>\n<meta property=\"article:author\" content=\"https:\/\/www.facebook.com\/apfelpatientOfficial\" \/>\n<meta property=\"article:published_time\" content=\"2023-01-22T18:02:47+00:00\" \/>\n<meta property=\"og:image\" content=\"https:\/\/www.apfelpatient.de\/wp-content\/uploads\/2022\/12\/apple_ipad-pro-spring21_ipad-pro-magic-keyboard-2up_04202021-2.jpg\" \/>\n\t<meta property=\"og:image:width\" content=\"1600\" \/>\n\t<meta property=\"og:image:height\" content=\"900\" \/>\n\t<meta property=\"og:image:type\" content=\"image\/jpeg\" \/>\n<meta name=\"author\" content=\"Milan\" \/>\n<meta name=\"twitter:card\" content=\"summary_large_image\" \/>\n<meta name=\"twitter:description\" content=\"Einem neuen Bericht zufolge k\u00f6nnte sich dies jedoch bald \u00e4ndern, da Apple f\u00fcr n\u00e4chstes Jahr eine &quot;gro\u00dfe iPad Pro \u00dcberarbeitung&quot; plant.\" \/>\n<meta name=\"twitter:label1\" content=\"Written by\" \/>\n\t<meta name=\"twitter:data1\" content=\"Milan\" \/>\n\t<meta name=\"twitter:label2\" content=\"Est. reading time\" \/>\n\t<meta name=\"twitter:data2\" content=\"3 minutes\" \/>\n<script type=\"application\/ld+json\" class=\"yoast-schema-graph\">{\"@context\":\"https:\\\/\\\/schema.org\",\"@graph\":[{\"@type\":\"NewsArticle\",\"@id\":\"https:\\\/\\\/www.apfelpatient.de\\\/rumors\\\/apple-bereitet-grosse-ipad-pro-ueberarbeitung-fuer-2024-vor#article\",\"isPartOf\":{\"@id\":\"https:\\\/\\\/www.apfelpatient.de\\\/rumors\\\/apple-bereitet-grosse-ipad-pro-ueberarbeitung-fuer-2024-vor\"},\"author\":{\"@type\":\"Organization\",\"@id\":\"https:\\\/\\\/www.apfelpatient.de\\\/en\\\/#organization\",\"name\":\"Apfelpatient\",\"url\":\"https:\\\/\\\/www.apfelpatient.de\\\/en\\\/\"},\"headline\":\"Apple bereitet &#8222;gro\u00dfe iPad Pro \u00dcberarbeitung&#8220; f\u00fcr 2024 vor\",\"datePublished\":\"2023-01-22T18:02:47+00:00\",\"mainEntityOfPage\":{\"@id\":\"https:\\\/\\\/www.apfelpatient.de\\\/rumors\\\/apple-bereitet-grosse-ipad-pro-ueberarbeitung-fuer-2024-vor\"},\"wordCount\":414,\"publisher\":{\"@type\":\"Organization\",\"@id\":\"https:\\\/\\\/www.apfelpatient.de\\\/en\\\/#organization\",\"name\":\"Apfelpatient\",\"url\":\"https:\\\/\\\/www.apfelpatient.de\\\/en\\\/\"},\"image\":{\"@id\":\"https:\\\/\\\/www.apfelpatient.de\\\/rumors\\\/apple-bereitet-grosse-ipad-pro-ueberarbeitung-fuer-2024-vor#primaryimage\"},\"thumbnailUrl\":\"https:\\\/\\\/www.apfelpatient.de\\\/wp-content\\\/uploads\\\/2022\\\/12\\\/apple_ipad-pro-spring21_ipad-pro-magic-keyboard-2up_04202021-2.jpg\",\"keywords\":[\"iPad\"],\"articleSection\":\"Rumors\",\"inLanguage\":\"en-US\",\"copyrightYear\":\"2023\",\"copyrightHolder\":{\"@id\":\"https:\\\/\\\/www.apfelpatient.de\\\/en\\\/#organization\"}},{\"@type\":\"WebPage\",\"@id\":\"https:\\\/\\\/www.apfelpatient.de\\\/rumors\\\/apple-bereitet-grosse-ipad-pro-ueberarbeitung-fuer-2024-vor\",\"url\":\"https:\\\/\\\/www.apfelpatient.de\\\/rumors\\\/apple-bereitet-grosse-ipad-pro-ueberarbeitung-fuer-2024-vor\",\"name\":\"Apple bereitet \\\"gro\u00dfe iPad Pro \u00dcberarbeitung\\\" f\u00fcr 2024 vor\",\"isPartOf\":{\"@id\":\"https:\\\/\\\/www.apfelpatient.de\\\/#website\"},\"primaryImageOfPage\":{\"@id\":\"https:\\\/\\\/www.apfelpatient.de\\\/rumors\\\/apple-bereitet-grosse-ipad-pro-ueberarbeitung-fuer-2024-vor#primaryimage\"},\"image\":{\"@id\":\"https:\\\/\\\/www.apfelpatient.de\\\/rumors\\\/apple-bereitet-grosse-ipad-pro-ueberarbeitung-fuer-2024-vor#primaryimage\"},\"thumbnailUrl\":\"https:\\\/\\\/www.apfelpatient.de\\\/wp-content\\\/uploads\\\/2022\\\/12\\\/apple_ipad-pro-spring21_ipad-pro-magic-keyboard-2up_04202021-2.jpg\",\"datePublished\":\"2023-01-22T18:02:47+00:00\",\"description\":\"Einem neuen Bericht zufolge k\u00f6nnte sich dies jedoch bald \u00e4ndern, da Apple f\u00fcr n\u00e4chstes Jahr eine \\\"gro\u00dfe iPad Pro \u00dcberarbeitung\\\" plant.\",\"breadcrumb\":{\"@id\":\"https:\\\/\\\/www.apfelpatient.de\\\/rumors\\\/apple-bereitet-grosse-ipad-pro-ueberarbeitung-fuer-2024-vor#breadcrumb\"},\"inLanguage\":\"en-US\",\"potentialAction\":[{\"@type\":\"ReadAction\",\"target\":[\"https:\\\/\\\/www.apfelpatient.de\\\/rumors\\\/apple-bereitet-grosse-ipad-pro-ueberarbeitung-fuer-2024-vor\"]}]},{\"@type\":\"ImageObject\",\"inLanguage\":\"en-US\",\"@id\":\"https:\\\/\\\/www.apfelpatient.de\\\/rumors\\\/apple-bereitet-grosse-ipad-pro-ueberarbeitung-fuer-2024-vor#primaryimage\",\"url\":\"https:\\\/\\\/www.apfelpatient.de\\\/wp-content\\\/uploads\\\/2022\\\/12\\\/apple_ipad-pro-spring21_ipad-pro-magic-keyboard-2up_04202021-2.jpg\",\"contentUrl\":\"https:\\\/\\\/www.apfelpatient.de\\\/wp-content\\\/uploads\\\/2022\\\/12\\\/apple_ipad-pro-spring21_ipad-pro-magic-keyboard-2up_04202021-2.jpg\",\"width\":1600,\"height\":900,\"caption\":\"Bild: Apple\"},{\"@type\":\"BreadcrumbList\",\"@id\":\"https:\\\/\\\/www.apfelpatient.de\\\/rumors\\\/apple-bereitet-grosse-ipad-pro-ueberarbeitung-fuer-2024-vor#breadcrumb\",\"itemListElement\":[{\"@type\":\"ListItem\",\"position\":1,\"name\":\"Startseite\",\"item\":\"https:\\\/\\\/www.apfelpatient.de\\\/\"},{\"@type\":\"ListItem\",\"position\":2,\"name\":\"Apple bereitet &#8222;gro\u00dfe iPad Pro \u00dcberarbeitung&#8220; f\u00fcr 2024 vor\"}]},{\"@type\":\"WebSite\",\"@id\":\"https:\\\/\\\/www.apfelpatient.de\\\/#website\",\"url\":\"https:\\\/\\\/www.apfelpatient.de\\\/\",\"name\":\"Apfelpatient\",\"description\":\"Alles rund um Apple!\",\"publisher\":{\"@type\":\"Organization\",\"@id\":\"https:\\\/\\\/www.apfelpatient.de\\\/en\\\/#organization\",\"name\":\"Apfelpatient\",\"url\":\"https:\\\/\\\/www.apfelpatient.de\\\/en\\\/\"},\"alternateName\":\"Apfelpatient\",\"potentialAction\":[{\"@type\":\"SearchAction\",\"target\":{\"@type\":\"EntryPoint\",\"urlTemplate\":\"https:\\\/\\\/www.apfelpatient.de\\\/?s={search_term_string}\"},\"query-input\":{\"@type\":\"PropertyValueSpecification\",\"valueRequired\":true,\"valueName\":\"search_term_string\"}}],\"inLanguage\":\"en-US\"},{\"@type\":[\"Person\",\"Organization\"],\"@id\":\"https:\\\/\\\/www.apfelpatient.de\\\/#\\\/schema\\\/person\\\/35b3ddba5832f2bfc7fff5206d4f6b7b\",\"name\":\"Milan\",\"logo\":{\"@id\":\"https:\\\/\\\/www.apfelpatient.de\\\/#\\\/schema\\\/person\\\/image\\\/\"},\"description\":\"Hallo und herzlich willkommen auf meinem Technik-Blog! Als gro\u00dfer Apple-Fan berichte ich hier \u00fcber alles, was mit Apple zu tun hat: von den neuesten News und spannenden Ger\u00fcchten \u00fcber hilfreiche Tipps und Tricks bis hin zu ausf\u00fchrlichen Produkttests. Wenn du genauso technikbegeistert bist wie ich, bist du hier genau richtig!\",\"sameAs\":[\"https:\\\/\\\/www.facebook.com\\\/apfelpatientOfficial\",\"https:\\\/\\\/www.linkedin.com\\\/in\\\/milan-jovicic-42aa0231b\"],\"url\":\"https:\\\/\\\/www.apfelpatient.de\\\/en\\\/author\\\/apfeladmin\"}]}<\/script>\n<!-- \/ Yoast SEO Premium plugin. -->","yoast_head_json":{"title":"Apple prepares &quot;major iPad Pro overhaul&quot; for 2024","description":"However, according to a new report, that could soon change, as Apple is planning a &quot;major iPad Pro overhaul&quot; for next year.","robots":{"index":"index","follow":"follow","max-snippet":"max-snippet:-1","max-image-preview":"max-image-preview:large","max-video-preview":"max-video-preview:-1"},"canonical":"https:\/\/www.apfelpatient.de\/en\/rumors\/apple-prepares-major-ipad-pro-overhaul-for-2024","og_locale":"en_US","og_type":"article","og_title":"Apple bereitet \"gro\u00dfe iPad Pro \u00dcberarbeitung\" f\u00fcr 2024 vor","og_description":"Einem neuen Bericht zufolge k\u00f6nnte sich dies jedoch bald \u00e4ndern, da Apple f\u00fcr n\u00e4chstes Jahr eine \"gro\u00dfe iPad Pro \u00dcberarbeitung\" plant.","og_url":"https:\/\/www.apfelpatient.de\/en\/rumors\/apple-prepares-major-ipad-pro-overhaul-for-2024","og_site_name":"Apfelpatient","article_publisher":"https:\/\/www.facebook.com\/apfelpatientOfficial","article_author":"https:\/\/www.facebook.com\/apfelpatientOfficial","article_published_time":"2023-01-22T18:02:47+00:00","og_image":[{"width":1600,"height":900,"url":"https:\/\/www.apfelpatient.de\/wp-content\/uploads\/2022\/12\/apple_ipad-pro-spring21_ipad-pro-magic-keyboard-2up_04202021-2.jpg","type":"image\/jpeg"}],"author":"Milan","twitter_card":"summary_large_image","twitter_description":"Einem neuen Bericht zufolge k\u00f6nnte sich dies jedoch bald \u00e4ndern, da Apple f\u00fcr n\u00e4chstes Jahr eine \"gro\u00dfe iPad Pro \u00dcberarbeitung\" plant.","twitter_misc":{"Written by":"Milan","Est. reading time":"3 minutes"},"schema":{"@context":"https:\/\/schema.org","@graph":[{"@type":"NewsArticle","@id":"https:\/\/www.apfelpatient.de\/rumors\/apple-bereitet-grosse-ipad-pro-ueberarbeitung-fuer-2024-vor#article","isPartOf":{"@id":"https:\/\/www.apfelpatient.de\/rumors\/apple-bereitet-grosse-ipad-pro-ueberarbeitung-fuer-2024-vor"},"author":{"@type":"Organization","@id":"https:\/\/www.apfelpatient.de\/en\/#organization","name":"Apfelpatient","url":"https:\/\/www.apfelpatient.de\/en\/"},"headline":"Apple bereitet &#8222;gro\u00dfe iPad Pro \u00dcberarbeitung&#8220; f\u00fcr 2024 vor","datePublished":"2023-01-22T18:02:47+00:00","mainEntityOfPage":{"@id":"https:\/\/www.apfelpatient.de\/rumors\/apple-bereitet-grosse-ipad-pro-ueberarbeitung-fuer-2024-vor"},"wordCount":414,"publisher":{"@type":"Organization","@id":"https:\/\/www.apfelpatient.de\/en\/#organization","name":"Apfelpatient","url":"https:\/\/www.apfelpatient.de\/en\/"},"image":{"@id":"https:\/\/www.apfelpatient.de\/rumors\/apple-bereitet-grosse-ipad-pro-ueberarbeitung-fuer-2024-vor#primaryimage"},"thumbnailUrl":"https:\/\/www.apfelpatient.de\/wp-content\/uploads\/2022\/12\/apple_ipad-pro-spring21_ipad-pro-magic-keyboard-2up_04202021-2.jpg","keywords":["iPad"],"articleSection":"Rumors","inLanguage":"en-US","copyrightYear":"2023","copyrightHolder":{"@id":"https:\/\/www.apfelpatient.de\/en\/#organization"}},{"@type":"WebPage","@id":"https:\/\/www.apfelpatient.de\/rumors\/apple-bereitet-grosse-ipad-pro-ueberarbeitung-fuer-2024-vor","url":"https:\/\/www.apfelpatient.de\/rumors\/apple-bereitet-grosse-ipad-pro-ueberarbeitung-fuer-2024-vor","name":"Apple prepares &quot;major iPad Pro overhaul&quot; for 2024","isPartOf":{"@id":"https:\/\/www.apfelpatient.de\/#website"},"primaryImageOfPage":{"@id":"https:\/\/www.apfelpatient.de\/rumors\/apple-bereitet-grosse-ipad-pro-ueberarbeitung-fuer-2024-vor#primaryimage"},"image":{"@id":"https:\/\/www.apfelpatient.de\/rumors\/apple-bereitet-grosse-ipad-pro-ueberarbeitung-fuer-2024-vor#primaryimage"},"thumbnailUrl":"https:\/\/www.apfelpatient.de\/wp-content\/uploads\/2022\/12\/apple_ipad-pro-spring21_ipad-pro-magic-keyboard-2up_04202021-2.jpg","datePublished":"2023-01-22T18:02:47+00:00","description":"However, according to a new report, that could soon change, as Apple is planning a &quot;major iPad Pro overhaul&quot; for next year.","breadcrumb":{"@id":"https:\/\/www.apfelpatient.de\/rumors\/apple-bereitet-grosse-ipad-pro-ueberarbeitung-fuer-2024-vor#breadcrumb"},"inLanguage":"en-US","potentialAction":[{"@type":"ReadAction","target":["https:\/\/www.apfelpatient.de\/rumors\/apple-bereitet-grosse-ipad-pro-ueberarbeitung-fuer-2024-vor"]}]},{"@type":"ImageObject","inLanguage":"en-US","@id":"https:\/\/www.apfelpatient.de\/rumors\/apple-bereitet-grosse-ipad-pro-ueberarbeitung-fuer-2024-vor#primaryimage","url":"https:\/\/www.apfelpatient.de\/wp-content\/uploads\/2022\/12\/apple_ipad-pro-spring21_ipad-pro-magic-keyboard-2up_04202021-2.jpg","contentUrl":"https:\/\/www.apfelpatient.de\/wp-content\/uploads\/2022\/12\/apple_ipad-pro-spring21_ipad-pro-magic-keyboard-2up_04202021-2.jpg","width":1600,"height":900,"caption":"Bild: Apple"},{"@type":"BreadcrumbList","@id":"https:\/\/www.apfelpatient.de\/rumors\/apple-bereitet-grosse-ipad-pro-ueberarbeitung-fuer-2024-vor#breadcrumb","itemListElement":[{"@type":"ListItem","position":1,"name":"Startseite","item":"https:\/\/www.apfelpatient.de\/"},{"@type":"ListItem","position":2,"name":"Apple bereitet &#8222;gro\u00dfe iPad Pro \u00dcberarbeitung&#8220; f\u00fcr 2024 vor"}]},{"@type":"WebSite","@id":"https:\/\/www.apfelpatient.de\/#website","url":"https:\/\/www.apfelpatient.de\/","name":"apple patient","description":"Everything about Apple!","publisher":{"@type":"Organization","@id":"https:\/\/www.apfelpatient.de\/en\/#organization","name":"Apfelpatient","url":"https:\/\/www.apfelpatient.de\/en\/"},"alternateName":"Apfelpatient","potentialAction":[{"@type":"SearchAction","target":{"@type":"EntryPoint","urlTemplate":"https:\/\/www.apfelpatient.de\/?s={search_term_string}"},"query-input":{"@type":"PropertyValueSpecification","valueRequired":true,"valueName":"search_term_string"}}],"inLanguage":"en-US"},{"@type":["Person","Organization"],"@id":"https:\/\/www.apfelpatient.de\/#\/schema\/person\/35b3ddba5832f2bfc7fff5206d4f6b7b","name":"Milan","logo":{"@id":"https:\/\/www.apfelpatient.de\/#\/schema\/person\/image\/"},"description":"Hello and welcome to my technology blog! As a big Apple fan, I report on everything to do with Apple: from the latest news and exciting rumors to helpful tips and tricks and detailed product tests. If you are as enthusiastic about technology as I am, you have come to the right place!","sameAs":["https:\/\/www.facebook.com\/apfelpatientOfficial","https:\/\/www.linkedin.com\/in\/milan-jovicic-42aa0231b"],"url":"https:\/\/www.apfelpatient.de\/en\/author\/apfeladmin"}]}},"_links":{"self":[{"href":"https:\/\/www.apfelpatient.de\/en\/wp-json\/wp\/v2\/posts\/37002","targetHints":{"allow":["GET"]}}],"collection":[{"href":"https:\/\/www.apfelpatient.de\/en\/wp-json\/wp\/v2\/posts"}],"about":[{"href":"https:\/\/www.apfelpatient.de\/en\/wp-json\/wp\/v2\/types\/post"}],"author":[{"embeddable":true,"href":"https:\/\/www.apfelpatient.de\/en\/wp-json\/wp\/v2\/users\/2"}],"replies":[{"embeddable":true,"href":"https:\/\/www.apfelpatient.de\/en\/wp-json\/wp\/v2\/comments?post=37002"}],"version-history":[{"count":0,"href":"https:\/\/www.apfelpatient.de\/en\/wp-json\/wp\/v2\/posts\/37002\/revisions"}],"wp:featuredmedia":[{"embeddable":true,"href":"https:\/\/www.apfelpatient.de\/en\/wp-json\/wp\/v2\/media\/36681"}],"wp:attachment":[{"href":"https:\/\/www.apfelpatient.de\/en\/wp-json\/wp\/v2\/media?parent=37002"}],"wp:term":[{"taxonomy":"category","embeddable":true,"href":"https:\/\/www.apfelpatient.de\/en\/wp-json\/wp\/v2\/categories?post=37002"},{"taxonomy":"post_tag","embeddable":true,"href":"https:\/\/www.apfelpatient.de\/en\/wp-json\/wp\/v2\/tags?post=37002"}],"curies":[{"name":"wp","href":"https:\/\/api.w.org\/{rel}","templated":true}]}}