{"id":36998,"date":"2023-01-21T18:29:45","date_gmt":"2023-01-21T17:29:45","guid":{"rendered":"https:\/\/www.apfelpatient.de\/?p=36998"},"modified":"2023-01-21T18:29:46","modified_gmt":"2023-01-21T17:29:46","slug":"iphone-15-pro-to-get-new-design-with-ultra-thin-edges","status":"publish","type":"post","link":"https:\/\/www.apfelpatient.de\/en\/rumors\/iphone-15-pro-soll-neues-design-mit-ultraduennen-raendern-erhalten","title":{"rendered":"iPhone 15 Pro to get new design with ultra-thin edges"},"content":{"rendered":"<p class=\"has-drop-cap\"><strong>The iPhone 15 Pro models will have thinner and curved edges compared to the iPhone 14 Pro models, which could lead to an Apple Watch-like look, as a well-known leaker now reports.<\/strong><\/p>\n\n\n\n<p>ShrimpApplePro presented <a href=\"https:\/\/twitter.com\/VNchocoTaco\/status\/1616822378608328710?s=20&amp;t=F1-R5P_bomcpvRDeFZGXNA\" target=\"_blank\" rel=\"noreferrer noopener\">clear<\/a>that the next-generation iPhone Pro models will continue to have flat displays, as only the edges are said to be curved. According to a source who spoke to the leaker, this combination of thinner bezels and curved edges could result in a similar look to the Apple Watch Series 7 and Series 8. The curved front glass is also said to be seen on the iPhone 15 and iPhone 15 Plus.<\/p>\n\n\n\n<h3 class=\"wp-block-heading\" id=\"h-apple-konnte-das-design-der-iphone-15-pro-gerate-uberarbeiten\">Apple could revise the design of the iPhone 15 Pro devices<\/h3>\n\n\n\n\n\n\n\n<p>But these devices will not have thinner bezels than their iPhone 14 predecessors. ShrimpApplePro added that the iPhone 15 series will have the same display sizes as the iPhone 14 line. Last year, the leaker was one of the first to say that the iPhone 15 Pro models will have a titanium frame with curved rear edges. ShrimpApplePro has a good track record when it comes to spreading accurate information about Apple&#039;s plans, so his claims should be taken seriously. (Image: Apple)<\/p>\n\n\n\n<ul class=\"wp-block-list\">\n<li><a href=\"https:\/\/www.apfelpatient.de\/en\/rumors\/camera-iphone-15-pro-max-to-get-periscope-lens\">Camera: iPhone 15 Pro Max to get periscope lens<\/a><\/li>\n<\/ul>\n\n\n\n<h6 class=\"wp-block-heading translation-block\" id=\"h-kennt-ihr-schon-unsere-amazon-storefront-dort-findet-ihr-eine-handverlesene-auswahl-von-diversen-produkten-f-r-euer-iphone-und-co-viel-spa-beim-st-bern\"><em>Have you already visited our Amazon Storefront? There you&#039;ll find a hand-picked selection of various products for your iPhone and other devices \u2013 <span class=\"has-inline-color has-vivid-red-color\"><a href=\"https:\/\/www.amazon.de\/shop\/apfelpatientofficial\" class=\"ek-link\" data-wpel-link=\"exclude\" rel=\"follow noopener\" target=\"_self\"><span style=\"text-decoration: underline\" class=\"ek-underline\">enjoy browsing<\/span><\/a> !<\/span><\/em><\/h6>\n\n\n\n<h6 class=\"wp-block-heading translation-block\" id=\"h-der-beitrag-enthalt-partnerlinks\">This post contains <a data-type=\"URL\" data-id=\"https:\/\/www.apfelpatient.de\/partnerprogramm\" href=\"https:\/\/www.apfelpatient.de\/en\/partner-program\" data-wpel-link=\"internal\" target=\"_self\">affiliate links<\/a>.<\/h6>","protected":false},"excerpt":{"rendered":"<p>The iPhone 15 Pro models will have thinner and curved bezels compared to the iPhone 14 Pro models.<\/p>","protected":false},"author":2,"featured_media":33802,"comment_status":"closed","ping_status":"closed","sticky":false,"template":"","format":"standard","meta":{"jnews-multi-image_gallery":[],"jnews_single_post":{"subtitle":"","format":"standard","video":"","gallery":"","source_name":"","source_url":"","via_name":"","via_url":"","override":[{"single_blog_custom":"","sidebar":"","second_sidebar":"","share_position":"","share_float_style":"","post_date_format":"","post_date_format_custom":"","post_reading_time_wpm":"","zoom_button_out_step":"1","zoom_button_in_step":"1","number_popup_post":"1"}],"image_override":[{"single_post_thumbnail_size":"","single_post_gallery_size":""}],"trending_post_position":"","trending_post_label":"","sponsored_post_label":"","sponsored_post_name":"","sponsored_post_url":"","sponsored_post_logo":"","sponsored_post_desc":""},"jnews_primary_category":{"id":"25"},"footnotes":""},"categories":[25],"tags":[8,689,579],"class_list":["post-36998","post","type-post","status-publish","format-standard","has-post-thumbnail","hentry","category-rumors","tag-iphone","tag-iphone-15","tag-iphone-2023"],"yoast_head":"<!-- This site is optimized with the Yoast SEO Premium plugin v27.5 (Yoast SEO v27.5) - https:\/\/yoast.com\/product\/yoast-seo-premium-wordpress\/ -->\n<title>iPhone 15 Pro soll neues Design mit ultrad\u00fcnnen R\u00e4ndern erhalten<\/title>\n<meta name=\"description\" content=\"Die iPhone 15 Pro Modelle werden im Vergleich zu den iPhone 14 Pro Modellen d\u00fcnnere und gebogene R\u00e4nder haben.\" \/>\n<meta name=\"robots\" content=\"index, follow, max-snippet:-1, max-image-preview:large, max-video-preview:-1\" \/>\n<link rel=\"canonical\" href=\"https:\/\/www.apfelpatient.de\/en\/rumors\/iphone-15-pro-to-get-new-design-with-ultra-thin-edges\" \/>\n<meta property=\"og:locale\" content=\"en_US\" \/>\n<meta property=\"og:type\" content=\"article\" \/>\n<meta property=\"og:title\" content=\"iPhone 15 Pro soll neues Design mit ultrad\u00fcnnen R\u00e4ndern erhalten\" \/>\n<meta property=\"og:description\" content=\"Die iPhone 15 Pro Modelle werden im Vergleich zu den iPhone 14 Pro Modellen d\u00fcnnere und gebogene R\u00e4nder haben.\" \/>\n<meta property=\"og:url\" content=\"https:\/\/www.apfelpatient.de\/en\/rumors\/iphone-15-pro-to-get-new-design-with-ultra-thin-edges\" \/>\n<meta property=\"og:site_name\" content=\"Apfelpatient\" \/>\n<meta property=\"article:publisher\" content=\"https:\/\/www.facebook.com\/apfelpatientOfficial\" \/>\n<meta property=\"article:author\" content=\"https:\/\/www.facebook.com\/apfelpatientOfficial\" \/>\n<meta property=\"article:published_time\" content=\"2023-01-21T17:29:45+00:00\" \/>\n<meta property=\"article:modified_time\" content=\"2023-01-21T17:29:46+00:00\" \/>\n<meta property=\"og:image\" content=\"https:\/\/www.apfelpatient.de\/wp-content\/uploads\/2022\/09\/61885CB4-62B7-49BD-A5B5-D5BC7E46B8D9.png\" \/>\n\t<meta property=\"og:image:width\" content=\"1600\" \/>\n\t<meta property=\"og:image:height\" content=\"894\" \/>\n\t<meta property=\"og:image:type\" content=\"image\/png\" \/>\n<meta name=\"author\" content=\"Milan\" \/>\n<meta name=\"twitter:card\" content=\"summary_large_image\" \/>\n<meta name=\"twitter:description\" content=\"Die iPhone 15 Pro Modelle werden im Vergleich zu den iPhone 14 Pro Modellen d\u00fcnnere und gebogene R\u00e4nder haben.\" \/>\n<meta name=\"twitter:label1\" content=\"Written by\" \/>\n\t<meta name=\"twitter:data1\" content=\"Milan\" \/>\n\t<meta name=\"twitter:label2\" content=\"Est. reading time\" \/>\n\t<meta name=\"twitter:data2\" content=\"2 minutes\" \/>\n<script type=\"application\/ld+json\" class=\"yoast-schema-graph\">{\"@context\":\"https:\\\/\\\/schema.org\",\"@graph\":[{\"@type\":\"NewsArticle\",\"@id\":\"https:\\\/\\\/www.apfelpatient.de\\\/rumors\\\/iphone-15-pro-soll-neues-design-mit-ultraduennen-raendern-erhalten#article\",\"isPartOf\":{\"@id\":\"https:\\\/\\\/www.apfelpatient.de\\\/rumors\\\/iphone-15-pro-soll-neues-design-mit-ultraduennen-raendern-erhalten\"},\"author\":{\"@type\":\"Organization\",\"@id\":\"https:\\\/\\\/www.apfelpatient.de\\\/en\\\/#organization\",\"name\":\"Apfelpatient\",\"url\":\"https:\\\/\\\/www.apfelpatient.de\\\/en\\\/\"},\"headline\":\"iPhone 15 Pro soll neues Design mit ultrad\u00fcnnen R\u00e4ndern erhalten\",\"datePublished\":\"2023-01-21T17:29:45+00:00\",\"dateModified\":\"2023-01-21T17:29:46+00:00\",\"mainEntityOfPage\":{\"@id\":\"https:\\\/\\\/www.apfelpatient.de\\\/rumors\\\/iphone-15-pro-soll-neues-design-mit-ultraduennen-raendern-erhalten\"},\"wordCount\":223,\"publisher\":{\"@type\":\"Organization\",\"@id\":\"https:\\\/\\\/www.apfelpatient.de\\\/en\\\/#organization\",\"name\":\"Apfelpatient\",\"url\":\"https:\\\/\\\/www.apfelpatient.de\\\/en\\\/\"},\"image\":{\"@id\":\"https:\\\/\\\/www.apfelpatient.de\\\/rumors\\\/iphone-15-pro-soll-neues-design-mit-ultraduennen-raendern-erhalten#primaryimage\"},\"thumbnailUrl\":\"https:\\\/\\\/www.apfelpatient.de\\\/wp-content\\\/uploads\\\/2022\\\/09\\\/61885CB4-62B7-49BD-A5B5-D5BC7E46B8D9.png\",\"keywords\":[\"iPhone\",\"iPhone 15\",\"iPhone 2023\"],\"articleSection\":\"Rumors\",\"inLanguage\":\"en-US\",\"copyrightYear\":\"2023\",\"copyrightHolder\":{\"@id\":\"https:\\\/\\\/www.apfelpatient.de\\\/en\\\/#organization\"}},{\"@type\":\"WebPage\",\"@id\":\"https:\\\/\\\/www.apfelpatient.de\\\/rumors\\\/iphone-15-pro-soll-neues-design-mit-ultraduennen-raendern-erhalten\",\"url\":\"https:\\\/\\\/www.apfelpatient.de\\\/rumors\\\/iphone-15-pro-soll-neues-design-mit-ultraduennen-raendern-erhalten\",\"name\":\"iPhone 15 Pro soll neues Design mit ultrad\u00fcnnen R\u00e4ndern erhalten\",\"isPartOf\":{\"@id\":\"https:\\\/\\\/www.apfelpatient.de\\\/#website\"},\"primaryImageOfPage\":{\"@id\":\"https:\\\/\\\/www.apfelpatient.de\\\/rumors\\\/iphone-15-pro-soll-neues-design-mit-ultraduennen-raendern-erhalten#primaryimage\"},\"image\":{\"@id\":\"https:\\\/\\\/www.apfelpatient.de\\\/rumors\\\/iphone-15-pro-soll-neues-design-mit-ultraduennen-raendern-erhalten#primaryimage\"},\"thumbnailUrl\":\"https:\\\/\\\/www.apfelpatient.de\\\/wp-content\\\/uploads\\\/2022\\\/09\\\/61885CB4-62B7-49BD-A5B5-D5BC7E46B8D9.png\",\"datePublished\":\"2023-01-21T17:29:45+00:00\",\"dateModified\":\"2023-01-21T17:29:46+00:00\",\"description\":\"Die iPhone 15 Pro Modelle werden im Vergleich zu den iPhone 14 Pro Modellen d\u00fcnnere und gebogene R\u00e4nder haben.\",\"breadcrumb\":{\"@id\":\"https:\\\/\\\/www.apfelpatient.de\\\/rumors\\\/iphone-15-pro-soll-neues-design-mit-ultraduennen-raendern-erhalten#breadcrumb\"},\"inLanguage\":\"en-US\",\"potentialAction\":[{\"@type\":\"ReadAction\",\"target\":[\"https:\\\/\\\/www.apfelpatient.de\\\/rumors\\\/iphone-15-pro-soll-neues-design-mit-ultraduennen-raendern-erhalten\"]}]},{\"@type\":\"ImageObject\",\"inLanguage\":\"en-US\",\"@id\":\"https:\\\/\\\/www.apfelpatient.de\\\/rumors\\\/iphone-15-pro-soll-neues-design-mit-ultraduennen-raendern-erhalten#primaryimage\",\"url\":\"https:\\\/\\\/www.apfelpatient.de\\\/wp-content\\\/uploads\\\/2022\\\/09\\\/61885CB4-62B7-49BD-A5B5-D5BC7E46B8D9.png\",\"contentUrl\":\"https:\\\/\\\/www.apfelpatient.de\\\/wp-content\\\/uploads\\\/2022\\\/09\\\/61885CB4-62B7-49BD-A5B5-D5BC7E46B8D9.png\",\"width\":1600,\"height\":894,\"caption\":\"Bild: Apple - iPhone 14 Pro Dynamic Island\"},{\"@type\":\"BreadcrumbList\",\"@id\":\"https:\\\/\\\/www.apfelpatient.de\\\/rumors\\\/iphone-15-pro-soll-neues-design-mit-ultraduennen-raendern-erhalten#breadcrumb\",\"itemListElement\":[{\"@type\":\"ListItem\",\"position\":1,\"name\":\"Startseite\",\"item\":\"https:\\\/\\\/www.apfelpatient.de\\\/\"},{\"@type\":\"ListItem\",\"position\":2,\"name\":\"iPhone 15 Pro soll neues Design mit ultrad\u00fcnnen R\u00e4ndern erhalten\"}]},{\"@type\":\"WebSite\",\"@id\":\"https:\\\/\\\/www.apfelpatient.de\\\/#website\",\"url\":\"https:\\\/\\\/www.apfelpatient.de\\\/\",\"name\":\"Apfelpatient\",\"description\":\"Alles rund um Apple!\",\"publisher\":{\"@type\":\"Organization\",\"@id\":\"https:\\\/\\\/www.apfelpatient.de\\\/en\\\/#organization\",\"name\":\"Apfelpatient\",\"url\":\"https:\\\/\\\/www.apfelpatient.de\\\/en\\\/\"},\"alternateName\":\"Apfelpatient\",\"potentialAction\":[{\"@type\":\"SearchAction\",\"target\":{\"@type\":\"EntryPoint\",\"urlTemplate\":\"https:\\\/\\\/www.apfelpatient.de\\\/?s={search_term_string}\"},\"query-input\":{\"@type\":\"PropertyValueSpecification\",\"valueRequired\":true,\"valueName\":\"search_term_string\"}}],\"inLanguage\":\"en-US\"},{\"@type\":[\"Person\",\"Organization\"],\"@id\":\"https:\\\/\\\/www.apfelpatient.de\\\/#\\\/schema\\\/person\\\/35b3ddba5832f2bfc7fff5206d4f6b7b\",\"name\":\"Milan\",\"logo\":{\"@id\":\"https:\\\/\\\/www.apfelpatient.de\\\/#\\\/schema\\\/person\\\/image\\\/\"},\"description\":\"Hallo und herzlich willkommen auf meinem Technik-Blog! Als gro\u00dfer Apple-Fan berichte ich hier \u00fcber alles, was mit Apple zu tun hat: von den neuesten News und spannenden Ger\u00fcchten \u00fcber hilfreiche Tipps und Tricks bis hin zu ausf\u00fchrlichen Produkttests. Wenn du genauso technikbegeistert bist wie ich, bist du hier genau richtig!\",\"sameAs\":[\"https:\\\/\\\/www.facebook.com\\\/apfelpatientOfficial\",\"https:\\\/\\\/www.linkedin.com\\\/in\\\/milan-jovicic-42aa0231b\"],\"url\":\"https:\\\/\\\/www.apfelpatient.de\\\/en\\\/author\\\/apfeladmin\"}]}<\/script>\n<!-- \/ Yoast SEO Premium plugin. -->","yoast_head_json":{"title":"iPhone 15 Pro to get new design with ultra-thin edges","description":"The iPhone 15 Pro models will have thinner and curved bezels compared to the iPhone 14 Pro models.","robots":{"index":"index","follow":"follow","max-snippet":"max-snippet:-1","max-image-preview":"max-image-preview:large","max-video-preview":"max-video-preview:-1"},"canonical":"https:\/\/www.apfelpatient.de\/en\/rumors\/iphone-15-pro-to-get-new-design-with-ultra-thin-edges","og_locale":"en_US","og_type":"article","og_title":"iPhone 15 Pro soll neues Design mit ultrad\u00fcnnen R\u00e4ndern erhalten","og_description":"Die iPhone 15 Pro Modelle werden im Vergleich zu den iPhone 14 Pro Modellen d\u00fcnnere und gebogene R\u00e4nder haben.","og_url":"https:\/\/www.apfelpatient.de\/en\/rumors\/iphone-15-pro-to-get-new-design-with-ultra-thin-edges","og_site_name":"Apfelpatient","article_publisher":"https:\/\/www.facebook.com\/apfelpatientOfficial","article_author":"https:\/\/www.facebook.com\/apfelpatientOfficial","article_published_time":"2023-01-21T17:29:45+00:00","article_modified_time":"2023-01-21T17:29:46+00:00","og_image":[{"width":1600,"height":894,"url":"https:\/\/www.apfelpatient.de\/wp-content\/uploads\/2022\/09\/61885CB4-62B7-49BD-A5B5-D5BC7E46B8D9.png","type":"image\/png"}],"author":"Milan","twitter_card":"summary_large_image","twitter_description":"Die iPhone 15 Pro Modelle werden im Vergleich zu den iPhone 14 Pro Modellen d\u00fcnnere und gebogene R\u00e4nder haben.","twitter_misc":{"Written by":"Milan","Est. reading time":"2 minutes"},"schema":{"@context":"https:\/\/schema.org","@graph":[{"@type":"NewsArticle","@id":"https:\/\/www.apfelpatient.de\/rumors\/iphone-15-pro-soll-neues-design-mit-ultraduennen-raendern-erhalten#article","isPartOf":{"@id":"https:\/\/www.apfelpatient.de\/rumors\/iphone-15-pro-soll-neues-design-mit-ultraduennen-raendern-erhalten"},"author":{"@type":"Organization","@id":"https:\/\/www.apfelpatient.de\/en\/#organization","name":"Apfelpatient","url":"https:\/\/www.apfelpatient.de\/en\/"},"headline":"iPhone 15 Pro soll neues Design mit ultrad\u00fcnnen R\u00e4ndern erhalten","datePublished":"2023-01-21T17:29:45+00:00","dateModified":"2023-01-21T17:29:46+00:00","mainEntityOfPage":{"@id":"https:\/\/www.apfelpatient.de\/rumors\/iphone-15-pro-soll-neues-design-mit-ultraduennen-raendern-erhalten"},"wordCount":223,"publisher":{"@type":"Organization","@id":"https:\/\/www.apfelpatient.de\/en\/#organization","name":"Apfelpatient","url":"https:\/\/www.apfelpatient.de\/en\/"},"image":{"@id":"https:\/\/www.apfelpatient.de\/rumors\/iphone-15-pro-soll-neues-design-mit-ultraduennen-raendern-erhalten#primaryimage"},"thumbnailUrl":"https:\/\/www.apfelpatient.de\/wp-content\/uploads\/2022\/09\/61885CB4-62B7-49BD-A5B5-D5BC7E46B8D9.png","keywords":["iPhone","iPhone 15","iPhone 2023"],"articleSection":"Rumors","inLanguage":"en-US","copyrightYear":"2023","copyrightHolder":{"@id":"https:\/\/www.apfelpatient.de\/en\/#organization"}},{"@type":"WebPage","@id":"https:\/\/www.apfelpatient.de\/rumors\/iphone-15-pro-soll-neues-design-mit-ultraduennen-raendern-erhalten","url":"https:\/\/www.apfelpatient.de\/rumors\/iphone-15-pro-soll-neues-design-mit-ultraduennen-raendern-erhalten","name":"iPhone 15 Pro to get new design with ultra-thin edges","isPartOf":{"@id":"https:\/\/www.apfelpatient.de\/#website"},"primaryImageOfPage":{"@id":"https:\/\/www.apfelpatient.de\/rumors\/iphone-15-pro-soll-neues-design-mit-ultraduennen-raendern-erhalten#primaryimage"},"image":{"@id":"https:\/\/www.apfelpatient.de\/rumors\/iphone-15-pro-soll-neues-design-mit-ultraduennen-raendern-erhalten#primaryimage"},"thumbnailUrl":"https:\/\/www.apfelpatient.de\/wp-content\/uploads\/2022\/09\/61885CB4-62B7-49BD-A5B5-D5BC7E46B8D9.png","datePublished":"2023-01-21T17:29:45+00:00","dateModified":"2023-01-21T17:29:46+00:00","description":"The iPhone 15 Pro models will have thinner and curved bezels compared to the iPhone 14 Pro models.","breadcrumb":{"@id":"https:\/\/www.apfelpatient.de\/rumors\/iphone-15-pro-soll-neues-design-mit-ultraduennen-raendern-erhalten#breadcrumb"},"inLanguage":"en-US","potentialAction":[{"@type":"ReadAction","target":["https:\/\/www.apfelpatient.de\/rumors\/iphone-15-pro-soll-neues-design-mit-ultraduennen-raendern-erhalten"]}]},{"@type":"ImageObject","inLanguage":"en-US","@id":"https:\/\/www.apfelpatient.de\/rumors\/iphone-15-pro-soll-neues-design-mit-ultraduennen-raendern-erhalten#primaryimage","url":"https:\/\/www.apfelpatient.de\/wp-content\/uploads\/2022\/09\/61885CB4-62B7-49BD-A5B5-D5BC7E46B8D9.png","contentUrl":"https:\/\/www.apfelpatient.de\/wp-content\/uploads\/2022\/09\/61885CB4-62B7-49BD-A5B5-D5BC7E46B8D9.png","width":1600,"height":894,"caption":"Bild: Apple - iPhone 14 Pro Dynamic Island"},{"@type":"BreadcrumbList","@id":"https:\/\/www.apfelpatient.de\/rumors\/iphone-15-pro-soll-neues-design-mit-ultraduennen-raendern-erhalten#breadcrumb","itemListElement":[{"@type":"ListItem","position":1,"name":"Startseite","item":"https:\/\/www.apfelpatient.de\/"},{"@type":"ListItem","position":2,"name":"iPhone 15 Pro soll neues Design mit ultrad\u00fcnnen R\u00e4ndern erhalten"}]},{"@type":"WebSite","@id":"https:\/\/www.apfelpatient.de\/#website","url":"https:\/\/www.apfelpatient.de\/","name":"apple patient","description":"Everything about Apple!","publisher":{"@type":"Organization","@id":"https:\/\/www.apfelpatient.de\/en\/#organization","name":"Apfelpatient","url":"https:\/\/www.apfelpatient.de\/en\/"},"alternateName":"Apfelpatient","potentialAction":[{"@type":"SearchAction","target":{"@type":"EntryPoint","urlTemplate":"https:\/\/www.apfelpatient.de\/?s={search_term_string}"},"query-input":{"@type":"PropertyValueSpecification","valueRequired":true,"valueName":"search_term_string"}}],"inLanguage":"en-US"},{"@type":["Person","Organization"],"@id":"https:\/\/www.apfelpatient.de\/#\/schema\/person\/35b3ddba5832f2bfc7fff5206d4f6b7b","name":"Milan","logo":{"@id":"https:\/\/www.apfelpatient.de\/#\/schema\/person\/image\/"},"description":"Hello and welcome to my technology blog! As a big Apple fan, I report on everything to do with Apple: from the latest news and exciting rumors to helpful tips and tricks and detailed product tests. If you are as enthusiastic about technology as I am, you have come to the right place!","sameAs":["https:\/\/www.facebook.com\/apfelpatientOfficial","https:\/\/www.linkedin.com\/in\/milan-jovicic-42aa0231b"],"url":"https:\/\/www.apfelpatient.de\/en\/author\/apfeladmin"}]}},"_links":{"self":[{"href":"https:\/\/www.apfelpatient.de\/en\/wp-json\/wp\/v2\/posts\/36998","targetHints":{"allow":["GET"]}}],"collection":[{"href":"https:\/\/www.apfelpatient.de\/en\/wp-json\/wp\/v2\/posts"}],"about":[{"href":"https:\/\/www.apfelpatient.de\/en\/wp-json\/wp\/v2\/types\/post"}],"author":[{"embeddable":true,"href":"https:\/\/www.apfelpatient.de\/en\/wp-json\/wp\/v2\/users\/2"}],"replies":[{"embeddable":true,"href":"https:\/\/www.apfelpatient.de\/en\/wp-json\/wp\/v2\/comments?post=36998"}],"version-history":[{"count":0,"href":"https:\/\/www.apfelpatient.de\/en\/wp-json\/wp\/v2\/posts\/36998\/revisions"}],"wp:featuredmedia":[{"embeddable":true,"href":"https:\/\/www.apfelpatient.de\/en\/wp-json\/wp\/v2\/media\/33802"}],"wp:attachment":[{"href":"https:\/\/www.apfelpatient.de\/en\/wp-json\/wp\/v2\/media?parent=36998"}],"wp:term":[{"taxonomy":"category","embeddable":true,"href":"https:\/\/www.apfelpatient.de\/en\/wp-json\/wp\/v2\/categories?post=36998"},{"taxonomy":"post_tag","embeddable":true,"href":"https:\/\/www.apfelpatient.de\/en\/wp-json\/wp\/v2\/tags?post=36998"}],"curies":[{"name":"wp","href":"https:\/\/api.w.org\/{rel}","templated":true}]}}