{"id":36974,"date":"2023-01-19T16:34:56","date_gmt":"2023-01-19T15:34:56","guid":{"rendered":"https:\/\/www.apfelpatient.de\/?p=36974"},"modified":"2023-01-19T16:34:57","modified_gmt":"2023-01-19T15:34:57","slug":"apple-mixed-reality-headset-delivery-of-the-lenses-will-start-shortly","status":"publish","type":"post","link":"https:\/\/www.apfelpatient.de\/en\/rumors\/apple-mixed-reality-headset-auslieferung-der-linsen-laeuft-in-kuerze-an","title":{"rendered":"Apple Mixed Reality Headset: Delivery of lenses will start soon"},"content":{"rendered":"<p class=\"has-drop-cap\"><strong>According to a new DigiTimes report, an Apple supplier is preparing to begin shipping lenses for Apple&#039;s upcoming mixed reality headset.<\/strong><\/p>\n\n\n\n<p>The report <a href=\"https:\/\/www.digitimes.com\/news\/a20230119PD203.html\" target=\"_blank\" rel=\"noreferrer noopener\">according to<\/a> Genius Electronic Optical (GSEO) will supply lens modules for Apple&#039;s upcoming headset, rumored to be called &quot;Reality Pro,&quot; and will begin shipping as early as next month.<\/p>\n\n\n\n<blockquote class=\"wp-block-quote is-layout-flow wp-block-quote-is-layout-flow\">\n<p>Genius Electronic Optical (GSEO) will supply lens modules for VR headsets that Apple plans to launch in 2023, with shipments beginning in February\/March 2023, according to GSEO supply chain managers.<\/p>\n<\/blockquote>\n\n\n\n<p>Apple has been working on its AR\/VR headset for several years, and it&#039;s set to launch this year. According to a timeline provided by Bloomberg&#039;s Mark Gurman, Apple will unveil the headset before WWDC in June. At WWDC, Apple will unveil its new operating system, xrOS, and show developers the new features before the headset launches in the fall.<\/p>\n\n\n\n<h3 class=\"wp-block-heading\" id=\"h-mixed-reality-headset-konnte-apple-reality-pro-heissen\">Mixed reality headset could be called Apple Reality Pro<\/h3>\n\n\n\n\n\n\n\n<p>Apple&#039;s first mixed reality headset is widely expected to be a high-end niche product aimed at developers and professionals. The headset is rumored to come with several advanced technologies, including more than a dozen cameras that capture real-world motion and convert it into virtual motion, dual 4K micro-LED displays, iris scanners, facial expression tracking, powerful Apple Silicon chips, and more. The advanced nature of the headset will likely make it expensive, with rumors putting the price at around $3,000. The headset will be Apple&#039;s first step into a new AR\/VR market and is just the beginning of Apple&#039;s roadmap. According to a new report this week, Apple is working on a lighter and cheaper version of the headset while the augmented reality glasses are postponed indefinitely. (Photo by ismagilov \/ Bigstockphoto)<\/p>\n\n\n\n<ul class=\"wp-block-list\">\n<li><a href=\"https:\/\/www.apfelpatient.de\/en\/rumors\/apple-stops-development-of-apple-glasses\">Apple stops development of &quot;Apple Glasses&quot;<\/a><\/li>\n<\/ul>\n\n\n\n<h6 class=\"wp-block-heading translation-block\" id=\"h-kennt-ihr-schon-unsere-amazon-storefront-dort-findet-ihr-eine-handverlesene-auswahl-von-diversen-produkten-f-r-euer-iphone-und-co-viel-spa-beim-st-bern\"><em>Have you already visited our Amazon Storefront? There you&#039;ll find a hand-picked selection of various products for your iPhone and other devices \u2013 <span class=\"has-inline-color has-vivid-red-color\"><a href=\"https:\/\/www.amazon.de\/shop\/apfelpatientofficial\" class=\"ek-link\" data-wpel-link=\"exclude\" rel=\"follow noopener\" target=\"_self\"><span style=\"text-decoration: underline\" class=\"ek-underline\">enjoy browsing<\/span><\/a> !<\/span><\/em><\/h6>\n\n\n\n<h6 class=\"wp-block-heading translation-block\" id=\"h-der-beitrag-enthalt-partnerlinks\">This post contains <a data-type=\"URL\" data-id=\"https:\/\/www.apfelpatient.de\/partnerprogramm\" href=\"https:\/\/www.apfelpatient.de\/en\/partner-program\" data-wpel-link=\"internal\" target=\"_self\">affiliate links<\/a>.<\/h6>","protected":false},"excerpt":{"rendered":"<p>A supplier is reportedly preparing to begin shipping lenses for Apple&#039;s mixed reality headset.<\/p>","protected":false},"author":2,"featured_media":36976,"comment_status":"closed","ping_status":"closed","sticky":false,"template":"","format":"standard","meta":{"jnews-multi-image_gallery":[],"jnews_single_post":{"subtitle":"","format":"standard","video":"","gallery":"","source_name":"","source_url":"","via_name":"","via_url":"","override":[{"single_blog_custom":"","sidebar":"","second_sidebar":"","share_position":"","share_float_style":"","post_date_format":"","post_date_format_custom":"","post_reading_time_wpm":"","zoom_button_out_step":"1","zoom_button_in_step":"1","number_popup_post":"1"}],"image_override":[{"single_post_thumbnail_size":"","single_post_gallery_size":""}],"trending_post_position":"","trending_post_label":"","sponsored_post_label":"","sponsored_post_name":"","sponsored_post_url":"","sponsored_post_logo":"","sponsored_post_desc":""},"jnews_primary_category":{"id":"25"},"footnotes":""},"categories":[25],"tags":[609],"class_list":["post-36974","post","type-post","status-publish","format-standard","has-post-thumbnail","hentry","category-rumors","tag-apple-vr-ar"],"yoast_head":"<!-- This site is optimized with the Yoast SEO Premium plugin v27.5 (Yoast SEO v27.5) - https:\/\/yoast.com\/product\/yoast-seo-premium-wordpress\/ -->\n<title>Apple Mixed-Reality-Headset: Auslieferung der Linsen l\u00e4uft in K\u00fcrze an<\/title>\n<meta name=\"description\" content=\"Berichten zufolge bereitet sich ein Zulieferer darauf vor, mit der Auslieferung von Linsen f\u00fcr Apples Mixed-Reality-Headset zu beginnen.\" \/>\n<meta name=\"robots\" content=\"index, follow, max-snippet:-1, max-image-preview:large, max-video-preview:-1\" \/>\n<link rel=\"canonical\" href=\"https:\/\/www.apfelpatient.de\/en\/rumors\/apple-mixed-reality-headset-delivery-of-the-lenses-will-start-shortly\" \/>\n<meta property=\"og:locale\" content=\"en_US\" \/>\n<meta property=\"og:type\" content=\"article\" \/>\n<meta property=\"og:title\" content=\"Apple Mixed-Reality-Headset: Auslieferung der Linsen l\u00e4uft in K\u00fcrze an\" \/>\n<meta property=\"og:description\" content=\"Berichten zufolge bereitet sich ein Zulieferer darauf vor, mit der Auslieferung von Linsen f\u00fcr Apples Mixed-Reality-Headset zu beginnen.\" \/>\n<meta property=\"og:url\" content=\"https:\/\/www.apfelpatient.de\/en\/rumors\/apple-mixed-reality-headset-delivery-of-the-lenses-will-start-shortly\" \/>\n<meta property=\"og:site_name\" content=\"Apfelpatient\" \/>\n<meta property=\"article:publisher\" content=\"https:\/\/www.facebook.com\/apfelpatientOfficial\" \/>\n<meta property=\"article:author\" content=\"https:\/\/www.facebook.com\/apfelpatientOfficial\" \/>\n<meta property=\"article:published_time\" content=\"2023-01-19T15:34:56+00:00\" \/>\n<meta property=\"article:modified_time\" content=\"2023-01-19T15:34:57+00:00\" \/>\n<meta property=\"og:image\" content=\"https:\/\/www.apfelpatient.de\/wp-content\/uploads\/2023\/01\/bigstock-Businesswoman-In-Suit-With-Vr-445089986-1024x622.jpg\" \/>\n\t<meta property=\"og:image:width\" content=\"1024\" \/>\n\t<meta property=\"og:image:height\" content=\"622\" \/>\n\t<meta property=\"og:image:type\" content=\"image\/jpeg\" \/>\n<meta name=\"author\" content=\"Milan\" \/>\n<meta name=\"twitter:card\" content=\"summary_large_image\" \/>\n<meta name=\"twitter:description\" content=\"Berichten zufolge bereitet sich ein Zulieferer darauf vor, mit der Auslieferung von Linsen f\u00fcr Apples Mixed-Reality-Headset zu beginnen.\" \/>\n<meta name=\"twitter:label1\" content=\"Written by\" \/>\n\t<meta name=\"twitter:data1\" content=\"Milan\" \/>\n\t<meta name=\"twitter:label2\" content=\"Est. reading time\" \/>\n\t<meta name=\"twitter:data2\" content=\"2 minutes\" \/>\n<script type=\"application\/ld+json\" class=\"yoast-schema-graph\">{\"@context\":\"https:\\\/\\\/schema.org\",\"@graph\":[{\"@type\":\"NewsArticle\",\"@id\":\"https:\\\/\\\/www.apfelpatient.de\\\/rumors\\\/apple-mixed-reality-headset-auslieferung-der-linsen-laeuft-in-kuerze-an#article\",\"isPartOf\":{\"@id\":\"https:\\\/\\\/www.apfelpatient.de\\\/rumors\\\/apple-mixed-reality-headset-auslieferung-der-linsen-laeuft-in-kuerze-an\"},\"author\":{\"@type\":\"Organization\",\"@id\":\"https:\\\/\\\/www.apfelpatient.de\\\/en\\\/#organization\",\"name\":\"Apfelpatient\",\"url\":\"https:\\\/\\\/www.apfelpatient.de\\\/en\\\/\"},\"headline\":\"Apple Mixed-Reality-Headset: Auslieferung der Linsen l\u00e4uft in K\u00fcrze an\",\"datePublished\":\"2023-01-19T15:34:56+00:00\",\"dateModified\":\"2023-01-19T15:34:57+00:00\",\"mainEntityOfPage\":{\"@id\":\"https:\\\/\\\/www.apfelpatient.de\\\/rumors\\\/apple-mixed-reality-headset-auslieferung-der-linsen-laeuft-in-kuerze-an\"},\"wordCount\":308,\"publisher\":{\"@type\":\"Organization\",\"@id\":\"https:\\\/\\\/www.apfelpatient.de\\\/en\\\/#organization\",\"name\":\"Apfelpatient\",\"url\":\"https:\\\/\\\/www.apfelpatient.de\\\/en\\\/\"},\"image\":{\"@id\":\"https:\\\/\\\/www.apfelpatient.de\\\/rumors\\\/apple-mixed-reality-headset-auslieferung-der-linsen-laeuft-in-kuerze-an#primaryimage\"},\"thumbnailUrl\":\"https:\\\/\\\/www.apfelpatient.de\\\/wp-content\\\/uploads\\\/2023\\\/01\\\/bigstock-Businesswoman-In-Suit-With-Vr-445089986.jpg\",\"keywords\":[\"Apple VR\\\/AR\"],\"articleSection\":\"Rumors\",\"inLanguage\":\"en-US\",\"copyrightYear\":\"2023\",\"copyrightHolder\":{\"@id\":\"https:\\\/\\\/www.apfelpatient.de\\\/en\\\/#organization\"}},{\"@type\":\"WebPage\",\"@id\":\"https:\\\/\\\/www.apfelpatient.de\\\/rumors\\\/apple-mixed-reality-headset-auslieferung-der-linsen-laeuft-in-kuerze-an\",\"url\":\"https:\\\/\\\/www.apfelpatient.de\\\/rumors\\\/apple-mixed-reality-headset-auslieferung-der-linsen-laeuft-in-kuerze-an\",\"name\":\"Apple Mixed-Reality-Headset: Auslieferung der Linsen l\u00e4uft in K\u00fcrze an\",\"isPartOf\":{\"@id\":\"https:\\\/\\\/www.apfelpatient.de\\\/#website\"},\"primaryImageOfPage\":{\"@id\":\"https:\\\/\\\/www.apfelpatient.de\\\/rumors\\\/apple-mixed-reality-headset-auslieferung-der-linsen-laeuft-in-kuerze-an#primaryimage\"},\"image\":{\"@id\":\"https:\\\/\\\/www.apfelpatient.de\\\/rumors\\\/apple-mixed-reality-headset-auslieferung-der-linsen-laeuft-in-kuerze-an#primaryimage\"},\"thumbnailUrl\":\"https:\\\/\\\/www.apfelpatient.de\\\/wp-content\\\/uploads\\\/2023\\\/01\\\/bigstock-Businesswoman-In-Suit-With-Vr-445089986.jpg\",\"datePublished\":\"2023-01-19T15:34:56+00:00\",\"dateModified\":\"2023-01-19T15:34:57+00:00\",\"description\":\"Berichten zufolge bereitet sich ein Zulieferer darauf vor, mit der Auslieferung von Linsen f\u00fcr Apples Mixed-Reality-Headset zu beginnen.\",\"breadcrumb\":{\"@id\":\"https:\\\/\\\/www.apfelpatient.de\\\/rumors\\\/apple-mixed-reality-headset-auslieferung-der-linsen-laeuft-in-kuerze-an#breadcrumb\"},\"inLanguage\":\"en-US\",\"potentialAction\":[{\"@type\":\"ReadAction\",\"target\":[\"https:\\\/\\\/www.apfelpatient.de\\\/rumors\\\/apple-mixed-reality-headset-auslieferung-der-linsen-laeuft-in-kuerze-an\"]}]},{\"@type\":\"ImageObject\",\"inLanguage\":\"en-US\",\"@id\":\"https:\\\/\\\/www.apfelpatient.de\\\/rumors\\\/apple-mixed-reality-headset-auslieferung-der-linsen-laeuft-in-kuerze-an#primaryimage\",\"url\":\"https:\\\/\\\/www.apfelpatient.de\\\/wp-content\\\/uploads\\\/2023\\\/01\\\/bigstock-Businesswoman-In-Suit-With-Vr-445089986.jpg\",\"contentUrl\":\"https:\\\/\\\/www.apfelpatient.de\\\/wp-content\\\/uploads\\\/2023\\\/01\\\/bigstock-Businesswoman-In-Suit-With-Vr-445089986.jpg\",\"width\":1600,\"height\":972,\"caption\":\"Photo by ismagilov \\\/ Bigstockphoto\"},{\"@type\":\"BreadcrumbList\",\"@id\":\"https:\\\/\\\/www.apfelpatient.de\\\/rumors\\\/apple-mixed-reality-headset-auslieferung-der-linsen-laeuft-in-kuerze-an#breadcrumb\",\"itemListElement\":[{\"@type\":\"ListItem\",\"position\":1,\"name\":\"Startseite\",\"item\":\"https:\\\/\\\/www.apfelpatient.de\\\/\"},{\"@type\":\"ListItem\",\"position\":2,\"name\":\"Apple Mixed-Reality-Headset: Auslieferung der Linsen l\u00e4uft in K\u00fcrze an\"}]},{\"@type\":\"WebSite\",\"@id\":\"https:\\\/\\\/www.apfelpatient.de\\\/#website\",\"url\":\"https:\\\/\\\/www.apfelpatient.de\\\/\",\"name\":\"Apfelpatient\",\"description\":\"Alles rund um Apple!\",\"publisher\":{\"@type\":\"Organization\",\"@id\":\"https:\\\/\\\/www.apfelpatient.de\\\/en\\\/#organization\",\"name\":\"Apfelpatient\",\"url\":\"https:\\\/\\\/www.apfelpatient.de\\\/en\\\/\"},\"alternateName\":\"Apfelpatient\",\"potentialAction\":[{\"@type\":\"SearchAction\",\"target\":{\"@type\":\"EntryPoint\",\"urlTemplate\":\"https:\\\/\\\/www.apfelpatient.de\\\/?s={search_term_string}\"},\"query-input\":{\"@type\":\"PropertyValueSpecification\",\"valueRequired\":true,\"valueName\":\"search_term_string\"}}],\"inLanguage\":\"en-US\"},{\"@type\":[\"Person\",\"Organization\"],\"@id\":\"https:\\\/\\\/www.apfelpatient.de\\\/#\\\/schema\\\/person\\\/35b3ddba5832f2bfc7fff5206d4f6b7b\",\"name\":\"Milan\",\"logo\":{\"@id\":\"https:\\\/\\\/www.apfelpatient.de\\\/#\\\/schema\\\/person\\\/image\\\/\"},\"description\":\"Hallo und herzlich willkommen auf meinem Technik-Blog! Als gro\u00dfer Apple-Fan berichte ich hier \u00fcber alles, was mit Apple zu tun hat: von den neuesten News und spannenden Ger\u00fcchten \u00fcber hilfreiche Tipps und Tricks bis hin zu ausf\u00fchrlichen Produkttests. Wenn du genauso technikbegeistert bist wie ich, bist du hier genau richtig!\",\"sameAs\":[\"https:\\\/\\\/www.facebook.com\\\/apfelpatientOfficial\",\"https:\\\/\\\/www.linkedin.com\\\/in\\\/milan-jovicic-42aa0231b\"],\"url\":\"https:\\\/\\\/www.apfelpatient.de\\\/en\\\/author\\\/apfeladmin\"}]}<\/script>\n<!-- \/ Yoast SEO Premium plugin. -->","yoast_head_json":{"title":"Apple Mixed Reality Headset: Delivery of lenses will start soon","description":"A supplier is reportedly preparing to begin shipping lenses for Apple&#039;s mixed reality headset.","robots":{"index":"index","follow":"follow","max-snippet":"max-snippet:-1","max-image-preview":"max-image-preview:large","max-video-preview":"max-video-preview:-1"},"canonical":"https:\/\/www.apfelpatient.de\/en\/rumors\/apple-mixed-reality-headset-delivery-of-the-lenses-will-start-shortly","og_locale":"en_US","og_type":"article","og_title":"Apple Mixed-Reality-Headset: Auslieferung der Linsen l\u00e4uft in K\u00fcrze an","og_description":"Berichten zufolge bereitet sich ein Zulieferer darauf vor, mit der Auslieferung von Linsen f\u00fcr Apples Mixed-Reality-Headset zu beginnen.","og_url":"https:\/\/www.apfelpatient.de\/en\/rumors\/apple-mixed-reality-headset-delivery-of-the-lenses-will-start-shortly","og_site_name":"Apfelpatient","article_publisher":"https:\/\/www.facebook.com\/apfelpatientOfficial","article_author":"https:\/\/www.facebook.com\/apfelpatientOfficial","article_published_time":"2023-01-19T15:34:56+00:00","article_modified_time":"2023-01-19T15:34:57+00:00","og_image":[{"width":1024,"height":622,"url":"https:\/\/www.apfelpatient.de\/wp-content\/uploads\/2023\/01\/bigstock-Businesswoman-In-Suit-With-Vr-445089986-1024x622.jpg","type":"image\/jpeg"}],"author":"Milan","twitter_card":"summary_large_image","twitter_description":"Berichten zufolge bereitet sich ein Zulieferer darauf vor, mit der Auslieferung von Linsen f\u00fcr Apples Mixed-Reality-Headset zu beginnen.","twitter_misc":{"Written by":"Milan","Est. reading time":"2 minutes"},"schema":{"@context":"https:\/\/schema.org","@graph":[{"@type":"NewsArticle","@id":"https:\/\/www.apfelpatient.de\/rumors\/apple-mixed-reality-headset-auslieferung-der-linsen-laeuft-in-kuerze-an#article","isPartOf":{"@id":"https:\/\/www.apfelpatient.de\/rumors\/apple-mixed-reality-headset-auslieferung-der-linsen-laeuft-in-kuerze-an"},"author":{"@type":"Organization","@id":"https:\/\/www.apfelpatient.de\/en\/#organization","name":"Apfelpatient","url":"https:\/\/www.apfelpatient.de\/en\/"},"headline":"Apple Mixed-Reality-Headset: Auslieferung der Linsen l\u00e4uft in K\u00fcrze an","datePublished":"2023-01-19T15:34:56+00:00","dateModified":"2023-01-19T15:34:57+00:00","mainEntityOfPage":{"@id":"https:\/\/www.apfelpatient.de\/rumors\/apple-mixed-reality-headset-auslieferung-der-linsen-laeuft-in-kuerze-an"},"wordCount":308,"publisher":{"@type":"Organization","@id":"https:\/\/www.apfelpatient.de\/en\/#organization","name":"Apfelpatient","url":"https:\/\/www.apfelpatient.de\/en\/"},"image":{"@id":"https:\/\/www.apfelpatient.de\/rumors\/apple-mixed-reality-headset-auslieferung-der-linsen-laeuft-in-kuerze-an#primaryimage"},"thumbnailUrl":"https:\/\/www.apfelpatient.de\/wp-content\/uploads\/2023\/01\/bigstock-Businesswoman-In-Suit-With-Vr-445089986.jpg","keywords":["Apple VR\/AR"],"articleSection":"Rumors","inLanguage":"en-US","copyrightYear":"2023","copyrightHolder":{"@id":"https:\/\/www.apfelpatient.de\/en\/#organization"}},{"@type":"WebPage","@id":"https:\/\/www.apfelpatient.de\/rumors\/apple-mixed-reality-headset-auslieferung-der-linsen-laeuft-in-kuerze-an","url":"https:\/\/www.apfelpatient.de\/rumors\/apple-mixed-reality-headset-auslieferung-der-linsen-laeuft-in-kuerze-an","name":"Apple Mixed Reality Headset: Delivery of lenses will start soon","isPartOf":{"@id":"https:\/\/www.apfelpatient.de\/#website"},"primaryImageOfPage":{"@id":"https:\/\/www.apfelpatient.de\/rumors\/apple-mixed-reality-headset-auslieferung-der-linsen-laeuft-in-kuerze-an#primaryimage"},"image":{"@id":"https:\/\/www.apfelpatient.de\/rumors\/apple-mixed-reality-headset-auslieferung-der-linsen-laeuft-in-kuerze-an#primaryimage"},"thumbnailUrl":"https:\/\/www.apfelpatient.de\/wp-content\/uploads\/2023\/01\/bigstock-Businesswoman-In-Suit-With-Vr-445089986.jpg","datePublished":"2023-01-19T15:34:56+00:00","dateModified":"2023-01-19T15:34:57+00:00","description":"A supplier is reportedly preparing to begin shipping lenses for Apple&#039;s mixed reality headset.","breadcrumb":{"@id":"https:\/\/www.apfelpatient.de\/rumors\/apple-mixed-reality-headset-auslieferung-der-linsen-laeuft-in-kuerze-an#breadcrumb"},"inLanguage":"en-US","potentialAction":[{"@type":"ReadAction","target":["https:\/\/www.apfelpatient.de\/rumors\/apple-mixed-reality-headset-auslieferung-der-linsen-laeuft-in-kuerze-an"]}]},{"@type":"ImageObject","inLanguage":"en-US","@id":"https:\/\/www.apfelpatient.de\/rumors\/apple-mixed-reality-headset-auslieferung-der-linsen-laeuft-in-kuerze-an#primaryimage","url":"https:\/\/www.apfelpatient.de\/wp-content\/uploads\/2023\/01\/bigstock-Businesswoman-In-Suit-With-Vr-445089986.jpg","contentUrl":"https:\/\/www.apfelpatient.de\/wp-content\/uploads\/2023\/01\/bigstock-Businesswoman-In-Suit-With-Vr-445089986.jpg","width":1600,"height":972,"caption":"Photo by ismagilov \/ Bigstockphoto"},{"@type":"BreadcrumbList","@id":"https:\/\/www.apfelpatient.de\/rumors\/apple-mixed-reality-headset-auslieferung-der-linsen-laeuft-in-kuerze-an#breadcrumb","itemListElement":[{"@type":"ListItem","position":1,"name":"Startseite","item":"https:\/\/www.apfelpatient.de\/"},{"@type":"ListItem","position":2,"name":"Apple Mixed-Reality-Headset: Auslieferung der Linsen l\u00e4uft in K\u00fcrze an"}]},{"@type":"WebSite","@id":"https:\/\/www.apfelpatient.de\/#website","url":"https:\/\/www.apfelpatient.de\/","name":"apple patient","description":"Everything about Apple!","publisher":{"@type":"Organization","@id":"https:\/\/www.apfelpatient.de\/en\/#organization","name":"Apfelpatient","url":"https:\/\/www.apfelpatient.de\/en\/"},"alternateName":"Apfelpatient","potentialAction":[{"@type":"SearchAction","target":{"@type":"EntryPoint","urlTemplate":"https:\/\/www.apfelpatient.de\/?s={search_term_string}"},"query-input":{"@type":"PropertyValueSpecification","valueRequired":true,"valueName":"search_term_string"}}],"inLanguage":"en-US"},{"@type":["Person","Organization"],"@id":"https:\/\/www.apfelpatient.de\/#\/schema\/person\/35b3ddba5832f2bfc7fff5206d4f6b7b","name":"Milan","logo":{"@id":"https:\/\/www.apfelpatient.de\/#\/schema\/person\/image\/"},"description":"Hello and welcome to my technology blog! As a big Apple fan, I report on everything to do with Apple: from the latest news and exciting rumors to helpful tips and tricks and detailed product tests. If you are as enthusiastic about technology as I am, you have come to the right place!","sameAs":["https:\/\/www.facebook.com\/apfelpatientOfficial","https:\/\/www.linkedin.com\/in\/milan-jovicic-42aa0231b"],"url":"https:\/\/www.apfelpatient.de\/en\/author\/apfeladmin"}]}},"_links":{"self":[{"href":"https:\/\/www.apfelpatient.de\/en\/wp-json\/wp\/v2\/posts\/36974","targetHints":{"allow":["GET"]}}],"collection":[{"href":"https:\/\/www.apfelpatient.de\/en\/wp-json\/wp\/v2\/posts"}],"about":[{"href":"https:\/\/www.apfelpatient.de\/en\/wp-json\/wp\/v2\/types\/post"}],"author":[{"embeddable":true,"href":"https:\/\/www.apfelpatient.de\/en\/wp-json\/wp\/v2\/users\/2"}],"replies":[{"embeddable":true,"href":"https:\/\/www.apfelpatient.de\/en\/wp-json\/wp\/v2\/comments?post=36974"}],"version-history":[{"count":0,"href":"https:\/\/www.apfelpatient.de\/en\/wp-json\/wp\/v2\/posts\/36974\/revisions"}],"wp:featuredmedia":[{"embeddable":true,"href":"https:\/\/www.apfelpatient.de\/en\/wp-json\/wp\/v2\/media\/36976"}],"wp:attachment":[{"href":"https:\/\/www.apfelpatient.de\/en\/wp-json\/wp\/v2\/media?parent=36974"}],"wp:term":[{"taxonomy":"category","embeddable":true,"href":"https:\/\/www.apfelpatient.de\/en\/wp-json\/wp\/v2\/categories?post=36974"},{"taxonomy":"post_tag","embeddable":true,"href":"https:\/\/www.apfelpatient.de\/en\/wp-json\/wp\/v2\/tags?post=36974"}],"curies":[{"name":"wp","href":"https:\/\/api.w.org\/{rel}","templated":true}]}}