{"id":36943,"date":"2023-01-18T18:55:51","date_gmt":"2023-01-18T17:55:51","guid":{"rendered":"https:\/\/www.apfelpatient.de\/?p=36943"},"modified":"2023-01-18T18:55:52","modified_gmt":"2023-01-18T17:55:52","slug":"apple-stops-development-of-apple-glasses","status":"publish","type":"post","link":"https:\/\/www.apfelpatient.de\/en\/rumors\/apple-stoppt-entwicklung-der-apple-glasses","title":{"rendered":"Apple stops development of &quot;Apple Glasses&quot;"},"content":{"rendered":"<p class=\"has-drop-cap\"><strong>Apple has put on hold the development of the augmented reality glasses &quot;Apple Glasses,&quot; which the company planned to launch after its mixed reality headset, Bloomberg reports. Work on the product was postponed due to technical difficulties.<\/strong><\/p>\n\n\n\n<p>Rumors suggested that Apple was planning to develop lightweight augmented reality glasses modeled on Google Glass. The glasses would overlay digital information on top of the real world, rather than providing an immersive virtual experience like the AR\/VR headset. But Apple was unable to develop the necessary hardware to produce a lightweight wearable with the performance of an iPhone and sufficient battery life. Apple originally planned to launch Apple Glasses in 2023, then the project was pushed back to 2025. But now the launch has been postponed &quot;indefinitely.&quot; Apple has also scaled back work on the device, so Apple Glasses won&#039;t be coming to market anytime soon.<\/p>\n\n\n\n<h3 class=\"wp-block-heading\" id=\"h-apple-glasses-steht-nicht-mehr-im-fokus\">\u201cApple Glasses\u201d is no longer in focus<\/h3>\n\n\n\n\n\n\n\n<p>Bloomberg reports that Apple considers AR glasses as a product that could one day replace the iPhone. According to <a href=\"https:\/\/www.bloomberg.com\/news\/articles\/2023-01-18\/apple-postpones-ar-glasses-plans-cheaper-mixed-reality-headset#xj4y7vzkg\" target=\"_blank\" rel=\"noreferrer noopener\">Bloomberg<\/a> Some Apple employees don&#039;t believe Apple will ever launch AR glasses. Most of Apple&#039;s AR\/VR group is working on the mixed reality headsets Apple plans to produce. However, some are still researching the technology for future AR glasses. Instead of developing augmented reality glasses, Apple is now focusing on developing a more affordable mixed reality headset that will appeal to a wider audience. The first AR\/VR headset, due to launch later this year, will cost around $3,000, so Apple plans to offer similar features at a more affordable price in the future. (Photo by peshkov \/ Bigstockphoto)<\/p>\n\n\n\n<ul class=\"wp-block-list\">\n<li><a href=\"https:\/\/www.apfelpatient.de\/en\/rumors\/apple-is-working-on-a-cheaper-mixed-reality-headset\">Apple is working on a cheaper mixed reality headset<\/a><\/li>\n<\/ul>\n\n\n\n<h6 class=\"wp-block-heading translation-block\" id=\"h-kennt-ihr-schon-unsere-amazon-storefront-dort-findet-ihr-eine-handverlesene-auswahl-von-diversen-produkten-f-r-euer-iphone-und-co-viel-spa-beim-st-bern\"><em>Have you already visited our Amazon Storefront? There you&#039;ll find a hand-picked selection of various products for your iPhone and other devices \u2013 <span class=\"has-inline-color has-vivid-red-color\"><a href=\"https:\/\/www.amazon.de\/shop\/apfelpatientofficial\" class=\"ek-link\" data-wpel-link=\"exclude\" rel=\"follow noopener\" target=\"_self\"><span style=\"text-decoration: underline\" class=\"ek-underline\">enjoy browsing<\/span><\/a> !<\/span><\/em><\/h6>\n\n\n\n<h6 class=\"wp-block-heading translation-block\" id=\"h-der-beitrag-enthalt-partnerlinks\">This post contains <a data-type=\"URL\" data-id=\"https:\/\/www.apfelpatient.de\/partnerprogramm\" href=\"https:\/\/www.apfelpatient.de\/en\/partner-program\" data-wpel-link=\"internal\" target=\"_self\">affiliate links<\/a>.<\/h6>","protected":false},"excerpt":{"rendered":"<p>Apple has put the development of the augmented reality glasses \u201cApple Glasses\u201d on hold, as has now been reported.<\/p>","protected":false},"author":2,"featured_media":36937,"comment_status":"closed","ping_status":"closed","sticky":false,"template":"","format":"standard","meta":{"jnews-multi-image_gallery":[],"jnews_single_post":{"subtitle":"","format":"standard","video":"","gallery":"","source_name":"","source_url":"","via_name":"","via_url":"","override":[{"single_blog_custom":"","sidebar":"","second_sidebar":"","share_position":"","share_float_style":"","post_date_format":"","post_date_format_custom":"","post_reading_time_wpm":"","zoom_button_out_step":"1","zoom_button_in_step":"1","number_popup_post":"1"}],"image_override":[{"single_post_thumbnail_size":"","single_post_gallery_size":""}],"trending_post_position":"","trending_post_label":"","sponsored_post_label":"","sponsored_post_name":"","sponsored_post_url":"","sponsored_post_logo":"","sponsored_post_desc":""},"jnews_primary_category":{"id":"25"},"footnotes":""},"categories":[25],"tags":[609],"class_list":["post-36943","post","type-post","status-publish","format-standard","has-post-thumbnail","hentry","category-rumors","tag-apple-vr-ar"],"yoast_head":"<!-- This site is optimized with the Yoast SEO Premium plugin v27.5 (Yoast SEO v27.5) - https:\/\/yoast.com\/product\/yoast-seo-premium-wordpress\/ -->\n<title>Apple stoppt Entwicklung der &quot;Apple Glasses&quot; Apfelpatient<\/title>\n<meta name=\"description\" content=\"Apple hat die Entwicklung der Augmented-Reality-Brille &quot;Apple Glasses&quot; auf Eis gelegt, wie nun berichtet wird.\" \/>\n<meta name=\"robots\" content=\"index, follow, max-snippet:-1, max-image-preview:large, max-video-preview:-1\" \/>\n<link rel=\"canonical\" href=\"https:\/\/www.apfelpatient.de\/en\/rumors\/apple-stops-development-of-apple-glasses\" \/>\n<meta property=\"og:locale\" content=\"en_US\" \/>\n<meta property=\"og:type\" content=\"article\" \/>\n<meta property=\"og:title\" content=\"Apple stoppt Entwicklung der &quot;Apple Glasses&quot;\" \/>\n<meta property=\"og:description\" content=\"Apple hat die Entwicklung der Augmented-Reality-Brille &quot;Apple Glasses&quot; auf Eis gelegt, wie nun berichtet wird.\" \/>\n<meta property=\"og:url\" content=\"https:\/\/www.apfelpatient.de\/en\/rumors\/apple-stops-development-of-apple-glasses\" \/>\n<meta property=\"og:site_name\" content=\"Apfelpatient\" \/>\n<meta property=\"article:publisher\" content=\"https:\/\/www.facebook.com\/apfelpatientOfficial\" \/>\n<meta property=\"article:author\" content=\"https:\/\/www.facebook.com\/apfelpatientOfficial\" \/>\n<meta property=\"article:published_time\" content=\"2023-01-18T17:55:51+00:00\" \/>\n<meta property=\"article:modified_time\" content=\"2023-01-18T17:55:52+00:00\" \/>\n<meta property=\"og:image\" content=\"https:\/\/www.apfelpatient.de\/wp-content\/uploads\/2023\/01\/bigstock-Intelligence-Technology-And-Ar-454663325.jpg\" \/>\n\t<meta property=\"og:image:width\" content=\"1600\" \/>\n\t<meta property=\"og:image:height\" content=\"1067\" \/>\n\t<meta property=\"og:image:type\" content=\"image\/jpeg\" \/>\n<meta name=\"author\" content=\"Milan\" \/>\n<meta name=\"twitter:card\" content=\"summary_large_image\" \/>\n<meta name=\"twitter:description\" content=\"Apple hat die Entwicklung der Augmented-Reality-Brille &quot;Apple Glasses&quot; auf Eis gelegt, wie nun berichtet wird.\" \/>\n<meta name=\"twitter:label1\" content=\"Written by\" \/>\n\t<meta name=\"twitter:data1\" content=\"Milan\" \/>\n\t<meta name=\"twitter:label2\" content=\"Est. reading time\" \/>\n\t<meta name=\"twitter:data2\" content=\"2 minutes\" \/>\n<script type=\"application\/ld+json\" class=\"yoast-schema-graph\">{\"@context\":\"https:\\\/\\\/schema.org\",\"@graph\":[{\"@type\":\"NewsArticle\",\"@id\":\"https:\\\/\\\/www.apfelpatient.de\\\/rumors\\\/apple-stoppt-entwicklung-der-apple-glasses#article\",\"isPartOf\":{\"@id\":\"https:\\\/\\\/www.apfelpatient.de\\\/rumors\\\/apple-stoppt-entwicklung-der-apple-glasses\"},\"author\":{\"@type\":\"Organization\",\"@id\":\"https:\\\/\\\/www.apfelpatient.de\\\/en\\\/#organization\",\"name\":\"Apfelpatient\",\"url\":\"https:\\\/\\\/www.apfelpatient.de\\\/en\\\/\"},\"headline\":\"Apple stoppt Entwicklung der &#8222;Apple Glasses&#8220;\",\"datePublished\":\"2023-01-18T17:55:51+00:00\",\"dateModified\":\"2023-01-18T17:55:52+00:00\",\"mainEntityOfPage\":{\"@id\":\"https:\\\/\\\/www.apfelpatient.de\\\/rumors\\\/apple-stoppt-entwicklung-der-apple-glasses\"},\"wordCount\":289,\"publisher\":{\"@type\":\"Organization\",\"@id\":\"https:\\\/\\\/www.apfelpatient.de\\\/en\\\/#organization\",\"name\":\"Apfelpatient\",\"url\":\"https:\\\/\\\/www.apfelpatient.de\\\/en\\\/\"},\"image\":{\"@id\":\"https:\\\/\\\/www.apfelpatient.de\\\/rumors\\\/apple-stoppt-entwicklung-der-apple-glasses#primaryimage\"},\"thumbnailUrl\":\"https:\\\/\\\/www.apfelpatient.de\\\/wp-content\\\/uploads\\\/2023\\\/01\\\/bigstock-Intelligence-Technology-And-Ar-454663325.jpg\",\"keywords\":[\"Apple VR\\\/AR\"],\"articleSection\":\"Rumors\",\"inLanguage\":\"en-US\",\"copyrightYear\":\"2023\",\"copyrightHolder\":{\"@id\":\"https:\\\/\\\/www.apfelpatient.de\\\/en\\\/#organization\"}},{\"@type\":\"WebPage\",\"@id\":\"https:\\\/\\\/www.apfelpatient.de\\\/rumors\\\/apple-stoppt-entwicklung-der-apple-glasses\",\"url\":\"https:\\\/\\\/www.apfelpatient.de\\\/rumors\\\/apple-stoppt-entwicklung-der-apple-glasses\",\"name\":\"Apple stoppt Entwicklung der \\\"Apple Glasses\\\" Apfelpatient\",\"isPartOf\":{\"@id\":\"https:\\\/\\\/www.apfelpatient.de\\\/#website\"},\"primaryImageOfPage\":{\"@id\":\"https:\\\/\\\/www.apfelpatient.de\\\/rumors\\\/apple-stoppt-entwicklung-der-apple-glasses#primaryimage\"},\"image\":{\"@id\":\"https:\\\/\\\/www.apfelpatient.de\\\/rumors\\\/apple-stoppt-entwicklung-der-apple-glasses#primaryimage\"},\"thumbnailUrl\":\"https:\\\/\\\/www.apfelpatient.de\\\/wp-content\\\/uploads\\\/2023\\\/01\\\/bigstock-Intelligence-Technology-And-Ar-454663325.jpg\",\"datePublished\":\"2023-01-18T17:55:51+00:00\",\"dateModified\":\"2023-01-18T17:55:52+00:00\",\"description\":\"Apple hat die Entwicklung der Augmented-Reality-Brille \\\"Apple Glasses\\\" auf Eis gelegt, wie nun berichtet wird.\",\"breadcrumb\":{\"@id\":\"https:\\\/\\\/www.apfelpatient.de\\\/rumors\\\/apple-stoppt-entwicklung-der-apple-glasses#breadcrumb\"},\"inLanguage\":\"en-US\",\"potentialAction\":[{\"@type\":\"ReadAction\",\"target\":[\"https:\\\/\\\/www.apfelpatient.de\\\/rumors\\\/apple-stoppt-entwicklung-der-apple-glasses\"]}]},{\"@type\":\"ImageObject\",\"inLanguage\":\"en-US\",\"@id\":\"https:\\\/\\\/www.apfelpatient.de\\\/rumors\\\/apple-stoppt-entwicklung-der-apple-glasses#primaryimage\",\"url\":\"https:\\\/\\\/www.apfelpatient.de\\\/wp-content\\\/uploads\\\/2023\\\/01\\\/bigstock-Intelligence-Technology-And-Ar-454663325.jpg\",\"contentUrl\":\"https:\\\/\\\/www.apfelpatient.de\\\/wp-content\\\/uploads\\\/2023\\\/01\\\/bigstock-Intelligence-Technology-And-Ar-454663325.jpg\",\"width\":1600,\"height\":1067,\"caption\":\"Intelligence technology and AR augmented reality concept with digital time, date and mobile device information on glasses on concrete surface. 3D rendering\"},{\"@type\":\"BreadcrumbList\",\"@id\":\"https:\\\/\\\/www.apfelpatient.de\\\/rumors\\\/apple-stoppt-entwicklung-der-apple-glasses#breadcrumb\",\"itemListElement\":[{\"@type\":\"ListItem\",\"position\":1,\"name\":\"Startseite\",\"item\":\"https:\\\/\\\/www.apfelpatient.de\\\/\"},{\"@type\":\"ListItem\",\"position\":2,\"name\":\"Apple stoppt Entwicklung der &#8222;Apple Glasses&#8220;\"}]},{\"@type\":\"WebSite\",\"@id\":\"https:\\\/\\\/www.apfelpatient.de\\\/#website\",\"url\":\"https:\\\/\\\/www.apfelpatient.de\\\/\",\"name\":\"Apfelpatient\",\"description\":\"Alles rund um Apple!\",\"publisher\":{\"@type\":\"Organization\",\"@id\":\"https:\\\/\\\/www.apfelpatient.de\\\/en\\\/#organization\",\"name\":\"Apfelpatient\",\"url\":\"https:\\\/\\\/www.apfelpatient.de\\\/en\\\/\"},\"alternateName\":\"Apfelpatient\",\"potentialAction\":[{\"@type\":\"SearchAction\",\"target\":{\"@type\":\"EntryPoint\",\"urlTemplate\":\"https:\\\/\\\/www.apfelpatient.de\\\/?s={search_term_string}\"},\"query-input\":{\"@type\":\"PropertyValueSpecification\",\"valueRequired\":true,\"valueName\":\"search_term_string\"}}],\"inLanguage\":\"en-US\"},{\"@type\":[\"Person\",\"Organization\"],\"@id\":\"https:\\\/\\\/www.apfelpatient.de\\\/#\\\/schema\\\/person\\\/35b3ddba5832f2bfc7fff5206d4f6b7b\",\"name\":\"Milan\",\"logo\":{\"@id\":\"https:\\\/\\\/www.apfelpatient.de\\\/#\\\/schema\\\/person\\\/image\\\/\"},\"description\":\"Hallo und herzlich willkommen auf meinem Technik-Blog! Als gro\u00dfer Apple-Fan berichte ich hier \u00fcber alles, was mit Apple zu tun hat: von den neuesten News und spannenden Ger\u00fcchten \u00fcber hilfreiche Tipps und Tricks bis hin zu ausf\u00fchrlichen Produkttests. Wenn du genauso technikbegeistert bist wie ich, bist du hier genau richtig!\",\"sameAs\":[\"https:\\\/\\\/www.facebook.com\\\/apfelpatientOfficial\",\"https:\\\/\\\/www.linkedin.com\\\/in\\\/milan-jovicic-42aa0231b\"],\"url\":\"https:\\\/\\\/www.apfelpatient.de\\\/en\\\/author\\\/apfeladmin\"}]}<\/script>\n<!-- \/ Yoast SEO Premium plugin. -->","yoast_head_json":{"title":"Apple stops development of &quot;Apple Glasses&quot; Apfelpatient","description":"Apple has put the development of the augmented reality glasses &quot;Apple Glasses&quot; on hold, as is now reported.","robots":{"index":"index","follow":"follow","max-snippet":"max-snippet:-1","max-image-preview":"max-image-preview:large","max-video-preview":"max-video-preview:-1"},"canonical":"https:\/\/www.apfelpatient.de\/en\/rumors\/apple-stops-development-of-apple-glasses","og_locale":"en_US","og_type":"article","og_title":"Apple stoppt Entwicklung der \"Apple Glasses\"","og_description":"Apple hat die Entwicklung der Augmented-Reality-Brille \"Apple Glasses\" auf Eis gelegt, wie nun berichtet wird.","og_url":"https:\/\/www.apfelpatient.de\/en\/rumors\/apple-stops-development-of-apple-glasses","og_site_name":"Apfelpatient","article_publisher":"https:\/\/www.facebook.com\/apfelpatientOfficial","article_author":"https:\/\/www.facebook.com\/apfelpatientOfficial","article_published_time":"2023-01-18T17:55:51+00:00","article_modified_time":"2023-01-18T17:55:52+00:00","og_image":[{"width":1600,"height":1067,"url":"https:\/\/www.apfelpatient.de\/wp-content\/uploads\/2023\/01\/bigstock-Intelligence-Technology-And-Ar-454663325.jpg","type":"image\/jpeg"}],"author":"Milan","twitter_card":"summary_large_image","twitter_description":"Apple hat die Entwicklung der Augmented-Reality-Brille \"Apple Glasses\" auf Eis gelegt, wie nun berichtet wird.","twitter_misc":{"Written by":"Milan","Est. reading time":"2 minutes"},"schema":{"@context":"https:\/\/schema.org","@graph":[{"@type":"NewsArticle","@id":"https:\/\/www.apfelpatient.de\/rumors\/apple-stoppt-entwicklung-der-apple-glasses#article","isPartOf":{"@id":"https:\/\/www.apfelpatient.de\/rumors\/apple-stoppt-entwicklung-der-apple-glasses"},"author":{"@type":"Organization","@id":"https:\/\/www.apfelpatient.de\/en\/#organization","name":"Apfelpatient","url":"https:\/\/www.apfelpatient.de\/en\/"},"headline":"Apple stoppt Entwicklung der &#8222;Apple Glasses&#8220;","datePublished":"2023-01-18T17:55:51+00:00","dateModified":"2023-01-18T17:55:52+00:00","mainEntityOfPage":{"@id":"https:\/\/www.apfelpatient.de\/rumors\/apple-stoppt-entwicklung-der-apple-glasses"},"wordCount":289,"publisher":{"@type":"Organization","@id":"https:\/\/www.apfelpatient.de\/en\/#organization","name":"Apfelpatient","url":"https:\/\/www.apfelpatient.de\/en\/"},"image":{"@id":"https:\/\/www.apfelpatient.de\/rumors\/apple-stoppt-entwicklung-der-apple-glasses#primaryimage"},"thumbnailUrl":"https:\/\/www.apfelpatient.de\/wp-content\/uploads\/2023\/01\/bigstock-Intelligence-Technology-And-Ar-454663325.jpg","keywords":["Apple VR\/AR"],"articleSection":"Rumors","inLanguage":"en-US","copyrightYear":"2023","copyrightHolder":{"@id":"https:\/\/www.apfelpatient.de\/en\/#organization"}},{"@type":"WebPage","@id":"https:\/\/www.apfelpatient.de\/rumors\/apple-stoppt-entwicklung-der-apple-glasses","url":"https:\/\/www.apfelpatient.de\/rumors\/apple-stoppt-entwicklung-der-apple-glasses","name":"Apple stops development of &quot;Apple Glasses&quot; Apfelpatient","isPartOf":{"@id":"https:\/\/www.apfelpatient.de\/#website"},"primaryImageOfPage":{"@id":"https:\/\/www.apfelpatient.de\/rumors\/apple-stoppt-entwicklung-der-apple-glasses#primaryimage"},"image":{"@id":"https:\/\/www.apfelpatient.de\/rumors\/apple-stoppt-entwicklung-der-apple-glasses#primaryimage"},"thumbnailUrl":"https:\/\/www.apfelpatient.de\/wp-content\/uploads\/2023\/01\/bigstock-Intelligence-Technology-And-Ar-454663325.jpg","datePublished":"2023-01-18T17:55:51+00:00","dateModified":"2023-01-18T17:55:52+00:00","description":"Apple has put the development of the augmented reality glasses &quot;Apple Glasses&quot; on hold, as is now reported.","breadcrumb":{"@id":"https:\/\/www.apfelpatient.de\/rumors\/apple-stoppt-entwicklung-der-apple-glasses#breadcrumb"},"inLanguage":"en-US","potentialAction":[{"@type":"ReadAction","target":["https:\/\/www.apfelpatient.de\/rumors\/apple-stoppt-entwicklung-der-apple-glasses"]}]},{"@type":"ImageObject","inLanguage":"en-US","@id":"https:\/\/www.apfelpatient.de\/rumors\/apple-stoppt-entwicklung-der-apple-glasses#primaryimage","url":"https:\/\/www.apfelpatient.de\/wp-content\/uploads\/2023\/01\/bigstock-Intelligence-Technology-And-Ar-454663325.jpg","contentUrl":"https:\/\/www.apfelpatient.de\/wp-content\/uploads\/2023\/01\/bigstock-Intelligence-Technology-And-Ar-454663325.jpg","width":1600,"height":1067,"caption":"Intelligence technology and AR augmented reality concept with digital time, date and mobile device information on glasses on concrete surface. 3D rendering"},{"@type":"BreadcrumbList","@id":"https:\/\/www.apfelpatient.de\/rumors\/apple-stoppt-entwicklung-der-apple-glasses#breadcrumb","itemListElement":[{"@type":"ListItem","position":1,"name":"Startseite","item":"https:\/\/www.apfelpatient.de\/"},{"@type":"ListItem","position":2,"name":"Apple stoppt Entwicklung der &#8222;Apple Glasses&#8220;"}]},{"@type":"WebSite","@id":"https:\/\/www.apfelpatient.de\/#website","url":"https:\/\/www.apfelpatient.de\/","name":"apple patient","description":"Everything about Apple!","publisher":{"@type":"Organization","@id":"https:\/\/www.apfelpatient.de\/en\/#organization","name":"Apfelpatient","url":"https:\/\/www.apfelpatient.de\/en\/"},"alternateName":"Apfelpatient","potentialAction":[{"@type":"SearchAction","target":{"@type":"EntryPoint","urlTemplate":"https:\/\/www.apfelpatient.de\/?s={search_term_string}"},"query-input":{"@type":"PropertyValueSpecification","valueRequired":true,"valueName":"search_term_string"}}],"inLanguage":"en-US"},{"@type":["Person","Organization"],"@id":"https:\/\/www.apfelpatient.de\/#\/schema\/person\/35b3ddba5832f2bfc7fff5206d4f6b7b","name":"Milan","logo":{"@id":"https:\/\/www.apfelpatient.de\/#\/schema\/person\/image\/"},"description":"Hello and welcome to my technology blog! As a big Apple fan, I report on everything to do with Apple: from the latest news and exciting rumors to helpful tips and tricks and detailed product tests. If you are as enthusiastic about technology as I am, you have come to the right place!","sameAs":["https:\/\/www.facebook.com\/apfelpatientOfficial","https:\/\/www.linkedin.com\/in\/milan-jovicic-42aa0231b"],"url":"https:\/\/www.apfelpatient.de\/en\/author\/apfeladmin"}]}},"_links":{"self":[{"href":"https:\/\/www.apfelpatient.de\/en\/wp-json\/wp\/v2\/posts\/36943","targetHints":{"allow":["GET"]}}],"collection":[{"href":"https:\/\/www.apfelpatient.de\/en\/wp-json\/wp\/v2\/posts"}],"about":[{"href":"https:\/\/www.apfelpatient.de\/en\/wp-json\/wp\/v2\/types\/post"}],"author":[{"embeddable":true,"href":"https:\/\/www.apfelpatient.de\/en\/wp-json\/wp\/v2\/users\/2"}],"replies":[{"embeddable":true,"href":"https:\/\/www.apfelpatient.de\/en\/wp-json\/wp\/v2\/comments?post=36943"}],"version-history":[{"count":0,"href":"https:\/\/www.apfelpatient.de\/en\/wp-json\/wp\/v2\/posts\/36943\/revisions"}],"wp:featuredmedia":[{"embeddable":true,"href":"https:\/\/www.apfelpatient.de\/en\/wp-json\/wp\/v2\/media\/36937"}],"wp:attachment":[{"href":"https:\/\/www.apfelpatient.de\/en\/wp-json\/wp\/v2\/media?parent=36943"}],"wp:term":[{"taxonomy":"category","embeddable":true,"href":"https:\/\/www.apfelpatient.de\/en\/wp-json\/wp\/v2\/categories?post=36943"},{"taxonomy":"post_tag","embeddable":true,"href":"https:\/\/www.apfelpatient.de\/en\/wp-json\/wp\/v2\/tags?post=36943"}],"curies":[{"name":"wp","href":"https:\/\/api.w.org\/{rel}","templated":true}]}}