{"id":36904,"date":"2023-01-17T15:59:49","date_gmt":"2023-01-17T14:59:49","guid":{"rendered":"https:\/\/www.apfelpatient.de\/?p=36904"},"modified":"2023-01-17T15:59:49","modified_gmt":"2023-01-17T14:59:49","slug":"next-generation-apple-unveils-m2-pro-m2-max-chips","status":"publish","type":"post","link":"https:\/\/www.apfelpatient.de\/en\/news\/naechste-generation-apple-enthuellt-m2-pro-m2-max-chips","title":{"rendered":"Next generation: Apple unveils M2 Pro &amp; M2 Max chips"},"content":{"rendered":"<p class=\"has-drop-cap\"><strong>Apple today introduced the M2 Pro and M2 Max chips along with redesigned MacBook Pro and Mac mini models.<\/strong><\/p>\n\n\n\n<p>The M2 Pro chip is manufactured in a second-generation five-nanometer process and offers 20 percent more transistors than the M1 Pro and twice as many as the M2 chip. Multithreading CPU performance is up to 20 percent faster than the M1 Pro and Apple <a href=\"https:\/\/www.apple.com\/newsroom\/2023\/01\/apple-unveils-m2-pro-and-m2-max-next-generation-chips-for-next-level-workflows\/\" target=\"_blank\" rel=\"noreferrer noopener\">says<\/a>that some applications such as Photoshop and Xcode can run heavy workloads significantly faster. In addition, like its predecessor, it offers a unified memory bandwidth of 200 GB\/s and up to 32 GB of storage. The M2 Pro&#039;s GPU can be configured with up to 19 graphics cores - three more than the M1 Pro - and has a larger L2 cache. This makes graphics performance up to 30 percent faster than the M1 Pro.<\/p>\n\n\n\n<h3 class=\"wp-block-heading\" id=\"h-apple-silicon-die-m2-pro-und-m2-max-chips-sind-da\">Apple Silicon: The M2 Pro and M2 Max chips are here<\/h3>\n\n\n\n\n\n\n\n<p>The M2 Max chip has the same 12-core CPU as the M2 Pro, but offers a more powerful GPU with up to 38 cores and a larger L2 cache. The chip offers up to 30 percent faster graphics performance than the M1 Max. The M2 Max also contains 10 billion more transistors than the M1 Max and can be configured with up to 96GB of memory. Apple says the M2 Max is the world&#039;s most powerful and efficient chip for a professional laptop. The chips are also more power efficient and enable better battery life on the new 14- and 16-inch MacBook Pro models. Both chips include Apple&#039;s next-generation 16-core Neural Engine, dedicated media engines, a next-generation image signal processor for improved noise reduction and better camera quality, and next-generation Secure Enclave. (Image: Apple)<\/p>\n\n\n\n<ul class=\"wp-block-list\">\n<li><a href=\"https:\/\/www.apfelpatient.de\/en\/news\/apple-introduces-new-mac-mini-with-m2-m2-pro-chip\">Apple introduces new Mac mini with M2 &amp; M2 Pro chip<\/a><\/li>\n\n\n\n<li><a href=\"https:\/\/www.apfelpatient.de\/en\/news\/m2-pro-m2-max-apple-announces-new-macbook-pro-models\">M2 Pro &amp; M2 Max: Apple announces new MacBook Pro models<\/a><\/li>\n<\/ul>\n\n\n\n<h6 class=\"wp-block-heading translation-block\" id=\"h-kennt-ihr-schon-unsere-amazon-storefront-dort-findet-ihr-eine-handverlesene-auswahl-von-diversen-produkten-f-r-euer-iphone-und-co-viel-spa-beim-st-bern\"><em>Have you already visited our Amazon Storefront? There you&#039;ll find a hand-picked selection of various products for your iPhone and other devices \u2013 <span class=\"has-inline-color has-vivid-red-color\"><a href=\"https:\/\/www.amazon.de\/shop\/apfelpatientofficial\" class=\"ek-link\" data-wpel-link=\"exclude\" rel=\"follow noopener\" target=\"_self\"><span style=\"text-decoration: underline\" class=\"ek-underline\">enjoy browsing<\/span><\/a> !<\/span><\/em><\/h6>\n\n\n\n<h6 class=\"wp-block-heading translation-block\" id=\"h-der-beitrag-enthalt-partnerlinks\">This post contains <a data-type=\"URL\" data-id=\"https:\/\/www.apfelpatient.de\/partnerprogramm\" href=\"https:\/\/www.apfelpatient.de\/en\/partner-program\" data-wpel-link=\"internal\" target=\"_self\">affiliate links<\/a>.<\/h6>","protected":false},"excerpt":{"rendered":"<p>Apple today introduced the M2 Pro and M2 Max chips along with redesigned MacBook Pro and Mac mini models.<\/p>","protected":false},"author":2,"featured_media":36878,"comment_status":"closed","ping_status":"closed","sticky":false,"template":"","format":"standard","meta":{"jnews-multi-image_gallery":[],"jnews_single_post":{"subtitle":"","format":"standard","video":"","gallery":"","source_name":"","source_url":"","via_name":"","via_url":"","override":[{"single_blog_custom":"","sidebar":"","second_sidebar":"","share_position":"","share_float_style":"","post_date_format":"","post_date_format_custom":"","post_reading_time_wpm":"","zoom_button_out_step":"1","zoom_button_in_step":"1","number_popup_post":"1"}],"image_override":[{"single_post_thumbnail_size":"","single_post_gallery_size":""}],"trending_post_position":"","trending_post_label":"","sponsored_post_label":"","sponsored_post_name":"","sponsored_post_url":"","sponsored_post_logo":"","sponsored_post_desc":""},"jnews_primary_category":{"id":"9"},"footnotes":""},"categories":[9],"tags":[40],"class_list":["post-36904","post","type-post","status-publish","format-standard","has-post-thumbnail","hentry","category-news","tag-mac"],"yoast_head":"<!-- This site is optimized with the Yoast SEO Premium plugin v27.5 (Yoast SEO v27.5) - https:\/\/yoast.com\/product\/yoast-seo-premium-wordpress\/ -->\n<title>N\u00e4chste Generation: Apple enth\u00fcllt M2 Pro &amp; M2 Max Chips<\/title>\n<meta name=\"description\" content=\"Apple hat heute die M2 Pro und M2 Max Chips zusammen mit \u00fcberarbeiteten MacBook Pro und Mac mini Modellen vorgestellt.\" \/>\n<meta name=\"robots\" content=\"index, follow, max-snippet:-1, max-image-preview:large, max-video-preview:-1\" \/>\n<link rel=\"canonical\" href=\"https:\/\/www.apfelpatient.de\/en\/news\/next-generation-apple-unveils-m2-pro-m2-max-chips\" \/>\n<meta property=\"og:locale\" content=\"en_US\" \/>\n<meta property=\"og:type\" content=\"article\" \/>\n<meta property=\"og:title\" content=\"N\u00e4chste Generation: Apple enth\u00fcllt M2 Pro &amp; M2 Max Chips\" \/>\n<meta property=\"og:description\" content=\"Apple hat heute die M2 Pro und M2 Max Chips zusammen mit \u00fcberarbeiteten MacBook Pro und Mac mini Modellen vorgestellt.\" \/>\n<meta property=\"og:url\" content=\"https:\/\/www.apfelpatient.de\/en\/news\/next-generation-apple-unveils-m2-pro-m2-max-chips\" \/>\n<meta property=\"og:site_name\" content=\"Apfelpatient\" \/>\n<meta property=\"article:publisher\" content=\"https:\/\/www.facebook.com\/apfelpatientOfficial\" \/>\n<meta property=\"article:author\" content=\"https:\/\/www.facebook.com\/apfelpatientOfficial\" \/>\n<meta property=\"article:published_time\" content=\"2023-01-17T14:59:49+00:00\" \/>\n<meta property=\"og:image\" content=\"https:\/\/www.apfelpatient.de\/wp-content\/uploads\/2023\/01\/Apple-M2-chips-hero-230117.jpg\" \/>\n\t<meta property=\"og:image:width\" content=\"1600\" \/>\n\t<meta property=\"og:image:height\" content=\"900\" \/>\n\t<meta property=\"og:image:type\" content=\"image\/jpeg\" \/>\n<meta name=\"author\" content=\"Milan\" \/>\n<meta name=\"twitter:card\" content=\"summary_large_image\" \/>\n<meta name=\"twitter:description\" content=\"Apple hat heute die M2 Pro und M2 Max Chips zusammen mit \u00fcberarbeiteten MacBook Pro und Mac mini Modellen vorgestellt.\" \/>\n<meta name=\"twitter:label1\" content=\"Written by\" \/>\n\t<meta name=\"twitter:data1\" content=\"Milan\" \/>\n\t<meta name=\"twitter:label2\" content=\"Est. reading time\" \/>\n\t<meta name=\"twitter:data2\" content=\"2 minutes\" \/>\n<script type=\"application\/ld+json\" class=\"yoast-schema-graph\">{\"@context\":\"https:\\\/\\\/schema.org\",\"@graph\":[{\"@type\":\"NewsArticle\",\"@id\":\"https:\\\/\\\/www.apfelpatient.de\\\/news\\\/naechste-generation-apple-enthuellt-m2-pro-m2-max-chips#article\",\"isPartOf\":{\"@id\":\"https:\\\/\\\/www.apfelpatient.de\\\/news\\\/naechste-generation-apple-enthuellt-m2-pro-m2-max-chips\"},\"author\":{\"@type\":\"Organization\",\"@id\":\"https:\\\/\\\/www.apfelpatient.de\\\/en\\\/#organization\",\"name\":\"Apfelpatient\",\"url\":\"https:\\\/\\\/www.apfelpatient.de\\\/en\\\/\"},\"headline\":\"N\u00e4chste Generation: Apple enth\u00fcllt M2 Pro &#038; M2 Max Chips\",\"datePublished\":\"2023-01-17T14:59:49+00:00\",\"mainEntityOfPage\":{\"@id\":\"https:\\\/\\\/www.apfelpatient.de\\\/news\\\/naechste-generation-apple-enthuellt-m2-pro-m2-max-chips\"},\"wordCount\":333,\"publisher\":{\"@type\":\"Organization\",\"@id\":\"https:\\\/\\\/www.apfelpatient.de\\\/en\\\/#organization\",\"name\":\"Apfelpatient\",\"url\":\"https:\\\/\\\/www.apfelpatient.de\\\/en\\\/\"},\"image\":{\"@id\":\"https:\\\/\\\/www.apfelpatient.de\\\/news\\\/naechste-generation-apple-enthuellt-m2-pro-m2-max-chips#primaryimage\"},\"thumbnailUrl\":\"https:\\\/\\\/www.apfelpatient.de\\\/wp-content\\\/uploads\\\/2023\\\/01\\\/Apple-M2-chips-hero-230117.jpg\",\"keywords\":[\"Mac\"],\"articleSection\":\"News\",\"inLanguage\":\"en-US\",\"copyrightYear\":\"2023\",\"copyrightHolder\":{\"@id\":\"https:\\\/\\\/www.apfelpatient.de\\\/en\\\/#organization\"}},{\"@type\":\"WebPage\",\"@id\":\"https:\\\/\\\/www.apfelpatient.de\\\/news\\\/naechste-generation-apple-enthuellt-m2-pro-m2-max-chips\",\"url\":\"https:\\\/\\\/www.apfelpatient.de\\\/news\\\/naechste-generation-apple-enthuellt-m2-pro-m2-max-chips\",\"name\":\"N\u00e4chste Generation: Apple enth\u00fcllt M2 Pro & M2 Max Chips\",\"isPartOf\":{\"@id\":\"https:\\\/\\\/www.apfelpatient.de\\\/#website\"},\"primaryImageOfPage\":{\"@id\":\"https:\\\/\\\/www.apfelpatient.de\\\/news\\\/naechste-generation-apple-enthuellt-m2-pro-m2-max-chips#primaryimage\"},\"image\":{\"@id\":\"https:\\\/\\\/www.apfelpatient.de\\\/news\\\/naechste-generation-apple-enthuellt-m2-pro-m2-max-chips#primaryimage\"},\"thumbnailUrl\":\"https:\\\/\\\/www.apfelpatient.de\\\/wp-content\\\/uploads\\\/2023\\\/01\\\/Apple-M2-chips-hero-230117.jpg\",\"datePublished\":\"2023-01-17T14:59:49+00:00\",\"description\":\"Apple hat heute die M2 Pro und M2 Max Chips zusammen mit \u00fcberarbeiteten MacBook Pro und Mac mini Modellen vorgestellt.\",\"breadcrumb\":{\"@id\":\"https:\\\/\\\/www.apfelpatient.de\\\/news\\\/naechste-generation-apple-enthuellt-m2-pro-m2-max-chips#breadcrumb\"},\"inLanguage\":\"en-US\",\"potentialAction\":[{\"@type\":\"ReadAction\",\"target\":[\"https:\\\/\\\/www.apfelpatient.de\\\/news\\\/naechste-generation-apple-enthuellt-m2-pro-m2-max-chips\"]}]},{\"@type\":\"ImageObject\",\"inLanguage\":\"en-US\",\"@id\":\"https:\\\/\\\/www.apfelpatient.de\\\/news\\\/naechste-generation-apple-enthuellt-m2-pro-m2-max-chips#primaryimage\",\"url\":\"https:\\\/\\\/www.apfelpatient.de\\\/wp-content\\\/uploads\\\/2023\\\/01\\\/Apple-M2-chips-hero-230117.jpg\",\"contentUrl\":\"https:\\\/\\\/www.apfelpatient.de\\\/wp-content\\\/uploads\\\/2023\\\/01\\\/Apple-M2-chips-hero-230117.jpg\",\"width\":1600,\"height\":900,\"caption\":\"Bild: Apple - M2 Pro & M2 Max Chips\"},{\"@type\":\"BreadcrumbList\",\"@id\":\"https:\\\/\\\/www.apfelpatient.de\\\/news\\\/naechste-generation-apple-enthuellt-m2-pro-m2-max-chips#breadcrumb\",\"itemListElement\":[{\"@type\":\"ListItem\",\"position\":1,\"name\":\"Startseite\",\"item\":\"https:\\\/\\\/www.apfelpatient.de\\\/\"},{\"@type\":\"ListItem\",\"position\":2,\"name\":\"N\u00e4chste Generation: Apple enth\u00fcllt M2 Pro &#038; M2 Max Chips\"}]},{\"@type\":\"WebSite\",\"@id\":\"https:\\\/\\\/www.apfelpatient.de\\\/#website\",\"url\":\"https:\\\/\\\/www.apfelpatient.de\\\/\",\"name\":\"Apfelpatient\",\"description\":\"Alles rund um Apple!\",\"publisher\":{\"@type\":\"Organization\",\"@id\":\"https:\\\/\\\/www.apfelpatient.de\\\/en\\\/#organization\",\"name\":\"Apfelpatient\",\"url\":\"https:\\\/\\\/www.apfelpatient.de\\\/en\\\/\"},\"alternateName\":\"Apfelpatient\",\"potentialAction\":[{\"@type\":\"SearchAction\",\"target\":{\"@type\":\"EntryPoint\",\"urlTemplate\":\"https:\\\/\\\/www.apfelpatient.de\\\/?s={search_term_string}\"},\"query-input\":{\"@type\":\"PropertyValueSpecification\",\"valueRequired\":true,\"valueName\":\"search_term_string\"}}],\"inLanguage\":\"en-US\"},{\"@type\":[\"Person\",\"Organization\"],\"@id\":\"https:\\\/\\\/www.apfelpatient.de\\\/#\\\/schema\\\/person\\\/35b3ddba5832f2bfc7fff5206d4f6b7b\",\"name\":\"Milan\",\"logo\":{\"@id\":\"https:\\\/\\\/www.apfelpatient.de\\\/#\\\/schema\\\/person\\\/image\\\/\"},\"description\":\"Hallo und herzlich willkommen auf meinem Technik-Blog! Als gro\u00dfer Apple-Fan berichte ich hier \u00fcber alles, was mit Apple zu tun hat: von den neuesten News und spannenden Ger\u00fcchten \u00fcber hilfreiche Tipps und Tricks bis hin zu ausf\u00fchrlichen Produkttests. Wenn du genauso technikbegeistert bist wie ich, bist du hier genau richtig!\",\"sameAs\":[\"https:\\\/\\\/www.facebook.com\\\/apfelpatientOfficial\",\"https:\\\/\\\/www.linkedin.com\\\/in\\\/milan-jovicic-42aa0231b\"],\"url\":\"https:\\\/\\\/www.apfelpatient.de\\\/en\\\/author\\\/apfeladmin\"}]}<\/script>\n<!-- \/ Yoast SEO Premium plugin. -->","yoast_head_json":{"title":"Next generation: Apple unveils M2 Pro &amp; M2 Max chips","description":"Apple today introduced the M2 Pro and M2 Max chips along with redesigned MacBook Pro and Mac mini models.","robots":{"index":"index","follow":"follow","max-snippet":"max-snippet:-1","max-image-preview":"max-image-preview:large","max-video-preview":"max-video-preview:-1"},"canonical":"https:\/\/www.apfelpatient.de\/en\/news\/next-generation-apple-unveils-m2-pro-m2-max-chips","og_locale":"en_US","og_type":"article","og_title":"N\u00e4chste Generation: Apple enth\u00fcllt M2 Pro & M2 Max Chips","og_description":"Apple hat heute die M2 Pro und M2 Max Chips zusammen mit \u00fcberarbeiteten MacBook Pro und Mac mini Modellen vorgestellt.","og_url":"https:\/\/www.apfelpatient.de\/en\/news\/next-generation-apple-unveils-m2-pro-m2-max-chips","og_site_name":"Apfelpatient","article_publisher":"https:\/\/www.facebook.com\/apfelpatientOfficial","article_author":"https:\/\/www.facebook.com\/apfelpatientOfficial","article_published_time":"2023-01-17T14:59:49+00:00","og_image":[{"width":1600,"height":900,"url":"https:\/\/www.apfelpatient.de\/wp-content\/uploads\/2023\/01\/Apple-M2-chips-hero-230117.jpg","type":"image\/jpeg"}],"author":"Milan","twitter_card":"summary_large_image","twitter_description":"Apple hat heute die M2 Pro und M2 Max Chips zusammen mit \u00fcberarbeiteten MacBook Pro und Mac mini Modellen vorgestellt.","twitter_misc":{"Written by":"Milan","Est. reading time":"2 minutes"},"schema":{"@context":"https:\/\/schema.org","@graph":[{"@type":"NewsArticle","@id":"https:\/\/www.apfelpatient.de\/news\/naechste-generation-apple-enthuellt-m2-pro-m2-max-chips#article","isPartOf":{"@id":"https:\/\/www.apfelpatient.de\/news\/naechste-generation-apple-enthuellt-m2-pro-m2-max-chips"},"author":{"@type":"Organization","@id":"https:\/\/www.apfelpatient.de\/en\/#organization","name":"Apfelpatient","url":"https:\/\/www.apfelpatient.de\/en\/"},"headline":"N\u00e4chste Generation: Apple enth\u00fcllt M2 Pro &#038; M2 Max Chips","datePublished":"2023-01-17T14:59:49+00:00","mainEntityOfPage":{"@id":"https:\/\/www.apfelpatient.de\/news\/naechste-generation-apple-enthuellt-m2-pro-m2-max-chips"},"wordCount":333,"publisher":{"@type":"Organization","@id":"https:\/\/www.apfelpatient.de\/en\/#organization","name":"Apfelpatient","url":"https:\/\/www.apfelpatient.de\/en\/"},"image":{"@id":"https:\/\/www.apfelpatient.de\/news\/naechste-generation-apple-enthuellt-m2-pro-m2-max-chips#primaryimage"},"thumbnailUrl":"https:\/\/www.apfelpatient.de\/wp-content\/uploads\/2023\/01\/Apple-M2-chips-hero-230117.jpg","keywords":["Mac"],"articleSection":"News","inLanguage":"en-US","copyrightYear":"2023","copyrightHolder":{"@id":"https:\/\/www.apfelpatient.de\/en\/#organization"}},{"@type":"WebPage","@id":"https:\/\/www.apfelpatient.de\/news\/naechste-generation-apple-enthuellt-m2-pro-m2-max-chips","url":"https:\/\/www.apfelpatient.de\/news\/naechste-generation-apple-enthuellt-m2-pro-m2-max-chips","name":"Next generation: Apple unveils M2 Pro &amp; M2 Max chips","isPartOf":{"@id":"https:\/\/www.apfelpatient.de\/#website"},"primaryImageOfPage":{"@id":"https:\/\/www.apfelpatient.de\/news\/naechste-generation-apple-enthuellt-m2-pro-m2-max-chips#primaryimage"},"image":{"@id":"https:\/\/www.apfelpatient.de\/news\/naechste-generation-apple-enthuellt-m2-pro-m2-max-chips#primaryimage"},"thumbnailUrl":"https:\/\/www.apfelpatient.de\/wp-content\/uploads\/2023\/01\/Apple-M2-chips-hero-230117.jpg","datePublished":"2023-01-17T14:59:49+00:00","description":"Apple today introduced the M2 Pro and M2 Max chips along with redesigned MacBook Pro and Mac mini models.","breadcrumb":{"@id":"https:\/\/www.apfelpatient.de\/news\/naechste-generation-apple-enthuellt-m2-pro-m2-max-chips#breadcrumb"},"inLanguage":"en-US","potentialAction":[{"@type":"ReadAction","target":["https:\/\/www.apfelpatient.de\/news\/naechste-generation-apple-enthuellt-m2-pro-m2-max-chips"]}]},{"@type":"ImageObject","inLanguage":"en-US","@id":"https:\/\/www.apfelpatient.de\/news\/naechste-generation-apple-enthuellt-m2-pro-m2-max-chips#primaryimage","url":"https:\/\/www.apfelpatient.de\/wp-content\/uploads\/2023\/01\/Apple-M2-chips-hero-230117.jpg","contentUrl":"https:\/\/www.apfelpatient.de\/wp-content\/uploads\/2023\/01\/Apple-M2-chips-hero-230117.jpg","width":1600,"height":900,"caption":"Bild: Apple - M2 Pro & M2 Max Chips"},{"@type":"BreadcrumbList","@id":"https:\/\/www.apfelpatient.de\/news\/naechste-generation-apple-enthuellt-m2-pro-m2-max-chips#breadcrumb","itemListElement":[{"@type":"ListItem","position":1,"name":"Startseite","item":"https:\/\/www.apfelpatient.de\/"},{"@type":"ListItem","position":2,"name":"N\u00e4chste Generation: Apple enth\u00fcllt M2 Pro &#038; M2 Max Chips"}]},{"@type":"WebSite","@id":"https:\/\/www.apfelpatient.de\/#website","url":"https:\/\/www.apfelpatient.de\/","name":"apple patient","description":"Everything about Apple!","publisher":{"@type":"Organization","@id":"https:\/\/www.apfelpatient.de\/en\/#organization","name":"Apfelpatient","url":"https:\/\/www.apfelpatient.de\/en\/"},"alternateName":"Apfelpatient","potentialAction":[{"@type":"SearchAction","target":{"@type":"EntryPoint","urlTemplate":"https:\/\/www.apfelpatient.de\/?s={search_term_string}"},"query-input":{"@type":"PropertyValueSpecification","valueRequired":true,"valueName":"search_term_string"}}],"inLanguage":"en-US"},{"@type":["Person","Organization"],"@id":"https:\/\/www.apfelpatient.de\/#\/schema\/person\/35b3ddba5832f2bfc7fff5206d4f6b7b","name":"Milan","logo":{"@id":"https:\/\/www.apfelpatient.de\/#\/schema\/person\/image\/"},"description":"Hello and welcome to my technology blog! As a big Apple fan, I report on everything to do with Apple: from the latest news and exciting rumors to helpful tips and tricks and detailed product tests. If you are as enthusiastic about technology as I am, you have come to the right place!","sameAs":["https:\/\/www.facebook.com\/apfelpatientOfficial","https:\/\/www.linkedin.com\/in\/milan-jovicic-42aa0231b"],"url":"https:\/\/www.apfelpatient.de\/en\/author\/apfeladmin"}]}},"_links":{"self":[{"href":"https:\/\/www.apfelpatient.de\/en\/wp-json\/wp\/v2\/posts\/36904","targetHints":{"allow":["GET"]}}],"collection":[{"href":"https:\/\/www.apfelpatient.de\/en\/wp-json\/wp\/v2\/posts"}],"about":[{"href":"https:\/\/www.apfelpatient.de\/en\/wp-json\/wp\/v2\/types\/post"}],"author":[{"embeddable":true,"href":"https:\/\/www.apfelpatient.de\/en\/wp-json\/wp\/v2\/users\/2"}],"replies":[{"embeddable":true,"href":"https:\/\/www.apfelpatient.de\/en\/wp-json\/wp\/v2\/comments?post=36904"}],"version-history":[{"count":0,"href":"https:\/\/www.apfelpatient.de\/en\/wp-json\/wp\/v2\/posts\/36904\/revisions"}],"wp:featuredmedia":[{"embeddable":true,"href":"https:\/\/www.apfelpatient.de\/en\/wp-json\/wp\/v2\/media\/36878"}],"wp:attachment":[{"href":"https:\/\/www.apfelpatient.de\/en\/wp-json\/wp\/v2\/media?parent=36904"}],"wp:term":[{"taxonomy":"category","embeddable":true,"href":"https:\/\/www.apfelpatient.de\/en\/wp-json\/wp\/v2\/categories?post=36904"},{"taxonomy":"post_tag","embeddable":true,"href":"https:\/\/www.apfelpatient.de\/en\/wp-json\/wp\/v2\/tags?post=36904"}],"curies":[{"name":"wp","href":"https:\/\/api.w.org\/{rel}","templated":true}]}}