{"id":3690,"date":"2019-03-10T21:18:00","date_gmt":"2019-03-10T20:18:00","guid":{"rendered":"https:\/\/www.apfelpatient.de\/?p=3690"},"modified":"2025-02-06T07:08:53","modified_gmt":"2025-02-06T06:08:53","slug":"ipad-2019-the-design-should-remain-the-same","status":"publish","type":"post","link":"https:\/\/www.apfelpatient.de\/en\/rumors\/ipad-2019-das-design-soll-gleich-bleiben","title":{"rendered":"iPad 2019: The design should remain the same"},"content":{"rendered":"<p><strong>The rumors about a new 7th generation iPad and an iPad mini 5 are not abating. According to new information, the entry-level iPad will be delivered in the familiar design.<\/strong><\/p>\n<p class=\"p1\"><\/p>\n<p>While Apple updates the iPad Pro models every fall, the entry-level 9.7&quot; iPad has already been refreshed twice in a row in March. Now the Japanese Apple blog Macotakara claims to have learned new details about the 7th generation iPad. According to the blog, the iPad will once again be delivered with a headphone jack and Touch ID - the casing will not differ from its predecessor. Macotakara was unable to find out why Apple has not completely updated the device.<\/p>\n<p><strong>No 10\u2033 display<\/strong><\/p>\n<p>Initially, a redesign was suspected - the iPad 7 was supposed to have a 10.2&quot; screen. Suppliers are said to have denied the rumor to Macotakara. The well-known Touch ID sensor is also said to remain - in the past it was assumed that this could be integrated under the display. Due to the complex production, Face ID costs more. Therefore, facial recognition is to be reserved for the more expensive iPad Pro models for the time being. The entry-level model is not expected to differ in price from its predecessor. In addition to the iPad 7, a new iPad mini 5 will also be presented - according to Macotakara.<\/p>\n<p class=\"p1\"><\/p>\n<p>There was already a <a href=\"https:\/\/www.apfelpatient.de\/en\">leak<\/a> According to this, a keynote will take place at the end of March. Some analysts suspect that this will be a purely software event - new subscription services will be presented. New hardware products will be announced via press release. Other observers believe that Apple will present new devices and subscription services together on this day.<\/p>\n<h6><a href=\"https:\/\/t.me\/apfelpatient_official\"><em><strong>Don&#039;t want to miss any more news? Then subscribe to our Telegram channel here<\/strong><\/em><\/a><\/h6>","protected":false},"excerpt":{"rendered":"<p>Die Ger\u00fcchte rund um ein neues iPad der 7. Generation und ein iPad mini 5 nehmen nicht ab. Neuen Informationen nach soll das Einsteiger-iPad im altbekannten Design ausgeliefert werden. W\u00e4hrend Apple die iPad Pro Modelle j\u00e4hrlich im Herbst aktualisiert, wurde das Einsteiger-iPad mit 9,7\u2033 bereits zweimal in Folge im M\u00e4rz aufgefrischt. Nun will der japanische [&hellip;]<\/p>\n","protected":false},"author":2,"featured_media":2890,"comment_status":"closed","ping_status":"open","sticky":false,"template":"","format":"standard","meta":{"jnews-multi-image_gallery":[],"jnews_single_post":[],"jnews_primary_category":[],"footnotes":""},"categories":[25],"tags":[18,196,236,197],"class_list":["post-3690","post","type-post","status-publish","format-standard","has-post-thumbnail","hentry","category-rumors","tag-ipad","tag-ipad-2019","tag-ipad-7","tag-ipad-mini-5"],"yoast_head":"<!-- This site is optimized with the Yoast SEO Premium plugin v27.5 (Yoast SEO v27.5) - https:\/\/yoast.com\/product\/yoast-seo-premium-wordpress\/ -->\n<title>iPad 2019: Das Design soll gleich bleiben Apfelpatient<\/title>\n<meta name=\"description\" content=\"- Die Ger\u00fcchte rund um ein neues iPad der 7. Generation und ein iPad mini 5 nehmen nicht ab. Neuen Informationen nach soll das Einsteiger-iPad im altbekannten Design ausgeliefert werden.\" \/>\n<meta name=\"robots\" content=\"index, follow, max-snippet:-1, max-image-preview:large, max-video-preview:-1\" \/>\n<link rel=\"canonical\" href=\"https:\/\/www.apfelpatient.de\/en\/rumors\/ipad-2019-the-design-should-remain-the-same\" \/>\n<meta property=\"og:locale\" content=\"en_US\" \/>\n<meta property=\"og:type\" content=\"article\" \/>\n<meta property=\"og:title\" content=\"iPad 2019: Das Design soll gleich bleiben\" \/>\n<meta property=\"og:description\" content=\"- Die Ger\u00fcchte rund um ein neues iPad der 7. Generation und ein iPad mini 5 nehmen nicht ab. Neuen Informationen nach soll das Einsteiger-iPad im altbekannten Design ausgeliefert werden.\" \/>\n<meta property=\"og:url\" content=\"https:\/\/www.apfelpatient.de\/en\/rumors\/ipad-2019-the-design-should-remain-the-same\" \/>\n<meta property=\"og:site_name\" content=\"Apfelpatient\" \/>\n<meta property=\"article:publisher\" content=\"https:\/\/www.facebook.com\/apfelpatientOfficial\" \/>\n<meta property=\"article:author\" content=\"https:\/\/www.facebook.com\/apfelpatientOfficial\" \/>\n<meta property=\"article:published_time\" content=\"2019-03-10T20:18:00+00:00\" \/>\n<meta property=\"article:modified_time\" content=\"2025-02-06T06:08:53+00:00\" \/>\n<meta property=\"og:image\" content=\"https:\/\/www.apfelpatient.de\/wp-content\/uploads\/2018\/12\/tyler-franta-603090-unsplash.jpg\" \/>\n\t<meta property=\"og:image:width\" content=\"4198\" \/>\n\t<meta property=\"og:image:height\" content=\"2804\" \/>\n\t<meta property=\"og:image:type\" content=\"image\/jpeg\" \/>\n<meta name=\"author\" content=\"Milan\" \/>\n<meta name=\"twitter:card\" content=\"summary_large_image\" \/>\n<meta name=\"twitter:label1\" content=\"Written by\" \/>\n\t<meta name=\"twitter:data1\" content=\"Milan\" \/>\n\t<meta name=\"twitter:label2\" content=\"Est. reading time\" \/>\n\t<meta name=\"twitter:data2\" content=\"1 minute\" \/>\n<script type=\"application\/ld+json\" class=\"yoast-schema-graph\">{\"@context\":\"https:\\\/\\\/schema.org\",\"@graph\":[{\"@type\":\"NewsArticle\",\"@id\":\"https:\\\/\\\/www.apfelpatient.de\\\/rumors\\\/ipad-2019-das-design-soll-gleich-bleiben#article\",\"isPartOf\":{\"@id\":\"https:\\\/\\\/www.apfelpatient.de\\\/rumors\\\/ipad-2019-das-design-soll-gleich-bleiben\"},\"author\":{\"@type\":\"Organization\",\"@id\":\"https:\\\/\\\/www.apfelpatient.de\\\/en\\\/#organization\",\"name\":\"Apfelpatient\",\"url\":\"https:\\\/\\\/www.apfelpatient.de\\\/en\\\/\"},\"headline\":\"iPad 2019: Das Design soll gleich bleiben\",\"datePublished\":\"2019-03-10T20:18:00+00:00\",\"dateModified\":\"2025-02-06T06:08:53+00:00\",\"mainEntityOfPage\":{\"@id\":\"https:\\\/\\\/www.apfelpatient.de\\\/rumors\\\/ipad-2019-das-design-soll-gleich-bleiben\"},\"wordCount\":281,\"publisher\":{\"@type\":\"Organization\",\"@id\":\"https:\\\/\\\/www.apfelpatient.de\\\/en\\\/#organization\",\"name\":\"Apfelpatient\",\"url\":\"https:\\\/\\\/www.apfelpatient.de\\\/en\\\/\"},\"image\":{\"@id\":\"https:\\\/\\\/www.apfelpatient.de\\\/rumors\\\/ipad-2019-das-design-soll-gleich-bleiben#primaryimage\"},\"thumbnailUrl\":\"https:\\\/\\\/www.apfelpatient.de\\\/wp-content\\\/uploads\\\/2018\\\/12\\\/tyler-franta-603090-unsplash.jpg\",\"keywords\":[\"iPad\",\"iPad 2019\",\"iPad 7\",\"iPad Mini 5\"],\"articleSection\":\"Rumors\",\"inLanguage\":\"en-US\",\"copyrightYear\":\"2019\",\"copyrightHolder\":{\"@id\":\"https:\\\/\\\/www.apfelpatient.de\\\/en\\\/#organization\"}},{\"@type\":\"WebPage\",\"@id\":\"https:\\\/\\\/www.apfelpatient.de\\\/rumors\\\/ipad-2019-das-design-soll-gleich-bleiben\",\"url\":\"https:\\\/\\\/www.apfelpatient.de\\\/rumors\\\/ipad-2019-das-design-soll-gleich-bleiben\",\"name\":\"iPad 2019: Das Design soll gleich bleiben Apfelpatient\",\"isPartOf\":{\"@id\":\"https:\\\/\\\/www.apfelpatient.de\\\/#website\"},\"primaryImageOfPage\":{\"@id\":\"https:\\\/\\\/www.apfelpatient.de\\\/rumors\\\/ipad-2019-das-design-soll-gleich-bleiben#primaryimage\"},\"image\":{\"@id\":\"https:\\\/\\\/www.apfelpatient.de\\\/rumors\\\/ipad-2019-das-design-soll-gleich-bleiben#primaryimage\"},\"thumbnailUrl\":\"https:\\\/\\\/www.apfelpatient.de\\\/wp-content\\\/uploads\\\/2018\\\/12\\\/tyler-franta-603090-unsplash.jpg\",\"datePublished\":\"2019-03-10T20:18:00+00:00\",\"dateModified\":\"2025-02-06T06:08:53+00:00\",\"description\":\"- Die Ger\u00fcchte rund um ein neues iPad der 7. Generation und ein iPad mini 5 nehmen nicht ab. Neuen Informationen nach soll das Einsteiger-iPad im altbekannten Design ausgeliefert werden.\",\"breadcrumb\":{\"@id\":\"https:\\\/\\\/www.apfelpatient.de\\\/rumors\\\/ipad-2019-das-design-soll-gleich-bleiben#breadcrumb\"},\"inLanguage\":\"en-US\",\"potentialAction\":[{\"@type\":\"ReadAction\",\"target\":[\"https:\\\/\\\/www.apfelpatient.de\\\/rumors\\\/ipad-2019-das-design-soll-gleich-bleiben\"]}]},{\"@type\":\"ImageObject\",\"inLanguage\":\"en-US\",\"@id\":\"https:\\\/\\\/www.apfelpatient.de\\\/rumors\\\/ipad-2019-das-design-soll-gleich-bleiben#primaryimage\",\"url\":\"https:\\\/\\\/www.apfelpatient.de\\\/wp-content\\\/uploads\\\/2018\\\/12\\\/tyler-franta-603090-unsplash.jpg\",\"contentUrl\":\"https:\\\/\\\/www.apfelpatient.de\\\/wp-content\\\/uploads\\\/2018\\\/12\\\/tyler-franta-603090-unsplash.jpg\",\"width\":4198,\"height\":2804,\"caption\":\"Photo by Unsplash\"},{\"@type\":\"BreadcrumbList\",\"@id\":\"https:\\\/\\\/www.apfelpatient.de\\\/rumors\\\/ipad-2019-das-design-soll-gleich-bleiben#breadcrumb\",\"itemListElement\":[{\"@type\":\"ListItem\",\"position\":1,\"name\":\"Startseite\",\"item\":\"https:\\\/\\\/www.apfelpatient.de\\\/\"},{\"@type\":\"ListItem\",\"position\":2,\"name\":\"iPad 2019: Das Design soll gleich bleiben\"}]},{\"@type\":\"WebSite\",\"@id\":\"https:\\\/\\\/www.apfelpatient.de\\\/#website\",\"url\":\"https:\\\/\\\/www.apfelpatient.de\\\/\",\"name\":\"Apfelpatient\",\"description\":\"Alles rund um Apple!\",\"publisher\":{\"@type\":\"Organization\",\"@id\":\"https:\\\/\\\/www.apfelpatient.de\\\/en\\\/#organization\",\"name\":\"Apfelpatient\",\"url\":\"https:\\\/\\\/www.apfelpatient.de\\\/en\\\/\"},\"alternateName\":\"Apfelpatient\",\"potentialAction\":[{\"@type\":\"SearchAction\",\"target\":{\"@type\":\"EntryPoint\",\"urlTemplate\":\"https:\\\/\\\/www.apfelpatient.de\\\/?s={search_term_string}\"},\"query-input\":{\"@type\":\"PropertyValueSpecification\",\"valueRequired\":true,\"valueName\":\"search_term_string\"}}],\"inLanguage\":\"en-US\"},{\"@type\":[\"Person\",\"Organization\"],\"@id\":\"https:\\\/\\\/www.apfelpatient.de\\\/#\\\/schema\\\/person\\\/7dc56ad6c8e9824b76d2c08d4c140e13\",\"name\":\"Milan\",\"logo\":{\"@id\":\"https:\\\/\\\/www.apfelpatient.de\\\/#\\\/schema\\\/person\\\/image\\\/\"},\"description\":\"Hallo und herzlich willkommen auf meinem Technik-Blog! Als gro\u00dfer Apple-Fan berichte ich hier \u00fcber alles, was mit Apple zu tun hat: von den neuesten News und spannenden Ger\u00fcchten \u00fcber hilfreiche Tipps und Tricks bis hin zu ausf\u00fchrlichen Produkttests. Wenn du genauso technikbegeistert bist wie ich, bist du hier genau richtig!\",\"sameAs\":[\"https:\\\/\\\/www.facebook.com\\\/apfelpatientOfficial\",\"https:\\\/\\\/www.linkedin.com\\\/in\\\/milan-jovicic-42aa0231b\"],\"url\":\"https:\\\/\\\/www.apfelpatient.de\\\/en\\\/author\\\/apfeladmin\"}]}<\/script>\n<!-- \/ Yoast SEO Premium plugin. -->","yoast_head_json":{"title":"iPad 2019: The design should remain the same Apfelpatient","description":"- The rumors about a new 7th generation iPad and an iPad mini 5 are not abating. According to new information, the entry-level iPad will be delivered in the familiar design.","robots":{"index":"index","follow":"follow","max-snippet":"max-snippet:-1","max-image-preview":"max-image-preview:large","max-video-preview":"max-video-preview:-1"},"canonical":"https:\/\/www.apfelpatient.de\/en\/rumors\/ipad-2019-the-design-should-remain-the-same","og_locale":"en_US","og_type":"article","og_title":"iPad 2019: Das Design soll gleich bleiben","og_description":"- Die Ger\u00fcchte rund um ein neues iPad der 7. Generation und ein iPad mini 5 nehmen nicht ab. Neuen Informationen nach soll das Einsteiger-iPad im altbekannten Design ausgeliefert werden.","og_url":"https:\/\/www.apfelpatient.de\/en\/rumors\/ipad-2019-the-design-should-remain-the-same","og_site_name":"Apfelpatient","article_publisher":"https:\/\/www.facebook.com\/apfelpatientOfficial","article_author":"https:\/\/www.facebook.com\/apfelpatientOfficial","article_published_time":"2019-03-10T20:18:00+00:00","article_modified_time":"2025-02-06T06:08:53+00:00","og_image":[{"width":4198,"height":2804,"url":"https:\/\/www.apfelpatient.de\/wp-content\/uploads\/2018\/12\/tyler-franta-603090-unsplash.jpg","type":"image\/jpeg"}],"author":"Milan","twitter_card":"summary_large_image","twitter_misc":{"Written by":"Milan","Est. reading time":"1 minute"},"schema":{"@context":"https:\/\/schema.org","@graph":[{"@type":"NewsArticle","@id":"https:\/\/www.apfelpatient.de\/rumors\/ipad-2019-das-design-soll-gleich-bleiben#article","isPartOf":{"@id":"https:\/\/www.apfelpatient.de\/rumors\/ipad-2019-das-design-soll-gleich-bleiben"},"author":{"@type":"Organization","@id":"https:\/\/www.apfelpatient.de\/en\/#organization","name":"Apfelpatient","url":"https:\/\/www.apfelpatient.de\/en\/"},"headline":"iPad 2019: Das Design soll gleich bleiben","datePublished":"2019-03-10T20:18:00+00:00","dateModified":"2025-02-06T06:08:53+00:00","mainEntityOfPage":{"@id":"https:\/\/www.apfelpatient.de\/rumors\/ipad-2019-das-design-soll-gleich-bleiben"},"wordCount":281,"publisher":{"@type":"Organization","@id":"https:\/\/www.apfelpatient.de\/en\/#organization","name":"Apfelpatient","url":"https:\/\/www.apfelpatient.de\/en\/"},"image":{"@id":"https:\/\/www.apfelpatient.de\/rumors\/ipad-2019-das-design-soll-gleich-bleiben#primaryimage"},"thumbnailUrl":"https:\/\/www.apfelpatient.de\/wp-content\/uploads\/2018\/12\/tyler-franta-603090-unsplash.jpg","keywords":["iPad","iPad 2019","iPad 7","iPad Mini 5"],"articleSection":"Rumors","inLanguage":"en-US","copyrightYear":"2019","copyrightHolder":{"@id":"https:\/\/www.apfelpatient.de\/en\/#organization"}},{"@type":"WebPage","@id":"https:\/\/www.apfelpatient.de\/rumors\/ipad-2019-das-design-soll-gleich-bleiben","url":"https:\/\/www.apfelpatient.de\/rumors\/ipad-2019-das-design-soll-gleich-bleiben","name":"iPad 2019: The design should remain the same Apfelpatient","isPartOf":{"@id":"https:\/\/www.apfelpatient.de\/#website"},"primaryImageOfPage":{"@id":"https:\/\/www.apfelpatient.de\/rumors\/ipad-2019-das-design-soll-gleich-bleiben#primaryimage"},"image":{"@id":"https:\/\/www.apfelpatient.de\/rumors\/ipad-2019-das-design-soll-gleich-bleiben#primaryimage"},"thumbnailUrl":"https:\/\/www.apfelpatient.de\/wp-content\/uploads\/2018\/12\/tyler-franta-603090-unsplash.jpg","datePublished":"2019-03-10T20:18:00+00:00","dateModified":"2025-02-06T06:08:53+00:00","description":"- The rumors about a new 7th generation iPad and an iPad mini 5 are not abating. According to new information, the entry-level iPad will be delivered in the familiar design.","breadcrumb":{"@id":"https:\/\/www.apfelpatient.de\/rumors\/ipad-2019-das-design-soll-gleich-bleiben#breadcrumb"},"inLanguage":"en-US","potentialAction":[{"@type":"ReadAction","target":["https:\/\/www.apfelpatient.de\/rumors\/ipad-2019-das-design-soll-gleich-bleiben"]}]},{"@type":"ImageObject","inLanguage":"en-US","@id":"https:\/\/www.apfelpatient.de\/rumors\/ipad-2019-das-design-soll-gleich-bleiben#primaryimage","url":"https:\/\/www.apfelpatient.de\/wp-content\/uploads\/2018\/12\/tyler-franta-603090-unsplash.jpg","contentUrl":"https:\/\/www.apfelpatient.de\/wp-content\/uploads\/2018\/12\/tyler-franta-603090-unsplash.jpg","width":4198,"height":2804,"caption":"Photo by Unsplash"},{"@type":"BreadcrumbList","@id":"https:\/\/www.apfelpatient.de\/rumors\/ipad-2019-das-design-soll-gleich-bleiben#breadcrumb","itemListElement":[{"@type":"ListItem","position":1,"name":"Startseite","item":"https:\/\/www.apfelpatient.de\/"},{"@type":"ListItem","position":2,"name":"iPad 2019: Das Design soll gleich bleiben"}]},{"@type":"WebSite","@id":"https:\/\/www.apfelpatient.de\/#website","url":"https:\/\/www.apfelpatient.de\/","name":"apple patient","description":"Everything about Apple!","publisher":{"@type":"Organization","@id":"https:\/\/www.apfelpatient.de\/en\/#organization","name":"Apfelpatient","url":"https:\/\/www.apfelpatient.de\/en\/"},"alternateName":"Apfelpatient","potentialAction":[{"@type":"SearchAction","target":{"@type":"EntryPoint","urlTemplate":"https:\/\/www.apfelpatient.de\/?s={search_term_string}"},"query-input":{"@type":"PropertyValueSpecification","valueRequired":true,"valueName":"search_term_string"}}],"inLanguage":"en-US"},{"@type":["Person","Organization"],"@id":"https:\/\/www.apfelpatient.de\/#\/schema\/person\/7dc56ad6c8e9824b76d2c08d4c140e13","name":"Milan","logo":{"@id":"https:\/\/www.apfelpatient.de\/#\/schema\/person\/image\/"},"description":"Hello and welcome to my technology blog! As a big Apple fan, I report on everything to do with Apple: from the latest news and exciting rumors to helpful tips and tricks and detailed product tests. If you are as enthusiastic about technology as I am, you have come to the right place!","sameAs":["https:\/\/www.facebook.com\/apfelpatientOfficial","https:\/\/www.linkedin.com\/in\/milan-jovicic-42aa0231b"],"url":"https:\/\/www.apfelpatient.de\/en\/author\/apfeladmin"}]}},"_links":{"self":[{"href":"https:\/\/www.apfelpatient.de\/en\/wp-json\/wp\/v2\/posts\/3690","targetHints":{"allow":["GET"]}}],"collection":[{"href":"https:\/\/www.apfelpatient.de\/en\/wp-json\/wp\/v2\/posts"}],"about":[{"href":"https:\/\/www.apfelpatient.de\/en\/wp-json\/wp\/v2\/types\/post"}],"author":[{"embeddable":true,"href":"https:\/\/www.apfelpatient.de\/en\/wp-json\/wp\/v2\/users\/2"}],"replies":[{"embeddable":true,"href":"https:\/\/www.apfelpatient.de\/en\/wp-json\/wp\/v2\/comments?post=3690"}],"version-history":[{"count":0,"href":"https:\/\/www.apfelpatient.de\/en\/wp-json\/wp\/v2\/posts\/3690\/revisions"}],"wp:featuredmedia":[{"embeddable":true,"href":"https:\/\/www.apfelpatient.de\/en\/wp-json\/wp\/v2\/media\/2890"}],"wp:attachment":[{"href":"https:\/\/www.apfelpatient.de\/en\/wp-json\/wp\/v2\/media?parent=3690"}],"wp:term":[{"taxonomy":"category","embeddable":true,"href":"https:\/\/www.apfelpatient.de\/en\/wp-json\/wp\/v2\/categories?post=3690"},{"taxonomy":"post_tag","embeddable":true,"href":"https:\/\/www.apfelpatient.de\/en\/wp-json\/wp\/v2\/tags?post=3690"}],"curies":[{"name":"wp","href":"https:\/\/api.w.org\/{rel}","templated":true}]}}