{"id":36892,"date":"2023-01-17T15:44:04","date_gmt":"2023-01-17T14:44:04","guid":{"rendered":"https:\/\/www.apfelpatient.de\/?p=36892"},"modified":"2023-01-17T16:00:32","modified_gmt":"2023-01-17T15:00:32","slug":"apple-introduces-new-mac-mini-with-m2-m2-pro-chip","status":"publish","type":"post","link":"https:\/\/www.apfelpatient.de\/en\/news\/apple-stellt-neuen-mac-mini-mit-m2-m2-pro-chip-vor","title":{"rendered":"Apple introduces new Mac mini with M2 &amp; M2 Pro chip"},"content":{"rendered":"<p class=\"has-drop-cap\"><strong>Apple today introduced the new Mac mini lineup, featuring M2 and M2 Pro chips. The M2 Mac mini starts at a new, lower price of $699.<\/strong><\/p>\n\n\n\n<p>The M2 Pro chip features a 12-core CPU and a 19-core GPU with up to 32GB of RAM. The new Mac mini is available for pre-order starting today, with first shipments arriving next week, starting January 24. The Mac mini continues to offer a wide range of inputs and outputs. The M2 Mac mini has two Thunderbolt 4 ports, two USB-A ports, an HDMI port, Gigabit Ethernet (10-gigabit option), and a headphone jack. The M2 Pro Mac mini, on the other hand, has two additional Thunderbolt 4 ports. Both Mac mini configurations support WiFi 6E, the fastest wireless networking standard. The devices also support Bluetooth 5.3.<\/p>\n\n\n\n<figure class=\"wp-block-image size-large\"><img decoding=\"async\" width=\"1024\" height=\"576\" src=\"https:\/\/www.apfelpatient.de\/wp-content\/uploads\/2023\/01\/Apple-Mac-mini-M2-and-M2-Pro-hero-230117-1024x576.jpg\" alt=\"Mac mini M2\" class=\"wp-image-36887\" srcset=\"https:\/\/www.apfelpatient.de\/wp-content\/uploads\/2023\/01\/Apple-Mac-mini-M2-and-M2-Pro-hero-230117-1024x576.jpg 1024w, https:\/\/www.apfelpatient.de\/wp-content\/uploads\/2023\/01\/Apple-Mac-mini-M2-and-M2-Pro-hero-230117-300x169.jpg 300w, https:\/\/www.apfelpatient.de\/wp-content\/uploads\/2023\/01\/Apple-Mac-mini-M2-and-M2-Pro-hero-230117-768x432.jpg 768w, https:\/\/www.apfelpatient.de\/wp-content\/uploads\/2023\/01\/Apple-Mac-mini-M2-and-M2-Pro-hero-230117-1536x864.jpg 1536w, https:\/\/www.apfelpatient.de\/wp-content\/uploads\/2023\/01\/Apple-Mac-mini-M2-and-M2-Pro-hero-230117-750x422.jpg 750w, https:\/\/www.apfelpatient.de\/wp-content\/uploads\/2023\/01\/Apple-Mac-mini-M2-and-M2-Pro-hero-230117-1140x641.jpg 1140w, https:\/\/www.apfelpatient.de\/wp-content\/uploads\/2023\/01\/Apple-Mac-mini-M2-and-M2-Pro-hero-230117.jpg 1600w\" sizes=\"(max-width: 1024px) 100vw, 1024px\" \/><figcaption class=\"wp-element-caption\">Image: Apple<\/figcaption><\/figure>\n\n\n\n<h3 class=\"wp-block-heading\" id=\"h-apple-kundigt-neue-mac-mini-modelle-an\">Apple announces new Mac mini models<\/h3>\n\n\n\n\n\n\n\n<p>Compared to the previous generation M1 Mac mini, the M2 Pro <a href=\"https:\/\/www.apple.com\/newsroom\/2023\/01\/apple-introduces-new-mac-mini-with-m2-and-m2-pro-more-powerful-capable-and-versatile-than-ever\/\" target=\"_blank\" rel=\"noreferrer noopener\">loud<\/a> Apple offers up to 2.5 times faster performance in Affinity Photo, 4.2 times faster ProRes transcoding in Final Cut Pro and up to 2.8 times faster gameplay in Resident Evil Village. You can order the new Mac mini now from the Apple Online Store. The base model configuration for 699 euros includes an M2 chip with 8-core CPU, 10-core GPU, 256 GB SSD and 8 GB RAM. The base configuration for 1,549 euros for the M2 Pro chip has a 10-core CPU, a 16-core GPU, 16 GB RAM and a 512 GB SSD. The new product line also means that Apple has now stopped selling the Intel Mac mini, so the Mac Pro is the only remaining Mac with an Intel processor. (Image: Apple)<\/p>\n\n\n\n<ul class=\"wp-block-list\">\n<li><a href=\"https:\/\/www.apfelpatient.de\/en\/news\/m2-pro-m2-max-apple-announces-new-macbook-pro-models\">M2 Pro &amp; M2 Max: Apple announces new MacBook Pro models<\/a><\/li>\n\n\n\n<li><a href=\"https:\/\/www.apfelpatient.de\/en\/news\/next-generation-apple-unveils-m2-pro-m2-max-chips\">Next generation: Apple unveils M2 Pro &amp; M2 Max chips<\/a><\/li>\n<\/ul>\n\n\n\n<h6 class=\"wp-block-heading translation-block\" id=\"h-kennt-ihr-schon-unsere-amazon-storefront-dort-findet-ihr-eine-handverlesene-auswahl-von-diversen-produkten-f-r-euer-iphone-und-co-viel-spa-beim-st-bern\"><em>Have you already visited our Amazon Storefront? There you&#039;ll find a hand-picked selection of various products for your iPhone and other devices \u2013 <span class=\"has-inline-color has-vivid-red-color\"><a href=\"https:\/\/www.amazon.de\/shop\/apfelpatientofficial\" class=\"ek-link\" data-wpel-link=\"exclude\" rel=\"follow noopener\" target=\"_self\"><span style=\"text-decoration: underline\" class=\"ek-underline\">enjoy browsing<\/span><\/a> !<\/span><\/em><\/h6>\n\n\n\n<h6 class=\"wp-block-heading translation-block\" id=\"h-der-beitrag-enthalt-partnerlinks\">This post contains <a data-type=\"URL\" data-id=\"https:\/\/www.apfelpatient.de\/partnerprogramm\" href=\"https:\/\/www.apfelpatient.de\/en\/partner-program\" data-wpel-link=\"internal\" target=\"_self\">affiliate links<\/a>.<\/h6>","protected":false},"excerpt":{"rendered":"<p>Apple announces new Mac mini models: Apple today introduced the new Mac mini series, which is equipped with M2 and M2 Pro chips.<\/p>","protected":false},"author":2,"featured_media":36887,"comment_status":"closed","ping_status":"closed","sticky":false,"template":"","format":"standard","meta":{"jnews-multi-image_gallery":[],"jnews_single_post":{"subtitle":"","format":"standard","video":"","gallery":"","source_name":"","source_url":"","via_name":"","via_url":"","override":[{"single_blog_custom":"","sidebar":"","second_sidebar":"","share_position":"","share_float_style":"","post_date_format":"","post_date_format_custom":"","post_reading_time_wpm":"","zoom_button_out_step":"1","zoom_button_in_step":"1","number_popup_post":"1"}],"image_override":[{"single_post_thumbnail_size":"","single_post_gallery_size":""}],"trending_post_position":"","trending_post_label":"","sponsored_post_label":"","sponsored_post_name":"","sponsored_post_url":"","sponsored_post_logo":"","sponsored_post_desc":""},"jnews_primary_category":{"id":"9"},"footnotes":""},"categories":[9],"tags":[40],"class_list":["post-36892","post","type-post","status-publish","format-standard","has-post-thumbnail","hentry","category-news","tag-mac"],"yoast_head":"<!-- This site is optimized with the Yoast SEO Premium plugin v27.5 (Yoast SEO v27.5) - https:\/\/yoast.com\/product\/yoast-seo-premium-wordpress\/ -->\n<title>Apple stellt neuen Mac mini mit M2 &amp; M2 Pro Chip vor<\/title>\n<meta name=\"description\" content=\"Apple k\u00fcndigt neue Mac mini Modelle an: Apple hat heute die neue Mac mini-Reihe vorgestellt, die mit M2 und M2 Pro Chips ausgestattet ist.\" \/>\n<meta name=\"robots\" content=\"index, follow, max-snippet:-1, max-image-preview:large, max-video-preview:-1\" \/>\n<link rel=\"canonical\" href=\"https:\/\/www.apfelpatient.de\/en\/news\/apple-introduces-new-mac-mini-with-m2-m2-pro-chip\" \/>\n<meta property=\"og:locale\" content=\"en_US\" \/>\n<meta property=\"og:type\" content=\"article\" \/>\n<meta property=\"og:title\" content=\"Apple stellt neuen Mac mini mit M2 &amp; M2 Pro Chip vor\" \/>\n<meta property=\"og:description\" content=\"Apple k\u00fcndigt neue Mac mini Modelle an: Apple hat heute die neue Mac mini-Reihe vorgestellt, die mit M2 und M2 Pro Chips ausgestattet ist.\" \/>\n<meta property=\"og:url\" content=\"https:\/\/www.apfelpatient.de\/en\/news\/apple-introduces-new-mac-mini-with-m2-m2-pro-chip\" \/>\n<meta property=\"og:site_name\" content=\"Apfelpatient\" \/>\n<meta property=\"article:publisher\" content=\"https:\/\/www.facebook.com\/apfelpatientOfficial\" \/>\n<meta property=\"article:author\" content=\"https:\/\/www.facebook.com\/apfelpatientOfficial\" \/>\n<meta property=\"article:published_time\" content=\"2023-01-17T14:44:04+00:00\" \/>\n<meta property=\"article:modified_time\" content=\"2023-01-17T15:00:32+00:00\" \/>\n<meta property=\"og:image\" content=\"https:\/\/www.apfelpatient.de\/wp-content\/uploads\/2023\/01\/Apple-Mac-mini-M2-and-M2-Pro-hero-230117.jpg\" \/>\n\t<meta property=\"og:image:width\" content=\"1600\" \/>\n\t<meta property=\"og:image:height\" content=\"900\" \/>\n\t<meta property=\"og:image:type\" content=\"image\/jpeg\" \/>\n<meta name=\"author\" content=\"Milan\" \/>\n<meta name=\"twitter:card\" content=\"summary_large_image\" \/>\n<meta name=\"twitter:description\" content=\"Apple k\u00fcndigt neue Mac mini Modelle an: Apple hat heute die neue Mac mini-Reihe vorgestellt, die mit M2 und M2 Pro Chips ausgestattet ist.\" \/>\n<meta name=\"twitter:label1\" content=\"Written by\" \/>\n\t<meta name=\"twitter:data1\" content=\"Milan\" \/>\n\t<meta name=\"twitter:label2\" content=\"Est. reading time\" \/>\n\t<meta name=\"twitter:data2\" content=\"2 minutes\" \/>\n<script type=\"application\/ld+json\" class=\"yoast-schema-graph\">{\"@context\":\"https:\\\/\\\/schema.org\",\"@graph\":[{\"@type\":\"NewsArticle\",\"@id\":\"https:\\\/\\\/www.apfelpatient.de\\\/news\\\/apple-stellt-neuen-mac-mini-mit-m2-m2-pro-chip-vor#article\",\"isPartOf\":{\"@id\":\"https:\\\/\\\/www.apfelpatient.de\\\/news\\\/apple-stellt-neuen-mac-mini-mit-m2-m2-pro-chip-vor\"},\"author\":{\"@type\":\"Organization\",\"@id\":\"https:\\\/\\\/www.apfelpatient.de\\\/en\\\/#organization\",\"name\":\"Apfelpatient\",\"url\":\"https:\\\/\\\/www.apfelpatient.de\\\/en\\\/\"},\"headline\":\"Apple stellt neuen Mac mini mit M2 &amp; M2 Pro Chip vor\",\"datePublished\":\"2023-01-17T14:44:04+00:00\",\"dateModified\":\"2023-01-17T15:00:32+00:00\",\"mainEntityOfPage\":{\"@id\":\"https:\\\/\\\/www.apfelpatient.de\\\/news\\\/apple-stellt-neuen-mac-mini-mit-m2-m2-pro-chip-vor\"},\"wordCount\":313,\"publisher\":{\"@type\":\"Organization\",\"@id\":\"https:\\\/\\\/www.apfelpatient.de\\\/en\\\/#organization\",\"name\":\"Apfelpatient\",\"url\":\"https:\\\/\\\/www.apfelpatient.de\\\/en\\\/\"},\"image\":{\"@id\":\"https:\\\/\\\/www.apfelpatient.de\\\/news\\\/apple-stellt-neuen-mac-mini-mit-m2-m2-pro-chip-vor#primaryimage\"},\"thumbnailUrl\":\"https:\\\/\\\/www.apfelpatient.de\\\/wp-content\\\/uploads\\\/2023\\\/01\\\/Apple-Mac-mini-M2-and-M2-Pro-hero-230117.jpg\",\"keywords\":[\"Mac\"],\"articleSection\":\"News\",\"inLanguage\":\"en-US\",\"copyrightYear\":\"2023\",\"copyrightHolder\":{\"@id\":\"https:\\\/\\\/www.apfelpatient.de\\\/en\\\/#organization\"}},{\"@type\":\"WebPage\",\"@id\":\"https:\\\/\\\/www.apfelpatient.de\\\/news\\\/apple-stellt-neuen-mac-mini-mit-m2-m2-pro-chip-vor\",\"url\":\"https:\\\/\\\/www.apfelpatient.de\\\/news\\\/apple-stellt-neuen-mac-mini-mit-m2-m2-pro-chip-vor\",\"name\":\"Apple stellt neuen Mac mini mit M2 &amp; M2 Pro Chip vor\",\"isPartOf\":{\"@id\":\"https:\\\/\\\/www.apfelpatient.de\\\/#website\"},\"primaryImageOfPage\":{\"@id\":\"https:\\\/\\\/www.apfelpatient.de\\\/news\\\/apple-stellt-neuen-mac-mini-mit-m2-m2-pro-chip-vor#primaryimage\"},\"image\":{\"@id\":\"https:\\\/\\\/www.apfelpatient.de\\\/news\\\/apple-stellt-neuen-mac-mini-mit-m2-m2-pro-chip-vor#primaryimage\"},\"thumbnailUrl\":\"https:\\\/\\\/www.apfelpatient.de\\\/wp-content\\\/uploads\\\/2023\\\/01\\\/Apple-Mac-mini-M2-and-M2-Pro-hero-230117.jpg\",\"datePublished\":\"2023-01-17T14:44:04+00:00\",\"dateModified\":\"2023-01-17T15:00:32+00:00\",\"description\":\"Apple k\u00fcndigt neue Mac mini Modelle an: Apple hat heute die neue Mac mini-Reihe vorgestellt, die mit M2 und M2 Pro Chips ausgestattet ist.\",\"breadcrumb\":{\"@id\":\"https:\\\/\\\/www.apfelpatient.de\\\/news\\\/apple-stellt-neuen-mac-mini-mit-m2-m2-pro-chip-vor#breadcrumb\"},\"inLanguage\":\"en-US\",\"potentialAction\":[{\"@type\":\"ReadAction\",\"target\":[\"https:\\\/\\\/www.apfelpatient.de\\\/news\\\/apple-stellt-neuen-mac-mini-mit-m2-m2-pro-chip-vor\"]}]},{\"@type\":\"ImageObject\",\"inLanguage\":\"en-US\",\"@id\":\"https:\\\/\\\/www.apfelpatient.de\\\/news\\\/apple-stellt-neuen-mac-mini-mit-m2-m2-pro-chip-vor#primaryimage\",\"url\":\"https:\\\/\\\/www.apfelpatient.de\\\/wp-content\\\/uploads\\\/2023\\\/01\\\/Apple-Mac-mini-M2-and-M2-Pro-hero-230117.jpg\",\"contentUrl\":\"https:\\\/\\\/www.apfelpatient.de\\\/wp-content\\\/uploads\\\/2023\\\/01\\\/Apple-Mac-mini-M2-and-M2-Pro-hero-230117.jpg\",\"width\":1600,\"height\":900,\"caption\":\"Bild: Apple\"},{\"@type\":\"BreadcrumbList\",\"@id\":\"https:\\\/\\\/www.apfelpatient.de\\\/news\\\/apple-stellt-neuen-mac-mini-mit-m2-m2-pro-chip-vor#breadcrumb\",\"itemListElement\":[{\"@type\":\"ListItem\",\"position\":1,\"name\":\"Startseite\",\"item\":\"https:\\\/\\\/www.apfelpatient.de\\\/\"},{\"@type\":\"ListItem\",\"position\":2,\"name\":\"Apple stellt neuen Mac mini mit M2 &amp; M2 Pro Chip vor\"}]},{\"@type\":\"WebSite\",\"@id\":\"https:\\\/\\\/www.apfelpatient.de\\\/#website\",\"url\":\"https:\\\/\\\/www.apfelpatient.de\\\/\",\"name\":\"Apfelpatient\",\"description\":\"Alles rund um Apple!\",\"publisher\":{\"@type\":\"Organization\",\"@id\":\"https:\\\/\\\/www.apfelpatient.de\\\/en\\\/#organization\",\"name\":\"Apfelpatient\",\"url\":\"https:\\\/\\\/www.apfelpatient.de\\\/en\\\/\"},\"alternateName\":\"Apfelpatient\",\"potentialAction\":[{\"@type\":\"SearchAction\",\"target\":{\"@type\":\"EntryPoint\",\"urlTemplate\":\"https:\\\/\\\/www.apfelpatient.de\\\/?s={search_term_string}\"},\"query-input\":{\"@type\":\"PropertyValueSpecification\",\"valueRequired\":true,\"valueName\":\"search_term_string\"}}],\"inLanguage\":\"en-US\"},{\"@type\":[\"Person\",\"Organization\"],\"@id\":\"https:\\\/\\\/www.apfelpatient.de\\\/#\\\/schema\\\/person\\\/35b3ddba5832f2bfc7fff5206d4f6b7b\",\"name\":\"Milan\",\"logo\":{\"@id\":\"https:\\\/\\\/www.apfelpatient.de\\\/#\\\/schema\\\/person\\\/image\\\/\"},\"description\":\"Hallo und herzlich willkommen auf meinem Technik-Blog! Als gro\u00dfer Apple-Fan berichte ich hier \u00fcber alles, was mit Apple zu tun hat: von den neuesten News und spannenden Ger\u00fcchten \u00fcber hilfreiche Tipps und Tricks bis hin zu ausf\u00fchrlichen Produkttests. Wenn du genauso technikbegeistert bist wie ich, bist du hier genau richtig!\",\"sameAs\":[\"https:\\\/\\\/www.facebook.com\\\/apfelpatientOfficial\",\"https:\\\/\\\/www.linkedin.com\\\/in\\\/milan-jovicic-42aa0231b\"],\"url\":\"https:\\\/\\\/www.apfelpatient.de\\\/en\\\/author\\\/apfeladmin\"}]}<\/script>\n<!-- \/ Yoast SEO Premium plugin. -->","yoast_head_json":{"title":"Apple introduces new Mac mini with M2 &amp; M2 Pro chip","description":"Apple announces new Mac mini models: Apple today introduced the new Mac mini series, which is equipped with M2 and M2 Pro chips.","robots":{"index":"index","follow":"follow","max-snippet":"max-snippet:-1","max-image-preview":"max-image-preview:large","max-video-preview":"max-video-preview:-1"},"canonical":"https:\/\/www.apfelpatient.de\/en\/news\/apple-introduces-new-mac-mini-with-m2-m2-pro-chip","og_locale":"en_US","og_type":"article","og_title":"Apple stellt neuen Mac mini mit M2 &amp; M2 Pro Chip vor","og_description":"Apple k\u00fcndigt neue Mac mini Modelle an: Apple hat heute die neue Mac mini-Reihe vorgestellt, die mit M2 und M2 Pro Chips ausgestattet ist.","og_url":"https:\/\/www.apfelpatient.de\/en\/news\/apple-introduces-new-mac-mini-with-m2-m2-pro-chip","og_site_name":"Apfelpatient","article_publisher":"https:\/\/www.facebook.com\/apfelpatientOfficial","article_author":"https:\/\/www.facebook.com\/apfelpatientOfficial","article_published_time":"2023-01-17T14:44:04+00:00","article_modified_time":"2023-01-17T15:00:32+00:00","og_image":[{"width":1600,"height":900,"url":"https:\/\/www.apfelpatient.de\/wp-content\/uploads\/2023\/01\/Apple-Mac-mini-M2-and-M2-Pro-hero-230117.jpg","type":"image\/jpeg"}],"author":"Milan","twitter_card":"summary_large_image","twitter_description":"Apple k\u00fcndigt neue Mac mini Modelle an: Apple hat heute die neue Mac mini-Reihe vorgestellt, die mit M2 und M2 Pro Chips ausgestattet ist.","twitter_misc":{"Written by":"Milan","Est. reading time":"2 minutes"},"schema":{"@context":"https:\/\/schema.org","@graph":[{"@type":"NewsArticle","@id":"https:\/\/www.apfelpatient.de\/news\/apple-stellt-neuen-mac-mini-mit-m2-m2-pro-chip-vor#article","isPartOf":{"@id":"https:\/\/www.apfelpatient.de\/news\/apple-stellt-neuen-mac-mini-mit-m2-m2-pro-chip-vor"},"author":{"@type":"Organization","@id":"https:\/\/www.apfelpatient.de\/en\/#organization","name":"Apfelpatient","url":"https:\/\/www.apfelpatient.de\/en\/"},"headline":"Apple stellt neuen Mac mini mit M2 &amp; M2 Pro Chip vor","datePublished":"2023-01-17T14:44:04+00:00","dateModified":"2023-01-17T15:00:32+00:00","mainEntityOfPage":{"@id":"https:\/\/www.apfelpatient.de\/news\/apple-stellt-neuen-mac-mini-mit-m2-m2-pro-chip-vor"},"wordCount":313,"publisher":{"@type":"Organization","@id":"https:\/\/www.apfelpatient.de\/en\/#organization","name":"Apfelpatient","url":"https:\/\/www.apfelpatient.de\/en\/"},"image":{"@id":"https:\/\/www.apfelpatient.de\/news\/apple-stellt-neuen-mac-mini-mit-m2-m2-pro-chip-vor#primaryimage"},"thumbnailUrl":"https:\/\/www.apfelpatient.de\/wp-content\/uploads\/2023\/01\/Apple-Mac-mini-M2-and-M2-Pro-hero-230117.jpg","keywords":["Mac"],"articleSection":"News","inLanguage":"en-US","copyrightYear":"2023","copyrightHolder":{"@id":"https:\/\/www.apfelpatient.de\/en\/#organization"}},{"@type":"WebPage","@id":"https:\/\/www.apfelpatient.de\/news\/apple-stellt-neuen-mac-mini-mit-m2-m2-pro-chip-vor","url":"https:\/\/www.apfelpatient.de\/news\/apple-stellt-neuen-mac-mini-mit-m2-m2-pro-chip-vor","name":"Apple introduces new Mac mini with M2 &amp; M2 Pro chip","isPartOf":{"@id":"https:\/\/www.apfelpatient.de\/#website"},"primaryImageOfPage":{"@id":"https:\/\/www.apfelpatient.de\/news\/apple-stellt-neuen-mac-mini-mit-m2-m2-pro-chip-vor#primaryimage"},"image":{"@id":"https:\/\/www.apfelpatient.de\/news\/apple-stellt-neuen-mac-mini-mit-m2-m2-pro-chip-vor#primaryimage"},"thumbnailUrl":"https:\/\/www.apfelpatient.de\/wp-content\/uploads\/2023\/01\/Apple-Mac-mini-M2-and-M2-Pro-hero-230117.jpg","datePublished":"2023-01-17T14:44:04+00:00","dateModified":"2023-01-17T15:00:32+00:00","description":"Apple announces new Mac mini models: Apple today introduced the new Mac mini series, which is equipped with M2 and M2 Pro chips.","breadcrumb":{"@id":"https:\/\/www.apfelpatient.de\/news\/apple-stellt-neuen-mac-mini-mit-m2-m2-pro-chip-vor#breadcrumb"},"inLanguage":"en-US","potentialAction":[{"@type":"ReadAction","target":["https:\/\/www.apfelpatient.de\/news\/apple-stellt-neuen-mac-mini-mit-m2-m2-pro-chip-vor"]}]},{"@type":"ImageObject","inLanguage":"en-US","@id":"https:\/\/www.apfelpatient.de\/news\/apple-stellt-neuen-mac-mini-mit-m2-m2-pro-chip-vor#primaryimage","url":"https:\/\/www.apfelpatient.de\/wp-content\/uploads\/2023\/01\/Apple-Mac-mini-M2-and-M2-Pro-hero-230117.jpg","contentUrl":"https:\/\/www.apfelpatient.de\/wp-content\/uploads\/2023\/01\/Apple-Mac-mini-M2-and-M2-Pro-hero-230117.jpg","width":1600,"height":900,"caption":"Bild: Apple"},{"@type":"BreadcrumbList","@id":"https:\/\/www.apfelpatient.de\/news\/apple-stellt-neuen-mac-mini-mit-m2-m2-pro-chip-vor#breadcrumb","itemListElement":[{"@type":"ListItem","position":1,"name":"Startseite","item":"https:\/\/www.apfelpatient.de\/"},{"@type":"ListItem","position":2,"name":"Apple stellt neuen Mac mini mit M2 &amp; M2 Pro Chip vor"}]},{"@type":"WebSite","@id":"https:\/\/www.apfelpatient.de\/#website","url":"https:\/\/www.apfelpatient.de\/","name":"apple patient","description":"Everything about Apple!","publisher":{"@type":"Organization","@id":"https:\/\/www.apfelpatient.de\/en\/#organization","name":"Apfelpatient","url":"https:\/\/www.apfelpatient.de\/en\/"},"alternateName":"Apfelpatient","potentialAction":[{"@type":"SearchAction","target":{"@type":"EntryPoint","urlTemplate":"https:\/\/www.apfelpatient.de\/?s={search_term_string}"},"query-input":{"@type":"PropertyValueSpecification","valueRequired":true,"valueName":"search_term_string"}}],"inLanguage":"en-US"},{"@type":["Person","Organization"],"@id":"https:\/\/www.apfelpatient.de\/#\/schema\/person\/35b3ddba5832f2bfc7fff5206d4f6b7b","name":"Milan","logo":{"@id":"https:\/\/www.apfelpatient.de\/#\/schema\/person\/image\/"},"description":"Hello and welcome to my technology blog! As a big Apple fan, I report on everything to do with Apple: from the latest news and exciting rumors to helpful tips and tricks and detailed product tests. If you are as enthusiastic about technology as I am, you have come to the right place!","sameAs":["https:\/\/www.facebook.com\/apfelpatientOfficial","https:\/\/www.linkedin.com\/in\/milan-jovicic-42aa0231b"],"url":"https:\/\/www.apfelpatient.de\/en\/author\/apfeladmin"}]}},"_links":{"self":[{"href":"https:\/\/www.apfelpatient.de\/en\/wp-json\/wp\/v2\/posts\/36892","targetHints":{"allow":["GET"]}}],"collection":[{"href":"https:\/\/www.apfelpatient.de\/en\/wp-json\/wp\/v2\/posts"}],"about":[{"href":"https:\/\/www.apfelpatient.de\/en\/wp-json\/wp\/v2\/types\/post"}],"author":[{"embeddable":true,"href":"https:\/\/www.apfelpatient.de\/en\/wp-json\/wp\/v2\/users\/2"}],"replies":[{"embeddable":true,"href":"https:\/\/www.apfelpatient.de\/en\/wp-json\/wp\/v2\/comments?post=36892"}],"version-history":[{"count":0,"href":"https:\/\/www.apfelpatient.de\/en\/wp-json\/wp\/v2\/posts\/36892\/revisions"}],"wp:featuredmedia":[{"embeddable":true,"href":"https:\/\/www.apfelpatient.de\/en\/wp-json\/wp\/v2\/media\/36887"}],"wp:attachment":[{"href":"https:\/\/www.apfelpatient.de\/en\/wp-json\/wp\/v2\/media?parent=36892"}],"wp:term":[{"taxonomy":"category","embeddable":true,"href":"https:\/\/www.apfelpatient.de\/en\/wp-json\/wp\/v2\/categories?post=36892"},{"taxonomy":"post_tag","embeddable":true,"href":"https:\/\/www.apfelpatient.de\/en\/wp-json\/wp\/v2\/tags?post=36892"}],"curies":[{"name":"wp","href":"https:\/\/api.w.org\/{rel}","templated":true}]}}