{"id":36849,"date":"2023-01-15T17:21:58","date_gmt":"2023-01-15T16:21:58","guid":{"rendered":"https:\/\/www.apfelpatient.de\/?p=36849"},"modified":"2023-01-15T17:21:58","modified_gmt":"2023-01-15T16:21:58","slug":"new-homekit-architecture-reintroduction-under-ios-16-3","status":"publish","type":"post","link":"https:\/\/www.apfelpatient.de\/en\/news\/neue-homekit-architektur-wiedereinfuehrung-unter-ios-16-3","title":{"rendered":"New HomeKit architecture: Reintroduction under iOS 16.3?"},"content":{"rendered":"<p class=\"has-drop-cap\"><strong>After Apple had to stop the introduction of the new HomeKit architecture in iOS 16.2, the company resumed testing of the platform and reintroduced it in the iOS 16.3 beta.<\/strong><\/p>\n\n\n\n<p>In December, Apple had the option to update HomeKit to the new architecture, <a href=\"https:\/\/www.apfelpatient.de\/en\/news\/ios-16-2-apple-withdraws-option-to-upgrade-to-new-home-architecture\">withdrawn<\/a>, after reports began to mount that the update wasn&#039;t working properly for users. Now it looks like Apple will try again with the next OS updates. Notes in the iOS 16.3 beta show a message in the Home app confirming that a &quot;Home upgrade is available&quot; with a &quot;new underlying architecture that will improve the performance of your home.&quot; This is the same message that appeared in iOS 16.2 before it was pulled.<\/p>\n\n\n\n<h3 class=\"wp-block-heading\" id=\"h-neue-homekit-architektur-scheint-unter-ios-16-3-eine-zweite-chance-zu-erhalten\">New HomeKit architecture seems to get a second chance under iOS 16.3<\/h3>\n\n\n\n\n\n\n\n<p>The notification in the beta is a clear sign that <a href=\"https:\/\/www.apple.com\/\" target=\"_blank\" rel=\"noreferrer noopener\">Apple<\/a> believes that everything is fine with the update and will release it to the public again. During the last attempt, users reported that their devices were stuck in an &quot;updating&quot; mode after updating, with some devices becoming unresponsive or unable to complete the update. At the time, it was unclear what had caused the problems, as there were no apparent commonalities between the reports. With the release of the iOS 16.3 beta, Apple seems confident that it has resolved the issues and is ready to make a second attempt. (Photo by hadrian \/ Bigstockphoto)<\/p>\n\n\n\n<ul class=\"wp-block-list\">\n<li><a href=\"https:\/\/www.apfelpatient.de\/en\/news\/ios-16-3-protect-apple-id-with-physical-security-keys\">iOS 16.3: Protect Apple ID with physical security keys<\/a><\/li>\n\n\n\n<li><a href=\"https:\/\/www.apfelpatient.de\/en\/news\/homepod-ios-16-3-beta-illuminated-handoff-function\">HomePod: iOS 16.3 beta highlights Handoff feature<\/a><\/li>\n<\/ul>\n\n\n\n<h6 class=\"wp-block-heading translation-block\" id=\"h-kennt-ihr-schon-unsere-amazon-storefront-dort-findet-ihr-eine-handverlesene-auswahl-von-diversen-produkten-f-r-euer-iphone-und-co-viel-spa-beim-st-bern\"><em>Have you already visited our Amazon Storefront? There you&#039;ll find a hand-picked selection of various products for your iPhone and other devices \u2013 <span class=\"has-inline-color has-vivid-red-color\"><a href=\"https:\/\/www.amazon.de\/shop\/apfelpatientofficial\" class=\"ek-link\" data-wpel-link=\"exclude\" rel=\"follow noopener\" target=\"_self\"><span style=\"text-decoration: underline\" class=\"ek-underline\">enjoy browsing<\/span><\/a> !<\/span><\/em><\/h6>\n\n\n\n<h6 class=\"wp-block-heading translation-block\" id=\"h-der-beitrag-enthalt-partnerlinks\">This post contains <a data-type=\"URL\" data-id=\"https:\/\/www.apfelpatient.de\/partnerprogramm\" href=\"https:\/\/www.apfelpatient.de\/en\/partner-program\" data-wpel-link=\"internal\" target=\"_self\">affiliate links<\/a>.<\/h6>","protected":false},"excerpt":{"rendered":"<p>New HomeKit architecture seems to get a second chance under iOS 16.3: Apple is working on reintroduction.<\/p>","protected":false},"author":2,"featured_media":36626,"comment_status":"closed","ping_status":"closed","sticky":false,"template":"","format":"standard","meta":{"jnews-multi-image_gallery":[],"jnews_single_post":{"subtitle":"","format":"standard","video":"","gallery":"","source_name":"","source_url":"","via_name":"","via_url":"","override":[{"single_blog_custom":"","sidebar":"","second_sidebar":"","share_position":"","share_float_style":"","post_date_format":"","post_date_format_custom":"","post_reading_time_wpm":"","zoom_button_out_step":"1","zoom_button_in_step":"1","number_popup_post":"1"}],"image_override":[{"single_post_thumbnail_size":"","single_post_gallery_size":""}],"trending_post_position":"","trending_post_label":"","sponsored_post_label":"","sponsored_post_name":"","sponsored_post_url":"","sponsored_post_logo":"","sponsored_post_desc":""},"jnews_primary_category":{"id":"9"},"footnotes":""},"categories":[9],"tags":[34,85,3,803,33,95],"class_list":["post-36849","post","type-post","status-publish","format-standard","has-post-thumbnail","hentry","category-news","tag-apple-dienste","tag-homepod","tag-ios","tag-ios-16-3","tag-ipados","tag-tvos"],"yoast_head":"<!-- This site is optimized with the Yoast SEO Premium plugin v27.5 (Yoast SEO v27.5) - https:\/\/yoast.com\/product\/yoast-seo-premium-wordpress\/ -->\n<title>Neue HomeKit Architektur: Wiedereinf\u00fchrung unter iOS 16.3?<\/title>\n<meta name=\"description\" content=\"Neue HomeKit-Architektur scheint unter iOS 16.3 eine zweite Chance zu erhalten: Apple arbeitet an Wiedereinf\u00fchrung.\" \/>\n<meta name=\"robots\" content=\"index, follow, max-snippet:-1, max-image-preview:large, max-video-preview:-1\" \/>\n<link rel=\"canonical\" href=\"https:\/\/www.apfelpatient.de\/en\/news\/new-homekit-architecture-reintroduction-under-ios-16-3\" \/>\n<meta property=\"og:locale\" content=\"en_US\" \/>\n<meta property=\"og:type\" content=\"article\" \/>\n<meta property=\"og:title\" content=\"Neue HomeKit Architektur: Wiedereinf\u00fchrung unter iOS 16.3?\" \/>\n<meta property=\"og:description\" content=\"Neue HomeKit-Architektur scheint unter iOS 16.3 eine zweite Chance zu erhalten: Apple arbeitet an Wiedereinf\u00fchrung.\" \/>\n<meta property=\"og:url\" content=\"https:\/\/www.apfelpatient.de\/en\/news\/new-homekit-architecture-reintroduction-under-ios-16-3\" \/>\n<meta property=\"og:site_name\" content=\"Apfelpatient\" \/>\n<meta property=\"article:publisher\" content=\"https:\/\/www.facebook.com\/apfelpatientOfficial\" \/>\n<meta property=\"article:author\" content=\"https:\/\/www.facebook.com\/apfelpatientOfficial\" \/>\n<meta property=\"article:published_time\" content=\"2023-01-15T16:21:58+00:00\" \/>\n<meta property=\"og:image\" content=\"https:\/\/www.apfelpatient.de\/wp-content\/uploads\/2022\/12\/bigstock-Paris-France-Sep-461917919.jpg\" \/>\n\t<meta property=\"og:image:width\" content=\"1600\" \/>\n\t<meta property=\"og:image:height\" content=\"1067\" \/>\n\t<meta property=\"og:image:type\" content=\"image\/jpeg\" \/>\n<meta name=\"author\" content=\"Milan\" \/>\n<meta name=\"twitter:card\" content=\"summary_large_image\" \/>\n<meta name=\"twitter:description\" content=\"Neue HomeKit-Architektur scheint unter iOS 16.3 eine zweite Chance zu erhalten: Apple arbeitet an Wiedereinf\u00fchrung.\" \/>\n<meta name=\"twitter:label1\" content=\"Written by\" \/>\n\t<meta name=\"twitter:data1\" content=\"Milan\" \/>\n\t<meta name=\"twitter:label2\" content=\"Est. reading time\" \/>\n\t<meta name=\"twitter:data2\" content=\"2 minutes\" \/>\n<script type=\"application\/ld+json\" class=\"yoast-schema-graph\">{\"@context\":\"https:\\\/\\\/schema.org\",\"@graph\":[{\"@type\":\"NewsArticle\",\"@id\":\"https:\\\/\\\/www.apfelpatient.de\\\/news\\\/neue-homekit-architektur-wiedereinfuehrung-unter-ios-16-3#article\",\"isPartOf\":{\"@id\":\"https:\\\/\\\/www.apfelpatient.de\\\/news\\\/neue-homekit-architektur-wiedereinfuehrung-unter-ios-16-3\"},\"author\":{\"@type\":\"Organization\",\"@id\":\"https:\\\/\\\/www.apfelpatient.de\\\/en\\\/#organization\",\"name\":\"Apfelpatient\",\"url\":\"https:\\\/\\\/www.apfelpatient.de\\\/en\\\/\"},\"headline\":\"Neue HomeKit Architektur: Wiedereinf\u00fchrung unter iOS 16.3?\",\"datePublished\":\"2023-01-15T16:21:58+00:00\",\"mainEntityOfPage\":{\"@id\":\"https:\\\/\\\/www.apfelpatient.de\\\/news\\\/neue-homekit-architektur-wiedereinfuehrung-unter-ios-16-3\"},\"wordCount\":273,\"publisher\":{\"@type\":\"Organization\",\"@id\":\"https:\\\/\\\/www.apfelpatient.de\\\/en\\\/#organization\",\"name\":\"Apfelpatient\",\"url\":\"https:\\\/\\\/www.apfelpatient.de\\\/en\\\/\"},\"image\":{\"@id\":\"https:\\\/\\\/www.apfelpatient.de\\\/news\\\/neue-homekit-architektur-wiedereinfuehrung-unter-ios-16-3#primaryimage\"},\"thumbnailUrl\":\"https:\\\/\\\/www.apfelpatient.de\\\/wp-content\\\/uploads\\\/2022\\\/12\\\/bigstock-Paris-France-Sep-461917919.jpg\",\"keywords\":[\"Apple Dienste\",\"HomePod\",\"iOS\",\"iOS 16.3\",\"iPadOS\",\"tvOS\"],\"articleSection\":\"News\",\"inLanguage\":\"en-US\",\"copyrightYear\":\"2023\",\"copyrightHolder\":{\"@id\":\"https:\\\/\\\/www.apfelpatient.de\\\/en\\\/#organization\"}},{\"@type\":\"WebPage\",\"@id\":\"https:\\\/\\\/www.apfelpatient.de\\\/news\\\/neue-homekit-architektur-wiedereinfuehrung-unter-ios-16-3\",\"url\":\"https:\\\/\\\/www.apfelpatient.de\\\/news\\\/neue-homekit-architektur-wiedereinfuehrung-unter-ios-16-3\",\"name\":\"Neue HomeKit Architektur: Wiedereinf\u00fchrung unter iOS 16.3?\",\"isPartOf\":{\"@id\":\"https:\\\/\\\/www.apfelpatient.de\\\/#website\"},\"primaryImageOfPage\":{\"@id\":\"https:\\\/\\\/www.apfelpatient.de\\\/news\\\/neue-homekit-architektur-wiedereinfuehrung-unter-ios-16-3#primaryimage\"},\"image\":{\"@id\":\"https:\\\/\\\/www.apfelpatient.de\\\/news\\\/neue-homekit-architektur-wiedereinfuehrung-unter-ios-16-3#primaryimage\"},\"thumbnailUrl\":\"https:\\\/\\\/www.apfelpatient.de\\\/wp-content\\\/uploads\\\/2022\\\/12\\\/bigstock-Paris-France-Sep-461917919.jpg\",\"datePublished\":\"2023-01-15T16:21:58+00:00\",\"description\":\"Neue HomeKit-Architektur scheint unter iOS 16.3 eine zweite Chance zu erhalten: Apple arbeitet an Wiedereinf\u00fchrung.\",\"breadcrumb\":{\"@id\":\"https:\\\/\\\/www.apfelpatient.de\\\/news\\\/neue-homekit-architektur-wiedereinfuehrung-unter-ios-16-3#breadcrumb\"},\"inLanguage\":\"en-US\",\"potentialAction\":[{\"@type\":\"ReadAction\",\"target\":[\"https:\\\/\\\/www.apfelpatient.de\\\/news\\\/neue-homekit-architektur-wiedereinfuehrung-unter-ios-16-3\"]}]},{\"@type\":\"ImageObject\",\"inLanguage\":\"en-US\",\"@id\":\"https:\\\/\\\/www.apfelpatient.de\\\/news\\\/neue-homekit-architektur-wiedereinfuehrung-unter-ios-16-3#primaryimage\",\"url\":\"https:\\\/\\\/www.apfelpatient.de\\\/wp-content\\\/uploads\\\/2022\\\/12\\\/bigstock-Paris-France-Sep-461917919.jpg\",\"contentUrl\":\"https:\\\/\\\/www.apfelpatient.de\\\/wp-content\\\/uploads\\\/2022\\\/12\\\/bigstock-Paris-France-Sep-461917919.jpg\",\"width\":1600,\"height\":1067,\"caption\":\"Paris, France - Sep 17, 2022: New revamped modified Home Kit app application on the display of Apple Computers iPhone 14 Pro smartphone showing new features categories, control at a glance, multi camera view\"},{\"@type\":\"BreadcrumbList\",\"@id\":\"https:\\\/\\\/www.apfelpatient.de\\\/news\\\/neue-homekit-architektur-wiedereinfuehrung-unter-ios-16-3#breadcrumb\",\"itemListElement\":[{\"@type\":\"ListItem\",\"position\":1,\"name\":\"Startseite\",\"item\":\"https:\\\/\\\/www.apfelpatient.de\\\/\"},{\"@type\":\"ListItem\",\"position\":2,\"name\":\"Neue HomeKit Architektur: Wiedereinf\u00fchrung unter iOS 16.3?\"}]},{\"@type\":\"WebSite\",\"@id\":\"https:\\\/\\\/www.apfelpatient.de\\\/#website\",\"url\":\"https:\\\/\\\/www.apfelpatient.de\\\/\",\"name\":\"Apfelpatient\",\"description\":\"Alles rund um Apple!\",\"publisher\":{\"@type\":\"Organization\",\"@id\":\"https:\\\/\\\/www.apfelpatient.de\\\/en\\\/#organization\",\"name\":\"Apfelpatient\",\"url\":\"https:\\\/\\\/www.apfelpatient.de\\\/en\\\/\"},\"alternateName\":\"Apfelpatient\",\"potentialAction\":[{\"@type\":\"SearchAction\",\"target\":{\"@type\":\"EntryPoint\",\"urlTemplate\":\"https:\\\/\\\/www.apfelpatient.de\\\/?s={search_term_string}\"},\"query-input\":{\"@type\":\"PropertyValueSpecification\",\"valueRequired\":true,\"valueName\":\"search_term_string\"}}],\"inLanguage\":\"en-US\"},{\"@type\":[\"Person\",\"Organization\"],\"@id\":\"https:\\\/\\\/www.apfelpatient.de\\\/#\\\/schema\\\/person\\\/35b3ddba5832f2bfc7fff5206d4f6b7b\",\"name\":\"Milan\",\"logo\":{\"@id\":\"https:\\\/\\\/www.apfelpatient.de\\\/#\\\/schema\\\/person\\\/image\\\/\"},\"description\":\"Hallo und herzlich willkommen auf meinem Technik-Blog! Als gro\u00dfer Apple-Fan berichte ich hier \u00fcber alles, was mit Apple zu tun hat: von den neuesten News und spannenden Ger\u00fcchten \u00fcber hilfreiche Tipps und Tricks bis hin zu ausf\u00fchrlichen Produkttests. Wenn du genauso technikbegeistert bist wie ich, bist du hier genau richtig!\",\"sameAs\":[\"https:\\\/\\\/www.facebook.com\\\/apfelpatientOfficial\",\"https:\\\/\\\/www.linkedin.com\\\/in\\\/milan-jovicic-42aa0231b\"],\"url\":\"https:\\\/\\\/www.apfelpatient.de\\\/en\\\/author\\\/apfeladmin\"}]}<\/script>\n<!-- \/ Yoast SEO Premium plugin. -->","yoast_head_json":{"title":"New HomeKit architecture: Reintroduction under iOS 16.3?","description":"New HomeKit architecture seems to get a second chance under iOS 16.3: Apple is working on reintroduction.","robots":{"index":"index","follow":"follow","max-snippet":"max-snippet:-1","max-image-preview":"max-image-preview:large","max-video-preview":"max-video-preview:-1"},"canonical":"https:\/\/www.apfelpatient.de\/en\/news\/new-homekit-architecture-reintroduction-under-ios-16-3","og_locale":"en_US","og_type":"article","og_title":"Neue HomeKit Architektur: Wiedereinf\u00fchrung unter iOS 16.3?","og_description":"Neue HomeKit-Architektur scheint unter iOS 16.3 eine zweite Chance zu erhalten: Apple arbeitet an Wiedereinf\u00fchrung.","og_url":"https:\/\/www.apfelpatient.de\/en\/news\/new-homekit-architecture-reintroduction-under-ios-16-3","og_site_name":"Apfelpatient","article_publisher":"https:\/\/www.facebook.com\/apfelpatientOfficial","article_author":"https:\/\/www.facebook.com\/apfelpatientOfficial","article_published_time":"2023-01-15T16:21:58+00:00","og_image":[{"width":1600,"height":1067,"url":"https:\/\/www.apfelpatient.de\/wp-content\/uploads\/2022\/12\/bigstock-Paris-France-Sep-461917919.jpg","type":"image\/jpeg"}],"author":"Milan","twitter_card":"summary_large_image","twitter_description":"Neue HomeKit-Architektur scheint unter iOS 16.3 eine zweite Chance zu erhalten: Apple arbeitet an Wiedereinf\u00fchrung.","twitter_misc":{"Written by":"Milan","Est. reading time":"2 minutes"},"schema":{"@context":"https:\/\/schema.org","@graph":[{"@type":"NewsArticle","@id":"https:\/\/www.apfelpatient.de\/news\/neue-homekit-architektur-wiedereinfuehrung-unter-ios-16-3#article","isPartOf":{"@id":"https:\/\/www.apfelpatient.de\/news\/neue-homekit-architektur-wiedereinfuehrung-unter-ios-16-3"},"author":{"@type":"Organization","@id":"https:\/\/www.apfelpatient.de\/en\/#organization","name":"Apfelpatient","url":"https:\/\/www.apfelpatient.de\/en\/"},"headline":"Neue HomeKit Architektur: Wiedereinf\u00fchrung unter iOS 16.3?","datePublished":"2023-01-15T16:21:58+00:00","mainEntityOfPage":{"@id":"https:\/\/www.apfelpatient.de\/news\/neue-homekit-architektur-wiedereinfuehrung-unter-ios-16-3"},"wordCount":273,"publisher":{"@type":"Organization","@id":"https:\/\/www.apfelpatient.de\/en\/#organization","name":"Apfelpatient","url":"https:\/\/www.apfelpatient.de\/en\/"},"image":{"@id":"https:\/\/www.apfelpatient.de\/news\/neue-homekit-architektur-wiedereinfuehrung-unter-ios-16-3#primaryimage"},"thumbnailUrl":"https:\/\/www.apfelpatient.de\/wp-content\/uploads\/2022\/12\/bigstock-Paris-France-Sep-461917919.jpg","keywords":["Apple Dienste","HomePod","iOS","iOS 16.3","iPadOS","tvOS"],"articleSection":"News","inLanguage":"en-US","copyrightYear":"2023","copyrightHolder":{"@id":"https:\/\/www.apfelpatient.de\/en\/#organization"}},{"@type":"WebPage","@id":"https:\/\/www.apfelpatient.de\/news\/neue-homekit-architektur-wiedereinfuehrung-unter-ios-16-3","url":"https:\/\/www.apfelpatient.de\/news\/neue-homekit-architektur-wiedereinfuehrung-unter-ios-16-3","name":"New HomeKit architecture: Reintroduction under iOS 16.3?","isPartOf":{"@id":"https:\/\/www.apfelpatient.de\/#website"},"primaryImageOfPage":{"@id":"https:\/\/www.apfelpatient.de\/news\/neue-homekit-architektur-wiedereinfuehrung-unter-ios-16-3#primaryimage"},"image":{"@id":"https:\/\/www.apfelpatient.de\/news\/neue-homekit-architektur-wiedereinfuehrung-unter-ios-16-3#primaryimage"},"thumbnailUrl":"https:\/\/www.apfelpatient.de\/wp-content\/uploads\/2022\/12\/bigstock-Paris-France-Sep-461917919.jpg","datePublished":"2023-01-15T16:21:58+00:00","description":"New HomeKit architecture seems to get a second chance under iOS 16.3: Apple is working on reintroduction.","breadcrumb":{"@id":"https:\/\/www.apfelpatient.de\/news\/neue-homekit-architektur-wiedereinfuehrung-unter-ios-16-3#breadcrumb"},"inLanguage":"en-US","potentialAction":[{"@type":"ReadAction","target":["https:\/\/www.apfelpatient.de\/news\/neue-homekit-architektur-wiedereinfuehrung-unter-ios-16-3"]}]},{"@type":"ImageObject","inLanguage":"en-US","@id":"https:\/\/www.apfelpatient.de\/news\/neue-homekit-architektur-wiedereinfuehrung-unter-ios-16-3#primaryimage","url":"https:\/\/www.apfelpatient.de\/wp-content\/uploads\/2022\/12\/bigstock-Paris-France-Sep-461917919.jpg","contentUrl":"https:\/\/www.apfelpatient.de\/wp-content\/uploads\/2022\/12\/bigstock-Paris-France-Sep-461917919.jpg","width":1600,"height":1067,"caption":"Paris, France - Sep 17, 2022: New revamped modified Home Kit app application on the display of Apple Computers iPhone 14 Pro smartphone showing new features categories, control at a glance, multi camera view"},{"@type":"BreadcrumbList","@id":"https:\/\/www.apfelpatient.de\/news\/neue-homekit-architektur-wiedereinfuehrung-unter-ios-16-3#breadcrumb","itemListElement":[{"@type":"ListItem","position":1,"name":"Startseite","item":"https:\/\/www.apfelpatient.de\/"},{"@type":"ListItem","position":2,"name":"Neue HomeKit Architektur: Wiedereinf\u00fchrung unter iOS 16.3?"}]},{"@type":"WebSite","@id":"https:\/\/www.apfelpatient.de\/#website","url":"https:\/\/www.apfelpatient.de\/","name":"apple patient","description":"Everything about Apple!","publisher":{"@type":"Organization","@id":"https:\/\/www.apfelpatient.de\/en\/#organization","name":"Apfelpatient","url":"https:\/\/www.apfelpatient.de\/en\/"},"alternateName":"Apfelpatient","potentialAction":[{"@type":"SearchAction","target":{"@type":"EntryPoint","urlTemplate":"https:\/\/www.apfelpatient.de\/?s={search_term_string}"},"query-input":{"@type":"PropertyValueSpecification","valueRequired":true,"valueName":"search_term_string"}}],"inLanguage":"en-US"},{"@type":["Person","Organization"],"@id":"https:\/\/www.apfelpatient.de\/#\/schema\/person\/35b3ddba5832f2bfc7fff5206d4f6b7b","name":"Milan","logo":{"@id":"https:\/\/www.apfelpatient.de\/#\/schema\/person\/image\/"},"description":"Hello and welcome to my technology blog! As a big Apple fan, I report on everything to do with Apple: from the latest news and exciting rumors to helpful tips and tricks and detailed product tests. If you are as enthusiastic about technology as I am, you have come to the right place!","sameAs":["https:\/\/www.facebook.com\/apfelpatientOfficial","https:\/\/www.linkedin.com\/in\/milan-jovicic-42aa0231b"],"url":"https:\/\/www.apfelpatient.de\/en\/author\/apfeladmin"}]}},"_links":{"self":[{"href":"https:\/\/www.apfelpatient.de\/en\/wp-json\/wp\/v2\/posts\/36849","targetHints":{"allow":["GET"]}}],"collection":[{"href":"https:\/\/www.apfelpatient.de\/en\/wp-json\/wp\/v2\/posts"}],"about":[{"href":"https:\/\/www.apfelpatient.de\/en\/wp-json\/wp\/v2\/types\/post"}],"author":[{"embeddable":true,"href":"https:\/\/www.apfelpatient.de\/en\/wp-json\/wp\/v2\/users\/2"}],"replies":[{"embeddable":true,"href":"https:\/\/www.apfelpatient.de\/en\/wp-json\/wp\/v2\/comments?post=36849"}],"version-history":[{"count":0,"href":"https:\/\/www.apfelpatient.de\/en\/wp-json\/wp\/v2\/posts\/36849\/revisions"}],"wp:featuredmedia":[{"embeddable":true,"href":"https:\/\/www.apfelpatient.de\/en\/wp-json\/wp\/v2\/media\/36626"}],"wp:attachment":[{"href":"https:\/\/www.apfelpatient.de\/en\/wp-json\/wp\/v2\/media?parent=36849"}],"wp:term":[{"taxonomy":"category","embeddable":true,"href":"https:\/\/www.apfelpatient.de\/en\/wp-json\/wp\/v2\/categories?post=36849"},{"taxonomy":"post_tag","embeddable":true,"href":"https:\/\/www.apfelpatient.de\/en\/wp-json\/wp\/v2\/tags?post=36849"}],"curies":[{"name":"wp","href":"https:\/\/api.w.org\/{rel}","templated":true}]}}