{"id":36810,"date":"2023-01-11T21:52:44","date_gmt":"2023-01-11T20:52:44","guid":{"rendered":"https:\/\/www.apfelpatient.de\/?p=36810"},"modified":"2023-01-11T21:52:45","modified_gmt":"2023-01-11T20:52:45","slug":"apple-silicon-mac-pro-is-currently-being-tested-with-macos-13-3","status":"publish","type":"post","link":"https:\/\/www.apfelpatient.de\/en\/rumors\/apple-silicon-mac-pro-wird-aktuell-mit-macos-13-3-getestet","title":{"rendered":"Apple Silicon Mac Pro is currently being tested with macOS 13.3"},"content":{"rendered":"<p class=\"has-drop-cap\"><strong>Apple is reportedly testing the unreleased Apple Silicon Mac Pro with a version of macOS Ventura that is expected to be released in the spring \u2013 macOS 13.3.<\/strong><\/p>\n\n\n\n<p>Mark Gurman of Bloomberg <a href=\"https:\/\/twitter.com\/markgurman\/status\/1613245165665148937?s=20&amp;t=2D1k9_KnyaU5DMTrPKYq0w\" target=\"_blank\" rel=\"noreferrer noopener\">confirmed<\/a> his recent reports that Apple is working on an M2 Ultra version of the Mac Pro and now expects a spring launch for this latest Mac to switch to Apple Silicon. Gurman is basing this on Apple&#039;s current developer beta, macOS Ventura 13.2. A 13.3 version is expected soon, although there is no exact timeline.<\/p>\n\n\n\n<h3 class=\"wp-block-heading\" id=\"h-steht-der-neue-apple-silicon-mac-pro-in-den-startlochern\">Is the new Apple Silicon Mac Pro ready to launch?<\/h3>\n\n\n\n\n\n\n\n<p>It&#039;s also no guarantee that testing a Mac Pro with macOS 13.3 means the device will be released with the operating system. However, it does suggest that the Mac Pro will not be able to run macOS 13.2, which fits with the fact that new devices need support for the latest operating system. The Mac Pro is the only Mac currently equipped with an Intel processor. As part of the spring events in 2022, Apple hinted that the refresh is coming. But recent reports suggest that plans for an M2 &quot;Extreme&quot; have been scaled back. (Photo by Unsplash \/ Nana Dua)<\/p>\n\n\n\n<ul class=\"wp-block-list\">\n<li><a href=\"https:\/\/www.apfelpatient.de\/en\/rumors\/apple-silicon-mac-pro-to-appear-in-familiar-design\">Apple Silicon Mac Pro to appear in familiar design<\/a><\/li>\n<\/ul>\n\n\n\n<h6 class=\"wp-block-heading translation-block\" id=\"h-kennt-ihr-schon-unsere-amazon-storefront-dort-findet-ihr-eine-handverlesene-auswahl-von-diversen-produkten-f-r-euer-iphone-und-co-viel-spa-beim-st-bern\"><em>Have you already visited our Amazon Storefront? There you&#039;ll find a hand-picked selection of various products for your iPhone and other devices \u2013 <span class=\"has-inline-color has-vivid-red-color\"><a href=\"https:\/\/www.amazon.de\/shop\/apfelpatientofficial\" class=\"ek-link\" data-wpel-link=\"exclude\" rel=\"follow noopener\" target=\"_self\"><span style=\"text-decoration: underline\" class=\"ek-underline\">enjoy browsing<\/span><\/a> !<\/span><\/em><\/h6>\n\n\n\n<h6 class=\"wp-block-heading translation-block\" id=\"h-der-beitrag-enthalt-partnerlinks\">This post contains <a data-type=\"URL\" data-id=\"https:\/\/www.apfelpatient.de\/partnerprogramm\" href=\"https:\/\/www.apfelpatient.de\/en\/partner-program\" data-wpel-link=\"internal\" target=\"_self\">affiliate links<\/a>.<\/h6>","protected":false},"excerpt":{"rendered":"<p>Apple is reportedly testing the unreleased Apple Silicon Mac Pro with a version of macOS Ventura \u2013 macOS 13.3.<\/p>","protected":false},"author":2,"featured_media":36812,"comment_status":"closed","ping_status":"closed","sticky":false,"template":"","format":"standard","meta":{"jnews-multi-image_gallery":[],"jnews_single_post":{"subtitle":"","format":"standard","video":"","gallery":"","source_name":"","source_url":"","via_name":"","via_url":"","override":[{"single_blog_custom":"","sidebar":"","second_sidebar":"","share_position":"","share_float_style":"","post_date_format":"","post_date_format_custom":"","post_reading_time_wpm":"","zoom_button_out_step":"1","zoom_button_in_step":"1","number_popup_post":"1"}],"image_override":[{"single_post_thumbnail_size":"","single_post_gallery_size":""}],"trending_post_position":"","trending_post_label":"","sponsored_post_label":"","sponsored_post_name":"","sponsored_post_url":"","sponsored_post_logo":"","sponsored_post_desc":""},"jnews_primary_category":{"id":"25"},"footnotes":""},"categories":[25],"tags":[40,234],"class_list":["post-36810","post","type-post","status-publish","format-standard","has-post-thumbnail","hentry","category-rumors","tag-mac","tag-mac-pro"],"yoast_head":"<!-- This site is optimized with the Yoast SEO Premium plugin v27.5 (Yoast SEO v27.5) - https:\/\/yoast.com\/product\/yoast-seo-premium-wordpress\/ -->\n<title>Apple Silicon Mac Pro wird aktuell mit macOS 13.3 getestet<\/title>\n<meta name=\"description\" content=\"Berichten zufolge testet Apple den unver\u00f6ffentlichten Apple Silicon Mac Pro mit einer Version von macOS Ventura - also macOS 13.3.\" \/>\n<meta name=\"robots\" content=\"index, follow, max-snippet:-1, max-image-preview:large, max-video-preview:-1\" \/>\n<link rel=\"canonical\" href=\"https:\/\/www.apfelpatient.de\/en\/rumors\/apple-silicon-mac-pro-is-currently-being-tested-with-macos-13-3\" \/>\n<meta property=\"og:locale\" content=\"en_US\" \/>\n<meta property=\"og:type\" content=\"article\" \/>\n<meta property=\"og:title\" content=\"Apple Silicon Mac Pro wird aktuell mit macOS 13.3 getestet\" \/>\n<meta property=\"og:description\" content=\"Berichten zufolge testet Apple den unver\u00f6ffentlichten Apple Silicon Mac Pro mit einer Version von macOS Ventura - also macOS 13.3.\" \/>\n<meta property=\"og:url\" content=\"https:\/\/www.apfelpatient.de\/en\/rumors\/apple-silicon-mac-pro-is-currently-being-tested-with-macos-13-3\" \/>\n<meta property=\"og:site_name\" content=\"Apfelpatient\" \/>\n<meta property=\"article:publisher\" content=\"https:\/\/www.facebook.com\/apfelpatientOfficial\" \/>\n<meta property=\"article:author\" content=\"https:\/\/www.facebook.com\/apfelpatientOfficial\" \/>\n<meta property=\"article:published_time\" content=\"2023-01-11T20:52:44+00:00\" \/>\n<meta property=\"article:modified_time\" content=\"2023-01-11T20:52:45+00:00\" \/>\n<meta property=\"og:image\" content=\"https:\/\/www.apfelpatient.de\/wp-content\/uploads\/2023\/01\/nana-dua-aDdri5jsFZk-unsplash.jpg\" \/>\n\t<meta property=\"og:image:width\" content=\"1600\" \/>\n\t<meta property=\"og:image:height\" content=\"900\" \/>\n\t<meta property=\"og:image:type\" content=\"image\/jpeg\" \/>\n<meta name=\"author\" content=\"Milan\" \/>\n<meta name=\"twitter:card\" content=\"summary_large_image\" \/>\n<meta name=\"twitter:description\" content=\"Berichten zufolge testet Apple den unver\u00f6ffentlichten Apple Silicon Mac Pro mit einer Version von macOS Ventura - also macOS 13.3.\" \/>\n<meta name=\"twitter:label1\" content=\"Written by\" \/>\n\t<meta name=\"twitter:data1\" content=\"Milan\" \/>\n\t<meta name=\"twitter:label2\" content=\"Est. reading time\" \/>\n\t<meta name=\"twitter:data2\" content=\"2 minutes\" \/>\n<script type=\"application\/ld+json\" class=\"yoast-schema-graph\">{\"@context\":\"https:\\\/\\\/schema.org\",\"@graph\":[{\"@type\":\"NewsArticle\",\"@id\":\"https:\\\/\\\/www.apfelpatient.de\\\/rumors\\\/apple-silicon-mac-pro-wird-aktuell-mit-macos-13-3-getestet#article\",\"isPartOf\":{\"@id\":\"https:\\\/\\\/www.apfelpatient.de\\\/rumors\\\/apple-silicon-mac-pro-wird-aktuell-mit-macos-13-3-getestet\"},\"author\":{\"@type\":\"Organization\",\"@id\":\"https:\\\/\\\/www.apfelpatient.de\\\/en\\\/#organization\",\"name\":\"Apfelpatient\",\"url\":\"https:\\\/\\\/www.apfelpatient.de\\\/en\\\/\"},\"headline\":\"Apple Silicon Mac Pro wird aktuell mit macOS 13.3 getestet\",\"datePublished\":\"2023-01-11T20:52:44+00:00\",\"dateModified\":\"2023-01-11T20:52:45+00:00\",\"mainEntityOfPage\":{\"@id\":\"https:\\\/\\\/www.apfelpatient.de\\\/rumors\\\/apple-silicon-mac-pro-wird-aktuell-mit-macos-13-3-getestet\"},\"wordCount\":237,\"publisher\":{\"@type\":\"Organization\",\"@id\":\"https:\\\/\\\/www.apfelpatient.de\\\/en\\\/#organization\",\"name\":\"Apfelpatient\",\"url\":\"https:\\\/\\\/www.apfelpatient.de\\\/en\\\/\"},\"image\":{\"@id\":\"https:\\\/\\\/www.apfelpatient.de\\\/rumors\\\/apple-silicon-mac-pro-wird-aktuell-mit-macos-13-3-getestet#primaryimage\"},\"thumbnailUrl\":\"https:\\\/\\\/www.apfelpatient.de\\\/wp-content\\\/uploads\\\/2023\\\/01\\\/nana-dua-aDdri5jsFZk-unsplash.jpg\",\"keywords\":[\"Mac\",\"Mac Pro\"],\"articleSection\":\"Rumors\",\"inLanguage\":\"en-US\",\"copyrightYear\":\"2023\",\"copyrightHolder\":{\"@id\":\"https:\\\/\\\/www.apfelpatient.de\\\/en\\\/#organization\"}},{\"@type\":\"WebPage\",\"@id\":\"https:\\\/\\\/www.apfelpatient.de\\\/rumors\\\/apple-silicon-mac-pro-wird-aktuell-mit-macos-13-3-getestet\",\"url\":\"https:\\\/\\\/www.apfelpatient.de\\\/rumors\\\/apple-silicon-mac-pro-wird-aktuell-mit-macos-13-3-getestet\",\"name\":\"Apple Silicon Mac Pro wird aktuell mit macOS 13.3 getestet\",\"isPartOf\":{\"@id\":\"https:\\\/\\\/www.apfelpatient.de\\\/#website\"},\"primaryImageOfPage\":{\"@id\":\"https:\\\/\\\/www.apfelpatient.de\\\/rumors\\\/apple-silicon-mac-pro-wird-aktuell-mit-macos-13-3-getestet#primaryimage\"},\"image\":{\"@id\":\"https:\\\/\\\/www.apfelpatient.de\\\/rumors\\\/apple-silicon-mac-pro-wird-aktuell-mit-macos-13-3-getestet#primaryimage\"},\"thumbnailUrl\":\"https:\\\/\\\/www.apfelpatient.de\\\/wp-content\\\/uploads\\\/2023\\\/01\\\/nana-dua-aDdri5jsFZk-unsplash.jpg\",\"datePublished\":\"2023-01-11T20:52:44+00:00\",\"dateModified\":\"2023-01-11T20:52:45+00:00\",\"description\":\"Berichten zufolge testet Apple den unver\u00f6ffentlichten Apple Silicon Mac Pro mit einer Version von macOS Ventura - also macOS 13.3.\",\"breadcrumb\":{\"@id\":\"https:\\\/\\\/www.apfelpatient.de\\\/rumors\\\/apple-silicon-mac-pro-wird-aktuell-mit-macos-13-3-getestet#breadcrumb\"},\"inLanguage\":\"en-US\",\"potentialAction\":[{\"@type\":\"ReadAction\",\"target\":[\"https:\\\/\\\/www.apfelpatient.de\\\/rumors\\\/apple-silicon-mac-pro-wird-aktuell-mit-macos-13-3-getestet\"]}]},{\"@type\":\"ImageObject\",\"inLanguage\":\"en-US\",\"@id\":\"https:\\\/\\\/www.apfelpatient.de\\\/rumors\\\/apple-silicon-mac-pro-wird-aktuell-mit-macos-13-3-getestet#primaryimage\",\"url\":\"https:\\\/\\\/www.apfelpatient.de\\\/wp-content\\\/uploads\\\/2023\\\/01\\\/nana-dua-aDdri5jsFZk-unsplash.jpg\",\"contentUrl\":\"https:\\\/\\\/www.apfelpatient.de\\\/wp-content\\\/uploads\\\/2023\\\/01\\\/nana-dua-aDdri5jsFZk-unsplash.jpg\",\"width\":1600,\"height\":900,\"caption\":\"Photo by Unsplash \\\/ Nana Dua\"},{\"@type\":\"BreadcrumbList\",\"@id\":\"https:\\\/\\\/www.apfelpatient.de\\\/rumors\\\/apple-silicon-mac-pro-wird-aktuell-mit-macos-13-3-getestet#breadcrumb\",\"itemListElement\":[{\"@type\":\"ListItem\",\"position\":1,\"name\":\"Startseite\",\"item\":\"https:\\\/\\\/www.apfelpatient.de\\\/\"},{\"@type\":\"ListItem\",\"position\":2,\"name\":\"Apple Silicon Mac Pro wird aktuell mit macOS 13.3 getestet\"}]},{\"@type\":\"WebSite\",\"@id\":\"https:\\\/\\\/www.apfelpatient.de\\\/#website\",\"url\":\"https:\\\/\\\/www.apfelpatient.de\\\/\",\"name\":\"Apfelpatient\",\"description\":\"Alles rund um Apple!\",\"publisher\":{\"@type\":\"Organization\",\"@id\":\"https:\\\/\\\/www.apfelpatient.de\\\/en\\\/#organization\",\"name\":\"Apfelpatient\",\"url\":\"https:\\\/\\\/www.apfelpatient.de\\\/en\\\/\"},\"alternateName\":\"Apfelpatient\",\"potentialAction\":[{\"@type\":\"SearchAction\",\"target\":{\"@type\":\"EntryPoint\",\"urlTemplate\":\"https:\\\/\\\/www.apfelpatient.de\\\/?s={search_term_string}\"},\"query-input\":{\"@type\":\"PropertyValueSpecification\",\"valueRequired\":true,\"valueName\":\"search_term_string\"}}],\"inLanguage\":\"en-US\"},{\"@type\":[\"Person\",\"Organization\"],\"@id\":\"https:\\\/\\\/www.apfelpatient.de\\\/#\\\/schema\\\/person\\\/35b3ddba5832f2bfc7fff5206d4f6b7b\",\"name\":\"Milan\",\"logo\":{\"@id\":\"https:\\\/\\\/www.apfelpatient.de\\\/#\\\/schema\\\/person\\\/image\\\/\"},\"description\":\"Hallo und herzlich willkommen auf meinem Technik-Blog! Als gro\u00dfer Apple-Fan berichte ich hier \u00fcber alles, was mit Apple zu tun hat: von den neuesten News und spannenden Ger\u00fcchten \u00fcber hilfreiche Tipps und Tricks bis hin zu ausf\u00fchrlichen Produkttests. Wenn du genauso technikbegeistert bist wie ich, bist du hier genau richtig!\",\"sameAs\":[\"https:\\\/\\\/www.facebook.com\\\/apfelpatientOfficial\",\"https:\\\/\\\/www.linkedin.com\\\/in\\\/milan-jovicic-42aa0231b\"],\"url\":\"https:\\\/\\\/www.apfelpatient.de\\\/en\\\/author\\\/apfeladmin\"}]}<\/script>\n<!-- \/ Yoast SEO Premium plugin. -->","yoast_head_json":{"title":"Apple Silicon Mac Pro is currently being tested with macOS 13.3","description":"Apple is reportedly testing the unreleased Apple Silicon Mac Pro with a version of macOS Ventura - macOS 13.3.","robots":{"index":"index","follow":"follow","max-snippet":"max-snippet:-1","max-image-preview":"max-image-preview:large","max-video-preview":"max-video-preview:-1"},"canonical":"https:\/\/www.apfelpatient.de\/en\/rumors\/apple-silicon-mac-pro-is-currently-being-tested-with-macos-13-3","og_locale":"en_US","og_type":"article","og_title":"Apple Silicon Mac Pro wird aktuell mit macOS 13.3 getestet","og_description":"Berichten zufolge testet Apple den unver\u00f6ffentlichten Apple Silicon Mac Pro mit einer Version von macOS Ventura - also macOS 13.3.","og_url":"https:\/\/www.apfelpatient.de\/en\/rumors\/apple-silicon-mac-pro-is-currently-being-tested-with-macos-13-3","og_site_name":"Apfelpatient","article_publisher":"https:\/\/www.facebook.com\/apfelpatientOfficial","article_author":"https:\/\/www.facebook.com\/apfelpatientOfficial","article_published_time":"2023-01-11T20:52:44+00:00","article_modified_time":"2023-01-11T20:52:45+00:00","og_image":[{"width":1600,"height":900,"url":"https:\/\/www.apfelpatient.de\/wp-content\/uploads\/2023\/01\/nana-dua-aDdri5jsFZk-unsplash.jpg","type":"image\/jpeg"}],"author":"Milan","twitter_card":"summary_large_image","twitter_description":"Berichten zufolge testet Apple den unver\u00f6ffentlichten Apple Silicon Mac Pro mit einer Version von macOS Ventura - also macOS 13.3.","twitter_misc":{"Written by":"Milan","Est. reading time":"2 minutes"},"schema":{"@context":"https:\/\/schema.org","@graph":[{"@type":"NewsArticle","@id":"https:\/\/www.apfelpatient.de\/rumors\/apple-silicon-mac-pro-wird-aktuell-mit-macos-13-3-getestet#article","isPartOf":{"@id":"https:\/\/www.apfelpatient.de\/rumors\/apple-silicon-mac-pro-wird-aktuell-mit-macos-13-3-getestet"},"author":{"@type":"Organization","@id":"https:\/\/www.apfelpatient.de\/en\/#organization","name":"Apfelpatient","url":"https:\/\/www.apfelpatient.de\/en\/"},"headline":"Apple Silicon Mac Pro wird aktuell mit macOS 13.3 getestet","datePublished":"2023-01-11T20:52:44+00:00","dateModified":"2023-01-11T20:52:45+00:00","mainEntityOfPage":{"@id":"https:\/\/www.apfelpatient.de\/rumors\/apple-silicon-mac-pro-wird-aktuell-mit-macos-13-3-getestet"},"wordCount":237,"publisher":{"@type":"Organization","@id":"https:\/\/www.apfelpatient.de\/en\/#organization","name":"Apfelpatient","url":"https:\/\/www.apfelpatient.de\/en\/"},"image":{"@id":"https:\/\/www.apfelpatient.de\/rumors\/apple-silicon-mac-pro-wird-aktuell-mit-macos-13-3-getestet#primaryimage"},"thumbnailUrl":"https:\/\/www.apfelpatient.de\/wp-content\/uploads\/2023\/01\/nana-dua-aDdri5jsFZk-unsplash.jpg","keywords":["Mac","Mac Pro"],"articleSection":"Rumors","inLanguage":"en-US","copyrightYear":"2023","copyrightHolder":{"@id":"https:\/\/www.apfelpatient.de\/en\/#organization"}},{"@type":"WebPage","@id":"https:\/\/www.apfelpatient.de\/rumors\/apple-silicon-mac-pro-wird-aktuell-mit-macos-13-3-getestet","url":"https:\/\/www.apfelpatient.de\/rumors\/apple-silicon-mac-pro-wird-aktuell-mit-macos-13-3-getestet","name":"Apple Silicon Mac Pro is currently being tested with macOS 13.3","isPartOf":{"@id":"https:\/\/www.apfelpatient.de\/#website"},"primaryImageOfPage":{"@id":"https:\/\/www.apfelpatient.de\/rumors\/apple-silicon-mac-pro-wird-aktuell-mit-macos-13-3-getestet#primaryimage"},"image":{"@id":"https:\/\/www.apfelpatient.de\/rumors\/apple-silicon-mac-pro-wird-aktuell-mit-macos-13-3-getestet#primaryimage"},"thumbnailUrl":"https:\/\/www.apfelpatient.de\/wp-content\/uploads\/2023\/01\/nana-dua-aDdri5jsFZk-unsplash.jpg","datePublished":"2023-01-11T20:52:44+00:00","dateModified":"2023-01-11T20:52:45+00:00","description":"Apple is reportedly testing the unreleased Apple Silicon Mac Pro with a version of macOS Ventura - macOS 13.3.","breadcrumb":{"@id":"https:\/\/www.apfelpatient.de\/rumors\/apple-silicon-mac-pro-wird-aktuell-mit-macos-13-3-getestet#breadcrumb"},"inLanguage":"en-US","potentialAction":[{"@type":"ReadAction","target":["https:\/\/www.apfelpatient.de\/rumors\/apple-silicon-mac-pro-wird-aktuell-mit-macos-13-3-getestet"]}]},{"@type":"ImageObject","inLanguage":"en-US","@id":"https:\/\/www.apfelpatient.de\/rumors\/apple-silicon-mac-pro-wird-aktuell-mit-macos-13-3-getestet#primaryimage","url":"https:\/\/www.apfelpatient.de\/wp-content\/uploads\/2023\/01\/nana-dua-aDdri5jsFZk-unsplash.jpg","contentUrl":"https:\/\/www.apfelpatient.de\/wp-content\/uploads\/2023\/01\/nana-dua-aDdri5jsFZk-unsplash.jpg","width":1600,"height":900,"caption":"Photo by Unsplash \/ Nana Dua"},{"@type":"BreadcrumbList","@id":"https:\/\/www.apfelpatient.de\/rumors\/apple-silicon-mac-pro-wird-aktuell-mit-macos-13-3-getestet#breadcrumb","itemListElement":[{"@type":"ListItem","position":1,"name":"Startseite","item":"https:\/\/www.apfelpatient.de\/"},{"@type":"ListItem","position":2,"name":"Apple Silicon Mac Pro wird aktuell mit macOS 13.3 getestet"}]},{"@type":"WebSite","@id":"https:\/\/www.apfelpatient.de\/#website","url":"https:\/\/www.apfelpatient.de\/","name":"apple patient","description":"Everything about Apple!","publisher":{"@type":"Organization","@id":"https:\/\/www.apfelpatient.de\/en\/#organization","name":"Apfelpatient","url":"https:\/\/www.apfelpatient.de\/en\/"},"alternateName":"Apfelpatient","potentialAction":[{"@type":"SearchAction","target":{"@type":"EntryPoint","urlTemplate":"https:\/\/www.apfelpatient.de\/?s={search_term_string}"},"query-input":{"@type":"PropertyValueSpecification","valueRequired":true,"valueName":"search_term_string"}}],"inLanguage":"en-US"},{"@type":["Person","Organization"],"@id":"https:\/\/www.apfelpatient.de\/#\/schema\/person\/35b3ddba5832f2bfc7fff5206d4f6b7b","name":"Milan","logo":{"@id":"https:\/\/www.apfelpatient.de\/#\/schema\/person\/image\/"},"description":"Hello and welcome to my technology blog! As a big Apple fan, I report on everything to do with Apple: from the latest news and exciting rumors to helpful tips and tricks and detailed product tests. If you are as enthusiastic about technology as I am, you have come to the right place!","sameAs":["https:\/\/www.facebook.com\/apfelpatientOfficial","https:\/\/www.linkedin.com\/in\/milan-jovicic-42aa0231b"],"url":"https:\/\/www.apfelpatient.de\/en\/author\/apfeladmin"}]}},"_links":{"self":[{"href":"https:\/\/www.apfelpatient.de\/en\/wp-json\/wp\/v2\/posts\/36810","targetHints":{"allow":["GET"]}}],"collection":[{"href":"https:\/\/www.apfelpatient.de\/en\/wp-json\/wp\/v2\/posts"}],"about":[{"href":"https:\/\/www.apfelpatient.de\/en\/wp-json\/wp\/v2\/types\/post"}],"author":[{"embeddable":true,"href":"https:\/\/www.apfelpatient.de\/en\/wp-json\/wp\/v2\/users\/2"}],"replies":[{"embeddable":true,"href":"https:\/\/www.apfelpatient.de\/en\/wp-json\/wp\/v2\/comments?post=36810"}],"version-history":[{"count":0,"href":"https:\/\/www.apfelpatient.de\/en\/wp-json\/wp\/v2\/posts\/36810\/revisions"}],"wp:featuredmedia":[{"embeddable":true,"href":"https:\/\/www.apfelpatient.de\/en\/wp-json\/wp\/v2\/media\/36812"}],"wp:attachment":[{"href":"https:\/\/www.apfelpatient.de\/en\/wp-json\/wp\/v2\/media?parent=36810"}],"wp:term":[{"taxonomy":"category","embeddable":true,"href":"https:\/\/www.apfelpatient.de\/en\/wp-json\/wp\/v2\/categories?post=36810"},{"taxonomy":"post_tag","embeddable":true,"href":"https:\/\/www.apfelpatient.de\/en\/wp-json\/wp\/v2\/tags?post=36810"}],"curies":[{"name":"wp","href":"https:\/\/api.w.org\/{rel}","templated":true}]}}