{"id":3681,"date":"2019-03-07T14:37:24","date_gmt":"2019-03-07T13:37:24","guid":{"rendered":"https:\/\/www.apfelpatient.de\/?p=3681"},"modified":"2025-02-06T07:09:08","modified_gmt":"2025-02-06T06:09:08","slug":"apple-pay-germany-sparkasse-launches-this-year","status":"publish","type":"post","link":"https:\/\/www.apfelpatient.de\/en\/news\/apple-pay-deutschland-sparkasse-startet-noch-in-diesem-jahr","title":{"rendered":"Apple Pay Germany: Sparkasse launches this year"},"content":{"rendered":"<p><strong>Two weeks ago, Sparkasse gave its first sign of life on the subject of Apple Pay since December 2018. Now the president of the umbrella organization has spoken out.<\/strong><\/p>\n<p class=\"p1\"><\/p>\n<p>After the German Savings Banks and Giro Association (DSGV) called for the NFC interface on iPhones and Apple Watches to be opened up at the end of last year, a change in strategy now seems to be imminent. <a href=\"https:\/\/www.apfelpatient.de\/en\">two weeks<\/a> a spokesman commented on the topic. According to him, the talks between both parties were very positive. Now Helmut Schleweis, president of the umbrella organization, has spoken out on the topic himself. In his announcement, he repeated the most recent statements and how important it is to enable mobile payments on Apple devices. At the same time, however, he stressed that supporting the Girocard (formerly EC card) is of great importance - according to him, only one in three Germans has a credit card.<\/p>\n<p><strong>Project Diamond<\/strong><\/p>\n<p>The integration of the Girocard is therefore a prerequisite for the introduction of Apple Pay \u2013 this should happen very soon. Other financial institutions have already made announcements in this regard in the past. Schleweis promises Apple Pay for Sparkasse customers this year \u2013 he did not give an exact date. If you pay any attention to the rumors surrounding <a href=\"https:\/\/www.apfelpatient.de\/en\">project &quot;Diamond&quot;<\/a> Believe it or not, the service could go live in November this year.<em> (Image: German Savings Banks and Giro Association)<\/em><\/p>\n<h6><a href=\"https:\/\/t.me\/apfelpatient_official\"><em><strong>Don&#039;t want to miss any more news? Then subscribe to our Telegram channel here<\/strong><\/em><\/a><\/h6>","protected":false},"excerpt":{"rendered":"<p>Vor zwei Wochen gab es das erste Lebenszeichen der Sparkasse zum Thema Apple Pay seit Dezember 2018. Nun hat sich der Pr\u00e4sident des Dachverbands zu Wort gemeldet. Nachdem der Deutsche Sparkassen- und Giroverband (DSGV) Ende letzten Jahres die \u00d6ffnung der NFC-Schnittstelle bei iPhone und Apple Watch forderte, scheint nun tats\u00e4chlich ein Strategiewechsel anzustehen. Vor etwa [&hellip;]<\/p>\n","protected":false},"author":2,"featured_media":5508,"comment_status":"closed","ping_status":"open","sticky":false,"template":"","format":"standard","meta":{"jnews-multi-image_gallery":[],"jnews_single_post":[],"jnews_primary_category":[],"footnotes":""},"categories":[9],"tags":[34,35,194,8,36],"class_list":["post-3681","post","type-post","status-publish","format-standard","has-post-thumbnail","hentry","category-news","tag-apple-dienste","tag-apple-pay","tag-apple-pay-deutschland","tag-iphone","tag-sparkasse"],"yoast_head":"<!-- This site is optimized with the Yoast SEO Premium plugin v27.5 (Yoast SEO v27.5) - https:\/\/yoast.com\/product\/yoast-seo-premium-wordpress\/ -->\n<title>Apple Pay Deutschland: Sparkasse startet noch in diesem Jahr Apfelpatient<\/title>\n<meta name=\"description\" content=\"- Vor zwei Wochen gab es das erste Lebenszeichen der Sparkasse zum Thema Apple Pay seit Dezember 2018. Nun hat sich der Pr\u00e4sident des Dachverbands zu Wort gemeldet.\" \/>\n<meta name=\"robots\" content=\"index, follow, max-snippet:-1, max-image-preview:large, max-video-preview:-1\" \/>\n<link rel=\"canonical\" href=\"https:\/\/www.apfelpatient.de\/en\/news\/apple-pay-germany-sparkasse-launches-this-year\" \/>\n<meta property=\"og:locale\" content=\"en_US\" \/>\n<meta property=\"og:type\" content=\"article\" \/>\n<meta property=\"og:title\" content=\"Apple Pay Deutschland: Sparkasse startet noch in diesem Jahr\" \/>\n<meta property=\"og:description\" content=\"- Vor zwei Wochen gab es das erste Lebenszeichen der Sparkasse zum Thema Apple Pay seit Dezember 2018. Nun hat sich der Pr\u00e4sident des Dachverbands zu Wort gemeldet.\" \/>\n<meta property=\"og:url\" content=\"https:\/\/www.apfelpatient.de\/en\/news\/apple-pay-germany-sparkasse-launches-this-year\" \/>\n<meta property=\"og:site_name\" content=\"Apfelpatient\" \/>\n<meta property=\"article:publisher\" content=\"https:\/\/www.facebook.com\/apfelpatientOfficial\" \/>\n<meta property=\"article:author\" content=\"https:\/\/www.facebook.com\/apfelpatientOfficial\" \/>\n<meta property=\"article:published_time\" content=\"2019-03-07T13:37:24+00:00\" \/>\n<meta property=\"article:modified_time\" content=\"2025-02-06T06:09:08+00:00\" \/>\n<meta property=\"og:image\" content=\"https:\/\/www.apfelpatient.de\/wp-content\/uploads\/2019\/08\/Neue-Sparkassen-Card.jpg\" \/>\n\t<meta property=\"og:image:width\" content=\"1772\" \/>\n\t<meta property=\"og:image:height\" content=\"1181\" \/>\n\t<meta property=\"og:image:type\" content=\"image\/jpeg\" \/>\n<meta name=\"author\" content=\"Milan\" \/>\n<meta name=\"twitter:card\" content=\"summary_large_image\" \/>\n<meta name=\"twitter:label1\" content=\"Written by\" \/>\n\t<meta name=\"twitter:data1\" content=\"Milan\" \/>\n\t<meta name=\"twitter:label2\" content=\"Est. reading time\" \/>\n\t<meta name=\"twitter:data2\" content=\"1 minute\" \/>\n<script type=\"application\/ld+json\" class=\"yoast-schema-graph\">{\"@context\":\"https:\\\/\\\/schema.org\",\"@graph\":[{\"@type\":\"NewsArticle\",\"@id\":\"https:\\\/\\\/www.apfelpatient.de\\\/news\\\/apple-pay-deutschland-sparkasse-startet-noch-in-diesem-jahr#article\",\"isPartOf\":{\"@id\":\"https:\\\/\\\/www.apfelpatient.de\\\/news\\\/apple-pay-deutschland-sparkasse-startet-noch-in-diesem-jahr\"},\"author\":{\"@type\":\"Organization\",\"@id\":\"https:\\\/\\\/www.apfelpatient.de\\\/en\\\/#organization\",\"name\":\"Apfelpatient\",\"url\":\"https:\\\/\\\/www.apfelpatient.de\\\/en\\\/\"},\"headline\":\"Apple Pay Deutschland: Sparkasse startet noch in diesem Jahr\",\"datePublished\":\"2019-03-07T13:37:24+00:00\",\"dateModified\":\"2025-02-06T06:09:08+00:00\",\"mainEntityOfPage\":{\"@id\":\"https:\\\/\\\/www.apfelpatient.de\\\/news\\\/apple-pay-deutschland-sparkasse-startet-noch-in-diesem-jahr\"},\"wordCount\":252,\"publisher\":{\"@type\":\"Organization\",\"@id\":\"https:\\\/\\\/www.apfelpatient.de\\\/en\\\/#organization\",\"name\":\"Apfelpatient\",\"url\":\"https:\\\/\\\/www.apfelpatient.de\\\/en\\\/\"},\"image\":{\"@id\":\"https:\\\/\\\/www.apfelpatient.de\\\/news\\\/apple-pay-deutschland-sparkasse-startet-noch-in-diesem-jahr#primaryimage\"},\"thumbnailUrl\":\"https:\\\/\\\/www.apfelpatient.de\\\/wp-content\\\/uploads\\\/2019\\\/08\\\/Neue-Sparkassen-Card.jpg\",\"keywords\":[\"Apple Dienste\",\"Apple Pay\",\"Apple Pay Deutschland\",\"iPhone\",\"Sparkasse\"],\"articleSection\":\"News\",\"inLanguage\":\"en-US\",\"copyrightYear\":\"2019\",\"copyrightHolder\":{\"@id\":\"https:\\\/\\\/www.apfelpatient.de\\\/en\\\/#organization\"}},{\"@type\":\"WebPage\",\"@id\":\"https:\\\/\\\/www.apfelpatient.de\\\/news\\\/apple-pay-deutschland-sparkasse-startet-noch-in-diesem-jahr\",\"url\":\"https:\\\/\\\/www.apfelpatient.de\\\/news\\\/apple-pay-deutschland-sparkasse-startet-noch-in-diesem-jahr\",\"name\":\"Apple Pay Deutschland: Sparkasse startet noch in diesem Jahr Apfelpatient\",\"isPartOf\":{\"@id\":\"https:\\\/\\\/www.apfelpatient.de\\\/#website\"},\"primaryImageOfPage\":{\"@id\":\"https:\\\/\\\/www.apfelpatient.de\\\/news\\\/apple-pay-deutschland-sparkasse-startet-noch-in-diesem-jahr#primaryimage\"},\"image\":{\"@id\":\"https:\\\/\\\/www.apfelpatient.de\\\/news\\\/apple-pay-deutschland-sparkasse-startet-noch-in-diesem-jahr#primaryimage\"},\"thumbnailUrl\":\"https:\\\/\\\/www.apfelpatient.de\\\/wp-content\\\/uploads\\\/2019\\\/08\\\/Neue-Sparkassen-Card.jpg\",\"datePublished\":\"2019-03-07T13:37:24+00:00\",\"dateModified\":\"2025-02-06T06:09:08+00:00\",\"description\":\"- Vor zwei Wochen gab es das erste Lebenszeichen der Sparkasse zum Thema Apple Pay seit Dezember 2018. Nun hat sich der Pr\u00e4sident des Dachverbands zu Wort gemeldet.\",\"breadcrumb\":{\"@id\":\"https:\\\/\\\/www.apfelpatient.de\\\/news\\\/apple-pay-deutschland-sparkasse-startet-noch-in-diesem-jahr#breadcrumb\"},\"inLanguage\":\"en-US\",\"potentialAction\":[{\"@type\":\"ReadAction\",\"target\":[\"https:\\\/\\\/www.apfelpatient.de\\\/news\\\/apple-pay-deutschland-sparkasse-startet-noch-in-diesem-jahr\"]}]},{\"@type\":\"ImageObject\",\"inLanguage\":\"en-US\",\"@id\":\"https:\\\/\\\/www.apfelpatient.de\\\/news\\\/apple-pay-deutschland-sparkasse-startet-noch-in-diesem-jahr#primaryimage\",\"url\":\"https:\\\/\\\/www.apfelpatient.de\\\/wp-content\\\/uploads\\\/2019\\\/08\\\/Neue-Sparkassen-Card.jpg\",\"contentUrl\":\"https:\\\/\\\/www.apfelpatient.de\\\/wp-content\\\/uploads\\\/2019\\\/08\\\/Neue-Sparkassen-Card.jpg\",\"width\":1772,\"height\":1181,\"caption\":\"Bild: Deutscher Sparkassen- und Giroverband e.V.\"},{\"@type\":\"BreadcrumbList\",\"@id\":\"https:\\\/\\\/www.apfelpatient.de\\\/news\\\/apple-pay-deutschland-sparkasse-startet-noch-in-diesem-jahr#breadcrumb\",\"itemListElement\":[{\"@type\":\"ListItem\",\"position\":1,\"name\":\"Startseite\",\"item\":\"https:\\\/\\\/www.apfelpatient.de\\\/\"},{\"@type\":\"ListItem\",\"position\":2,\"name\":\"Apple Pay Deutschland: Sparkasse startet noch in diesem Jahr\"}]},{\"@type\":\"WebSite\",\"@id\":\"https:\\\/\\\/www.apfelpatient.de\\\/#website\",\"url\":\"https:\\\/\\\/www.apfelpatient.de\\\/\",\"name\":\"Apfelpatient\",\"description\":\"Alles rund um Apple!\",\"publisher\":{\"@type\":\"Organization\",\"@id\":\"https:\\\/\\\/www.apfelpatient.de\\\/en\\\/#organization\",\"name\":\"Apfelpatient\",\"url\":\"https:\\\/\\\/www.apfelpatient.de\\\/en\\\/\"},\"alternateName\":\"Apfelpatient\",\"potentialAction\":[{\"@type\":\"SearchAction\",\"target\":{\"@type\":\"EntryPoint\",\"urlTemplate\":\"https:\\\/\\\/www.apfelpatient.de\\\/?s={search_term_string}\"},\"query-input\":{\"@type\":\"PropertyValueSpecification\",\"valueRequired\":true,\"valueName\":\"search_term_string\"}}],\"inLanguage\":\"en-US\"},{\"@type\":[\"Person\",\"Organization\"],\"@id\":\"https:\\\/\\\/www.apfelpatient.de\\\/#\\\/schema\\\/person\\\/7dc56ad6c8e9824b76d2c08d4c140e13\",\"name\":\"Milan\",\"logo\":{\"@id\":\"https:\\\/\\\/www.apfelpatient.de\\\/#\\\/schema\\\/person\\\/image\\\/\"},\"description\":\"Hallo und herzlich willkommen auf meinem Technik-Blog! Als gro\u00dfer Apple-Fan berichte ich hier \u00fcber alles, was mit Apple zu tun hat: von den neuesten News und spannenden Ger\u00fcchten \u00fcber hilfreiche Tipps und Tricks bis hin zu ausf\u00fchrlichen Produkttests. Wenn du genauso technikbegeistert bist wie ich, bist du hier genau richtig!\",\"sameAs\":[\"https:\\\/\\\/www.facebook.com\\\/apfelpatientOfficial\",\"https:\\\/\\\/www.linkedin.com\\\/in\\\/milan-jovicic-42aa0231b\"],\"url\":\"https:\\\/\\\/www.apfelpatient.de\\\/en\\\/author\\\/apfeladmin\"}]}<\/script>\n<!-- \/ Yoast SEO Premium plugin. -->","yoast_head_json":{"title":"Apple Pay Germany: Sparkasse launches Apfelpatient this year","description":"- Two weeks ago, Sparkasse gave its first sign of life on the subject of Apple Pay since December 2018. Now the president of the umbrella organization has spoken out.","robots":{"index":"index","follow":"follow","max-snippet":"max-snippet:-1","max-image-preview":"max-image-preview:large","max-video-preview":"max-video-preview:-1"},"canonical":"https:\/\/www.apfelpatient.de\/en\/news\/apple-pay-germany-sparkasse-launches-this-year","og_locale":"en_US","og_type":"article","og_title":"Apple Pay Deutschland: Sparkasse startet noch in diesem Jahr","og_description":"- Vor zwei Wochen gab es das erste Lebenszeichen der Sparkasse zum Thema Apple Pay seit Dezember 2018. Nun hat sich der Pr\u00e4sident des Dachverbands zu Wort gemeldet.","og_url":"https:\/\/www.apfelpatient.de\/en\/news\/apple-pay-germany-sparkasse-launches-this-year","og_site_name":"Apfelpatient","article_publisher":"https:\/\/www.facebook.com\/apfelpatientOfficial","article_author":"https:\/\/www.facebook.com\/apfelpatientOfficial","article_published_time":"2019-03-07T13:37:24+00:00","article_modified_time":"2025-02-06T06:09:08+00:00","og_image":[{"width":1772,"height":1181,"url":"https:\/\/www.apfelpatient.de\/wp-content\/uploads\/2019\/08\/Neue-Sparkassen-Card.jpg","type":"image\/jpeg"}],"author":"Milan","twitter_card":"summary_large_image","twitter_misc":{"Written by":"Milan","Est. reading time":"1 minute"},"schema":{"@context":"https:\/\/schema.org","@graph":[{"@type":"NewsArticle","@id":"https:\/\/www.apfelpatient.de\/news\/apple-pay-deutschland-sparkasse-startet-noch-in-diesem-jahr#article","isPartOf":{"@id":"https:\/\/www.apfelpatient.de\/news\/apple-pay-deutschland-sparkasse-startet-noch-in-diesem-jahr"},"author":{"@type":"Organization","@id":"https:\/\/www.apfelpatient.de\/en\/#organization","name":"Apfelpatient","url":"https:\/\/www.apfelpatient.de\/en\/"},"headline":"Apple Pay Deutschland: Sparkasse startet noch in diesem Jahr","datePublished":"2019-03-07T13:37:24+00:00","dateModified":"2025-02-06T06:09:08+00:00","mainEntityOfPage":{"@id":"https:\/\/www.apfelpatient.de\/news\/apple-pay-deutschland-sparkasse-startet-noch-in-diesem-jahr"},"wordCount":252,"publisher":{"@type":"Organization","@id":"https:\/\/www.apfelpatient.de\/en\/#organization","name":"Apfelpatient","url":"https:\/\/www.apfelpatient.de\/en\/"},"image":{"@id":"https:\/\/www.apfelpatient.de\/news\/apple-pay-deutschland-sparkasse-startet-noch-in-diesem-jahr#primaryimage"},"thumbnailUrl":"https:\/\/www.apfelpatient.de\/wp-content\/uploads\/2019\/08\/Neue-Sparkassen-Card.jpg","keywords":["Apple Dienste","Apple Pay","Apple Pay Deutschland","iPhone","Sparkasse"],"articleSection":"News","inLanguage":"en-US","copyrightYear":"2019","copyrightHolder":{"@id":"https:\/\/www.apfelpatient.de\/en\/#organization"}},{"@type":"WebPage","@id":"https:\/\/www.apfelpatient.de\/news\/apple-pay-deutschland-sparkasse-startet-noch-in-diesem-jahr","url":"https:\/\/www.apfelpatient.de\/news\/apple-pay-deutschland-sparkasse-startet-noch-in-diesem-jahr","name":"Apple Pay Germany: Sparkasse launches Apfelpatient this year","isPartOf":{"@id":"https:\/\/www.apfelpatient.de\/#website"},"primaryImageOfPage":{"@id":"https:\/\/www.apfelpatient.de\/news\/apple-pay-deutschland-sparkasse-startet-noch-in-diesem-jahr#primaryimage"},"image":{"@id":"https:\/\/www.apfelpatient.de\/news\/apple-pay-deutschland-sparkasse-startet-noch-in-diesem-jahr#primaryimage"},"thumbnailUrl":"https:\/\/www.apfelpatient.de\/wp-content\/uploads\/2019\/08\/Neue-Sparkassen-Card.jpg","datePublished":"2019-03-07T13:37:24+00:00","dateModified":"2025-02-06T06:09:08+00:00","description":"- Two weeks ago, Sparkasse gave its first sign of life on the subject of Apple Pay since December 2018. Now the president of the umbrella organization has spoken out.","breadcrumb":{"@id":"https:\/\/www.apfelpatient.de\/news\/apple-pay-deutschland-sparkasse-startet-noch-in-diesem-jahr#breadcrumb"},"inLanguage":"en-US","potentialAction":[{"@type":"ReadAction","target":["https:\/\/www.apfelpatient.de\/news\/apple-pay-deutschland-sparkasse-startet-noch-in-diesem-jahr"]}]},{"@type":"ImageObject","inLanguage":"en-US","@id":"https:\/\/www.apfelpatient.de\/news\/apple-pay-deutschland-sparkasse-startet-noch-in-diesem-jahr#primaryimage","url":"https:\/\/www.apfelpatient.de\/wp-content\/uploads\/2019\/08\/Neue-Sparkassen-Card.jpg","contentUrl":"https:\/\/www.apfelpatient.de\/wp-content\/uploads\/2019\/08\/Neue-Sparkassen-Card.jpg","width":1772,"height":1181,"caption":"Bild: Deutscher Sparkassen- und Giroverband e.V."},{"@type":"BreadcrumbList","@id":"https:\/\/www.apfelpatient.de\/news\/apple-pay-deutschland-sparkasse-startet-noch-in-diesem-jahr#breadcrumb","itemListElement":[{"@type":"ListItem","position":1,"name":"Startseite","item":"https:\/\/www.apfelpatient.de\/"},{"@type":"ListItem","position":2,"name":"Apple Pay Deutschland: Sparkasse startet noch in diesem Jahr"}]},{"@type":"WebSite","@id":"https:\/\/www.apfelpatient.de\/#website","url":"https:\/\/www.apfelpatient.de\/","name":"apple patient","description":"Everything about Apple!","publisher":{"@type":"Organization","@id":"https:\/\/www.apfelpatient.de\/en\/#organization","name":"Apfelpatient","url":"https:\/\/www.apfelpatient.de\/en\/"},"alternateName":"Apfelpatient","potentialAction":[{"@type":"SearchAction","target":{"@type":"EntryPoint","urlTemplate":"https:\/\/www.apfelpatient.de\/?s={search_term_string}"},"query-input":{"@type":"PropertyValueSpecification","valueRequired":true,"valueName":"search_term_string"}}],"inLanguage":"en-US"},{"@type":["Person","Organization"],"@id":"https:\/\/www.apfelpatient.de\/#\/schema\/person\/7dc56ad6c8e9824b76d2c08d4c140e13","name":"Milan","logo":{"@id":"https:\/\/www.apfelpatient.de\/#\/schema\/person\/image\/"},"description":"Hello and welcome to my technology blog! As a big Apple fan, I report on everything to do with Apple: from the latest news and exciting rumors to helpful tips and tricks and detailed product tests. If you are as enthusiastic about technology as I am, you have come to the right place!","sameAs":["https:\/\/www.facebook.com\/apfelpatientOfficial","https:\/\/www.linkedin.com\/in\/milan-jovicic-42aa0231b"],"url":"https:\/\/www.apfelpatient.de\/en\/author\/apfeladmin"}]}},"_links":{"self":[{"href":"https:\/\/www.apfelpatient.de\/en\/wp-json\/wp\/v2\/posts\/3681","targetHints":{"allow":["GET"]}}],"collection":[{"href":"https:\/\/www.apfelpatient.de\/en\/wp-json\/wp\/v2\/posts"}],"about":[{"href":"https:\/\/www.apfelpatient.de\/en\/wp-json\/wp\/v2\/types\/post"}],"author":[{"embeddable":true,"href":"https:\/\/www.apfelpatient.de\/en\/wp-json\/wp\/v2\/users\/2"}],"replies":[{"embeddable":true,"href":"https:\/\/www.apfelpatient.de\/en\/wp-json\/wp\/v2\/comments?post=3681"}],"version-history":[{"count":0,"href":"https:\/\/www.apfelpatient.de\/en\/wp-json\/wp\/v2\/posts\/3681\/revisions"}],"wp:featuredmedia":[{"embeddable":true,"href":"https:\/\/www.apfelpatient.de\/en\/wp-json\/wp\/v2\/media\/5508"}],"wp:attachment":[{"href":"https:\/\/www.apfelpatient.de\/en\/wp-json\/wp\/v2\/media?parent=3681"}],"wp:term":[{"taxonomy":"category","embeddable":true,"href":"https:\/\/www.apfelpatient.de\/en\/wp-json\/wp\/v2\/categories?post=3681"},{"taxonomy":"post_tag","embeddable":true,"href":"https:\/\/www.apfelpatient.de\/en\/wp-json\/wp\/v2\/tags?post=3681"}],"curies":[{"name":"wp","href":"https:\/\/api.w.org\/{rel}","templated":true}]}}