{"id":36780,"date":"2023-01-10T18:22:16","date_gmt":"2023-01-10T17:22:16","guid":{"rendered":"https:\/\/www.apfelpatient.de\/?p=36780"},"modified":"2023-01-10T18:22:16","modified_gmt":"2023-01-10T17:22:16","slug":"iphone-16-pro-shrinks-apple-the-dynamic-island","status":"publish","type":"post","link":"https:\/\/www.apfelpatient.de\/en\/rumors\/iphone-16-pro-schrumpft-apple-die-dynamic-island","title":{"rendered":"iPhone 16 Pro: Is Apple shrinking the Dynamic Island?"},"content":{"rendered":"<p class=\"has-drop-cap\"><strong>According to a new report, the iPhone 16 Pro will feature Face ID technology entirely under the display to provide more usable display space.<\/strong><\/p>\n\n\n\n<p>The Korean-language news site The Elec <a href=\"https:\/\/www.thelec.kr\/news\/articleView.html?idxno=19423\" target=\"_blank\" rel=\"noreferrer noopener\">reported<\/a>that Apple will move the components required for Face ID authentication directly under the iPhone&#039;s display in 2024. When not in use, the TrueDepth camera for Face ID will no longer be visible under the display but will blend seamlessly with the surrounding screen. The report clarifies that the hole in the display for the front camera will remain on the iPhone 16 Pro. But the overall display area and sense of immersion will be improved. It added that the display cutouts will remain the same from the iPhone 14 Pro to the iPhone 15 Pro later this year as the under-display technology is not ready yet.<\/p>\n\n\n\n<h3 class=\"wp-block-heading\" id=\"h-iphone-16-pro-apple-roadmap-wurde-bereits-2022-thematisiert\">iPhone 16 Pro: Apple roadmap was already discussed in 2022<\/h3>\n\n\n\n<p>The report also confirmed rumors that all four models in the iPhone 15 lineup will offer the Dynamic Island, so this feature will expand from the iPhone 14 Pro and iPhone 14 Pro Max to the two standard models later in 2023. Further in the future, the report said, after implementing Face ID technology under the display, Apple will switch to an under-panel camera (UPC), eliminating all display cutouts currently found on the iPhone. This is consistent with the roadmap presented by display analyst Ross Young in May 2022. He outlined a cycle in which Apple will alternate between introducing Pro and non-Pro models with revised display cutouts or new under-panel technology each year:<\/p>\n\n\n\n<h3 class=\"wp-block-heading\">By 2027, the iPhone could completely do without display cutouts<\/h3>\n\n\n\n\n\n\n\n<blockquote class=\"wp-block-quote is-layout-flow wp-block-quote-is-layout-flow\">\n<p>Given the remaining technical challenges for under-panel cameras to meet the quality requirements of demanding brands and the cost requirements of panel manufacturers, I still believe this roadmap makes sense for the iPhone.<\/p>\n<\/blockquote>\n\n\n\n<p>The Pro models will be the first to receive such display innovation, as first seen last year with the Dynamic Island on the iPhone 14 Pro and iPhone 14 Pro Max, while the iPhone 14 and iPhone 14 Plus were equipped with the same &quot;notch&quot; as the iPhone 13. This also means that each configuration of display cutouts and underbody technology will last a maximum of two iPhone generations before the device has the entire usable display area sometime around 2027. (Photo by Unsplash \/ Miguel Tom\u00e1s)<\/p>\n\n\n\n<ul class=\"wp-block-list\">\n<li><a href=\"https:\/\/www.apfelpatient.de\/en\/rumors\/iphone-15-apple-reportedly-starts-test-production\">iPhone 15: Apple reportedly starts test production<\/a><\/li>\n<\/ul>\n\n\n\n<h6 class=\"wp-block-heading translation-block\" id=\"h-kennt-ihr-schon-unsere-amazon-storefront-dort-findet-ihr-eine-handverlesene-auswahl-von-diversen-produkten-f-r-euer-iphone-und-co-viel-spa-beim-st-bern\"><em>Have you already visited our Amazon Storefront? There you&#039;ll find a hand-picked selection of various products for your iPhone and other devices \u2013 <span class=\"has-inline-color has-vivid-red-color\"><a href=\"https:\/\/www.amazon.de\/shop\/apfelpatientofficial\" class=\"ek-link\" data-wpel-link=\"exclude\" rel=\"follow noopener\" target=\"_self\"><span style=\"text-decoration: underline\" class=\"ek-underline\">enjoy browsing<\/span><\/a> !<\/span><\/em><\/h6>\n\n\n\n<h6 class=\"wp-block-heading translation-block\" id=\"h-der-beitrag-enthalt-partnerlinks\">This post contains <a data-type=\"URL\" data-id=\"https:\/\/www.apfelpatient.de\/partnerprogramm\" href=\"https:\/\/www.apfelpatient.de\/en\/partner-program\" data-wpel-link=\"internal\" target=\"_self\">affiliate links<\/a>.<\/h6>","protected":false},"excerpt":{"rendered":"<p>According to a new report, the iPhone 16 Pro will feature Face ID technology entirely under the display.<\/p>","protected":false},"author":2,"featured_media":36779,"comment_status":"closed","ping_status":"closed","sticky":false,"template":"","format":"standard","meta":{"jnews-multi-image_gallery":[],"jnews_single_post":{"subtitle":"","format":"standard","video":"","gallery":"","source_name":"","source_url":"","via_name":"","via_url":"","override":[{"single_blog_custom":"","sidebar":"","second_sidebar":"","share_position":"","share_float_style":"","post_date_format":"","post_date_format_custom":"","post_reading_time_wpm":"","zoom_button_out_step":"1","zoom_button_in_step":"1","number_popup_post":"1"}],"image_override":[{"single_post_thumbnail_size":"","single_post_gallery_size":""}],"trending_post_position":"","trending_post_label":"","sponsored_post_label":"","sponsored_post_name":"","sponsored_post_url":"","sponsored_post_logo":"","sponsored_post_desc":""},"jnews_primary_category":{"id":"25"},"footnotes":""},"categories":[25],"tags":[8,705,657],"class_list":["post-36780","post","type-post","status-publish","format-standard","has-post-thumbnail","hentry","category-rumors","tag-iphone","tag-iphone-16","tag-iphone-2024"],"yoast_head":"<!-- This site is optimized with the Yoast SEO Premium plugin v27.4 (Yoast SEO v27.4) - https:\/\/yoast.com\/product\/yoast-seo-premium-wordpress\/ -->\n<title>iPhone 16 Pro: Schrumpft Apple die Dynamic Island? Apfelpatient<\/title>\n<meta name=\"description\" content=\"Laut einem neuen Bericht wird das iPhone 16 Pro mit der Face ID Technologie vollst\u00e4ndig unter dem Display ausgestattet sein.\" \/>\n<meta name=\"robots\" content=\"index, follow, max-snippet:-1, max-image-preview:large, max-video-preview:-1\" \/>\n<link rel=\"canonical\" href=\"https:\/\/www.apfelpatient.de\/en\/rumors\/iphone-16-pro-shrinks-apple-the-dynamic-island\" \/>\n<meta property=\"og:locale\" content=\"en_US\" \/>\n<meta property=\"og:type\" content=\"article\" \/>\n<meta property=\"og:title\" content=\"iPhone 16 Pro: Schrumpft Apple die Dynamic Island?\" \/>\n<meta property=\"og:description\" content=\"Laut einem neuen Bericht wird das iPhone 16 Pro mit der Face ID Technologie vollst\u00e4ndig unter dem Display ausgestattet sein.\" \/>\n<meta property=\"og:url\" content=\"https:\/\/www.apfelpatient.de\/en\/rumors\/iphone-16-pro-shrinks-apple-the-dynamic-island\" \/>\n<meta property=\"og:site_name\" content=\"Apfelpatient\" \/>\n<meta property=\"article:publisher\" content=\"https:\/\/www.facebook.com\/apfelpatientOfficial\" \/>\n<meta property=\"article:author\" content=\"https:\/\/www.facebook.com\/apfelpatientOfficial\" \/>\n<meta property=\"article:published_time\" content=\"2023-01-10T17:22:16+00:00\" \/>\n<meta property=\"og:image\" content=\"https:\/\/www.apfelpatient.de\/wp-content\/uploads\/2023\/01\/miguel-tomas-ZKhCnjLxnr8-unsplash.jpg\" \/>\n\t<meta property=\"og:image:width\" content=\"1600\" \/>\n\t<meta property=\"og:image:height\" content=\"1200\" \/>\n\t<meta property=\"og:image:type\" content=\"image\/jpeg\" \/>\n<meta name=\"author\" content=\"Milan\" \/>\n<meta name=\"twitter:card\" content=\"summary_large_image\" \/>\n<meta name=\"twitter:description\" content=\"Laut einem neuen Bericht wird das iPhone 16 Pro mit der Face ID Technologie vollst\u00e4ndig unter dem Display ausgestattet sein.\" \/>\n<meta name=\"twitter:label1\" content=\"Written by\" \/>\n\t<meta name=\"twitter:data1\" content=\"Milan\" \/>\n\t<meta name=\"twitter:label2\" content=\"Est. reading time\" \/>\n\t<meta name=\"twitter:data2\" content=\"3 minutes\" \/>\n<script type=\"application\/ld+json\" class=\"yoast-schema-graph\">{\"@context\":\"https:\\\/\\\/schema.org\",\"@graph\":[{\"@type\":\"NewsArticle\",\"@id\":\"https:\\\/\\\/www.apfelpatient.de\\\/rumors\\\/iphone-16-pro-schrumpft-apple-die-dynamic-island#article\",\"isPartOf\":{\"@id\":\"https:\\\/\\\/www.apfelpatient.de\\\/rumors\\\/iphone-16-pro-schrumpft-apple-die-dynamic-island\"},\"author\":{\"@type\":\"Organization\",\"@id\":\"https:\\\/\\\/www.apfelpatient.de\\\/en\\\/#organization\",\"name\":\"Apfelpatient\",\"url\":\"https:\\\/\\\/www.apfelpatient.de\\\/en\\\/\"},\"headline\":\"iPhone 16 Pro: Schrumpft Apple die Dynamic Island?\",\"datePublished\":\"2023-01-10T17:22:16+00:00\",\"mainEntityOfPage\":{\"@id\":\"https:\\\/\\\/www.apfelpatient.de\\\/rumors\\\/iphone-16-pro-schrumpft-apple-die-dynamic-island\"},\"wordCount\":404,\"publisher\":{\"@type\":\"Organization\",\"@id\":\"https:\\\/\\\/www.apfelpatient.de\\\/en\\\/#organization\",\"name\":\"Apfelpatient\",\"url\":\"https:\\\/\\\/www.apfelpatient.de\\\/en\\\/\"},\"image\":{\"@id\":\"https:\\\/\\\/www.apfelpatient.de\\\/rumors\\\/iphone-16-pro-schrumpft-apple-die-dynamic-island#primaryimage\"},\"thumbnailUrl\":\"https:\\\/\\\/www.apfelpatient.de\\\/wp-content\\\/uploads\\\/2023\\\/01\\\/miguel-tomas-ZKhCnjLxnr8-unsplash.jpg\",\"keywords\":[\"iPhone\",\"iPhone 16\",\"iPhone 2024\"],\"articleSection\":\"Rumors\",\"inLanguage\":\"en-US\",\"copyrightYear\":\"2023\",\"copyrightHolder\":{\"@id\":\"https:\\\/\\\/www.apfelpatient.de\\\/en\\\/#organization\"}},{\"@type\":\"WebPage\",\"@id\":\"https:\\\/\\\/www.apfelpatient.de\\\/rumors\\\/iphone-16-pro-schrumpft-apple-die-dynamic-island\",\"url\":\"https:\\\/\\\/www.apfelpatient.de\\\/rumors\\\/iphone-16-pro-schrumpft-apple-die-dynamic-island\",\"name\":\"iPhone 16 Pro: Schrumpft Apple die Dynamic Island? Apfelpatient\",\"isPartOf\":{\"@id\":\"https:\\\/\\\/www.apfelpatient.de\\\/#website\"},\"primaryImageOfPage\":{\"@id\":\"https:\\\/\\\/www.apfelpatient.de\\\/rumors\\\/iphone-16-pro-schrumpft-apple-die-dynamic-island#primaryimage\"},\"image\":{\"@id\":\"https:\\\/\\\/www.apfelpatient.de\\\/rumors\\\/iphone-16-pro-schrumpft-apple-die-dynamic-island#primaryimage\"},\"thumbnailUrl\":\"https:\\\/\\\/www.apfelpatient.de\\\/wp-content\\\/uploads\\\/2023\\\/01\\\/miguel-tomas-ZKhCnjLxnr8-unsplash.jpg\",\"datePublished\":\"2023-01-10T17:22:16+00:00\",\"description\":\"Laut einem neuen Bericht wird das iPhone 16 Pro mit der Face ID Technologie vollst\u00e4ndig unter dem Display ausgestattet sein.\",\"breadcrumb\":{\"@id\":\"https:\\\/\\\/www.apfelpatient.de\\\/rumors\\\/iphone-16-pro-schrumpft-apple-die-dynamic-island#breadcrumb\"},\"inLanguage\":\"en-US\",\"potentialAction\":[{\"@type\":\"ReadAction\",\"target\":[\"https:\\\/\\\/www.apfelpatient.de\\\/rumors\\\/iphone-16-pro-schrumpft-apple-die-dynamic-island\"]}]},{\"@type\":\"ImageObject\",\"inLanguage\":\"en-US\",\"@id\":\"https:\\\/\\\/www.apfelpatient.de\\\/rumors\\\/iphone-16-pro-schrumpft-apple-die-dynamic-island#primaryimage\",\"url\":\"https:\\\/\\\/www.apfelpatient.de\\\/wp-content\\\/uploads\\\/2023\\\/01\\\/miguel-tomas-ZKhCnjLxnr8-unsplash.jpg\",\"contentUrl\":\"https:\\\/\\\/www.apfelpatient.de\\\/wp-content\\\/uploads\\\/2023\\\/01\\\/miguel-tomas-ZKhCnjLxnr8-unsplash.jpg\",\"width\":1600,\"height\":1200,\"caption\":\"Photo by Unsplash \\\/ Miguel Tom\u00e1s\"},{\"@type\":\"BreadcrumbList\",\"@id\":\"https:\\\/\\\/www.apfelpatient.de\\\/rumors\\\/iphone-16-pro-schrumpft-apple-die-dynamic-island#breadcrumb\",\"itemListElement\":[{\"@type\":\"ListItem\",\"position\":1,\"name\":\"Startseite\",\"item\":\"https:\\\/\\\/www.apfelpatient.de\\\/\"},{\"@type\":\"ListItem\",\"position\":2,\"name\":\"iPhone 16 Pro: Schrumpft Apple die Dynamic Island?\"}]},{\"@type\":\"WebSite\",\"@id\":\"https:\\\/\\\/www.apfelpatient.de\\\/#website\",\"url\":\"https:\\\/\\\/www.apfelpatient.de\\\/\",\"name\":\"Apfelpatient\",\"description\":\"Alles rund um Apple!\",\"publisher\":{\"@type\":\"Organization\",\"@id\":\"https:\\\/\\\/www.apfelpatient.de\\\/en\\\/#organization\",\"name\":\"Apfelpatient\",\"url\":\"https:\\\/\\\/www.apfelpatient.de\\\/en\\\/\"},\"alternateName\":\"Apfelpatient\",\"potentialAction\":[{\"@type\":\"SearchAction\",\"target\":{\"@type\":\"EntryPoint\",\"urlTemplate\":\"https:\\\/\\\/www.apfelpatient.de\\\/?s={search_term_string}\"},\"query-input\":{\"@type\":\"PropertyValueSpecification\",\"valueRequired\":true,\"valueName\":\"search_term_string\"}}],\"inLanguage\":\"en-US\"},{\"@type\":[\"Person\",\"Organization\"],\"@id\":\"https:\\\/\\\/www.apfelpatient.de\\\/#\\\/schema\\\/person\\\/7dc56ad6c8e9824b76d2c08d4c140e13\",\"name\":\"Milan\",\"logo\":{\"@id\":\"https:\\\/\\\/www.apfelpatient.de\\\/#\\\/schema\\\/person\\\/image\\\/\"},\"description\":\"Hallo und herzlich willkommen auf meinem Technik-Blog! Als gro\u00dfer Apple-Fan berichte ich hier \u00fcber alles, was mit Apple zu tun hat: von den neuesten News und spannenden Ger\u00fcchten \u00fcber hilfreiche Tipps und Tricks bis hin zu ausf\u00fchrlichen Produkttests. Wenn du genauso technikbegeistert bist wie ich, bist du hier genau richtig!\",\"sameAs\":[\"https:\\\/\\\/www.facebook.com\\\/apfelpatientOfficial\",\"https:\\\/\\\/www.linkedin.com\\\/in\\\/milan-jovicic-42aa0231b\"],\"url\":\"https:\\\/\\\/www.apfelpatient.de\\\/en\\\/author\\\/apfeladmin\"}]}<\/script>\n<!-- \/ Yoast SEO Premium plugin. -->","yoast_head_json":{"title":"iPhone 16 Pro: Is Apple shrinking the Dynamic Island? Apfelpatient","description":"According to a new report, the iPhone 16 Pro will feature Face ID technology entirely under the display.","robots":{"index":"index","follow":"follow","max-snippet":"max-snippet:-1","max-image-preview":"max-image-preview:large","max-video-preview":"max-video-preview:-1"},"canonical":"https:\/\/www.apfelpatient.de\/en\/rumors\/iphone-16-pro-shrinks-apple-the-dynamic-island","og_locale":"en_US","og_type":"article","og_title":"iPhone 16 Pro: Schrumpft Apple die Dynamic Island?","og_description":"Laut einem neuen Bericht wird das iPhone 16 Pro mit der Face ID Technologie vollst\u00e4ndig unter dem Display ausgestattet sein.","og_url":"https:\/\/www.apfelpatient.de\/en\/rumors\/iphone-16-pro-shrinks-apple-the-dynamic-island","og_site_name":"Apfelpatient","article_publisher":"https:\/\/www.facebook.com\/apfelpatientOfficial","article_author":"https:\/\/www.facebook.com\/apfelpatientOfficial","article_published_time":"2023-01-10T17:22:16+00:00","og_image":[{"width":1600,"height":1200,"url":"https:\/\/www.apfelpatient.de\/wp-content\/uploads\/2023\/01\/miguel-tomas-ZKhCnjLxnr8-unsplash.jpg","type":"image\/jpeg"}],"author":"Milan","twitter_card":"summary_large_image","twitter_description":"Laut einem neuen Bericht wird das iPhone 16 Pro mit der Face ID Technologie vollst\u00e4ndig unter dem Display ausgestattet sein.","twitter_misc":{"Written by":"Milan","Est. reading time":"3 minutes"},"schema":{"@context":"https:\/\/schema.org","@graph":[{"@type":"NewsArticle","@id":"https:\/\/www.apfelpatient.de\/rumors\/iphone-16-pro-schrumpft-apple-die-dynamic-island#article","isPartOf":{"@id":"https:\/\/www.apfelpatient.de\/rumors\/iphone-16-pro-schrumpft-apple-die-dynamic-island"},"author":{"@type":"Organization","@id":"https:\/\/www.apfelpatient.de\/en\/#organization","name":"Apfelpatient","url":"https:\/\/www.apfelpatient.de\/en\/"},"headline":"iPhone 16 Pro: Schrumpft Apple die Dynamic Island?","datePublished":"2023-01-10T17:22:16+00:00","mainEntityOfPage":{"@id":"https:\/\/www.apfelpatient.de\/rumors\/iphone-16-pro-schrumpft-apple-die-dynamic-island"},"wordCount":404,"publisher":{"@type":"Organization","@id":"https:\/\/www.apfelpatient.de\/en\/#organization","name":"Apfelpatient","url":"https:\/\/www.apfelpatient.de\/en\/"},"image":{"@id":"https:\/\/www.apfelpatient.de\/rumors\/iphone-16-pro-schrumpft-apple-die-dynamic-island#primaryimage"},"thumbnailUrl":"https:\/\/www.apfelpatient.de\/wp-content\/uploads\/2023\/01\/miguel-tomas-ZKhCnjLxnr8-unsplash.jpg","keywords":["iPhone","iPhone 16","iPhone 2024"],"articleSection":"Rumors","inLanguage":"en-US","copyrightYear":"2023","copyrightHolder":{"@id":"https:\/\/www.apfelpatient.de\/en\/#organization"}},{"@type":"WebPage","@id":"https:\/\/www.apfelpatient.de\/rumors\/iphone-16-pro-schrumpft-apple-die-dynamic-island","url":"https:\/\/www.apfelpatient.de\/rumors\/iphone-16-pro-schrumpft-apple-die-dynamic-island","name":"iPhone 16 Pro: Is Apple shrinking the Dynamic Island? Apfelpatient","isPartOf":{"@id":"https:\/\/www.apfelpatient.de\/#website"},"primaryImageOfPage":{"@id":"https:\/\/www.apfelpatient.de\/rumors\/iphone-16-pro-schrumpft-apple-die-dynamic-island#primaryimage"},"image":{"@id":"https:\/\/www.apfelpatient.de\/rumors\/iphone-16-pro-schrumpft-apple-die-dynamic-island#primaryimage"},"thumbnailUrl":"https:\/\/www.apfelpatient.de\/wp-content\/uploads\/2023\/01\/miguel-tomas-ZKhCnjLxnr8-unsplash.jpg","datePublished":"2023-01-10T17:22:16+00:00","description":"According to a new report, the iPhone 16 Pro will feature Face ID technology entirely under the display.","breadcrumb":{"@id":"https:\/\/www.apfelpatient.de\/rumors\/iphone-16-pro-schrumpft-apple-die-dynamic-island#breadcrumb"},"inLanguage":"en-US","potentialAction":[{"@type":"ReadAction","target":["https:\/\/www.apfelpatient.de\/rumors\/iphone-16-pro-schrumpft-apple-die-dynamic-island"]}]},{"@type":"ImageObject","inLanguage":"en-US","@id":"https:\/\/www.apfelpatient.de\/rumors\/iphone-16-pro-schrumpft-apple-die-dynamic-island#primaryimage","url":"https:\/\/www.apfelpatient.de\/wp-content\/uploads\/2023\/01\/miguel-tomas-ZKhCnjLxnr8-unsplash.jpg","contentUrl":"https:\/\/www.apfelpatient.de\/wp-content\/uploads\/2023\/01\/miguel-tomas-ZKhCnjLxnr8-unsplash.jpg","width":1600,"height":1200,"caption":"Photo by Unsplash \/ Miguel Tom\u00e1s"},{"@type":"BreadcrumbList","@id":"https:\/\/www.apfelpatient.de\/rumors\/iphone-16-pro-schrumpft-apple-die-dynamic-island#breadcrumb","itemListElement":[{"@type":"ListItem","position":1,"name":"Startseite","item":"https:\/\/www.apfelpatient.de\/"},{"@type":"ListItem","position":2,"name":"iPhone 16 Pro: Schrumpft Apple die Dynamic Island?"}]},{"@type":"WebSite","@id":"https:\/\/www.apfelpatient.de\/#website","url":"https:\/\/www.apfelpatient.de\/","name":"apple patient","description":"Everything about Apple!","publisher":{"@type":"Organization","@id":"https:\/\/www.apfelpatient.de\/en\/#organization","name":"Apfelpatient","url":"https:\/\/www.apfelpatient.de\/en\/"},"alternateName":"Apfelpatient","potentialAction":[{"@type":"SearchAction","target":{"@type":"EntryPoint","urlTemplate":"https:\/\/www.apfelpatient.de\/?s={search_term_string}"},"query-input":{"@type":"PropertyValueSpecification","valueRequired":true,"valueName":"search_term_string"}}],"inLanguage":"en-US"},{"@type":["Person","Organization"],"@id":"https:\/\/www.apfelpatient.de\/#\/schema\/person\/7dc56ad6c8e9824b76d2c08d4c140e13","name":"Milan","logo":{"@id":"https:\/\/www.apfelpatient.de\/#\/schema\/person\/image\/"},"description":"Hello and welcome to my technology blog! As a big Apple fan, I report on everything to do with Apple: from the latest news and exciting rumors to helpful tips and tricks and detailed product tests. If you are as enthusiastic about technology as I am, you have come to the right place!","sameAs":["https:\/\/www.facebook.com\/apfelpatientOfficial","https:\/\/www.linkedin.com\/in\/milan-jovicic-42aa0231b"],"url":"https:\/\/www.apfelpatient.de\/en\/author\/apfeladmin"}]}},"_links":{"self":[{"href":"https:\/\/www.apfelpatient.de\/en\/wp-json\/wp\/v2\/posts\/36780","targetHints":{"allow":["GET"]}}],"collection":[{"href":"https:\/\/www.apfelpatient.de\/en\/wp-json\/wp\/v2\/posts"}],"about":[{"href":"https:\/\/www.apfelpatient.de\/en\/wp-json\/wp\/v2\/types\/post"}],"author":[{"embeddable":true,"href":"https:\/\/www.apfelpatient.de\/en\/wp-json\/wp\/v2\/users\/2"}],"replies":[{"embeddable":true,"href":"https:\/\/www.apfelpatient.de\/en\/wp-json\/wp\/v2\/comments?post=36780"}],"version-history":[{"count":0,"href":"https:\/\/www.apfelpatient.de\/en\/wp-json\/wp\/v2\/posts\/36780\/revisions"}],"wp:featuredmedia":[{"embeddable":true,"href":"https:\/\/www.apfelpatient.de\/en\/wp-json\/wp\/v2\/media\/36779"}],"wp:attachment":[{"href":"https:\/\/www.apfelpatient.de\/en\/wp-json\/wp\/v2\/media?parent=36780"}],"wp:term":[{"taxonomy":"category","embeddable":true,"href":"https:\/\/www.apfelpatient.de\/en\/wp-json\/wp\/v2\/categories?post=36780"},{"taxonomy":"post_tag","embeddable":true,"href":"https:\/\/www.apfelpatient.de\/en\/wp-json\/wp\/v2\/tags?post=36780"}],"curies":[{"name":"wp","href":"https:\/\/api.w.org\/{rel}","templated":true}]}}