{"id":36751,"date":"2023-01-08T17:31:25","date_gmt":"2023-01-08T16:31:25","guid":{"rendered":"https:\/\/www.apfelpatient.de\/?p=36751"},"modified":"2023-01-08T17:31:25","modified_gmt":"2023-01-08T16:31:25","slug":"one-more-thing-apples-reality-pro-headset-is-set-to-be-introduced-in-spring","status":"publish","type":"post","link":"https:\/\/www.apfelpatient.de\/en\/rumors\/one-more-thing-apples-reality-pro-headset-soll-im-fruehjahr-vorgestellt-werden","title":{"rendered":"One more thing: Apple&#039;s &quot;Reality Pro&quot; headset to be introduced in spring"},"content":{"rendered":"<p class=\"has-drop-cap\"><strong>Apple&#039;s AR\/VR headset, likely to be called &quot;Reality Pro,&quot; is expected to be announced at an event in the spring - before WWDC 2023 in June. However, the market launch is not expected until the fall.<\/strong><\/p>\n\n\n\n<p>In his current \u201cPower On\u201d newsletter <a href=\"https:\/\/www.bloomberg.com\/news\/newsletters\/2023-01-08\/when-will-apple-launch-the-reality-pro-mixed-reality-headset-apple-2023-devices-lcnfzkc7\" target=\"_blank\" rel=\"noreferrer noopener\">reported<\/a> Bloomberg&#039;s Mark Gurman said Apple currently plans to announce the headset at an event in the spring before the Worldwide Developers Conference in June. According to Gurman, Apple plans to announce the product and introduce the xrOS operating system to developers at WWDC before shipping it in the fall.<\/p>\n\n\n\n<h3 class=\"wp-block-heading\" id=\"h-reality-pro-stellt-apple-2023-ein-brandneues-produkt-vor\">\u201cReality Pro\u201d: Will Apple unveil a brand new product in 2023?<\/h3>\n\n\n\n\n\n\n\n<blockquote class=\"wp-block-quote is-layout-flow wp-block-quote-is-layout-flow\">\n<p>The final postponement, at least for now, came last year. Until recently, Apple had planned to unveil the headset in January 2023 and ship it later that year. Now the company plans to unveil it in the spring, ahead of the annual Worldwide Developers Conference in June. Under the current plan, Apple could unveil the device to consumers \u2014 likely under the name Reality Pro \u2014 and then start getting developers acquainted with the software features in June. Under that schedule, the company would then ship the product in fall 2023.<\/p>\n<\/blockquote>\n\n\n\n<p>Apple has been rumored to be working on an AR\/VR headset for several years, and 2023 now seems to be the year it will finally be announced. According to Gurman, Apple is already working with several &quot;high-profile developers&quot; on experiences and apps for the new headset and xrOS operating system. Apple&#039;s first headset is expected to be a high-end and niche product aimed at professionals and developers, before a more consumer-friendly headset arrives in the next few years. (Photo by Antonio Solano \/ Bigstockphoto)<\/p>\n\n\n\n<ul class=\"wp-block-list\">\n<li><a href=\"https:\/\/www.apfelpatient.de\/en\/rumors\/apples-ar-vr-headset-report-reveals-many-new-details\">Apple&#039;s AR\/VR headset: Report reveals many new details<\/a><\/li>\n<\/ul>\n\n\n\n<h6 class=\"wp-block-heading translation-block\" id=\"h-kennt-ihr-schon-unsere-amazon-storefront-dort-findet-ihr-eine-handverlesene-auswahl-von-diversen-produkten-f-r-euer-iphone-und-co-viel-spa-beim-st-bern\"><em>Have you already visited our Amazon Storefront? There you&#039;ll find a hand-picked selection of various products for your iPhone and other devices \u2013 <span class=\"has-inline-color has-vivid-red-color\"><a href=\"https:\/\/www.amazon.de\/shop\/apfelpatientofficial\" class=\"ek-link\" data-wpel-link=\"exclude\" rel=\"follow noopener\" target=\"_self\"><span style=\"text-decoration: underline\" class=\"ek-underline\">enjoy browsing<\/span><\/a> !<\/span><\/em><\/h6>\n\n\n\n<h6 class=\"wp-block-heading translation-block\" id=\"h-der-beitrag-enthalt-partnerlinks\">This post contains <a data-type=\"URL\" data-id=\"https:\/\/www.apfelpatient.de\/partnerprogramm\" href=\"https:\/\/www.apfelpatient.de\/en\/partner-program\" data-wpel-link=\"internal\" target=\"_self\">affiliate links<\/a>.<\/h6>","protected":false},"excerpt":{"rendered":"<p>Apple&#039;s AR\/VR headset, likely called &quot;Reality Pro,&quot; is expected to be announced at an event in the spring.<\/p>","protected":false},"author":2,"featured_media":36745,"comment_status":"closed","ping_status":"closed","sticky":false,"template":"","format":"standard","meta":{"jnews-multi-image_gallery":[],"jnews_single_post":{"subtitle":"","format":"standard","video":"","gallery":"","source_name":"","source_url":"","via_name":"","via_url":"","override":[{"single_blog_custom":"","sidebar":"","second_sidebar":"","share_position":"","share_float_style":"","post_date_format":"","post_date_format_custom":"","post_reading_time_wpm":"","zoom_button_out_step":"1","zoom_button_in_step":"1","number_popup_post":"1"}],"image_override":[{"single_post_thumbnail_size":"","single_post_gallery_size":""}],"trending_post_position":"","trending_post_label":"","sponsored_post_label":"","sponsored_post_name":"","sponsored_post_url":"","sponsored_post_logo":"","sponsored_post_desc":""},"jnews_primary_category":{"id":"25"},"footnotes":""},"categories":[25],"tags":[609],"class_list":["post-36751","post","type-post","status-publish","format-standard","has-post-thumbnail","hentry","category-rumors","tag-apple-vr-ar"],"yoast_head":"<!-- This site is optimized with the Yoast SEO Premium plugin v27.5 (Yoast SEO v27.5) - https:\/\/yoast.com\/product\/yoast-seo-premium-wordpress\/ -->\n<title>One more thing: Apples &quot;Reality Pro&quot;-Headset soll im Fr\u00fchjahr vorgestellt werden<\/title>\n<meta name=\"description\" content=\"Das AR\/VR-Headset von Apple, das wahrscheinlich &quot;Reality Pro&quot; hei\u00dfen wird, soll auf einer Veranstaltung im Fr\u00fchjahr angek\u00fcndigt werden.\" \/>\n<meta name=\"robots\" content=\"index, follow, max-snippet:-1, max-image-preview:large, max-video-preview:-1\" \/>\n<link rel=\"canonical\" href=\"https:\/\/www.apfelpatient.de\/en\/rumors\/one-more-thing-apples-reality-pro-headset-is-set-to-be-introduced-in-spring\" \/>\n<meta property=\"og:locale\" content=\"en_US\" \/>\n<meta property=\"og:type\" content=\"article\" \/>\n<meta property=\"og:title\" content=\"One more thing: Apples &quot;Reality Pro&quot;-Headset soll im Fr\u00fchjahr vorgestellt werden\" \/>\n<meta property=\"og:description\" content=\"Das AR\/VR-Headset von Apple, das wahrscheinlich &quot;Reality Pro&quot; hei\u00dfen wird, soll auf einer Veranstaltung im Fr\u00fchjahr angek\u00fcndigt werden.\" \/>\n<meta property=\"og:url\" content=\"https:\/\/www.apfelpatient.de\/en\/rumors\/one-more-thing-apples-reality-pro-headset-is-set-to-be-introduced-in-spring\" \/>\n<meta property=\"og:site_name\" content=\"Apfelpatient\" \/>\n<meta property=\"article:publisher\" content=\"https:\/\/www.facebook.com\/apfelpatientOfficial\" \/>\n<meta property=\"article:author\" content=\"https:\/\/www.facebook.com\/apfelpatientOfficial\" \/>\n<meta property=\"article:published_time\" content=\"2023-01-08T16:31:25+00:00\" \/>\n<meta property=\"og:image\" content=\"https:\/\/www.apfelpatient.de\/wp-content\/uploads\/2023\/01\/bigstock-d-Rendering-Of-Futuristic-Fem-465143515.jpg\" \/>\n\t<meta property=\"og:image:width\" content=\"1600\" \/>\n\t<meta property=\"og:image:height\" content=\"985\" \/>\n\t<meta property=\"og:image:type\" content=\"image\/jpeg\" \/>\n<meta name=\"author\" content=\"Milan\" \/>\n<meta name=\"twitter:card\" content=\"summary_large_image\" \/>\n<meta name=\"twitter:description\" content=\"Das AR\/VR-Headset von Apple, das wahrscheinlich &quot;Reality Pro&quot; hei\u00dfen wird, soll auf einer Veranstaltung im Fr\u00fchjahr angek\u00fcndigt werden.\" \/>\n<meta name=\"twitter:label1\" content=\"Written by\" \/>\n\t<meta name=\"twitter:data1\" content=\"Milan\" \/>\n\t<meta name=\"twitter:label2\" content=\"Est. reading time\" \/>\n\t<meta name=\"twitter:data2\" content=\"2 minutes\" \/>\n<script type=\"application\/ld+json\" class=\"yoast-schema-graph\">{\"@context\":\"https:\\\/\\\/schema.org\",\"@graph\":[{\"@type\":\"NewsArticle\",\"@id\":\"https:\\\/\\\/www.apfelpatient.de\\\/rumors\\\/one-more-thing-apples-reality-pro-headset-soll-im-fruehjahr-vorgestellt-werden#article\",\"isPartOf\":{\"@id\":\"https:\\\/\\\/www.apfelpatient.de\\\/rumors\\\/one-more-thing-apples-reality-pro-headset-soll-im-fruehjahr-vorgestellt-werden\"},\"author\":{\"@type\":\"Organization\",\"@id\":\"https:\\\/\\\/www.apfelpatient.de\\\/en\\\/#organization\",\"name\":\"Apfelpatient\",\"url\":\"https:\\\/\\\/www.apfelpatient.de\\\/en\\\/\"},\"headline\":\"One more thing: Apples &#8222;Reality Pro&#8220;-Headset soll im Fr\u00fchjahr vorgestellt werden\",\"datePublished\":\"2023-01-08T16:31:25+00:00\",\"mainEntityOfPage\":{\"@id\":\"https:\\\/\\\/www.apfelpatient.de\\\/rumors\\\/one-more-thing-apples-reality-pro-headset-soll-im-fruehjahr-vorgestellt-werden\"},\"wordCount\":305,\"publisher\":{\"@type\":\"Organization\",\"@id\":\"https:\\\/\\\/www.apfelpatient.de\\\/en\\\/#organization\",\"name\":\"Apfelpatient\",\"url\":\"https:\\\/\\\/www.apfelpatient.de\\\/en\\\/\"},\"image\":{\"@id\":\"https:\\\/\\\/www.apfelpatient.de\\\/rumors\\\/one-more-thing-apples-reality-pro-headset-soll-im-fruehjahr-vorgestellt-werden#primaryimage\"},\"thumbnailUrl\":\"https:\\\/\\\/www.apfelpatient.de\\\/wp-content\\\/uploads\\\/2023\\\/01\\\/bigstock-d-Rendering-Of-Futuristic-Fem-465143515.jpg\",\"keywords\":[\"Apple VR\\\/AR\"],\"articleSection\":\"Rumors\",\"inLanguage\":\"en-US\",\"copyrightYear\":\"2023\",\"copyrightHolder\":{\"@id\":\"https:\\\/\\\/www.apfelpatient.de\\\/en\\\/#organization\"}},{\"@type\":\"WebPage\",\"@id\":\"https:\\\/\\\/www.apfelpatient.de\\\/rumors\\\/one-more-thing-apples-reality-pro-headset-soll-im-fruehjahr-vorgestellt-werden\",\"url\":\"https:\\\/\\\/www.apfelpatient.de\\\/rumors\\\/one-more-thing-apples-reality-pro-headset-soll-im-fruehjahr-vorgestellt-werden\",\"name\":\"One more thing: Apples \\\"Reality Pro\\\"-Headset soll im Fr\u00fchjahr vorgestellt werden\",\"isPartOf\":{\"@id\":\"https:\\\/\\\/www.apfelpatient.de\\\/#website\"},\"primaryImageOfPage\":{\"@id\":\"https:\\\/\\\/www.apfelpatient.de\\\/rumors\\\/one-more-thing-apples-reality-pro-headset-soll-im-fruehjahr-vorgestellt-werden#primaryimage\"},\"image\":{\"@id\":\"https:\\\/\\\/www.apfelpatient.de\\\/rumors\\\/one-more-thing-apples-reality-pro-headset-soll-im-fruehjahr-vorgestellt-werden#primaryimage\"},\"thumbnailUrl\":\"https:\\\/\\\/www.apfelpatient.de\\\/wp-content\\\/uploads\\\/2023\\\/01\\\/bigstock-d-Rendering-Of-Futuristic-Fem-465143515.jpg\",\"datePublished\":\"2023-01-08T16:31:25+00:00\",\"description\":\"Das AR\\\/VR-Headset von Apple, das wahrscheinlich \\\"Reality Pro\\\" hei\u00dfen wird, soll auf einer Veranstaltung im Fr\u00fchjahr angek\u00fcndigt werden.\",\"breadcrumb\":{\"@id\":\"https:\\\/\\\/www.apfelpatient.de\\\/rumors\\\/one-more-thing-apples-reality-pro-headset-soll-im-fruehjahr-vorgestellt-werden#breadcrumb\"},\"inLanguage\":\"en-US\",\"potentialAction\":[{\"@type\":\"ReadAction\",\"target\":[\"https:\\\/\\\/www.apfelpatient.de\\\/rumors\\\/one-more-thing-apples-reality-pro-headset-soll-im-fruehjahr-vorgestellt-werden\"]}]},{\"@type\":\"ImageObject\",\"inLanguage\":\"en-US\",\"@id\":\"https:\\\/\\\/www.apfelpatient.de\\\/rumors\\\/one-more-thing-apples-reality-pro-headset-soll-im-fruehjahr-vorgestellt-werden#primaryimage\",\"url\":\"https:\\\/\\\/www.apfelpatient.de\\\/wp-content\\\/uploads\\\/2023\\\/01\\\/bigstock-d-Rendering-Of-Futuristic-Fem-465143515.jpg\",\"contentUrl\":\"https:\\\/\\\/www.apfelpatient.de\\\/wp-content\\\/uploads\\\/2023\\\/01\\\/bigstock-d-Rendering-Of-Futuristic-Fem-465143515.jpg\",\"width\":1600,\"height\":985,\"caption\":\"3d rendering of futuristic female character wearing headset of virtual reality in immersive word of Internet on dark neon glowing background\"},{\"@type\":\"BreadcrumbList\",\"@id\":\"https:\\\/\\\/www.apfelpatient.de\\\/rumors\\\/one-more-thing-apples-reality-pro-headset-soll-im-fruehjahr-vorgestellt-werden#breadcrumb\",\"itemListElement\":[{\"@type\":\"ListItem\",\"position\":1,\"name\":\"Startseite\",\"item\":\"https:\\\/\\\/www.apfelpatient.de\\\/\"},{\"@type\":\"ListItem\",\"position\":2,\"name\":\"One more thing: Apples &#8222;Reality Pro&#8220;-Headset soll im Fr\u00fchjahr vorgestellt werden\"}]},{\"@type\":\"WebSite\",\"@id\":\"https:\\\/\\\/www.apfelpatient.de\\\/#website\",\"url\":\"https:\\\/\\\/www.apfelpatient.de\\\/\",\"name\":\"Apfelpatient\",\"description\":\"Alles rund um Apple!\",\"publisher\":{\"@type\":\"Organization\",\"@id\":\"https:\\\/\\\/www.apfelpatient.de\\\/en\\\/#organization\",\"name\":\"Apfelpatient\",\"url\":\"https:\\\/\\\/www.apfelpatient.de\\\/en\\\/\"},\"alternateName\":\"Apfelpatient\",\"potentialAction\":[{\"@type\":\"SearchAction\",\"target\":{\"@type\":\"EntryPoint\",\"urlTemplate\":\"https:\\\/\\\/www.apfelpatient.de\\\/?s={search_term_string}\"},\"query-input\":{\"@type\":\"PropertyValueSpecification\",\"valueRequired\":true,\"valueName\":\"search_term_string\"}}],\"inLanguage\":\"en-US\"},{\"@type\":[\"Person\",\"Organization\"],\"@id\":\"https:\\\/\\\/www.apfelpatient.de\\\/#\\\/schema\\\/person\\\/35b3ddba5832f2bfc7fff5206d4f6b7b\",\"name\":\"Milan\",\"logo\":{\"@id\":\"https:\\\/\\\/www.apfelpatient.de\\\/#\\\/schema\\\/person\\\/image\\\/\"},\"description\":\"Hallo und herzlich willkommen auf meinem Technik-Blog! Als gro\u00dfer Apple-Fan berichte ich hier \u00fcber alles, was mit Apple zu tun hat: von den neuesten News und spannenden Ger\u00fcchten \u00fcber hilfreiche Tipps und Tricks bis hin zu ausf\u00fchrlichen Produkttests. Wenn du genauso technikbegeistert bist wie ich, bist du hier genau richtig!\",\"sameAs\":[\"https:\\\/\\\/www.facebook.com\\\/apfelpatientOfficial\",\"https:\\\/\\\/www.linkedin.com\\\/in\\\/milan-jovicic-42aa0231b\"],\"url\":\"https:\\\/\\\/www.apfelpatient.de\\\/en\\\/author\\\/apfeladmin\"}]}<\/script>\n<!-- \/ Yoast SEO Premium plugin. -->","yoast_head_json":{"title":"One more thing: Apple&#039;s &quot;Reality Pro&quot; headset to be introduced in spring","description":"Apple&#039;s AR\/VR headset, likely to be called &quot;Reality Pro,&quot; is expected to be announced at an event in the spring.","robots":{"index":"index","follow":"follow","max-snippet":"max-snippet:-1","max-image-preview":"max-image-preview:large","max-video-preview":"max-video-preview:-1"},"canonical":"https:\/\/www.apfelpatient.de\/en\/rumors\/one-more-thing-apples-reality-pro-headset-is-set-to-be-introduced-in-spring","og_locale":"en_US","og_type":"article","og_title":"One more thing: Apples \"Reality Pro\"-Headset soll im Fr\u00fchjahr vorgestellt werden","og_description":"Das AR\/VR-Headset von Apple, das wahrscheinlich \"Reality Pro\" hei\u00dfen wird, soll auf einer Veranstaltung im Fr\u00fchjahr angek\u00fcndigt werden.","og_url":"https:\/\/www.apfelpatient.de\/en\/rumors\/one-more-thing-apples-reality-pro-headset-is-set-to-be-introduced-in-spring","og_site_name":"Apfelpatient","article_publisher":"https:\/\/www.facebook.com\/apfelpatientOfficial","article_author":"https:\/\/www.facebook.com\/apfelpatientOfficial","article_published_time":"2023-01-08T16:31:25+00:00","og_image":[{"width":1600,"height":985,"url":"https:\/\/www.apfelpatient.de\/wp-content\/uploads\/2023\/01\/bigstock-d-Rendering-Of-Futuristic-Fem-465143515.jpg","type":"image\/jpeg"}],"author":"Milan","twitter_card":"summary_large_image","twitter_description":"Das AR\/VR-Headset von Apple, das wahrscheinlich \"Reality Pro\" hei\u00dfen wird, soll auf einer Veranstaltung im Fr\u00fchjahr angek\u00fcndigt werden.","twitter_misc":{"Written by":"Milan","Est. reading time":"2 minutes"},"schema":{"@context":"https:\/\/schema.org","@graph":[{"@type":"NewsArticle","@id":"https:\/\/www.apfelpatient.de\/rumors\/one-more-thing-apples-reality-pro-headset-soll-im-fruehjahr-vorgestellt-werden#article","isPartOf":{"@id":"https:\/\/www.apfelpatient.de\/rumors\/one-more-thing-apples-reality-pro-headset-soll-im-fruehjahr-vorgestellt-werden"},"author":{"@type":"Organization","@id":"https:\/\/www.apfelpatient.de\/en\/#organization","name":"Apfelpatient","url":"https:\/\/www.apfelpatient.de\/en\/"},"headline":"One more thing: Apples &#8222;Reality Pro&#8220;-Headset soll im Fr\u00fchjahr vorgestellt werden","datePublished":"2023-01-08T16:31:25+00:00","mainEntityOfPage":{"@id":"https:\/\/www.apfelpatient.de\/rumors\/one-more-thing-apples-reality-pro-headset-soll-im-fruehjahr-vorgestellt-werden"},"wordCount":305,"publisher":{"@type":"Organization","@id":"https:\/\/www.apfelpatient.de\/en\/#organization","name":"Apfelpatient","url":"https:\/\/www.apfelpatient.de\/en\/"},"image":{"@id":"https:\/\/www.apfelpatient.de\/rumors\/one-more-thing-apples-reality-pro-headset-soll-im-fruehjahr-vorgestellt-werden#primaryimage"},"thumbnailUrl":"https:\/\/www.apfelpatient.de\/wp-content\/uploads\/2023\/01\/bigstock-d-Rendering-Of-Futuristic-Fem-465143515.jpg","keywords":["Apple VR\/AR"],"articleSection":"Rumors","inLanguage":"en-US","copyrightYear":"2023","copyrightHolder":{"@id":"https:\/\/www.apfelpatient.de\/en\/#organization"}},{"@type":"WebPage","@id":"https:\/\/www.apfelpatient.de\/rumors\/one-more-thing-apples-reality-pro-headset-soll-im-fruehjahr-vorgestellt-werden","url":"https:\/\/www.apfelpatient.de\/rumors\/one-more-thing-apples-reality-pro-headset-soll-im-fruehjahr-vorgestellt-werden","name":"One more thing: Apple&#039;s &quot;Reality Pro&quot; headset to be introduced in spring","isPartOf":{"@id":"https:\/\/www.apfelpatient.de\/#website"},"primaryImageOfPage":{"@id":"https:\/\/www.apfelpatient.de\/rumors\/one-more-thing-apples-reality-pro-headset-soll-im-fruehjahr-vorgestellt-werden#primaryimage"},"image":{"@id":"https:\/\/www.apfelpatient.de\/rumors\/one-more-thing-apples-reality-pro-headset-soll-im-fruehjahr-vorgestellt-werden#primaryimage"},"thumbnailUrl":"https:\/\/www.apfelpatient.de\/wp-content\/uploads\/2023\/01\/bigstock-d-Rendering-Of-Futuristic-Fem-465143515.jpg","datePublished":"2023-01-08T16:31:25+00:00","description":"Apple&#039;s AR\/VR headset, likely to be called &quot;Reality Pro,&quot; is expected to be announced at an event in the spring.","breadcrumb":{"@id":"https:\/\/www.apfelpatient.de\/rumors\/one-more-thing-apples-reality-pro-headset-soll-im-fruehjahr-vorgestellt-werden#breadcrumb"},"inLanguage":"en-US","potentialAction":[{"@type":"ReadAction","target":["https:\/\/www.apfelpatient.de\/rumors\/one-more-thing-apples-reality-pro-headset-soll-im-fruehjahr-vorgestellt-werden"]}]},{"@type":"ImageObject","inLanguage":"en-US","@id":"https:\/\/www.apfelpatient.de\/rumors\/one-more-thing-apples-reality-pro-headset-soll-im-fruehjahr-vorgestellt-werden#primaryimage","url":"https:\/\/www.apfelpatient.de\/wp-content\/uploads\/2023\/01\/bigstock-d-Rendering-Of-Futuristic-Fem-465143515.jpg","contentUrl":"https:\/\/www.apfelpatient.de\/wp-content\/uploads\/2023\/01\/bigstock-d-Rendering-Of-Futuristic-Fem-465143515.jpg","width":1600,"height":985,"caption":"3d rendering of futuristic female character wearing headset of virtual reality in immersive word of Internet on dark neon glowing background"},{"@type":"BreadcrumbList","@id":"https:\/\/www.apfelpatient.de\/rumors\/one-more-thing-apples-reality-pro-headset-soll-im-fruehjahr-vorgestellt-werden#breadcrumb","itemListElement":[{"@type":"ListItem","position":1,"name":"Startseite","item":"https:\/\/www.apfelpatient.de\/"},{"@type":"ListItem","position":2,"name":"One more thing: Apples &#8222;Reality Pro&#8220;-Headset soll im Fr\u00fchjahr vorgestellt werden"}]},{"@type":"WebSite","@id":"https:\/\/www.apfelpatient.de\/#website","url":"https:\/\/www.apfelpatient.de\/","name":"apple patient","description":"Everything about Apple!","publisher":{"@type":"Organization","@id":"https:\/\/www.apfelpatient.de\/en\/#organization","name":"Apfelpatient","url":"https:\/\/www.apfelpatient.de\/en\/"},"alternateName":"Apfelpatient","potentialAction":[{"@type":"SearchAction","target":{"@type":"EntryPoint","urlTemplate":"https:\/\/www.apfelpatient.de\/?s={search_term_string}"},"query-input":{"@type":"PropertyValueSpecification","valueRequired":true,"valueName":"search_term_string"}}],"inLanguage":"en-US"},{"@type":["Person","Organization"],"@id":"https:\/\/www.apfelpatient.de\/#\/schema\/person\/35b3ddba5832f2bfc7fff5206d4f6b7b","name":"Milan","logo":{"@id":"https:\/\/www.apfelpatient.de\/#\/schema\/person\/image\/"},"description":"Hello and welcome to my technology blog! As a big Apple fan, I report on everything to do with Apple: from the latest news and exciting rumors to helpful tips and tricks and detailed product tests. If you are as enthusiastic about technology as I am, you have come to the right place!","sameAs":["https:\/\/www.facebook.com\/apfelpatientOfficial","https:\/\/www.linkedin.com\/in\/milan-jovicic-42aa0231b"],"url":"https:\/\/www.apfelpatient.de\/en\/author\/apfeladmin"}]}},"_links":{"self":[{"href":"https:\/\/www.apfelpatient.de\/en\/wp-json\/wp\/v2\/posts\/36751","targetHints":{"allow":["GET"]}}],"collection":[{"href":"https:\/\/www.apfelpatient.de\/en\/wp-json\/wp\/v2\/posts"}],"about":[{"href":"https:\/\/www.apfelpatient.de\/en\/wp-json\/wp\/v2\/types\/post"}],"author":[{"embeddable":true,"href":"https:\/\/www.apfelpatient.de\/en\/wp-json\/wp\/v2\/users\/2"}],"replies":[{"embeddable":true,"href":"https:\/\/www.apfelpatient.de\/en\/wp-json\/wp\/v2\/comments?post=36751"}],"version-history":[{"count":0,"href":"https:\/\/www.apfelpatient.de\/en\/wp-json\/wp\/v2\/posts\/36751\/revisions"}],"wp:featuredmedia":[{"embeddable":true,"href":"https:\/\/www.apfelpatient.de\/en\/wp-json\/wp\/v2\/media\/36745"}],"wp:attachment":[{"href":"https:\/\/www.apfelpatient.de\/en\/wp-json\/wp\/v2\/media?parent=36751"}],"wp:term":[{"taxonomy":"category","embeddable":true,"href":"https:\/\/www.apfelpatient.de\/en\/wp-json\/wp\/v2\/categories?post=36751"},{"taxonomy":"post_tag","embeddable":true,"href":"https:\/\/www.apfelpatient.de\/en\/wp-json\/wp\/v2\/tags?post=36751"}],"curies":[{"name":"wp","href":"https:\/\/api.w.org\/{rel}","templated":true}]}}