{"id":3674,"date":"2019-03-05T20:25:07","date_gmt":"2019-03-05T19:25:07","guid":{"rendered":"https:\/\/www.apfelpatient.de\/?p=3674"},"modified":"2019-03-05T20:25:07","modified_gmt":"2019-03-05T19:25:07","slug":"macbook-pro-flexgate-change-inside-should-eliminate-display-problems","status":"publish","type":"post","link":"https:\/\/www.apfelpatient.de\/en\/news\/macbook-pro-flexgate-aenderung-im-inneren-soll-displayprobleme-beseitigen","title":{"rendered":"MacBook Pro Flexgate: Changes inside should eliminate display problems"},"content":{"rendered":"<p><strong>Flexgate is a fault in the backlight of 2018 MacBook Pro models. If a device is affected, a stage light-like effect occurs in the lower part of the display.<\/strong><\/p>\n<p class=\"p1\"><\/p>\n<p>Some 2018 MacBook Pro models suffer from a problem with the flex cable that connects the circuit board to the screen. Repeatedly opening and closing the device can damage the cable in question and lead to an incorrect display of the image. However, Apple now seems to have quietly made a change in the design. According to this, the flex cable is said to have been extended by 2 millimeters. A user noticed this on her MacBook Pro 13&quot;. In a detailed post, she reports on the problem and the new feature she discovered. After the information became known, the guys from iFixit took a look at a current 15&quot; model and confirmed the improvement there too. In fact, the flex cable is said to have been extended by 2 millimeters here too.<\/p>\n<p>It remains to be seen whether the new feature will prevent increased wear and tear on the cable in the future. Nevertheless, this 2 millimeter extension could actually have a positive effect on the regular opening and closing of the MacBook Pro. Apple has not yet confirmed the change - and a statement on the subject is still pending.<\/p>\n<h6><a href=\"https:\/\/t.me\/apfelpatient_official\"><em><strong>Don&#039;t want to miss any more news? Then subscribe to our Telegram channel here<\/strong><\/em><\/a><\/h6>","protected":false},"excerpt":{"rendered":"<p>Unter Flexgate ist ein Fehler in der Hintergrundbeleuchtung bei 2018er Macbook Pro Modellen zu verstehen. Ist ein Ger\u00e4t betroffen, so ergibt sich ein B\u00fchnenlicht \u00e4hnlicher Effekt im unteren Teil des Displays. Manche 2018er Macbook Pro Modelle leiden unter einem Problem mit dem Flex Cable, das die Platine mit dem Bildschirm verbindet. Durch das wiederholte Auf- [&hellip;]<\/p>\n","protected":false},"author":2,"featured_media":2710,"comment_status":"closed","ping_status":"open","sticky":false,"template":"","format":"standard","meta":{"jnews-multi-image_gallery":[],"jnews_single_post":[],"jnews_primary_category":[],"footnotes":""},"categories":[9],"tags":[40,50],"class_list":["post-3674","post","type-post","status-publish","format-standard","has-post-thumbnail","hentry","category-news","tag-mac","tag-macbook-pro"],"yoast_head":"<!-- This site is optimized with the Yoast SEO Premium plugin v27.5 (Yoast SEO v27.5) - https:\/\/yoast.com\/product\/yoast-seo-premium-wordpress\/ -->\n<title>MacBook Pro Flexgate: \u00c4nderung im Inneren soll Displayprobleme beseitigen Apfelpatient<\/title>\n<meta name=\"description\" content=\"- Unter Flexgate ist ein Fehler in der Hintergrundbeleuchtung bei 2018er Macbook Pro Modellen zu verstehen. Ist ein Ger\u00e4t betroffen, so ergibt sich ein B\u00fchnenlicht \u00e4hnlicher Effekt im unteren Teil des Displays.\" \/>\n<meta name=\"robots\" content=\"index, follow, max-snippet:-1, max-image-preview:large, max-video-preview:-1\" \/>\n<link rel=\"canonical\" href=\"https:\/\/www.apfelpatient.de\/en\/news\/macbook-pro-flexgate-change-inside-should-eliminate-display-problems\" \/>\n<meta property=\"og:locale\" content=\"en_US\" \/>\n<meta property=\"og:type\" content=\"article\" \/>\n<meta property=\"og:title\" content=\"MacBook Pro Flexgate: \u00c4nderung im Inneren soll Displayprobleme beseitigen\" \/>\n<meta property=\"og:description\" content=\"- Unter Flexgate ist ein Fehler in der Hintergrundbeleuchtung bei 2018er Macbook Pro Modellen zu verstehen. Ist ein Ger\u00e4t betroffen, so ergibt sich ein B\u00fchnenlicht \u00e4hnlicher Effekt im unteren Teil des Displays.\" \/>\n<meta property=\"og:url\" content=\"https:\/\/www.apfelpatient.de\/en\/news\/macbook-pro-flexgate-change-inside-should-eliminate-display-problems\" \/>\n<meta property=\"og:site_name\" content=\"Apfelpatient\" \/>\n<meta property=\"article:publisher\" content=\"https:\/\/www.facebook.com\/apfelpatientOfficial\" \/>\n<meta property=\"article:author\" content=\"https:\/\/www.facebook.com\/apfelpatientOfficial\" \/>\n<meta property=\"article:published_time\" content=\"2019-03-05T19:25:07+00:00\" \/>\n<meta property=\"og:image\" content=\"https:\/\/www.apfelpatient.de\/wp-content\/uploads\/2018\/12\/ales-nesetril-734016-unsplash.jpg\" \/>\n\t<meta property=\"og:image:width\" content=\"4846\" \/>\n\t<meta property=\"og:image:height\" content=\"3431\" \/>\n\t<meta property=\"og:image:type\" content=\"image\/jpeg\" \/>\n<meta name=\"author\" content=\"Milan\" \/>\n<meta name=\"twitter:card\" content=\"summary_large_image\" \/>\n<meta name=\"twitter:label1\" content=\"Written by\" \/>\n\t<meta name=\"twitter:data1\" content=\"Milan\" \/>\n\t<meta name=\"twitter:label2\" content=\"Est. reading time\" \/>\n\t<meta name=\"twitter:data2\" content=\"1 minute\" \/>\n<script type=\"application\/ld+json\" class=\"yoast-schema-graph\">{\"@context\":\"https:\\\/\\\/schema.org\",\"@graph\":[{\"@type\":\"NewsArticle\",\"@id\":\"https:\\\/\\\/www.apfelpatient.de\\\/news\\\/macbook-pro-flexgate-aenderung-im-inneren-soll-displayprobleme-beseitigen#article\",\"isPartOf\":{\"@id\":\"https:\\\/\\\/www.apfelpatient.de\\\/news\\\/macbook-pro-flexgate-aenderung-im-inneren-soll-displayprobleme-beseitigen\"},\"author\":{\"@type\":\"Organization\",\"@id\":\"https:\\\/\\\/www.apfelpatient.de\\\/en\\\/#organization\",\"name\":\"Apfelpatient\",\"url\":\"https:\\\/\\\/www.apfelpatient.de\\\/en\\\/\"},\"headline\":\"MacBook Pro Flexgate: \u00c4nderung im Inneren soll Displayprobleme beseitigen\",\"datePublished\":\"2019-03-05T19:25:07+00:00\",\"mainEntityOfPage\":{\"@id\":\"https:\\\/\\\/www.apfelpatient.de\\\/news\\\/macbook-pro-flexgate-aenderung-im-inneren-soll-displayprobleme-beseitigen\"},\"wordCount\":240,\"publisher\":{\"@type\":\"Organization\",\"@id\":\"https:\\\/\\\/www.apfelpatient.de\\\/en\\\/#organization\",\"name\":\"Apfelpatient\",\"url\":\"https:\\\/\\\/www.apfelpatient.de\\\/en\\\/\"},\"image\":{\"@id\":\"https:\\\/\\\/www.apfelpatient.de\\\/news\\\/macbook-pro-flexgate-aenderung-im-inneren-soll-displayprobleme-beseitigen#primaryimage\"},\"thumbnailUrl\":\"https:\\\/\\\/www.apfelpatient.de\\\/wp-content\\\/uploads\\\/2018\\\/12\\\/ales-nesetril-734016-unsplash.jpg\",\"keywords\":[\"Mac\",\"MacBook Pro\"],\"articleSection\":\"News\",\"inLanguage\":\"en-US\",\"copyrightYear\":\"2019\",\"copyrightHolder\":{\"@id\":\"https:\\\/\\\/www.apfelpatient.de\\\/en\\\/#organization\"}},{\"@type\":\"WebPage\",\"@id\":\"https:\\\/\\\/www.apfelpatient.de\\\/news\\\/macbook-pro-flexgate-aenderung-im-inneren-soll-displayprobleme-beseitigen\",\"url\":\"https:\\\/\\\/www.apfelpatient.de\\\/news\\\/macbook-pro-flexgate-aenderung-im-inneren-soll-displayprobleme-beseitigen\",\"name\":\"MacBook Pro Flexgate: \u00c4nderung im Inneren soll Displayprobleme beseitigen Apfelpatient\",\"isPartOf\":{\"@id\":\"https:\\\/\\\/www.apfelpatient.de\\\/#website\"},\"primaryImageOfPage\":{\"@id\":\"https:\\\/\\\/www.apfelpatient.de\\\/news\\\/macbook-pro-flexgate-aenderung-im-inneren-soll-displayprobleme-beseitigen#primaryimage\"},\"image\":{\"@id\":\"https:\\\/\\\/www.apfelpatient.de\\\/news\\\/macbook-pro-flexgate-aenderung-im-inneren-soll-displayprobleme-beseitigen#primaryimage\"},\"thumbnailUrl\":\"https:\\\/\\\/www.apfelpatient.de\\\/wp-content\\\/uploads\\\/2018\\\/12\\\/ales-nesetril-734016-unsplash.jpg\",\"datePublished\":\"2019-03-05T19:25:07+00:00\",\"description\":\"- Unter Flexgate ist ein Fehler in der Hintergrundbeleuchtung bei 2018er Macbook Pro Modellen zu verstehen. Ist ein Ger\u00e4t betroffen, so ergibt sich ein B\u00fchnenlicht \u00e4hnlicher Effekt im unteren Teil des Displays.\",\"breadcrumb\":{\"@id\":\"https:\\\/\\\/www.apfelpatient.de\\\/news\\\/macbook-pro-flexgate-aenderung-im-inneren-soll-displayprobleme-beseitigen#breadcrumb\"},\"inLanguage\":\"en-US\",\"potentialAction\":[{\"@type\":\"ReadAction\",\"target\":[\"https:\\\/\\\/www.apfelpatient.de\\\/news\\\/macbook-pro-flexgate-aenderung-im-inneren-soll-displayprobleme-beseitigen\"]}]},{\"@type\":\"ImageObject\",\"inLanguage\":\"en-US\",\"@id\":\"https:\\\/\\\/www.apfelpatient.de\\\/news\\\/macbook-pro-flexgate-aenderung-im-inneren-soll-displayprobleme-beseitigen#primaryimage\",\"url\":\"https:\\\/\\\/www.apfelpatient.de\\\/wp-content\\\/uploads\\\/2018\\\/12\\\/ales-nesetril-734016-unsplash.jpg\",\"contentUrl\":\"https:\\\/\\\/www.apfelpatient.de\\\/wp-content\\\/uploads\\\/2018\\\/12\\\/ales-nesetril-734016-unsplash.jpg\",\"width\":4846,\"height\":3431,\"caption\":\"Photo by Unsplash\"},{\"@type\":\"BreadcrumbList\",\"@id\":\"https:\\\/\\\/www.apfelpatient.de\\\/news\\\/macbook-pro-flexgate-aenderung-im-inneren-soll-displayprobleme-beseitigen#breadcrumb\",\"itemListElement\":[{\"@type\":\"ListItem\",\"position\":1,\"name\":\"Startseite\",\"item\":\"https:\\\/\\\/www.apfelpatient.de\\\/\"},{\"@type\":\"ListItem\",\"position\":2,\"name\":\"MacBook Pro Flexgate: \u00c4nderung im Inneren soll Displayprobleme beseitigen\"}]},{\"@type\":\"WebSite\",\"@id\":\"https:\\\/\\\/www.apfelpatient.de\\\/#website\",\"url\":\"https:\\\/\\\/www.apfelpatient.de\\\/\",\"name\":\"Apfelpatient\",\"description\":\"Alles rund um Apple!\",\"publisher\":{\"@type\":\"Organization\",\"@id\":\"https:\\\/\\\/www.apfelpatient.de\\\/en\\\/#organization\",\"name\":\"Apfelpatient\",\"url\":\"https:\\\/\\\/www.apfelpatient.de\\\/en\\\/\"},\"alternateName\":\"Apfelpatient\",\"potentialAction\":[{\"@type\":\"SearchAction\",\"target\":{\"@type\":\"EntryPoint\",\"urlTemplate\":\"https:\\\/\\\/www.apfelpatient.de\\\/?s={search_term_string}\"},\"query-input\":{\"@type\":\"PropertyValueSpecification\",\"valueRequired\":true,\"valueName\":\"search_term_string\"}}],\"inLanguage\":\"en-US\"},{\"@type\":[\"Person\",\"Organization\"],\"@id\":\"https:\\\/\\\/www.apfelpatient.de\\\/#\\\/schema\\\/person\\\/35b3ddba5832f2bfc7fff5206d4f6b7b\",\"name\":\"Milan\",\"logo\":{\"@id\":\"https:\\\/\\\/www.apfelpatient.de\\\/#\\\/schema\\\/person\\\/image\\\/\"},\"description\":\"Hallo und herzlich willkommen auf meinem Technik-Blog! Als gro\u00dfer Apple-Fan berichte ich hier \u00fcber alles, was mit Apple zu tun hat: von den neuesten News und spannenden Ger\u00fcchten \u00fcber hilfreiche Tipps und Tricks bis hin zu ausf\u00fchrlichen Produkttests. Wenn du genauso technikbegeistert bist wie ich, bist du hier genau richtig!\",\"sameAs\":[\"https:\\\/\\\/www.facebook.com\\\/apfelpatientOfficial\",\"https:\\\/\\\/www.linkedin.com\\\/in\\\/milan-jovicic-42aa0231b\"],\"url\":\"https:\\\/\\\/www.apfelpatient.de\\\/en\\\/author\\\/apfeladmin\"}]}<\/script>\n<!-- \/ Yoast SEO Premium plugin. -->","yoast_head_json":{"title":"MacBook Pro Flexgate: Changes inside should eliminate display problems Apfelpatient","description":"- Flexgate is a fault in the backlight of 2018 MacBook Pro models. If a device is affected, a stage light-like effect occurs in the lower part of the display.","robots":{"index":"index","follow":"follow","max-snippet":"max-snippet:-1","max-image-preview":"max-image-preview:large","max-video-preview":"max-video-preview:-1"},"canonical":"https:\/\/www.apfelpatient.de\/en\/news\/macbook-pro-flexgate-change-inside-should-eliminate-display-problems","og_locale":"en_US","og_type":"article","og_title":"MacBook Pro Flexgate: \u00c4nderung im Inneren soll Displayprobleme beseitigen","og_description":"- Unter Flexgate ist ein Fehler in der Hintergrundbeleuchtung bei 2018er Macbook Pro Modellen zu verstehen. Ist ein Ger\u00e4t betroffen, so ergibt sich ein B\u00fchnenlicht \u00e4hnlicher Effekt im unteren Teil des Displays.","og_url":"https:\/\/www.apfelpatient.de\/en\/news\/macbook-pro-flexgate-change-inside-should-eliminate-display-problems","og_site_name":"Apfelpatient","article_publisher":"https:\/\/www.facebook.com\/apfelpatientOfficial","article_author":"https:\/\/www.facebook.com\/apfelpatientOfficial","article_published_time":"2019-03-05T19:25:07+00:00","og_image":[{"width":4846,"height":3431,"url":"https:\/\/www.apfelpatient.de\/wp-content\/uploads\/2018\/12\/ales-nesetril-734016-unsplash.jpg","type":"image\/jpeg"}],"author":"Milan","twitter_card":"summary_large_image","twitter_misc":{"Written by":"Milan","Est. reading time":"1 minute"},"schema":{"@context":"https:\/\/schema.org","@graph":[{"@type":"NewsArticle","@id":"https:\/\/www.apfelpatient.de\/news\/macbook-pro-flexgate-aenderung-im-inneren-soll-displayprobleme-beseitigen#article","isPartOf":{"@id":"https:\/\/www.apfelpatient.de\/news\/macbook-pro-flexgate-aenderung-im-inneren-soll-displayprobleme-beseitigen"},"author":{"@type":"Organization","@id":"https:\/\/www.apfelpatient.de\/en\/#organization","name":"Apfelpatient","url":"https:\/\/www.apfelpatient.de\/en\/"},"headline":"MacBook Pro Flexgate: \u00c4nderung im Inneren soll Displayprobleme beseitigen","datePublished":"2019-03-05T19:25:07+00:00","mainEntityOfPage":{"@id":"https:\/\/www.apfelpatient.de\/news\/macbook-pro-flexgate-aenderung-im-inneren-soll-displayprobleme-beseitigen"},"wordCount":240,"publisher":{"@type":"Organization","@id":"https:\/\/www.apfelpatient.de\/en\/#organization","name":"Apfelpatient","url":"https:\/\/www.apfelpatient.de\/en\/"},"image":{"@id":"https:\/\/www.apfelpatient.de\/news\/macbook-pro-flexgate-aenderung-im-inneren-soll-displayprobleme-beseitigen#primaryimage"},"thumbnailUrl":"https:\/\/www.apfelpatient.de\/wp-content\/uploads\/2018\/12\/ales-nesetril-734016-unsplash.jpg","keywords":["Mac","MacBook Pro"],"articleSection":"News","inLanguage":"en-US","copyrightYear":"2019","copyrightHolder":{"@id":"https:\/\/www.apfelpatient.de\/en\/#organization"}},{"@type":"WebPage","@id":"https:\/\/www.apfelpatient.de\/news\/macbook-pro-flexgate-aenderung-im-inneren-soll-displayprobleme-beseitigen","url":"https:\/\/www.apfelpatient.de\/news\/macbook-pro-flexgate-aenderung-im-inneren-soll-displayprobleme-beseitigen","name":"MacBook Pro Flexgate: Changes inside should eliminate display problems Apfelpatient","isPartOf":{"@id":"https:\/\/www.apfelpatient.de\/#website"},"primaryImageOfPage":{"@id":"https:\/\/www.apfelpatient.de\/news\/macbook-pro-flexgate-aenderung-im-inneren-soll-displayprobleme-beseitigen#primaryimage"},"image":{"@id":"https:\/\/www.apfelpatient.de\/news\/macbook-pro-flexgate-aenderung-im-inneren-soll-displayprobleme-beseitigen#primaryimage"},"thumbnailUrl":"https:\/\/www.apfelpatient.de\/wp-content\/uploads\/2018\/12\/ales-nesetril-734016-unsplash.jpg","datePublished":"2019-03-05T19:25:07+00:00","description":"- Flexgate is a fault in the backlight of 2018 MacBook Pro models. If a device is affected, a stage light-like effect occurs in the lower part of the display.","breadcrumb":{"@id":"https:\/\/www.apfelpatient.de\/news\/macbook-pro-flexgate-aenderung-im-inneren-soll-displayprobleme-beseitigen#breadcrumb"},"inLanguage":"en-US","potentialAction":[{"@type":"ReadAction","target":["https:\/\/www.apfelpatient.de\/news\/macbook-pro-flexgate-aenderung-im-inneren-soll-displayprobleme-beseitigen"]}]},{"@type":"ImageObject","inLanguage":"en-US","@id":"https:\/\/www.apfelpatient.de\/news\/macbook-pro-flexgate-aenderung-im-inneren-soll-displayprobleme-beseitigen#primaryimage","url":"https:\/\/www.apfelpatient.de\/wp-content\/uploads\/2018\/12\/ales-nesetril-734016-unsplash.jpg","contentUrl":"https:\/\/www.apfelpatient.de\/wp-content\/uploads\/2018\/12\/ales-nesetril-734016-unsplash.jpg","width":4846,"height":3431,"caption":"Photo by Unsplash"},{"@type":"BreadcrumbList","@id":"https:\/\/www.apfelpatient.de\/news\/macbook-pro-flexgate-aenderung-im-inneren-soll-displayprobleme-beseitigen#breadcrumb","itemListElement":[{"@type":"ListItem","position":1,"name":"Startseite","item":"https:\/\/www.apfelpatient.de\/"},{"@type":"ListItem","position":2,"name":"MacBook Pro Flexgate: \u00c4nderung im Inneren soll Displayprobleme beseitigen"}]},{"@type":"WebSite","@id":"https:\/\/www.apfelpatient.de\/#website","url":"https:\/\/www.apfelpatient.de\/","name":"apple patient","description":"Everything about Apple!","publisher":{"@type":"Organization","@id":"https:\/\/www.apfelpatient.de\/en\/#organization","name":"Apfelpatient","url":"https:\/\/www.apfelpatient.de\/en\/"},"alternateName":"Apfelpatient","potentialAction":[{"@type":"SearchAction","target":{"@type":"EntryPoint","urlTemplate":"https:\/\/www.apfelpatient.de\/?s={search_term_string}"},"query-input":{"@type":"PropertyValueSpecification","valueRequired":true,"valueName":"search_term_string"}}],"inLanguage":"en-US"},{"@type":["Person","Organization"],"@id":"https:\/\/www.apfelpatient.de\/#\/schema\/person\/35b3ddba5832f2bfc7fff5206d4f6b7b","name":"Milan","logo":{"@id":"https:\/\/www.apfelpatient.de\/#\/schema\/person\/image\/"},"description":"Hello and welcome to my technology blog! As a big Apple fan, I report on everything to do with Apple: from the latest news and exciting rumors to helpful tips and tricks and detailed product tests. If you are as enthusiastic about technology as I am, you have come to the right place!","sameAs":["https:\/\/www.facebook.com\/apfelpatientOfficial","https:\/\/www.linkedin.com\/in\/milan-jovicic-42aa0231b"],"url":"https:\/\/www.apfelpatient.de\/en\/author\/apfeladmin"}]}},"_links":{"self":[{"href":"https:\/\/www.apfelpatient.de\/en\/wp-json\/wp\/v2\/posts\/3674","targetHints":{"allow":["GET"]}}],"collection":[{"href":"https:\/\/www.apfelpatient.de\/en\/wp-json\/wp\/v2\/posts"}],"about":[{"href":"https:\/\/www.apfelpatient.de\/en\/wp-json\/wp\/v2\/types\/post"}],"author":[{"embeddable":true,"href":"https:\/\/www.apfelpatient.de\/en\/wp-json\/wp\/v2\/users\/2"}],"replies":[{"embeddable":true,"href":"https:\/\/www.apfelpatient.de\/en\/wp-json\/wp\/v2\/comments?post=3674"}],"version-history":[{"count":0,"href":"https:\/\/www.apfelpatient.de\/en\/wp-json\/wp\/v2\/posts\/3674\/revisions"}],"wp:featuredmedia":[{"embeddable":true,"href":"https:\/\/www.apfelpatient.de\/en\/wp-json\/wp\/v2\/media\/2710"}],"wp:attachment":[{"href":"https:\/\/www.apfelpatient.de\/en\/wp-json\/wp\/v2\/media?parent=3674"}],"wp:term":[{"taxonomy":"category","embeddable":true,"href":"https:\/\/www.apfelpatient.de\/en\/wp-json\/wp\/v2\/categories?post=3674"},{"taxonomy":"post_tag","embeddable":true,"href":"https:\/\/www.apfelpatient.de\/en\/wp-json\/wp\/v2\/tags?post=3674"}],"curies":[{"name":"wp","href":"https:\/\/api.w.org\/{rel}","templated":true}]}}