{"id":36698,"date":"2023-01-02T17:48:22","date_gmt":"2023-01-02T16:48:22","guid":{"rendered":"https:\/\/www.apfelpatient.de\/?p=36698"},"modified":"2023-01-02T17:49:18","modified_gmt":"2023-01-02T16:49:18","slug":"iphone-ipad-mac-apple-increases-prices-for-battery-replacement","status":"publish","type":"post","link":"https:\/\/www.apfelpatient.de\/en\/news\/iphone-ipad-mac-apple-erhoeht-preise-fuer-batterietausch","title":{"rendered":"iPhone, iPad &amp; Mac: Apple increases prices for battery replacement"},"content":{"rendered":"<p class=\"has-drop-cap\"><strong>Apple is increasing post-warranty battery replacement prices for all iPhone models older than the iPhone 14 \u2013 later this year. Apple is also increasing prices for iPad and Mac battery replacements.<\/strong><\/p>\n\n\n\n<p>Apple announced today that starting March 1, 2023, the price for replacing batteries after the warranty period for all models of the iPhone 13 and iPhone 12 series as well as for older iPhone models will increase by 24 euros. Specifically, the corresponding <a href=\"https:\/\/support.apple.com\/de-de\/iphone\/repair\/battery-replacement\" target=\"_blank\" rel=\"noreferrer noopener\">website<\/a>:<\/p>\n\n\n\n<h3 class=\"wp-block-heading\" id=\"h-iphone-ipad-mac-batterietausch-apple-erhoht-preise\">iPhone, iPad &amp; Mac battery replacement: Apple increases prices<\/h3>\n\n\n\n\n\n\n\n<blockquote class=\"wp-block-quote is-layout-flow wp-block-quote-is-layout-flow\">\n<p>The current out-of-warranty battery service fee is valid until the end of February 2023. On March 1, 2023, the out-of-warranty battery service fee for all iPhone models prior to iPhone 14 will increase by \u20ac24.<\/p>\n<\/blockquote>\n\n\n\n<p>The price increase only affects customers who do not have AppleCare+ for their device. With AppleCare+, customers do not pay for battery replacement as soon as the battery condition has fallen below 80%. In addition to iPhones, various iPad and Mac models from Apple were also included. So if you are planning to replace the battery and do not have AppleCare+, you should do it before March 1st to save money. (Photo by Poravute Siriphiroon \/ Bigstockphoto)<\/p>\n\n\n\n<ul class=\"wp-block-list\">\n<li><a href=\"https:\/\/www.apfelpatient.de\/en\/generally\/apple-innovations-these-products-could-appear-in-2023\">Apple News: These Products Could Be Released in 2023<\/a><\/li>\n<\/ul>\n\n\n\n<h6 class=\"wp-block-heading translation-block\" id=\"h-kennt-ihr-schon-unsere-amazon-storefront-dort-findet-ihr-eine-handverlesene-auswahl-von-diversen-produkten-f-r-euer-iphone-und-co-viel-spa-beim-st-bern\"><em>Have you already visited our Amazon Storefront? There you&#039;ll find a hand-picked selection of various products for your iPhone and other devices \u2013 <span class=\"has-inline-color has-vivid-red-color\"><a href=\"https:\/\/www.amazon.de\/shop\/apfelpatientofficial\" class=\"ek-link\" data-wpel-link=\"exclude\" rel=\"follow noopener\" target=\"_self\"><span style=\"text-decoration: underline\" class=\"ek-underline\">enjoy browsing<\/span><\/a> !<\/span><\/em><\/h6>\n\n\n\n<h6 class=\"wp-block-heading translation-block\" id=\"h-der-beitrag-enthalt-partnerlinks\">This post contains <a data-type=\"URL\" data-id=\"https:\/\/www.apfelpatient.de\/partnerprogramm\" href=\"https:\/\/www.apfelpatient.de\/en\/partner-program\" data-wpel-link=\"internal\" target=\"_self\">affiliate links<\/a>.<\/h6>","protected":false},"excerpt":{"rendered":"<p>Apple is increasing prices for post-warranty battery replacements for almost all iPhone models and more.<\/p>","protected":false},"author":2,"featured_media":5729,"comment_status":"closed","ping_status":"closed","sticky":false,"template":"","format":"standard","meta":{"jnews-multi-image_gallery":[],"jnews_single_post":{"subtitle":"","format":"standard","video":"","gallery":"","source_name":"","source_url":"","via_name":"","via_url":"","override":[{"single_blog_custom":"","sidebar":"","second_sidebar":"","share_position":"","share_float_style":"","post_date_format":"","post_date_format_custom":"","post_reading_time_wpm":"","zoom_button_out_step":"1","zoom_button_in_step":"1","number_popup_post":"1"}],"image_override":[{"single_post_thumbnail_size":"","single_post_gallery_size":""}],"trending_post_position":"","trending_post_label":"","sponsored_post_label":"","sponsored_post_name":"","sponsored_post_url":"","sponsored_post_logo":"","sponsored_post_desc":""},"jnews_primary_category":{"id":"9"},"footnotes":""},"categories":[9],"tags":[18,8,40],"class_list":["post-36698","post","type-post","status-publish","format-standard","has-post-thumbnail","hentry","category-news","tag-ipad","tag-iphone","tag-mac"],"yoast_head":"<!-- This site is optimized with the Yoast SEO Premium plugin v27.5 (Yoast SEO v27.5) - https:\/\/yoast.com\/product\/yoast-seo-premium-wordpress\/ -->\n<title>iPhone, iPad &amp; Mac: Apple erh\u00f6ht Preise f\u00fcr Batterietausch<\/title>\n<meta name=\"description\" content=\"Apple erh\u00f6ht die Preise f\u00fcr den Austausch von Batterien nach Ablauf der Garantiezeit f\u00fcr fast alle iPhone-Modelle und mehr.\" \/>\n<meta name=\"robots\" content=\"index, follow, max-snippet:-1, max-image-preview:large, max-video-preview:-1\" \/>\n<link rel=\"canonical\" href=\"https:\/\/www.apfelpatient.de\/en\/news\/iphone-ipad-mac-apple-increases-prices-for-battery-replacement\" \/>\n<meta property=\"og:locale\" content=\"en_US\" \/>\n<meta property=\"og:type\" content=\"article\" \/>\n<meta property=\"og:title\" content=\"iPhone, iPad &amp; Mac: Apple erh\u00f6ht Preise f\u00fcr Batterietausch\" \/>\n<meta property=\"og:description\" content=\"Apple erh\u00f6ht die Preise f\u00fcr den Austausch von Batterien nach Ablauf der Garantiezeit f\u00fcr fast alle iPhone-Modelle und mehr.\" \/>\n<meta property=\"og:url\" content=\"https:\/\/www.apfelpatient.de\/en\/news\/iphone-ipad-mac-apple-increases-prices-for-battery-replacement\" \/>\n<meta property=\"og:site_name\" content=\"Apfelpatient\" \/>\n<meta property=\"article:publisher\" content=\"https:\/\/www.facebook.com\/apfelpatientOfficial\" \/>\n<meta property=\"article:author\" content=\"https:\/\/www.facebook.com\/apfelpatientOfficial\" \/>\n<meta property=\"article:published_time\" content=\"2023-01-02T16:48:22+00:00\" \/>\n<meta property=\"article:modified_time\" content=\"2023-01-02T16:49:18+00:00\" \/>\n<meta property=\"og:image\" content=\"https:\/\/www.apfelpatient.de\/wp-content\/uploads\/2019\/08\/bigstock-213276868.jpg\" \/>\n\t<meta property=\"og:image:width\" content=\"1600\" \/>\n\t<meta property=\"og:image:height\" content=\"1167\" \/>\n\t<meta property=\"og:image:type\" content=\"image\/jpeg\" \/>\n<meta name=\"author\" content=\"Milan\" \/>\n<meta name=\"twitter:card\" content=\"summary_large_image\" \/>\n<meta name=\"twitter:description\" content=\"Apple erh\u00f6ht die Preise f\u00fcr den Austausch von Batterien nach Ablauf der Garantiezeit f\u00fcr fast alle iPhone-Modelle und mehr.\" \/>\n<meta name=\"twitter:label1\" content=\"Written by\" \/>\n\t<meta name=\"twitter:data1\" content=\"Milan\" \/>\n\t<meta name=\"twitter:label2\" content=\"Est. reading time\" \/>\n\t<meta name=\"twitter:data2\" content=\"2 minutes\" \/>\n<script type=\"application\/ld+json\" class=\"yoast-schema-graph\">{\"@context\":\"https:\\\/\\\/schema.org\",\"@graph\":[{\"@type\":\"NewsArticle\",\"@id\":\"https:\\\/\\\/www.apfelpatient.de\\\/news\\\/iphone-ipad-mac-apple-erhoeht-preise-fuer-batterietausch#article\",\"isPartOf\":{\"@id\":\"https:\\\/\\\/www.apfelpatient.de\\\/news\\\/iphone-ipad-mac-apple-erhoeht-preise-fuer-batterietausch\"},\"author\":{\"@type\":\"Organization\",\"@id\":\"https:\\\/\\\/www.apfelpatient.de\\\/en\\\/#organization\",\"name\":\"Apfelpatient\",\"url\":\"https:\\\/\\\/www.apfelpatient.de\\\/en\\\/\"},\"headline\":\"iPhone, iPad &amp; Mac: Apple erh\u00f6ht Preise f\u00fcr Batterietausch\",\"datePublished\":\"2023-01-02T16:48:22+00:00\",\"dateModified\":\"2023-01-02T16:49:18+00:00\",\"mainEntityOfPage\":{\"@id\":\"https:\\\/\\\/www.apfelpatient.de\\\/news\\\/iphone-ipad-mac-apple-erhoeht-preise-fuer-batterietausch\"},\"wordCount\":236,\"publisher\":{\"@type\":\"Organization\",\"@id\":\"https:\\\/\\\/www.apfelpatient.de\\\/en\\\/#organization\",\"name\":\"Apfelpatient\",\"url\":\"https:\\\/\\\/www.apfelpatient.de\\\/en\\\/\"},\"image\":{\"@id\":\"https:\\\/\\\/www.apfelpatient.de\\\/news\\\/iphone-ipad-mac-apple-erhoeht-preise-fuer-batterietausch#primaryimage\"},\"thumbnailUrl\":\"https:\\\/\\\/www.apfelpatient.de\\\/wp-content\\\/uploads\\\/2019\\\/08\\\/bigstock-213276868.jpg\",\"keywords\":[\"iPad\",\"iPhone\",\"Mac\"],\"articleSection\":\"News\",\"inLanguage\":\"en-US\",\"copyrightYear\":\"2023\",\"copyrightHolder\":{\"@id\":\"https:\\\/\\\/www.apfelpatient.de\\\/en\\\/#organization\"}},{\"@type\":\"WebPage\",\"@id\":\"https:\\\/\\\/www.apfelpatient.de\\\/news\\\/iphone-ipad-mac-apple-erhoeht-preise-fuer-batterietausch\",\"url\":\"https:\\\/\\\/www.apfelpatient.de\\\/news\\\/iphone-ipad-mac-apple-erhoeht-preise-fuer-batterietausch\",\"name\":\"iPhone, iPad &amp; Mac: Apple erh\u00f6ht Preise f\u00fcr Batterietausch\",\"isPartOf\":{\"@id\":\"https:\\\/\\\/www.apfelpatient.de\\\/#website\"},\"primaryImageOfPage\":{\"@id\":\"https:\\\/\\\/www.apfelpatient.de\\\/news\\\/iphone-ipad-mac-apple-erhoeht-preise-fuer-batterietausch#primaryimage\"},\"image\":{\"@id\":\"https:\\\/\\\/www.apfelpatient.de\\\/news\\\/iphone-ipad-mac-apple-erhoeht-preise-fuer-batterietausch#primaryimage\"},\"thumbnailUrl\":\"https:\\\/\\\/www.apfelpatient.de\\\/wp-content\\\/uploads\\\/2019\\\/08\\\/bigstock-213276868.jpg\",\"datePublished\":\"2023-01-02T16:48:22+00:00\",\"dateModified\":\"2023-01-02T16:49:18+00:00\",\"description\":\"Apple erh\u00f6ht die Preise f\u00fcr den Austausch von Batterien nach Ablauf der Garantiezeit f\u00fcr fast alle iPhone-Modelle und mehr.\",\"breadcrumb\":{\"@id\":\"https:\\\/\\\/www.apfelpatient.de\\\/news\\\/iphone-ipad-mac-apple-erhoeht-preise-fuer-batterietausch#breadcrumb\"},\"inLanguage\":\"en-US\",\"potentialAction\":[{\"@type\":\"ReadAction\",\"target\":[\"https:\\\/\\\/www.apfelpatient.de\\\/news\\\/iphone-ipad-mac-apple-erhoeht-preise-fuer-batterietausch\"]}]},{\"@type\":\"ImageObject\",\"inLanguage\":\"en-US\",\"@id\":\"https:\\\/\\\/www.apfelpatient.de\\\/news\\\/iphone-ipad-mac-apple-erhoeht-preise-fuer-batterietausch#primaryimage\",\"url\":\"https:\\\/\\\/www.apfelpatient.de\\\/wp-content\\\/uploads\\\/2019\\\/08\\\/bigstock-213276868.jpg\",\"contentUrl\":\"https:\\\/\\\/www.apfelpatient.de\\\/wp-content\\\/uploads\\\/2019\\\/08\\\/bigstock-213276868.jpg\",\"width\":1600,\"height\":1167,\"caption\":\"Chiangrai Thailand: September 13 2017 - Disassembled broken Apple iPhone 6s rose gold color preparing to repair or replace new part on white background.\"},{\"@type\":\"BreadcrumbList\",\"@id\":\"https:\\\/\\\/www.apfelpatient.de\\\/news\\\/iphone-ipad-mac-apple-erhoeht-preise-fuer-batterietausch#breadcrumb\",\"itemListElement\":[{\"@type\":\"ListItem\",\"position\":1,\"name\":\"Startseite\",\"item\":\"https:\\\/\\\/www.apfelpatient.de\\\/\"},{\"@type\":\"ListItem\",\"position\":2,\"name\":\"iPhone, iPad &amp; Mac: Apple erh\u00f6ht Preise f\u00fcr Batterietausch\"}]},{\"@type\":\"WebSite\",\"@id\":\"https:\\\/\\\/www.apfelpatient.de\\\/#website\",\"url\":\"https:\\\/\\\/www.apfelpatient.de\\\/\",\"name\":\"Apfelpatient\",\"description\":\"Alles rund um Apple!\",\"publisher\":{\"@type\":\"Organization\",\"@id\":\"https:\\\/\\\/www.apfelpatient.de\\\/en\\\/#organization\",\"name\":\"Apfelpatient\",\"url\":\"https:\\\/\\\/www.apfelpatient.de\\\/en\\\/\"},\"alternateName\":\"Apfelpatient\",\"potentialAction\":[{\"@type\":\"SearchAction\",\"target\":{\"@type\":\"EntryPoint\",\"urlTemplate\":\"https:\\\/\\\/www.apfelpatient.de\\\/?s={search_term_string}\"},\"query-input\":{\"@type\":\"PropertyValueSpecification\",\"valueRequired\":true,\"valueName\":\"search_term_string\"}}],\"inLanguage\":\"en-US\"},{\"@type\":[\"Person\",\"Organization\"],\"@id\":\"https:\\\/\\\/www.apfelpatient.de\\\/#\\\/schema\\\/person\\\/35b3ddba5832f2bfc7fff5206d4f6b7b\",\"name\":\"Milan\",\"logo\":{\"@id\":\"https:\\\/\\\/www.apfelpatient.de\\\/#\\\/schema\\\/person\\\/image\\\/\"},\"description\":\"Hallo und herzlich willkommen auf meinem Technik-Blog! Als gro\u00dfer Apple-Fan berichte ich hier \u00fcber alles, was mit Apple zu tun hat: von den neuesten News und spannenden Ger\u00fcchten \u00fcber hilfreiche Tipps und Tricks bis hin zu ausf\u00fchrlichen Produkttests. Wenn du genauso technikbegeistert bist wie ich, bist du hier genau richtig!\",\"sameAs\":[\"https:\\\/\\\/www.facebook.com\\\/apfelpatientOfficial\",\"https:\\\/\\\/www.linkedin.com\\\/in\\\/milan-jovicic-42aa0231b\"],\"url\":\"https:\\\/\\\/www.apfelpatient.de\\\/en\\\/author\\\/apfeladmin\"}]}<\/script>\n<!-- \/ Yoast SEO Premium plugin. -->","yoast_head_json":{"title":"iPhone, iPad &amp; Mac: Apple increases prices for battery replacement","description":"Apple is increasing prices for post-warranty battery replacements for almost all iPhone models and more.","robots":{"index":"index","follow":"follow","max-snippet":"max-snippet:-1","max-image-preview":"max-image-preview:large","max-video-preview":"max-video-preview:-1"},"canonical":"https:\/\/www.apfelpatient.de\/en\/news\/iphone-ipad-mac-apple-increases-prices-for-battery-replacement","og_locale":"en_US","og_type":"article","og_title":"iPhone, iPad &amp; Mac: Apple erh\u00f6ht Preise f\u00fcr Batterietausch","og_description":"Apple erh\u00f6ht die Preise f\u00fcr den Austausch von Batterien nach Ablauf der Garantiezeit f\u00fcr fast alle iPhone-Modelle und mehr.","og_url":"https:\/\/www.apfelpatient.de\/en\/news\/iphone-ipad-mac-apple-increases-prices-for-battery-replacement","og_site_name":"Apfelpatient","article_publisher":"https:\/\/www.facebook.com\/apfelpatientOfficial","article_author":"https:\/\/www.facebook.com\/apfelpatientOfficial","article_published_time":"2023-01-02T16:48:22+00:00","article_modified_time":"2023-01-02T16:49:18+00:00","og_image":[{"width":1600,"height":1167,"url":"https:\/\/www.apfelpatient.de\/wp-content\/uploads\/2019\/08\/bigstock-213276868.jpg","type":"image\/jpeg"}],"author":"Milan","twitter_card":"summary_large_image","twitter_description":"Apple erh\u00f6ht die Preise f\u00fcr den Austausch von Batterien nach Ablauf der Garantiezeit f\u00fcr fast alle iPhone-Modelle und mehr.","twitter_misc":{"Written by":"Milan","Est. reading time":"2 minutes"},"schema":{"@context":"https:\/\/schema.org","@graph":[{"@type":"NewsArticle","@id":"https:\/\/www.apfelpatient.de\/news\/iphone-ipad-mac-apple-erhoeht-preise-fuer-batterietausch#article","isPartOf":{"@id":"https:\/\/www.apfelpatient.de\/news\/iphone-ipad-mac-apple-erhoeht-preise-fuer-batterietausch"},"author":{"@type":"Organization","@id":"https:\/\/www.apfelpatient.de\/en\/#organization","name":"Apfelpatient","url":"https:\/\/www.apfelpatient.de\/en\/"},"headline":"iPhone, iPad &amp; Mac: Apple erh\u00f6ht Preise f\u00fcr Batterietausch","datePublished":"2023-01-02T16:48:22+00:00","dateModified":"2023-01-02T16:49:18+00:00","mainEntityOfPage":{"@id":"https:\/\/www.apfelpatient.de\/news\/iphone-ipad-mac-apple-erhoeht-preise-fuer-batterietausch"},"wordCount":236,"publisher":{"@type":"Organization","@id":"https:\/\/www.apfelpatient.de\/en\/#organization","name":"Apfelpatient","url":"https:\/\/www.apfelpatient.de\/en\/"},"image":{"@id":"https:\/\/www.apfelpatient.de\/news\/iphone-ipad-mac-apple-erhoeht-preise-fuer-batterietausch#primaryimage"},"thumbnailUrl":"https:\/\/www.apfelpatient.de\/wp-content\/uploads\/2019\/08\/bigstock-213276868.jpg","keywords":["iPad","iPhone","Mac"],"articleSection":"News","inLanguage":"en-US","copyrightYear":"2023","copyrightHolder":{"@id":"https:\/\/www.apfelpatient.de\/en\/#organization"}},{"@type":"WebPage","@id":"https:\/\/www.apfelpatient.de\/news\/iphone-ipad-mac-apple-erhoeht-preise-fuer-batterietausch","url":"https:\/\/www.apfelpatient.de\/news\/iphone-ipad-mac-apple-erhoeht-preise-fuer-batterietausch","name":"iPhone, iPad &amp; Mac: Apple increases prices for battery replacement","isPartOf":{"@id":"https:\/\/www.apfelpatient.de\/#website"},"primaryImageOfPage":{"@id":"https:\/\/www.apfelpatient.de\/news\/iphone-ipad-mac-apple-erhoeht-preise-fuer-batterietausch#primaryimage"},"image":{"@id":"https:\/\/www.apfelpatient.de\/news\/iphone-ipad-mac-apple-erhoeht-preise-fuer-batterietausch#primaryimage"},"thumbnailUrl":"https:\/\/www.apfelpatient.de\/wp-content\/uploads\/2019\/08\/bigstock-213276868.jpg","datePublished":"2023-01-02T16:48:22+00:00","dateModified":"2023-01-02T16:49:18+00:00","description":"Apple is increasing prices for post-warranty battery replacements for almost all iPhone models and more.","breadcrumb":{"@id":"https:\/\/www.apfelpatient.de\/news\/iphone-ipad-mac-apple-erhoeht-preise-fuer-batterietausch#breadcrumb"},"inLanguage":"en-US","potentialAction":[{"@type":"ReadAction","target":["https:\/\/www.apfelpatient.de\/news\/iphone-ipad-mac-apple-erhoeht-preise-fuer-batterietausch"]}]},{"@type":"ImageObject","inLanguage":"en-US","@id":"https:\/\/www.apfelpatient.de\/news\/iphone-ipad-mac-apple-erhoeht-preise-fuer-batterietausch#primaryimage","url":"https:\/\/www.apfelpatient.de\/wp-content\/uploads\/2019\/08\/bigstock-213276868.jpg","contentUrl":"https:\/\/www.apfelpatient.de\/wp-content\/uploads\/2019\/08\/bigstock-213276868.jpg","width":1600,"height":1167,"caption":"Chiangrai Thailand: September 13 2017 - Disassembled broken Apple iPhone 6s rose gold color preparing to repair or replace new part on white background."},{"@type":"BreadcrumbList","@id":"https:\/\/www.apfelpatient.de\/news\/iphone-ipad-mac-apple-erhoeht-preise-fuer-batterietausch#breadcrumb","itemListElement":[{"@type":"ListItem","position":1,"name":"Startseite","item":"https:\/\/www.apfelpatient.de\/"},{"@type":"ListItem","position":2,"name":"iPhone, iPad &amp; Mac: Apple erh\u00f6ht Preise f\u00fcr Batterietausch"}]},{"@type":"WebSite","@id":"https:\/\/www.apfelpatient.de\/#website","url":"https:\/\/www.apfelpatient.de\/","name":"apple patient","description":"Everything about Apple!","publisher":{"@type":"Organization","@id":"https:\/\/www.apfelpatient.de\/en\/#organization","name":"Apfelpatient","url":"https:\/\/www.apfelpatient.de\/en\/"},"alternateName":"Apfelpatient","potentialAction":[{"@type":"SearchAction","target":{"@type":"EntryPoint","urlTemplate":"https:\/\/www.apfelpatient.de\/?s={search_term_string}"},"query-input":{"@type":"PropertyValueSpecification","valueRequired":true,"valueName":"search_term_string"}}],"inLanguage":"en-US"},{"@type":["Person","Organization"],"@id":"https:\/\/www.apfelpatient.de\/#\/schema\/person\/35b3ddba5832f2bfc7fff5206d4f6b7b","name":"Milan","logo":{"@id":"https:\/\/www.apfelpatient.de\/#\/schema\/person\/image\/"},"description":"Hello and welcome to my technology blog! As a big Apple fan, I report on everything to do with Apple: from the latest news and exciting rumors to helpful tips and tricks and detailed product tests. If you are as enthusiastic about technology as I am, you have come to the right place!","sameAs":["https:\/\/www.facebook.com\/apfelpatientOfficial","https:\/\/www.linkedin.com\/in\/milan-jovicic-42aa0231b"],"url":"https:\/\/www.apfelpatient.de\/en\/author\/apfeladmin"}]}},"_links":{"self":[{"href":"https:\/\/www.apfelpatient.de\/en\/wp-json\/wp\/v2\/posts\/36698","targetHints":{"allow":["GET"]}}],"collection":[{"href":"https:\/\/www.apfelpatient.de\/en\/wp-json\/wp\/v2\/posts"}],"about":[{"href":"https:\/\/www.apfelpatient.de\/en\/wp-json\/wp\/v2\/types\/post"}],"author":[{"embeddable":true,"href":"https:\/\/www.apfelpatient.de\/en\/wp-json\/wp\/v2\/users\/2"}],"replies":[{"embeddable":true,"href":"https:\/\/www.apfelpatient.de\/en\/wp-json\/wp\/v2\/comments?post=36698"}],"version-history":[{"count":0,"href":"https:\/\/www.apfelpatient.de\/en\/wp-json\/wp\/v2\/posts\/36698\/revisions"}],"wp:featuredmedia":[{"embeddable":true,"href":"https:\/\/www.apfelpatient.de\/en\/wp-json\/wp\/v2\/media\/5729"}],"wp:attachment":[{"href":"https:\/\/www.apfelpatient.de\/en\/wp-json\/wp\/v2\/media?parent=36698"}],"wp:term":[{"taxonomy":"category","embeddable":true,"href":"https:\/\/www.apfelpatient.de\/en\/wp-json\/wp\/v2\/categories?post=36698"},{"taxonomy":"post_tag","embeddable":true,"href":"https:\/\/www.apfelpatient.de\/en\/wp-json\/wp\/v2\/tags?post=36698"}],"curies":[{"name":"wp","href":"https:\/\/api.w.org\/{rel}","templated":true}]}}