{"id":36669,"date":"2022-12-28T18:15:21","date_gmt":"2022-12-28T17:15:21","guid":{"rendered":"https:\/\/www.apfelpatient.de\/?p=36669"},"modified":"2022-12-28T18:15:22","modified_gmt":"2022-12-28T17:15:22","slug":"because-of-iphone-14-plus-sales-apple-is-rethinking-iphone-15-series","status":"publish","type":"post","link":"https:\/\/www.apfelpatient.de\/en\/rumors\/wegen-iphone-14-plus-absatz-apple-ueberdenkt-iphone-15-reihe","title":{"rendered":"Because of iPhone 14 Plus sales: Apple rethinks iPhone 15 series"},"content":{"rendered":"<p class=\"has-drop-cap\"><strong>Apple is reportedly &quot;seriously&quot; concerned about sales of the iPhone 14 Plus, the 6.7-inch variant of the iPhone 14 lineup, and is considering how to restructure its iPhone lineup for next year.<\/strong><\/p>\n\n\n\n<p>The iPhone 14 Plus is the newest member of the iPhone lineup and replaces the 5.4-inch mini iPhone. The iPhone 14 Plus has the same design, cameras and performance as the regular iPhone 14, but has a larger display and battery. According to a <a href=\"https:\/\/m.blog.naver.com\/PostView.naver?blogId=yeux1122&amp;logNo=222962049242&amp;navType=by\" target=\"_blank\" rel=\"noreferrer noopener\">Contribution<\/a> by yeux1122 on Naver, who has shared both accurate and inaccurate information in the past, Apple is thinking about how it will reevaluate the treatment of Pro and non-Pro iPhones for the iPhone 15.<\/p>\n\n\n\n<h3 class=\"wp-block-heading\" id=\"h-iphone-15-reihe-noch-ist-alles-offen\">iPhone 15 series: Everything is still open<\/h3>\n\n\n\n<p>The post outlines two possible strategies Apple is reportedly considering. The first is to further differentiate the Pro and non-Pro iPhones, something that has already been hinted at by Apple analyst Ming-Chi Kuo. Second, Apple is considering a price cut on the Plus model, which starts at $899, according to the post, citing supply chain and industry sources. A price cut on the Plus model means the standard iPhone, which starts at $799, could also see a price cut unless Apple wants to narrow the price difference between the two models. Over the past few years, Apple has changed and re-evaluated its iPhone lineup a few times. Starting with the iPhone 6 and iPhone 6 Plus, Apple initially offered small and large iPhones before moving on to offer four models, two standard and two high-end, with different materials, colors, and camera features.<\/p>\n\n\n\n<h3 class=\"wp-block-heading\">Which strategies does Apple choose?<\/h3>\n\n\n\n\n\n\n\n<p>With the iPhone 13 Pro, for example, Apple started offering the same camera systems for the 6.1-inch Pro and 6.7-inch Pro Max models, unlike in previous years when more advanced camera features were reserved only for the largest iPhone. With the iPhone 14 and iPhone 14 Pro, Apple has decided to offer two standard and two high-end models with the same sizes: two 6.1-inch models and two 6.7-inch models. The iPhone 14 Pro and iPhone 14 Pro Max have the same cameras and design. The only difference is the larger battery of the iPhone 14 Pro Max. The iPhone 15 is still over nine months away, so it&#039;s too early to say what strategy Apple will actually pursue. However, the whole thing should become clear in the next few months. (Photo by ms_pics_and_more \/ Bigstockphoto)<\/p>\n\n\n\n<ul class=\"wp-block-list\">\n<li><a href=\"https:\/\/www.apfelpatient.de\/en\/rumors\/iphone-15-pro-these-five-features-are-said-to-be-exclusive\">iPhone 15 Pro: These five features are said to be exclusive<\/a><\/li>\n<\/ul>\n\n\n\n<h6 class=\"wp-block-heading translation-block\" id=\"h-kennt-ihr-schon-unsere-amazon-storefront-dort-findet-ihr-eine-handverlesene-auswahl-von-diversen-produkten-f-r-euer-iphone-und-co-viel-spa-beim-st-bern\"><em>Have you already visited our Amazon Storefront? There you&#039;ll find a hand-picked selection of various products for your iPhone and other devices \u2013 <span class=\"has-inline-color has-vivid-red-color\"><a href=\"https:\/\/www.amazon.de\/shop\/apfelpatientofficial\" class=\"ek-link\" data-wpel-link=\"exclude\" rel=\"follow noopener\" target=\"_self\"><span style=\"text-decoration: underline\" class=\"ek-underline\">enjoy browsing<\/span><\/a> !<\/span><\/em><\/h6>\n\n\n\n<h6 class=\"wp-block-heading translation-block\" id=\"h-der-beitrag-enthalt-partnerlinks\">This post contains <a data-type=\"URL\" data-id=\"https:\/\/www.apfelpatient.de\/partnerprogramm\" href=\"https:\/\/www.apfelpatient.de\/en\/partner-program\" data-wpel-link=\"internal\" target=\"_self\">affiliate links<\/a>.<\/h6>","protected":false},"excerpt":{"rendered":"<p>Apple is reportedly \u201cseriously\u201d concerned about sales of the iPhone 14 Plus, the 6.7-inch variant of the iPhone 14 series.<\/p>","protected":false},"author":2,"featured_media":36672,"comment_status":"closed","ping_status":"closed","sticky":false,"template":"","format":"standard","meta":{"jnews-multi-image_gallery":[],"jnews_single_post":{"subtitle":"","format":"standard","video":"","gallery":"","source_name":"","source_url":"","via_name":"","via_url":"","override":[{"single_blog_custom":"","sidebar":"","second_sidebar":"","share_position":"","share_float_style":"","post_date_format":"","post_date_format_custom":"","post_reading_time_wpm":"","zoom_button_out_step":"1","zoom_button_in_step":"1","number_popup_post":"1"}],"image_override":[{"single_post_thumbnail_size":"","single_post_gallery_size":""}],"trending_post_position":"","trending_post_label":"","sponsored_post_label":"","sponsored_post_name":"","sponsored_post_url":"","sponsored_post_logo":"","sponsored_post_desc":""},"jnews_primary_category":{"id":"25"},"footnotes":""},"categories":[25],"tags":[8,683,689,579],"class_list":["post-36669","post","type-post","status-publish","format-standard","has-post-thumbnail","hentry","category-rumors","tag-iphone","tag-iphone-14","tag-iphone-15","tag-iphone-2023"],"yoast_head":"<!-- This site is optimized with the Yoast SEO Premium plugin v27.5 (Yoast SEO v27.5) - https:\/\/yoast.com\/product\/yoast-seo-premium-wordpress\/ -->\n<title>Wegen iPhone 14 Plus Absatz: Apple \u00fcberdenkt iPhone 15 Reihe<\/title>\n<meta name=\"description\" content=\"Berichten zufolge ist Apple &quot;ernsthaft&quot; besorgt \u00fcber die Verkaufszahlen des iPhone 14 Plus, der 6.7-Zoll Variante der iPhone 14 Reihe.\" \/>\n<meta name=\"robots\" content=\"index, follow, max-snippet:-1, max-image-preview:large, max-video-preview:-1\" \/>\n<link rel=\"canonical\" href=\"https:\/\/www.apfelpatient.de\/en\/rumors\/because-of-iphone-14-plus-sales-apple-is-rethinking-iphone-15-series\" \/>\n<meta property=\"og:locale\" content=\"en_US\" \/>\n<meta property=\"og:type\" content=\"article\" \/>\n<meta property=\"og:title\" content=\"Wegen iPhone 14 Plus Absatz: Apple \u00fcberdenkt iPhone 15 Reihe\" \/>\n<meta property=\"og:description\" content=\"Berichten zufolge ist Apple &quot;ernsthaft&quot; besorgt \u00fcber die Verkaufszahlen des iPhone 14 Plus, der 6.7-Zoll Variante der iPhone 14 Reihe.\" \/>\n<meta property=\"og:url\" content=\"https:\/\/www.apfelpatient.de\/en\/rumors\/because-of-iphone-14-plus-sales-apple-is-rethinking-iphone-15-series\" \/>\n<meta property=\"og:site_name\" content=\"Apfelpatient\" \/>\n<meta property=\"article:publisher\" content=\"https:\/\/www.facebook.com\/apfelpatientOfficial\" \/>\n<meta property=\"article:author\" content=\"https:\/\/www.facebook.com\/apfelpatientOfficial\" \/>\n<meta property=\"article:published_time\" content=\"2022-12-28T17:15:21+00:00\" \/>\n<meta property=\"article:modified_time\" content=\"2022-12-28T17:15:22+00:00\" \/>\n<meta property=\"og:image\" content=\"https:\/\/www.apfelpatient.de\/wp-content\/uploads\/2022\/12\/bigstock-New-Jersey-Usa-September-461963911.jpg\" \/>\n\t<meta property=\"og:image:width\" content=\"1600\" \/>\n\t<meta property=\"og:image:height\" content=\"1200\" \/>\n\t<meta property=\"og:image:type\" content=\"image\/jpeg\" \/>\n<meta name=\"author\" content=\"Milan\" \/>\n<meta name=\"twitter:card\" content=\"summary_large_image\" \/>\n<meta name=\"twitter:description\" content=\"Berichten zufolge ist Apple &quot;ernsthaft&quot; besorgt \u00fcber die Verkaufszahlen des iPhone 14 Plus, der 6.7-Zoll Variante der iPhone 14 Reihe.\" \/>\n<meta name=\"twitter:label1\" content=\"Written by\" \/>\n\t<meta name=\"twitter:data1\" content=\"Milan\" \/>\n\t<meta name=\"twitter:label2\" content=\"Est. reading time\" \/>\n\t<meta name=\"twitter:data2\" content=\"3 minutes\" \/>\n<script type=\"application\/ld+json\" class=\"yoast-schema-graph\">{\"@context\":\"https:\\\/\\\/schema.org\",\"@graph\":[{\"@type\":\"NewsArticle\",\"@id\":\"https:\\\/\\\/www.apfelpatient.de\\\/rumors\\\/wegen-iphone-14-plus-absatz-apple-ueberdenkt-iphone-15-reihe#article\",\"isPartOf\":{\"@id\":\"https:\\\/\\\/www.apfelpatient.de\\\/rumors\\\/wegen-iphone-14-plus-absatz-apple-ueberdenkt-iphone-15-reihe\"},\"author\":{\"@type\":\"Organization\",\"@id\":\"https:\\\/\\\/www.apfelpatient.de\\\/en\\\/#organization\",\"name\":\"Apfelpatient\",\"url\":\"https:\\\/\\\/www.apfelpatient.de\\\/en\\\/\"},\"headline\":\"Wegen iPhone 14 Plus Absatz: Apple \u00fcberdenkt iPhone 15 Reihe\",\"datePublished\":\"2022-12-28T17:15:21+00:00\",\"dateModified\":\"2022-12-28T17:15:22+00:00\",\"mainEntityOfPage\":{\"@id\":\"https:\\\/\\\/www.apfelpatient.de\\\/rumors\\\/wegen-iphone-14-plus-absatz-apple-ueberdenkt-iphone-15-reihe\"},\"wordCount\":430,\"publisher\":{\"@type\":\"Organization\",\"@id\":\"https:\\\/\\\/www.apfelpatient.de\\\/en\\\/#organization\",\"name\":\"Apfelpatient\",\"url\":\"https:\\\/\\\/www.apfelpatient.de\\\/en\\\/\"},\"image\":{\"@id\":\"https:\\\/\\\/www.apfelpatient.de\\\/rumors\\\/wegen-iphone-14-plus-absatz-apple-ueberdenkt-iphone-15-reihe#primaryimage\"},\"thumbnailUrl\":\"https:\\\/\\\/www.apfelpatient.de\\\/wp-content\\\/uploads\\\/2022\\\/12\\\/bigstock-New-Jersey-Usa-September-461963911.jpg\",\"keywords\":[\"iPhone\",\"iPhone 14\",\"iPhone 15\",\"iPhone 2023\"],\"articleSection\":\"Rumors\",\"inLanguage\":\"en-US\",\"copyrightYear\":\"2022\",\"copyrightHolder\":{\"@id\":\"https:\\\/\\\/www.apfelpatient.de\\\/en\\\/#organization\"}},{\"@type\":\"WebPage\",\"@id\":\"https:\\\/\\\/www.apfelpatient.de\\\/rumors\\\/wegen-iphone-14-plus-absatz-apple-ueberdenkt-iphone-15-reihe\",\"url\":\"https:\\\/\\\/www.apfelpatient.de\\\/rumors\\\/wegen-iphone-14-plus-absatz-apple-ueberdenkt-iphone-15-reihe\",\"name\":\"Wegen iPhone 14 Plus Absatz: Apple \u00fcberdenkt iPhone 15 Reihe\",\"isPartOf\":{\"@id\":\"https:\\\/\\\/www.apfelpatient.de\\\/#website\"},\"primaryImageOfPage\":{\"@id\":\"https:\\\/\\\/www.apfelpatient.de\\\/rumors\\\/wegen-iphone-14-plus-absatz-apple-ueberdenkt-iphone-15-reihe#primaryimage\"},\"image\":{\"@id\":\"https:\\\/\\\/www.apfelpatient.de\\\/rumors\\\/wegen-iphone-14-plus-absatz-apple-ueberdenkt-iphone-15-reihe#primaryimage\"},\"thumbnailUrl\":\"https:\\\/\\\/www.apfelpatient.de\\\/wp-content\\\/uploads\\\/2022\\\/12\\\/bigstock-New-Jersey-Usa-September-461963911.jpg\",\"datePublished\":\"2022-12-28T17:15:21+00:00\",\"dateModified\":\"2022-12-28T17:15:22+00:00\",\"description\":\"Berichten zufolge ist Apple \\\"ernsthaft\\\" besorgt \u00fcber die Verkaufszahlen des iPhone 14 Plus, der 6.7-Zoll Variante der iPhone 14 Reihe.\",\"breadcrumb\":{\"@id\":\"https:\\\/\\\/www.apfelpatient.de\\\/rumors\\\/wegen-iphone-14-plus-absatz-apple-ueberdenkt-iphone-15-reihe#breadcrumb\"},\"inLanguage\":\"en-US\",\"potentialAction\":[{\"@type\":\"ReadAction\",\"target\":[\"https:\\\/\\\/www.apfelpatient.de\\\/rumors\\\/wegen-iphone-14-plus-absatz-apple-ueberdenkt-iphone-15-reihe\"]}]},{\"@type\":\"ImageObject\",\"inLanguage\":\"en-US\",\"@id\":\"https:\\\/\\\/www.apfelpatient.de\\\/rumors\\\/wegen-iphone-14-plus-absatz-apple-ueberdenkt-iphone-15-reihe#primaryimage\",\"url\":\"https:\\\/\\\/www.apfelpatient.de\\\/wp-content\\\/uploads\\\/2022\\\/12\\\/bigstock-New-Jersey-Usa-September-461963911.jpg\",\"contentUrl\":\"https:\\\/\\\/www.apfelpatient.de\\\/wp-content\\\/uploads\\\/2022\\\/12\\\/bigstock-New-Jersey-Usa-September-461963911.jpg\",\"width\":1600,\"height\":1200,\"caption\":\"New Jersey, USA - September 21st 2022: A german photographer comparing and testing the new iPhone 14 as well as iPhone 14 Pro models in an Apple Store.\"},{\"@type\":\"BreadcrumbList\",\"@id\":\"https:\\\/\\\/www.apfelpatient.de\\\/rumors\\\/wegen-iphone-14-plus-absatz-apple-ueberdenkt-iphone-15-reihe#breadcrumb\",\"itemListElement\":[{\"@type\":\"ListItem\",\"position\":1,\"name\":\"Startseite\",\"item\":\"https:\\\/\\\/www.apfelpatient.de\\\/\"},{\"@type\":\"ListItem\",\"position\":2,\"name\":\"Wegen iPhone 14 Plus Absatz: Apple \u00fcberdenkt iPhone 15 Reihe\"}]},{\"@type\":\"WebSite\",\"@id\":\"https:\\\/\\\/www.apfelpatient.de\\\/#website\",\"url\":\"https:\\\/\\\/www.apfelpatient.de\\\/\",\"name\":\"Apfelpatient\",\"description\":\"Alles rund um Apple!\",\"publisher\":{\"@type\":\"Organization\",\"@id\":\"https:\\\/\\\/www.apfelpatient.de\\\/en\\\/#organization\",\"name\":\"Apfelpatient\",\"url\":\"https:\\\/\\\/www.apfelpatient.de\\\/en\\\/\"},\"alternateName\":\"Apfelpatient\",\"potentialAction\":[{\"@type\":\"SearchAction\",\"target\":{\"@type\":\"EntryPoint\",\"urlTemplate\":\"https:\\\/\\\/www.apfelpatient.de\\\/?s={search_term_string}\"},\"query-input\":{\"@type\":\"PropertyValueSpecification\",\"valueRequired\":true,\"valueName\":\"search_term_string\"}}],\"inLanguage\":\"en-US\"},{\"@type\":[\"Person\",\"Organization\"],\"@id\":\"https:\\\/\\\/www.apfelpatient.de\\\/#\\\/schema\\\/person\\\/7dc56ad6c8e9824b76d2c08d4c140e13\",\"name\":\"Milan\",\"logo\":{\"@id\":\"https:\\\/\\\/www.apfelpatient.de\\\/#\\\/schema\\\/person\\\/image\\\/\"},\"description\":\"Hallo und herzlich willkommen auf meinem Technik-Blog! Als gro\u00dfer Apple-Fan berichte ich hier \u00fcber alles, was mit Apple zu tun hat: von den neuesten News und spannenden Ger\u00fcchten \u00fcber hilfreiche Tipps und Tricks bis hin zu ausf\u00fchrlichen Produkttests. Wenn du genauso technikbegeistert bist wie ich, bist du hier genau richtig!\",\"sameAs\":[\"https:\\\/\\\/www.facebook.com\\\/apfelpatientOfficial\",\"https:\\\/\\\/www.linkedin.com\\\/in\\\/milan-jovicic-42aa0231b\"],\"url\":\"https:\\\/\\\/www.apfelpatient.de\\\/en\\\/author\\\/apfeladmin\"}]}<\/script>\n<!-- \/ Yoast SEO Premium plugin. -->","yoast_head_json":{"title":"Because of iPhone 14 Plus sales: Apple rethinks iPhone 15 series","description":"Apple is reportedly &quot;seriously&quot; concerned about sales of the iPhone 14 Plus, the 6.7-inch variant of the iPhone 14 lineup.","robots":{"index":"index","follow":"follow","max-snippet":"max-snippet:-1","max-image-preview":"max-image-preview:large","max-video-preview":"max-video-preview:-1"},"canonical":"https:\/\/www.apfelpatient.de\/en\/rumors\/because-of-iphone-14-plus-sales-apple-is-rethinking-iphone-15-series","og_locale":"en_US","og_type":"article","og_title":"Wegen iPhone 14 Plus Absatz: Apple \u00fcberdenkt iPhone 15 Reihe","og_description":"Berichten zufolge ist Apple \"ernsthaft\" besorgt \u00fcber die Verkaufszahlen des iPhone 14 Plus, der 6.7-Zoll Variante der iPhone 14 Reihe.","og_url":"https:\/\/www.apfelpatient.de\/en\/rumors\/because-of-iphone-14-plus-sales-apple-is-rethinking-iphone-15-series","og_site_name":"Apfelpatient","article_publisher":"https:\/\/www.facebook.com\/apfelpatientOfficial","article_author":"https:\/\/www.facebook.com\/apfelpatientOfficial","article_published_time":"2022-12-28T17:15:21+00:00","article_modified_time":"2022-12-28T17:15:22+00:00","og_image":[{"width":1600,"height":1200,"url":"https:\/\/www.apfelpatient.de\/wp-content\/uploads\/2022\/12\/bigstock-New-Jersey-Usa-September-461963911.jpg","type":"image\/jpeg"}],"author":"Milan","twitter_card":"summary_large_image","twitter_description":"Berichten zufolge ist Apple \"ernsthaft\" besorgt \u00fcber die Verkaufszahlen des iPhone 14 Plus, der 6.7-Zoll Variante der iPhone 14 Reihe.","twitter_misc":{"Written by":"Milan","Est. reading time":"3 minutes"},"schema":{"@context":"https:\/\/schema.org","@graph":[{"@type":"NewsArticle","@id":"https:\/\/www.apfelpatient.de\/rumors\/wegen-iphone-14-plus-absatz-apple-ueberdenkt-iphone-15-reihe#article","isPartOf":{"@id":"https:\/\/www.apfelpatient.de\/rumors\/wegen-iphone-14-plus-absatz-apple-ueberdenkt-iphone-15-reihe"},"author":{"@type":"Organization","@id":"https:\/\/www.apfelpatient.de\/en\/#organization","name":"Apfelpatient","url":"https:\/\/www.apfelpatient.de\/en\/"},"headline":"Wegen iPhone 14 Plus Absatz: Apple \u00fcberdenkt iPhone 15 Reihe","datePublished":"2022-12-28T17:15:21+00:00","dateModified":"2022-12-28T17:15:22+00:00","mainEntityOfPage":{"@id":"https:\/\/www.apfelpatient.de\/rumors\/wegen-iphone-14-plus-absatz-apple-ueberdenkt-iphone-15-reihe"},"wordCount":430,"publisher":{"@type":"Organization","@id":"https:\/\/www.apfelpatient.de\/en\/#organization","name":"Apfelpatient","url":"https:\/\/www.apfelpatient.de\/en\/"},"image":{"@id":"https:\/\/www.apfelpatient.de\/rumors\/wegen-iphone-14-plus-absatz-apple-ueberdenkt-iphone-15-reihe#primaryimage"},"thumbnailUrl":"https:\/\/www.apfelpatient.de\/wp-content\/uploads\/2022\/12\/bigstock-New-Jersey-Usa-September-461963911.jpg","keywords":["iPhone","iPhone 14","iPhone 15","iPhone 2023"],"articleSection":"Rumors","inLanguage":"en-US","copyrightYear":"2022","copyrightHolder":{"@id":"https:\/\/www.apfelpatient.de\/en\/#organization"}},{"@type":"WebPage","@id":"https:\/\/www.apfelpatient.de\/rumors\/wegen-iphone-14-plus-absatz-apple-ueberdenkt-iphone-15-reihe","url":"https:\/\/www.apfelpatient.de\/rumors\/wegen-iphone-14-plus-absatz-apple-ueberdenkt-iphone-15-reihe","name":"Because of iPhone 14 Plus sales: Apple rethinks iPhone 15 series","isPartOf":{"@id":"https:\/\/www.apfelpatient.de\/#website"},"primaryImageOfPage":{"@id":"https:\/\/www.apfelpatient.de\/rumors\/wegen-iphone-14-plus-absatz-apple-ueberdenkt-iphone-15-reihe#primaryimage"},"image":{"@id":"https:\/\/www.apfelpatient.de\/rumors\/wegen-iphone-14-plus-absatz-apple-ueberdenkt-iphone-15-reihe#primaryimage"},"thumbnailUrl":"https:\/\/www.apfelpatient.de\/wp-content\/uploads\/2022\/12\/bigstock-New-Jersey-Usa-September-461963911.jpg","datePublished":"2022-12-28T17:15:21+00:00","dateModified":"2022-12-28T17:15:22+00:00","description":"Apple is reportedly &quot;seriously&quot; concerned about sales of the iPhone 14 Plus, the 6.7-inch variant of the iPhone 14 lineup.","breadcrumb":{"@id":"https:\/\/www.apfelpatient.de\/rumors\/wegen-iphone-14-plus-absatz-apple-ueberdenkt-iphone-15-reihe#breadcrumb"},"inLanguage":"en-US","potentialAction":[{"@type":"ReadAction","target":["https:\/\/www.apfelpatient.de\/rumors\/wegen-iphone-14-plus-absatz-apple-ueberdenkt-iphone-15-reihe"]}]},{"@type":"ImageObject","inLanguage":"en-US","@id":"https:\/\/www.apfelpatient.de\/rumors\/wegen-iphone-14-plus-absatz-apple-ueberdenkt-iphone-15-reihe#primaryimage","url":"https:\/\/www.apfelpatient.de\/wp-content\/uploads\/2022\/12\/bigstock-New-Jersey-Usa-September-461963911.jpg","contentUrl":"https:\/\/www.apfelpatient.de\/wp-content\/uploads\/2022\/12\/bigstock-New-Jersey-Usa-September-461963911.jpg","width":1600,"height":1200,"caption":"New Jersey, USA - September 21st 2022: A german photographer comparing and testing the new iPhone 14 as well as iPhone 14 Pro models in an Apple Store."},{"@type":"BreadcrumbList","@id":"https:\/\/www.apfelpatient.de\/rumors\/wegen-iphone-14-plus-absatz-apple-ueberdenkt-iphone-15-reihe#breadcrumb","itemListElement":[{"@type":"ListItem","position":1,"name":"Startseite","item":"https:\/\/www.apfelpatient.de\/"},{"@type":"ListItem","position":2,"name":"Wegen iPhone 14 Plus Absatz: Apple \u00fcberdenkt iPhone 15 Reihe"}]},{"@type":"WebSite","@id":"https:\/\/www.apfelpatient.de\/#website","url":"https:\/\/www.apfelpatient.de\/","name":"apple patient","description":"Everything about Apple!","publisher":{"@type":"Organization","@id":"https:\/\/www.apfelpatient.de\/en\/#organization","name":"Apfelpatient","url":"https:\/\/www.apfelpatient.de\/en\/"},"alternateName":"Apfelpatient","potentialAction":[{"@type":"SearchAction","target":{"@type":"EntryPoint","urlTemplate":"https:\/\/www.apfelpatient.de\/?s={search_term_string}"},"query-input":{"@type":"PropertyValueSpecification","valueRequired":true,"valueName":"search_term_string"}}],"inLanguage":"en-US"},{"@type":["Person","Organization"],"@id":"https:\/\/www.apfelpatient.de\/#\/schema\/person\/7dc56ad6c8e9824b76d2c08d4c140e13","name":"Milan","logo":{"@id":"https:\/\/www.apfelpatient.de\/#\/schema\/person\/image\/"},"description":"Hello and welcome to my technology blog! As a big Apple fan, I report on everything to do with Apple: from the latest news and exciting rumors to helpful tips and tricks and detailed product tests. If you are as enthusiastic about technology as I am, you have come to the right place!","sameAs":["https:\/\/www.facebook.com\/apfelpatientOfficial","https:\/\/www.linkedin.com\/in\/milan-jovicic-42aa0231b"],"url":"https:\/\/www.apfelpatient.de\/en\/author\/apfeladmin"}]}},"_links":{"self":[{"href":"https:\/\/www.apfelpatient.de\/en\/wp-json\/wp\/v2\/posts\/36669","targetHints":{"allow":["GET"]}}],"collection":[{"href":"https:\/\/www.apfelpatient.de\/en\/wp-json\/wp\/v2\/posts"}],"about":[{"href":"https:\/\/www.apfelpatient.de\/en\/wp-json\/wp\/v2\/types\/post"}],"author":[{"embeddable":true,"href":"https:\/\/www.apfelpatient.de\/en\/wp-json\/wp\/v2\/users\/2"}],"replies":[{"embeddable":true,"href":"https:\/\/www.apfelpatient.de\/en\/wp-json\/wp\/v2\/comments?post=36669"}],"version-history":[{"count":0,"href":"https:\/\/www.apfelpatient.de\/en\/wp-json\/wp\/v2\/posts\/36669\/revisions"}],"wp:featuredmedia":[{"embeddable":true,"href":"https:\/\/www.apfelpatient.de\/en\/wp-json\/wp\/v2\/media\/36672"}],"wp:attachment":[{"href":"https:\/\/www.apfelpatient.de\/en\/wp-json\/wp\/v2\/media?parent=36669"}],"wp:term":[{"taxonomy":"category","embeddable":true,"href":"https:\/\/www.apfelpatient.de\/en\/wp-json\/wp\/v2\/categories?post=36669"},{"taxonomy":"post_tag","embeddable":true,"href":"https:\/\/www.apfelpatient.de\/en\/wp-json\/wp\/v2\/tags?post=36669"}],"curies":[{"name":"wp","href":"https:\/\/api.w.org\/{rel}","templated":true}]}}