{"id":3661,"date":"2019-03-04T12:57:09","date_gmt":"2019-03-04T11:57:09","guid":{"rendered":"https:\/\/www.apfelpatient.de\/?p=3661"},"modified":"2025-02-06T07:09:01","modified_gmt":"2025-02-06T06:09:01","slug":"airpods-2-new-details-about-the-charging-process","status":"publish","type":"post","link":"https:\/\/www.apfelpatient.de\/en\/rumors\/airpods-2-neue-details-zum-ladeprozess","title":{"rendered":"AirPods 2: New details on the charging process"},"content":{"rendered":"<p><strong>It is almost certain that Apple will introduce the second generation of AirPods in the next few weeks. Only recently, a supposed <a href=\"https:\/\/www.apfelpatient.de\/en\">Release date<\/a> on.<\/strong><\/p>\n<p class=\"p1\"><\/p>\n<p>In addition to the new AirPods 2, Apple will also present the new charging case - this should also be able to charge the first generation of the popular earbuds wirelessly. Now the alleged leaker Max Weinbach has commented on the new accessories via Twitter. According to him, the new charging case should have a quick-charge function. This should make it possible to charge the AirPods from 0 to 100% within 15 minutes. To make this possible, the charging case had to be equipped with more technology. Compared to its predecessor, it is slightly thicker and heavier. The new AirPods 2 will also have a special coating. This should provide more grip - in the past, some athletes have criticized the fact that the AirPods quickly fall out of the ears when sweating. It remains to be seen whether Weinbach will be right in the end. Due to his very low hit rate so far, his predictions should generally be treated with caution.<\/p>\n<h6><a href=\"https:\/\/t.me\/apfelpatient_official\"><em><strong>Don&#039;t want to miss any more news? Then subscribe to our Telegram channel here<\/strong><\/em><\/a><\/h6>","protected":false},"excerpt":{"rendered":"<p>Es gilt beinahe als sicher, dass Apple in den n\u00e4chsten Wochen die zweite Generation der AirPods vorstellen wird. Erst k\u00fcrzlich tauchte ein vermeintliches Erscheinungsdatum auf. Neben den neuen AirPods 2 wird Apple auch das neue Ladecase vorstellen &#8211; dieses soll auch die erste Generation der beliebten St\u00f6psel kabellos Aufladen k\u00f6nnen. Nun hat sich der vermeintliche [&hellip;]<\/p>\n","protected":false},"author":2,"featured_media":3662,"comment_status":"closed","ping_status":"open","sticky":false,"template":"","format":"standard","meta":{"jnews-multi-image_gallery":[],"jnews_single_post":{"format":"standard"},"jnews_primary_category":[],"footnotes":""},"categories":[25],"tags":[28,31],"class_list":["post-3661","post","type-post","status-publish","format-standard","has-post-thumbnail","hentry","category-rumors","tag-airpods","tag-airpods-2"],"yoast_head":"<!-- This site is optimized with the Yoast SEO Premium plugin v27.5 (Yoast SEO v27.5) - https:\/\/yoast.com\/product\/yoast-seo-premium-wordpress\/ -->\n<title>AirPods 2: Neue Details zum Ladeprozess Apfelpatient<\/title>\n<meta name=\"description\" content=\"- Es gilt beinahe als sicher, dass Apple in den n\u00e4chsten Wochen die zweite Generation der AirPods vorstellen wird. Erst k\u00fcrzlich tauchte ein vermeintliches Erscheinungsdatum auf.\" \/>\n<meta name=\"robots\" content=\"index, follow, max-snippet:-1, max-image-preview:large, max-video-preview:-1\" \/>\n<link rel=\"canonical\" href=\"https:\/\/www.apfelpatient.de\/en\/rumors\/airpods-2-new-details-about-the-charging-process\" \/>\n<meta property=\"og:locale\" content=\"en_US\" \/>\n<meta property=\"og:type\" content=\"article\" \/>\n<meta property=\"og:title\" content=\"AirPods 2: Neue Details zum Ladeprozess\" \/>\n<meta property=\"og:description\" content=\"- Es gilt beinahe als sicher, dass Apple in den n\u00e4chsten Wochen die zweite Generation der AirPods vorstellen wird. Erst k\u00fcrzlich tauchte ein vermeintliches Erscheinungsdatum auf.\" \/>\n<meta property=\"og:url\" content=\"https:\/\/www.apfelpatient.de\/en\/rumors\/airpods-2-new-details-about-the-charging-process\" \/>\n<meta property=\"og:site_name\" content=\"Apfelpatient\" \/>\n<meta property=\"article:publisher\" content=\"https:\/\/www.facebook.com\/apfelpatientOfficial\" \/>\n<meta property=\"article:author\" content=\"https:\/\/www.facebook.com\/apfelpatientOfficial\" \/>\n<meta property=\"article:published_time\" content=\"2019-03-04T11:57:09+00:00\" \/>\n<meta property=\"article:modified_time\" content=\"2025-02-06T06:09:01+00:00\" \/>\n<meta property=\"og:image\" content=\"https:\/\/www.apfelpatient.de\/wp-content\/uploads\/2019\/03\/aaina-sharma-372997-unsplash.jpg\" \/>\n\t<meta property=\"og:image:width\" content=\"6000\" \/>\n\t<meta property=\"og:image:height\" content=\"4000\" \/>\n\t<meta property=\"og:image:type\" content=\"image\/jpeg\" \/>\n<meta name=\"author\" content=\"Milan\" \/>\n<meta name=\"twitter:card\" content=\"summary_large_image\" \/>\n<meta name=\"twitter:label1\" content=\"Written by\" \/>\n\t<meta name=\"twitter:data1\" content=\"Milan\" \/>\n\t<meta name=\"twitter:label2\" content=\"Est. reading time\" \/>\n\t<meta name=\"twitter:data2\" content=\"1 minute\" \/>\n<script type=\"application\/ld+json\" class=\"yoast-schema-graph\">{\"@context\":\"https:\\\/\\\/schema.org\",\"@graph\":[{\"@type\":\"NewsArticle\",\"@id\":\"https:\\\/\\\/www.apfelpatient.de\\\/rumors\\\/airpods-2-neue-details-zum-ladeprozess#article\",\"isPartOf\":{\"@id\":\"https:\\\/\\\/www.apfelpatient.de\\\/rumors\\\/airpods-2-neue-details-zum-ladeprozess\"},\"author\":{\"@type\":\"Organization\",\"@id\":\"https:\\\/\\\/www.apfelpatient.de\\\/en\\\/#organization\",\"name\":\"Apfelpatient\",\"url\":\"https:\\\/\\\/www.apfelpatient.de\\\/en\\\/\"},\"headline\":\"AirPods 2: Neue Details zum Ladeprozess\",\"datePublished\":\"2019-03-04T11:57:09+00:00\",\"dateModified\":\"2025-02-06T06:09:01+00:00\",\"mainEntityOfPage\":{\"@id\":\"https:\\\/\\\/www.apfelpatient.de\\\/rumors\\\/airpods-2-neue-details-zum-ladeprozess\"},\"wordCount\":203,\"publisher\":{\"@type\":\"Organization\",\"@id\":\"https:\\\/\\\/www.apfelpatient.de\\\/en\\\/#organization\",\"name\":\"Apfelpatient\",\"url\":\"https:\\\/\\\/www.apfelpatient.de\\\/en\\\/\"},\"image\":{\"@id\":\"https:\\\/\\\/www.apfelpatient.de\\\/rumors\\\/airpods-2-neue-details-zum-ladeprozess#primaryimage\"},\"thumbnailUrl\":\"https:\\\/\\\/www.apfelpatient.de\\\/wp-content\\\/uploads\\\/2019\\\/03\\\/aaina-sharma-372997-unsplash.jpg\",\"keywords\":[\"AirPods\",\"AirPods 2\"],\"articleSection\":\"Rumors\",\"inLanguage\":\"en-US\",\"copyrightYear\":\"2019\",\"copyrightHolder\":{\"@id\":\"https:\\\/\\\/www.apfelpatient.de\\\/en\\\/#organization\"}},{\"@type\":\"WebPage\",\"@id\":\"https:\\\/\\\/www.apfelpatient.de\\\/rumors\\\/airpods-2-neue-details-zum-ladeprozess\",\"url\":\"https:\\\/\\\/www.apfelpatient.de\\\/rumors\\\/airpods-2-neue-details-zum-ladeprozess\",\"name\":\"AirPods 2: Neue Details zum Ladeprozess Apfelpatient\",\"isPartOf\":{\"@id\":\"https:\\\/\\\/www.apfelpatient.de\\\/#website\"},\"primaryImageOfPage\":{\"@id\":\"https:\\\/\\\/www.apfelpatient.de\\\/rumors\\\/airpods-2-neue-details-zum-ladeprozess#primaryimage\"},\"image\":{\"@id\":\"https:\\\/\\\/www.apfelpatient.de\\\/rumors\\\/airpods-2-neue-details-zum-ladeprozess#primaryimage\"},\"thumbnailUrl\":\"https:\\\/\\\/www.apfelpatient.de\\\/wp-content\\\/uploads\\\/2019\\\/03\\\/aaina-sharma-372997-unsplash.jpg\",\"datePublished\":\"2019-03-04T11:57:09+00:00\",\"dateModified\":\"2025-02-06T06:09:01+00:00\",\"description\":\"- Es gilt beinahe als sicher, dass Apple in den n\u00e4chsten Wochen die zweite Generation der AirPods vorstellen wird. Erst k\u00fcrzlich tauchte ein vermeintliches Erscheinungsdatum auf.\",\"breadcrumb\":{\"@id\":\"https:\\\/\\\/www.apfelpatient.de\\\/rumors\\\/airpods-2-neue-details-zum-ladeprozess#breadcrumb\"},\"inLanguage\":\"en-US\",\"potentialAction\":[{\"@type\":\"ReadAction\",\"target\":[\"https:\\\/\\\/www.apfelpatient.de\\\/rumors\\\/airpods-2-neue-details-zum-ladeprozess\"]}]},{\"@type\":\"ImageObject\",\"inLanguage\":\"en-US\",\"@id\":\"https:\\\/\\\/www.apfelpatient.de\\\/rumors\\\/airpods-2-neue-details-zum-ladeprozess#primaryimage\",\"url\":\"https:\\\/\\\/www.apfelpatient.de\\\/wp-content\\\/uploads\\\/2019\\\/03\\\/aaina-sharma-372997-unsplash.jpg\",\"contentUrl\":\"https:\\\/\\\/www.apfelpatient.de\\\/wp-content\\\/uploads\\\/2019\\\/03\\\/aaina-sharma-372997-unsplash.jpg\",\"width\":6000,\"height\":4000,\"caption\":\"Photo by Unsplash\"},{\"@type\":\"BreadcrumbList\",\"@id\":\"https:\\\/\\\/www.apfelpatient.de\\\/rumors\\\/airpods-2-neue-details-zum-ladeprozess#breadcrumb\",\"itemListElement\":[{\"@type\":\"ListItem\",\"position\":1,\"name\":\"Startseite\",\"item\":\"https:\\\/\\\/www.apfelpatient.de\\\/\"},{\"@type\":\"ListItem\",\"position\":2,\"name\":\"AirPods 2: Neue Details zum Ladeprozess\"}]},{\"@type\":\"WebSite\",\"@id\":\"https:\\\/\\\/www.apfelpatient.de\\\/#website\",\"url\":\"https:\\\/\\\/www.apfelpatient.de\\\/\",\"name\":\"Apfelpatient\",\"description\":\"Alles rund um Apple!\",\"publisher\":{\"@type\":\"Organization\",\"@id\":\"https:\\\/\\\/www.apfelpatient.de\\\/en\\\/#organization\",\"name\":\"Apfelpatient\",\"url\":\"https:\\\/\\\/www.apfelpatient.de\\\/en\\\/\"},\"alternateName\":\"Apfelpatient\",\"potentialAction\":[{\"@type\":\"SearchAction\",\"target\":{\"@type\":\"EntryPoint\",\"urlTemplate\":\"https:\\\/\\\/www.apfelpatient.de\\\/?s={search_term_string}\"},\"query-input\":{\"@type\":\"PropertyValueSpecification\",\"valueRequired\":true,\"valueName\":\"search_term_string\"}}],\"inLanguage\":\"en-US\"},{\"@type\":[\"Person\",\"Organization\"],\"@id\":\"https:\\\/\\\/www.apfelpatient.de\\\/#\\\/schema\\\/person\\\/35b3ddba5832f2bfc7fff5206d4f6b7b\",\"name\":\"Milan\",\"logo\":{\"@id\":\"https:\\\/\\\/www.apfelpatient.de\\\/#\\\/schema\\\/person\\\/image\\\/\"},\"description\":\"Hallo und herzlich willkommen auf meinem Technik-Blog! Als gro\u00dfer Apple-Fan berichte ich hier \u00fcber alles, was mit Apple zu tun hat: von den neuesten News und spannenden Ger\u00fcchten \u00fcber hilfreiche Tipps und Tricks bis hin zu ausf\u00fchrlichen Produkttests. Wenn du genauso technikbegeistert bist wie ich, bist du hier genau richtig!\",\"sameAs\":[\"https:\\\/\\\/www.facebook.com\\\/apfelpatientOfficial\",\"https:\\\/\\\/www.linkedin.com\\\/in\\\/milan-jovicic-42aa0231b\"],\"url\":\"https:\\\/\\\/www.apfelpatient.de\\\/en\\\/author\\\/apfeladmin\"}]}<\/script>\n<!-- \/ Yoast SEO Premium plugin. -->","yoast_head_json":{"title":"AirPods 2: New details on the charging process Apfelpatient","description":"- It is almost certain that Apple will introduce the second generation of AirPods in the next few weeks. A supposed release date recently surfaced.","robots":{"index":"index","follow":"follow","max-snippet":"max-snippet:-1","max-image-preview":"max-image-preview:large","max-video-preview":"max-video-preview:-1"},"canonical":"https:\/\/www.apfelpatient.de\/en\/rumors\/airpods-2-new-details-about-the-charging-process","og_locale":"en_US","og_type":"article","og_title":"AirPods 2: Neue Details zum Ladeprozess","og_description":"- Es gilt beinahe als sicher, dass Apple in den n\u00e4chsten Wochen die zweite Generation der AirPods vorstellen wird. Erst k\u00fcrzlich tauchte ein vermeintliches Erscheinungsdatum auf.","og_url":"https:\/\/www.apfelpatient.de\/en\/rumors\/airpods-2-new-details-about-the-charging-process","og_site_name":"Apfelpatient","article_publisher":"https:\/\/www.facebook.com\/apfelpatientOfficial","article_author":"https:\/\/www.facebook.com\/apfelpatientOfficial","article_published_time":"2019-03-04T11:57:09+00:00","article_modified_time":"2025-02-06T06:09:01+00:00","og_image":[{"width":6000,"height":4000,"url":"https:\/\/www.apfelpatient.de\/wp-content\/uploads\/2019\/03\/aaina-sharma-372997-unsplash.jpg","type":"image\/jpeg"}],"author":"Milan","twitter_card":"summary_large_image","twitter_misc":{"Written by":"Milan","Est. reading time":"1 minute"},"schema":{"@context":"https:\/\/schema.org","@graph":[{"@type":"NewsArticle","@id":"https:\/\/www.apfelpatient.de\/rumors\/airpods-2-neue-details-zum-ladeprozess#article","isPartOf":{"@id":"https:\/\/www.apfelpatient.de\/rumors\/airpods-2-neue-details-zum-ladeprozess"},"author":{"@type":"Organization","@id":"https:\/\/www.apfelpatient.de\/en\/#organization","name":"Apfelpatient","url":"https:\/\/www.apfelpatient.de\/en\/"},"headline":"AirPods 2: Neue Details zum Ladeprozess","datePublished":"2019-03-04T11:57:09+00:00","dateModified":"2025-02-06T06:09:01+00:00","mainEntityOfPage":{"@id":"https:\/\/www.apfelpatient.de\/rumors\/airpods-2-neue-details-zum-ladeprozess"},"wordCount":203,"publisher":{"@type":"Organization","@id":"https:\/\/www.apfelpatient.de\/en\/#organization","name":"Apfelpatient","url":"https:\/\/www.apfelpatient.de\/en\/"},"image":{"@id":"https:\/\/www.apfelpatient.de\/rumors\/airpods-2-neue-details-zum-ladeprozess#primaryimage"},"thumbnailUrl":"https:\/\/www.apfelpatient.de\/wp-content\/uploads\/2019\/03\/aaina-sharma-372997-unsplash.jpg","keywords":["AirPods","AirPods 2"],"articleSection":"Rumors","inLanguage":"en-US","copyrightYear":"2019","copyrightHolder":{"@id":"https:\/\/www.apfelpatient.de\/en\/#organization"}},{"@type":"WebPage","@id":"https:\/\/www.apfelpatient.de\/rumors\/airpods-2-neue-details-zum-ladeprozess","url":"https:\/\/www.apfelpatient.de\/rumors\/airpods-2-neue-details-zum-ladeprozess","name":"AirPods 2: New details on the charging process Apfelpatient","isPartOf":{"@id":"https:\/\/www.apfelpatient.de\/#website"},"primaryImageOfPage":{"@id":"https:\/\/www.apfelpatient.de\/rumors\/airpods-2-neue-details-zum-ladeprozess#primaryimage"},"image":{"@id":"https:\/\/www.apfelpatient.de\/rumors\/airpods-2-neue-details-zum-ladeprozess#primaryimage"},"thumbnailUrl":"https:\/\/www.apfelpatient.de\/wp-content\/uploads\/2019\/03\/aaina-sharma-372997-unsplash.jpg","datePublished":"2019-03-04T11:57:09+00:00","dateModified":"2025-02-06T06:09:01+00:00","description":"- It is almost certain that Apple will introduce the second generation of AirPods in the next few weeks. A supposed release date recently surfaced.","breadcrumb":{"@id":"https:\/\/www.apfelpatient.de\/rumors\/airpods-2-neue-details-zum-ladeprozess#breadcrumb"},"inLanguage":"en-US","potentialAction":[{"@type":"ReadAction","target":["https:\/\/www.apfelpatient.de\/rumors\/airpods-2-neue-details-zum-ladeprozess"]}]},{"@type":"ImageObject","inLanguage":"en-US","@id":"https:\/\/www.apfelpatient.de\/rumors\/airpods-2-neue-details-zum-ladeprozess#primaryimage","url":"https:\/\/www.apfelpatient.de\/wp-content\/uploads\/2019\/03\/aaina-sharma-372997-unsplash.jpg","contentUrl":"https:\/\/www.apfelpatient.de\/wp-content\/uploads\/2019\/03\/aaina-sharma-372997-unsplash.jpg","width":6000,"height":4000,"caption":"Photo by Unsplash"},{"@type":"BreadcrumbList","@id":"https:\/\/www.apfelpatient.de\/rumors\/airpods-2-neue-details-zum-ladeprozess#breadcrumb","itemListElement":[{"@type":"ListItem","position":1,"name":"Startseite","item":"https:\/\/www.apfelpatient.de\/"},{"@type":"ListItem","position":2,"name":"AirPods 2: Neue Details zum Ladeprozess"}]},{"@type":"WebSite","@id":"https:\/\/www.apfelpatient.de\/#website","url":"https:\/\/www.apfelpatient.de\/","name":"apple patient","description":"Everything about Apple!","publisher":{"@type":"Organization","@id":"https:\/\/www.apfelpatient.de\/en\/#organization","name":"Apfelpatient","url":"https:\/\/www.apfelpatient.de\/en\/"},"alternateName":"Apfelpatient","potentialAction":[{"@type":"SearchAction","target":{"@type":"EntryPoint","urlTemplate":"https:\/\/www.apfelpatient.de\/?s={search_term_string}"},"query-input":{"@type":"PropertyValueSpecification","valueRequired":true,"valueName":"search_term_string"}}],"inLanguage":"en-US"},{"@type":["Person","Organization"],"@id":"https:\/\/www.apfelpatient.de\/#\/schema\/person\/35b3ddba5832f2bfc7fff5206d4f6b7b","name":"Milan","logo":{"@id":"https:\/\/www.apfelpatient.de\/#\/schema\/person\/image\/"},"description":"Hello and welcome to my technology blog! As a big Apple fan, I report on everything to do with Apple: from the latest news and exciting rumors to helpful tips and tricks and detailed product tests. If you are as enthusiastic about technology as I am, you have come to the right place!","sameAs":["https:\/\/www.facebook.com\/apfelpatientOfficial","https:\/\/www.linkedin.com\/in\/milan-jovicic-42aa0231b"],"url":"https:\/\/www.apfelpatient.de\/en\/author\/apfeladmin"}]}},"_links":{"self":[{"href":"https:\/\/www.apfelpatient.de\/en\/wp-json\/wp\/v2\/posts\/3661","targetHints":{"allow":["GET"]}}],"collection":[{"href":"https:\/\/www.apfelpatient.de\/en\/wp-json\/wp\/v2\/posts"}],"about":[{"href":"https:\/\/www.apfelpatient.de\/en\/wp-json\/wp\/v2\/types\/post"}],"author":[{"embeddable":true,"href":"https:\/\/www.apfelpatient.de\/en\/wp-json\/wp\/v2\/users\/2"}],"replies":[{"embeddable":true,"href":"https:\/\/www.apfelpatient.de\/en\/wp-json\/wp\/v2\/comments?post=3661"}],"version-history":[{"count":0,"href":"https:\/\/www.apfelpatient.de\/en\/wp-json\/wp\/v2\/posts\/3661\/revisions"}],"wp:featuredmedia":[{"embeddable":true,"href":"https:\/\/www.apfelpatient.de\/en\/wp-json\/wp\/v2\/media\/3662"}],"wp:attachment":[{"href":"https:\/\/www.apfelpatient.de\/en\/wp-json\/wp\/v2\/media?parent=3661"}],"wp:term":[{"taxonomy":"category","embeddable":true,"href":"https:\/\/www.apfelpatient.de\/en\/wp-json\/wp\/v2\/categories?post=3661"},{"taxonomy":"post_tag","embeddable":true,"href":"https:\/\/www.apfelpatient.de\/en\/wp-json\/wp\/v2\/tags?post=3661"}],"curies":[{"name":"wp","href":"https:\/\/api.w.org\/{rel}","templated":true}]}}